{"id":401707,"date":"2024-07-29T05:37:58","date_gmt":"2024-07-29T03:37:58","guid":{"rendered":"https:\/\/www.radiopiu.net\/wordpress\/?p=401707"},"modified":"2024-07-29T09:44:48","modified_gmt":"2024-07-29T07:44:48","slug":"giornale-radiopiu-29-luglio-2024-direttore-mirko-mezzacasada-41-anni-25-giugno-1983-25-giugno-2024","status":"publish","type":"post","link":"https:\/\/www.radiopiu.net\/wordpress\/giornale-radiopiu-29-luglio-2024-direttore-mirko-mezzacasada-41-anni-25-giugno-1983-25-giugno-2024\/","title":{"rendered":"GIORNALE RADIOPIU 29 LUGLIO 2024 DIRETTORE MIRKO MEZZACASA\u2026DA 41 ANNI 25 GIUGNO 1983-25 GIUGNO 2024"},"content":{"rendered":"<p>******<\/p>\n<blockquote>\n<h1>DI GENOVA LA RAGAZZA MORTA SULLE MARMAROLE<\/h1>\n<\/blockquote>\n<p><img decoding=\"async\" class=\"alignleft\" src=\"https:\/\/www.radiopiu.net\/wordpress\/wp-content\/uploads\/2024\/07\/th-15.jpg\" \/>Investita da un masso staccatosi dalla parete soprastante, una donna ha perso ieri la vita mentre scendeva lungo il Vallon del Froppa assieme a 5 amici. Verso le 18.30 la Centrale del 118 \u00e8 stata allertata da un gruppo di escursionisti in stato di shock, poich\u00e9 una loro compagna era stata travolta da una scarica di sassi. Con difficolt\u00e0 nella comunicazione, dalle prime informazioni si parlava di Forcella Baion e del pi\u00f9 distante Bivacco Fanton. Mentre venivano attivati il Soccorso alpino di Pieve di Cadore e del Centro Cadore, \u00e8 subito decollato l\u2019elicottero del Suem di Pieve di Cadore, che ha effettuato una ricognizione in presenza di nubi e che ha poi individuato il punto dell\u2019incidente sotto Forcella Marmarole, nella parte alta del Vallon del Froppa. E stato quindi sbarcato il tecnico di elisoccorso, poi l\u2019elicottero \u00e8 volato a imbarcare un primo soccorritore di Pieve di Cadore, e di seguito altri due, in supporto alle operazioni. I sei amici, tre uomini e tre donne, provenienti da diversi citt\u00e0 italiane erano partiti al mattino dal Rifugio Baion, avevano raggiunto Forcella Baion, erano scesi nel Vallon da Rin e risaliti a Forcella Marmarole. Passati per il Bivacco Fanton stavano scendendo il Vallon del Froppa diretti al Rifugio Chiggiato. Erano sparpagliati lungo il sentiero sulla parte alta, quando hanno sentito il boato e visto il masso colpire M.O.S., 34 anni, di Genova, che era sopra di loro assieme a un\u2019amica, che ha dato l\u2019allarme ed \u00e8 stata la prima ad essere imbarcata e trasportata in ospedale sotto shock. Difficili le operazioni di recupero della salma a causa della scarsa visibilit\u00e0. Poco prima della scadenza delle effemeridi l\u2019eliambulanza \u00e8 riuscita a caricarla e portarla in ospedale a Pieve di Cadore, dove attendevano i Carabinieri. I soccorritori sono rientrati a piedi con i 4 compagni fino al Rifugio Baion. Li attendeva una squadra del Centro Cadore con i fuoristrada per accompagnarli all\u2019ospedale di Pieve, dove sono arrivati verso mezzanotte e mezza.<\/p>\n<p>&nbsp;<\/p>\n<p><em><span style=\"color: #ff0000;\"><strong><a class=\"dt-pswp-item\" href=\"https:\/\/www.radiopiu.net\/wordpress\/wp-content\/uploads\/2024\/07\/Senza-nome-117.png\" data-dt-img-description=\"\" data-large_image_width=\"476\" data-large_image_height=\"393\"><img loading=\"lazy\" decoding=\"async\" class=\"size-medium wp-image-401961 alignleft\" src=\"https:\/\/www.radiopiu.net\/wordpress\/wp-content\/uploads\/2024\/07\/Senza-nome-117-300x248.png\" alt=\"\" width=\"300\" height=\"248\" srcset=\"https:\/\/www.radiopiu.net\/wordpress\/wp-content\/uploads\/2024\/07\/Senza-nome-117-300x248.png 300w, https:\/\/www.radiopiu.net\/wordpress\/wp-content\/uploads\/2024\/07\/Senza-nome-117.png 476w\" sizes=\"auto, (max-width: 300px) 100vw, 300px\" \/><\/a><\/strong>ATTENZIONE: LA NUOVA APP PER IOS-IPHONE di Nicola Vettorello <\/span><\/em><a href=\"https:\/\/apps.apple.com\/it\/app\/radio-pi%C3%B9-emittente-agordina\/id1515939845\">https:\/\/apps.apple.com\/it\/app\/radio-pi%C3%B9-emittente-agordina\/id1515939845<\/a><\/p>\n<p><em style=\"color: #ff0000;\">ATTENZIONE: LA NUOVA APP RADIO\u00a0 PER ANDROID di Nicola Vettorello<\/em><\/p>\n<p><a href=\"https:\/\/play.google.com\/store\/apps\/details?id=net.radiopiu.iniko\" target=\"_blank\" rel=\"noopener noreferrer\">https:\/\/play.google.com\/store\/apps\/details?id=net.radiopiu.iniko\u00a0\u00a0\u00a0\u00a0<\/a><\/p>\n<p>&nbsp;<\/p>\n<p>&nbsp;<\/p>\n<p><strong>La montagna va amata rispettata e pregata Nella speranza d una consapevole e corretta fruizione Ieri \u00e8 stata celebrata sulla cima dell&#8217;Auta una messa in ricordo dei tanti amici scomparsi ed in ausilio a tutti i frequentatori Don Da Canal sulla vetta con le sue sentite parole ha commosso tutti i convenuti lass\u00f9 in cima alla vetta ed ai piedi del paradiso\u00a0<\/strong><\/p>\n<p>&nbsp;<\/p>\n<p><strong>\u00a0<\/strong><br \/>\n<span style=\"color: #ff0000;\"><strong>SOTTOGUDA DI ROCCA PIETORE: FINO AL 15 SETTEMBRE ZONA A TRAFFICO LIMITATO (ZTL) IN TUTTE LE VIE E PIAZZE DEL BORGO DI SOTTOGUDA CON CONSEGUENTE DIVIETO DI TRANSITO DALLE 9 ALLE 16 DI TUTTI I GIORNI SABATO E FESTIVI COMPRESI (escluso residenti, lavoratori, clienti strutture ricettive)<\/strong><\/span><\/p>\n<p><a class=\"dt-pswp-item\" href=\"https:\/\/www.radiopiu.net\/wordpress\/wp-content\/uploads\/2023\/07\/SOTTOGUDA-MARMOLADA-PADON-6.jpg\" data-dt-img-description=\"\" data-large_image_width=\"2048\" data-large_image_height=\"1152\"><img loading=\"lazy\" decoding=\"async\" class=\"size-medium wp-image-344414 aligncenter\" src=\"https:\/\/www.radiopiu.net\/wordpress\/wp-content\/uploads\/2023\/07\/SOTTOGUDA-MARMOLADA-PADON-6-300x169.jpg\" alt=\"\" width=\"300\" height=\"169\" srcset=\"https:\/\/www.radiopiu.net\/wordpress\/wp-content\/uploads\/2023\/07\/SOTTOGUDA-MARMOLADA-PADON-6-300x169.jpg 300w, https:\/\/www.radiopiu.net\/wordpress\/wp-content\/uploads\/2023\/07\/SOTTOGUDA-MARMOLADA-PADON-6-1024x576.jpg 1024w, https:\/\/www.radiopiu.net\/wordpress\/wp-content\/uploads\/2023\/07\/SOTTOGUDA-MARMOLADA-PADON-6-768x432.jpg 768w, https:\/\/www.radiopiu.net\/wordpress\/wp-content\/uploads\/2023\/07\/SOTTOGUDA-MARMOLADA-PADON-6-1536x864.jpg 1536w, https:\/\/www.radiopiu.net\/wordpress\/wp-content\/uploads\/2023\/07\/SOTTOGUDA-MARMOLADA-PADON-6.jpg 2048w\" sizes=\"auto, (max-width: 300px) 100vw, 300px\" \/><\/a><\/p>\n<p>&nbsp;<\/p>\n<p>RASSEGNA STAMPA LOCALE EDIZIONE DELLE 8.00<\/p>\n<p><iframe loading=\"lazy\" title=\"DAL 1983 LA RASSEGNA STAMPA LOCALE di mirko mezzacasa. L&#039;ORIGINALE\" width=\"1200\" height=\"675\" src=\"https:\/\/www.youtube.com\/embed\/nmdJUnvPmKY?feature=oembed\" frameborder=\"0\" allow=\"accelerometer; autoplay; clipboard-write; encrypted-media; gyroscope; picture-in-picture; web-share\" referrerpolicy=\"strict-origin-when-cross-origin\" allowfullscreen><\/iframe><\/p>\n<hr \/>\n<p>&nbsp;<\/p>\n<div class=\"mceTemp\">\n<p><strong><a class=\"dt-pswp-item\" href=\"https:\/\/www.radiopiu.net\/wordpress\/wp-content\/uploads\/2024\/07\/89ce3e2e-2b88-4e4a-bf35-fcef0c6cd9c7.jpg\" data-dt-img-description=\"LA MADONA DE LA NEIF A LA VALLE\" data-large_image_width=\"1637\" data-large_image_height=\"2048\"><img loading=\"lazy\" decoding=\"async\" class=\" wp-image-401113 alignleft\" src=\"https:\/\/www.radiopiu.net\/wordpress\/wp-content\/uploads\/2024\/07\/89ce3e2e-2b88-4e4a-bf35-fcef0c6cd9c7-240x300.jpg\" alt=\"\" width=\"199\" height=\"249\" srcset=\"https:\/\/www.radiopiu.net\/wordpress\/wp-content\/uploads\/2024\/07\/89ce3e2e-2b88-4e4a-bf35-fcef0c6cd9c7-240x300.jpg 240w, https:\/\/www.radiopiu.net\/wordpress\/wp-content\/uploads\/2024\/07\/89ce3e2e-2b88-4e4a-bf35-fcef0c6cd9c7-819x1024.jpg 819w, https:\/\/www.radiopiu.net\/wordpress\/wp-content\/uploads\/2024\/07\/89ce3e2e-2b88-4e4a-bf35-fcef0c6cd9c7-768x961.jpg 768w, https:\/\/www.radiopiu.net\/wordpress\/wp-content\/uploads\/2024\/07\/89ce3e2e-2b88-4e4a-bf35-fcef0c6cd9c7-1228x1536.jpg 1228w, https:\/\/www.radiopiu.net\/wordpress\/wp-content\/uploads\/2024\/07\/89ce3e2e-2b88-4e4a-bf35-fcef0c6cd9c7.jpg 1637w\" sizes=\"auto, (max-width: 199px) 100vw, 199px\" \/><\/a>OGGI ALLA RADIO.<\/strong>&#8230;<span style=\"color: #ff0000;\"> ALLE 4 E ALLE 6<\/span> LE NOTIZIE DALL&#8217;ITALIA E DAL MONDO <span style=\"color: #ff0000;\">6.15<\/span> PIROLE DE LENGA A CURA DEL MUSLA<span style=\"color: #ff0000;\"> 7.20<\/span> EL BAL DEL FIORI, DETTI E TRADIZIONI DI GIULIANA DA RONCH <span style=\"color: #ff0000;\">8.05<\/span> LA RASSEGNA STAMPA LOCALE <span style=\"color: #ff0000;\">8.30<\/span> PIU&#8217; SIAMO DI MARINA DONA&#8217;<span style=\"color: #ff0000;\"> 9.00<\/span><span style=\"color: #ff0000;\"> LA MUSICA COUNTRY DI ALEX NASCINBEN <\/span><span style=\"color: #ff0000;\">\u00a09.30<\/span> <strong><span style=\"color: #0000ff;\">VIABILITA&#8217; CON BOTOL CAR SERVICE (AGORDO-SEDICO-FELTRE)<\/span><\/strong><span style=\"color: #0000ff;\"><span style=\"color: #000000;\"><span style=\"color: #ff0000;\"> 9.35<\/span> I RACCONTI DI PAOLO SOPPELSA<\/span> <\/span>\u00a0<span style=\"color: #ff0000;\">10.10<\/span> ZAINO DA VIAGGIO AL FEMMINILE DI PALA LANCIATO\u00a0 <span style=\"color: #ff0000;\">10.30<\/span>\u00a0 FESTE IN VILLA, AL PARCO DI VILLA IMPERINA CON DJ JACK, ANTONIO E MARTINA ZORZI <span style=\"color: #ff0000;\">11.10<\/span> LA STORIA DEL FESTIVALBAR DI MIRCO BENCIVENNI <span style=\"color: #ff0000;\">12.00<\/span> VA TUTTO LISCIO\u00a0 <span style=\"color: #ff0000;\">12.30<\/span> <strong>GIORNALE RADIO PRINCIPALE<\/strong> <span style=\"color: #ff0000;\">13.10<\/span> MADONNA DE LA NEIF&#8230; A LA VALLE AGORDINA CON FEDERICA MEZZACASA E FEDERICO FRIZ<span style=\"color: #ff0000;\">13.20<\/span> TRE PEZZI DI MARINA DONA&#8217; <span style=\"color: #ff0000;\">14.00<\/span> COLLAGE OPERAZIONE NOSTALGIA, LORIS SCUSSEL\u00a0 ULTIMA PUNTATA, FINE STAGIONE <span style=\"color: #ff0000;\">\u00a015.00 RITRATTI SONORI DI ALESSIA DALL&#8217;O OSPITE LUCA MATTIA DAL BIRRIFICIO&#8230; 16<\/span> IL ROCK DI MARCO COSTANTINI <span style=\"color: #ff0000;\">1645<\/span> LE HIT DI MIRCO BENCIVENNI <span style=\"color: #ff0000;\">18.00<\/span> PIU&#8217; DANCE LE SELEZIONI CHE FANNO SALTARE DI DJ JACK, JACOPO DEL TEDESCO <span style=\"color: #ff0000;\">19<\/span> LE ANTICIPAZIONI DAL TG DI ANTENNA 3 DI TIZIANA BOLOGNANIfoto Diana<\/p>\n<blockquote><p><strong>rassegna stampa nazionale, ogni giorno alle 5 e alle 6 del mattino<\/strong><br \/>\n<em>giornali locali 7 rassegna stampa flash, 8 rassegna stampa, gr flash alle 10 e alle 11, principale 12.30. Informazione pomerIggio alle 15 (speciale) 16, 17, 18. Giornale radio nazionale: ogni ora dalle 5 del mattino, alle 20 della sera.<\/em><\/p><\/blockquote>\n<div class=\"x11i5rnm xat24cr x1mh8g0r x1vvkbs xtlvy1s x126k92a\">\n<div dir=\"auto\">\n<p>&nbsp;<\/p>\n<p>&nbsp;<\/p>\n<\/div>\n<div dir=\"auto\">\n<hr \/>\n<p>&nbsp;<\/p>\n<p>&nbsp;<\/p>\n<div dir=\"auto\">\n<p><strong><a class=\"dt-pswp-item\" href=\"https:\/\/www.radiopiu.net\/wordpress\/wp-content\/uploads\/2024\/02\/2d44e751-d8a8-461b-8e22-d8e4e853b032.jpg\" data-dt-img-description=\"\" data-large_image_width=\"1600\" data-large_image_height=\"1200\"><img loading=\"lazy\" decoding=\"async\" class=\"wp-image-373307 alignleft\" src=\"https:\/\/www.radiopiu.net\/wordpress\/wp-content\/uploads\/2024\/02\/2d44e751-d8a8-461b-8e22-d8e4e853b032-300x225.jpg\" alt=\"\" width=\"105\" height=\"79\" srcset=\"https:\/\/www.radiopiu.net\/wordpress\/wp-content\/uploads\/2024\/02\/2d44e751-d8a8-461b-8e22-d8e4e853b032-300x225.jpg 300w, https:\/\/www.radiopiu.net\/wordpress\/wp-content\/uploads\/2024\/02\/2d44e751-d8a8-461b-8e22-d8e4e853b032-1024x768.jpg 1024w, https:\/\/www.radiopiu.net\/wordpress\/wp-content\/uploads\/2024\/02\/2d44e751-d8a8-461b-8e22-d8e4e853b032-768x576.jpg 768w, https:\/\/www.radiopiu.net\/wordpress\/wp-content\/uploads\/2024\/02\/2d44e751-d8a8-461b-8e22-d8e4e853b032-1536x1152.jpg 1536w, https:\/\/www.radiopiu.net\/wordpress\/wp-content\/uploads\/2024\/02\/2d44e751-d8a8-461b-8e22-d8e4e853b032.jpg 1600w\" sizes=\"auto, (max-width: 105px) 100vw, 105px\" \/><\/a>EL BAL DEL FIOR, DI GIULIANA DA RONCH, 29 LUGLIO<\/strong><strong>\u00a02024<em>\u00a0<\/em><\/strong><\/p>\n<p>&nbsp;<\/p>\n<audio class=\"wp-audio-shortcode\" id=\"audio-401707-1\" preload=\"none\" style=\"width: 100%;\" controls=\"controls\"><source type=\"audio\/mpeg\" src=\"https:\/\/www.radiopiu.net\/wordpress\/wp-content\/uploads\/2024\/07\/GLU.mp3?_=1\" \/><a href=\"https:\/\/www.radiopiu.net\/wordpress\/wp-content\/uploads\/2024\/07\/GLU.mp3\">https:\/\/www.radiopiu.net\/wordpress\/wp-content\/uploads\/2024\/07\/GLU.mp3<\/a><\/audio>\n<p>&nbsp;<\/p>\n<p>&nbsp;<\/p>\n<\/div>\n<\/div>\n<hr \/>\n<p>&nbsp;<\/p>\n<p>&nbsp;<\/p>\n<h1><span style=\"color: #ff0000;\"><a class=\"dt-pswp-item\" href=\"https:\/\/www.radiopiu.net\/wordpress\/wp-content\/uploads\/2024\/06\/th-5.jpg\" data-dt-img-description=\"\" data-large_image_width=\"326\" data-large_image_height=\"180\"><img loading=\"lazy\" decoding=\"async\" class=\"size-medium wp-image-395881 alignleft\" src=\"https:\/\/www.radiopiu.net\/wordpress\/wp-content\/uploads\/2024\/06\/th-5-300x166.jpg\" alt=\"\" width=\"300\" height=\"166\" srcset=\"https:\/\/www.radiopiu.net\/wordpress\/wp-content\/uploads\/2024\/06\/th-5-300x166.jpg 300w, https:\/\/www.radiopiu.net\/wordpress\/wp-content\/uploads\/2024\/06\/th-5.jpg 326w\" sizes=\"auto, (max-width: 300px) 100vw, 300px\" \/><\/a><\/span><\/h1>\n<h1><\/h1>\n<h1><\/h1>\n<h1><span style=\"color: #000000;\">29 luglio&#8230; alla radio l&#8217;almanacco\u00a0<\/span><\/h1>\n<audio class=\"wp-audio-shortcode\" id=\"audio-401707-2\" preload=\"none\" style=\"width: 100%;\" controls=\"controls\"><source type=\"audio\/mpeg\" src=\"https:\/\/www.radiopiu.net\/wordpress\/wp-content\/uploads\/2024\/07\/ALMANACCONEW-24.mp3?_=2\" \/><a href=\"https:\/\/www.radiopiu.net\/wordpress\/wp-content\/uploads\/2024\/07\/ALMANACCONEW-24.mp3\">https:\/\/www.radiopiu.net\/wordpress\/wp-content\/uploads\/2024\/07\/ALMANACCONEW-24.mp3<\/a><\/audio>\n<p>&nbsp;<\/p>\n<p>&nbsp;<\/p>\n<div dir=\"auto\">\n<hr \/>\n<\/div>\n<\/div>\n<blockquote>\n<blockquote>\n<h1><span style=\"color: #ff0000;\">\u00a0<\/span><\/h1>\n<h1><span style=\"color: #ff0000;\">I podcast informativi del mattino &#8211; audio &#8211;\u00a0\u00a0<\/span><\/h1>\n<\/blockquote>\n<p><strong><a class=\"dt-pswp-item\" href=\"https:\/\/www.radiopiu.net\/wordpress\/wp-content\/uploads\/2023\/11\/th-10.jpg\" data-dt-img-description=\"\" data-large_image_width=\"320\" data-large_image_height=\"180\"><img loading=\"lazy\" decoding=\"async\" class=\"wp-image-362866 alignleft\" src=\"https:\/\/www.radiopiu.net\/wordpress\/wp-content\/uploads\/2023\/11\/th-10-300x169.jpg\" alt=\"\" width=\"185\" height=\"104\" srcset=\"https:\/\/www.radiopiu.net\/wordpress\/wp-content\/uploads\/2023\/11\/th-10-300x169.jpg 300w, https:\/\/www.radiopiu.net\/wordpress\/wp-content\/uploads\/2023\/11\/th-10.jpg 320w\" sizes=\"auto, (max-width: 185px) 100vw, 185px\" \/><\/a>LA RASSEGNA STAMPA NAZIONALE ALLA RADIO, OGNI GIORNO ALLE 5 E ALLE 6 DEL MATTINO <span style=\"color: #0000ff;\">viene pubblicata alle 6.00 <span style=\"color: #ff0000;\">DIRETTA RADIO\u00a0 \u00a0\u00a0<\/span><\/span><\/strong><\/p><\/blockquote>\n<p>&nbsp;<\/p>\n<h2>AUDIO dalle 6 del mattino<\/h2>\n<audio class=\"wp-audio-shortcode\" id=\"audio-401707-3\" preload=\"none\" style=\"width: 100%;\" controls=\"controls\"><source type=\"audio\/mpeg\" src=\"https:\/\/www.radiopiu.net\/wordpress\/wp-content\/uploads\/2024\/07\/GIORNALEDELLESEI-24.mp3?_=3\" \/><a href=\"https:\/\/www.radiopiu.net\/wordpress\/wp-content\/uploads\/2024\/07\/GIORNALEDELLESEI-24.mp3\">https:\/\/www.radiopiu.net\/wordpress\/wp-content\/uploads\/2024\/07\/GIORNALEDELLESEI-24.mp3<\/a><\/audio>\n<p>&nbsp;<\/p>\n<p>&nbsp;<\/p>\n<hr \/>\n<p>&nbsp;<\/p>\n<h1 style=\"text-align: center;\"><span style=\"color: #ff0000;\">I podcast informativi del mattino &#8211; audio &#8211;\u00a0<\/span><\/h1>\n<p><strong><a class=\"dt-pswp-item\" href=\"https:\/\/www.radiopiu.net\/wordpress\/wp-content\/uploads\/2023\/12\/images.png\" data-dt-img-description=\"\" data-large_image_width=\"316\" data-large_image_height=\"160\"><img loading=\"lazy\" decoding=\"async\" class=\"wp-image-367008 alignleft\" src=\"https:\/\/www.radiopiu.net\/wordpress\/wp-content\/uploads\/2023\/12\/images-300x152.png\" alt=\"\" width=\"235\" height=\"119\" srcset=\"https:\/\/www.radiopiu.net\/wordpress\/wp-content\/uploads\/2023\/12\/images-300x152.png 300w, https:\/\/www.radiopiu.net\/wordpress\/wp-content\/uploads\/2023\/12\/images.png 316w\" sizes=\"auto, (max-width: 235px) 100vw, 235px\" \/><\/a>OGNI GIORNO ALLE SETTE DEL MATTINO, LA RASSEGNA STAMPA LOCALE FLASH&#8230; PER CHI VA IN FRETTA. I TITOLI DAI GIORNALI E DAL SITO WWW.RADIOPIU.NET <span style=\"color: #0000ff;\">viene pubblicato alle 7.00<\/span> <span style=\"color: #ff0000;\">DIRETTA RADIO\u00a0<\/span><\/strong><\/p>\n<p><em><span style=\"color: #ff0000;\">per chi va in fretta&#8230; tante notizie in pochi minuti. L&#8217;informazione locale alla radio, ogni ora dalle 7 del mattino alle 19 della sera.\u00a0 <\/span><\/em><\/p>\n<p>&nbsp;<\/p>\n<p>&nbsp;<\/p>\n<h1>AUDIO dalle 7 del mattino<\/h1>\n<p>&nbsp;<\/p>\n<hr \/>\n<p>&nbsp;<\/p>\n<h1><\/h1>\n<h1 style=\"text-align: center;\"><span style=\"color: #ff0000;\"><a class=\"dt-pswp-item\" href=\"https:\/\/www.radiopiu.net\/wordpress\/wp-content\/uploads\/2022\/01\/026c3f9d-dae9-4040-a3c1-a6530231bcc3.jpg\" data-dt-img-description=\"\" data-large_image_width=\"1152\" data-large_image_height=\"2048\"><img loading=\"lazy\" decoding=\"async\" class=\"wp-image-251839 alignleft\" src=\"https:\/\/www.radiopiu.net\/wordpress\/wp-content\/uploads\/2022\/01\/026c3f9d-dae9-4040-a3c1-a6530231bcc3-169x300.jpg\" alt=\"\" width=\"100\" height=\"177\" srcset=\"https:\/\/www.radiopiu.net\/wordpress\/wp-content\/uploads\/2022\/01\/026c3f9d-dae9-4040-a3c1-a6530231bcc3-169x300.jpg 169w, https:\/\/www.radiopiu.net\/wordpress\/wp-content\/uploads\/2022\/01\/026c3f9d-dae9-4040-a3c1-a6530231bcc3-576x1024.jpg 576w, https:\/\/www.radiopiu.net\/wordpress\/wp-content\/uploads\/2022\/01\/026c3f9d-dae9-4040-a3c1-a6530231bcc3-768x1365.jpg 768w, https:\/\/www.radiopiu.net\/wordpress\/wp-content\/uploads\/2022\/01\/026c3f9d-dae9-4040-a3c1-a6530231bcc3-864x1536.jpg 864w, https:\/\/www.radiopiu.net\/wordpress\/wp-content\/uploads\/2022\/01\/026c3f9d-dae9-4040-a3c1-a6530231bcc3.jpg 1152w\" sizes=\"auto, (max-width: 100px) 100vw, 100px\" \/><\/a>I podcast informativi del mattino &#8211; audio &#8211;\u00a0<\/span><\/h1>\n<blockquote><p><strong>GIORNALE RADIO NAZIONALE, EDIZIONE DELLE SETTE <span style=\"color: #0000ff;\">viene pubblicato alle 7.05 <span style=\"color: #ff0000;\">DIRETTA RADIO\u00a0<\/span><\/span><\/strong><\/p><\/blockquote>\n<p><strong>il giornale radionazionale e&#8217; in onda ogni ora, dalle sette del mattino alle venti della sera\u00a0 \u00a0<\/strong><strong>\u00a0<\/strong><\/p>\n<p>&nbsp;<\/p>\n<h2>AUDIO dalle sette del mattino, ogni ora alla radio<\/h2>\n<p>&nbsp;<\/p>\n<p>&nbsp;<\/p>\n<hr \/>\n<p>&nbsp;<\/p>\n<p>&nbsp;<\/p>\n<h1><span style=\"color: #ff0000;\">I podcast informativi del mattino &#8211; video &#8211;\u00a0<\/span><\/h1>\n<h2><strong><a class=\"dt-pswp-item\" href=\"https:\/\/www.radiopiu.net\/wordpress\/wp-content\/uploads\/2023\/12\/th-10.jpg\" data-dt-img-description=\"\" data-large_image_width=\"245\" data-large_image_height=\"180\"><img loading=\"lazy\" decoding=\"async\" class=\" wp-image-367395 alignleft\" src=\"https:\/\/www.radiopiu.net\/wordpress\/wp-content\/uploads\/2023\/12\/th-10.jpg\" alt=\"\" width=\"166\" height=\"122\" \/><\/a>RASSEGNA STAMPA LOCALE, ORE OTTO 05<\/strong><\/h2>\n<h2><strong> <span style=\"color: #0000ff;\">viene\u00a0 <\/span><\/strong><strong><span style=\"color: #0000ff;\">pubblicata alle 8.05 <span style=\"color: #ff0000;\">DIRETTA RADIO\u00a0\u00a0<\/span><\/span><\/strong><\/h2>\n<p><strong>DI MIRKO MEZZACASA\u00a0 \u00a0<\/strong><button class=\"rounded-lg text-token-text-secondary hover:bg-token-main-surface-secondary\"><\/button><\/p>\n<p><strong>OGGI SUL Corriere delle Alpi E NOTIZIARI DI Radio Pi\u00f9<\/strong><\/p>\n<p>&nbsp;<\/p>\n<h2><span style=\"color: #ff0000;\"><strong>VIDEO\u00a0 \u00a0in diretta dalle 8 del mattino<\/strong><\/span><\/h2>\n<p><a class=\"dt-pswp-item\" href=\"https:\/\/www.radiopiu.net\/wordpress\/wp-content\/uploads\/2024\/07\/Senza-nome-115.png\" data-dt-img-description=\"\" data-large_image_width=\"454\" data-large_image_height=\"226\"><img loading=\"lazy\" decoding=\"async\" class=\"wp-image-401950 size-full aligncenter\" src=\"https:\/\/www.radiopiu.net\/wordpress\/wp-content\/uploads\/2024\/07\/Senza-nome-115.png\" alt=\"\" width=\"454\" height=\"226\" srcset=\"https:\/\/www.radiopiu.net\/wordpress\/wp-content\/uploads\/2024\/07\/Senza-nome-115.png 454w, https:\/\/www.radiopiu.net\/wordpress\/wp-content\/uploads\/2024\/07\/Senza-nome-115-300x149.png 300w\" sizes=\"auto, (max-width: 454px) 100vw, 454px\" \/><\/a><\/p>\n<hr \/>\n<p>&nbsp;<\/p>\n<p>&nbsp;<\/p>\n<p><strong><a class=\"dt-pswp-item\" href=\"https:\/\/www.radiopiu.net\/wordpress\/wp-content\/uploads\/2023\/12\/ANTENNA.png\" data-dt-img-description=\"\" data-large_image_width=\"300\" data-large_image_height=\"166\"><img loading=\"lazy\" decoding=\"async\" class=\" wp-image-366306 alignleft\" src=\"https:\/\/www.radiopiu.net\/wordpress\/wp-content\/uploads\/2023\/12\/ANTENNA.png\" alt=\"\" width=\"175\" height=\"97\" \/><\/a>IERI SERA, DAL TG DI ANTENNA 3, ogni sera alle 19 le anticipazioni alla radio, quello che poi seguirete nel TELEGIORNALE BELLUNESE\u00a0 in onda alle 19.30 sul CANALE 10 del digitale terrestre.\u00a0\u00a0<\/strong><\/p>\n<p>&nbsp;<\/p>\n<p><span style=\"color: #ff0000;\"><strong>\u00a0IERI SERA ALLA RADIO&#8230; LE ANTICIPAZIONI DI\u00a0 tiziana bolognani<\/strong><\/span><\/p>\n<p><span style=\"color: #ff0000;\"><strong>\u00a0<\/strong><\/span><\/p>\n<p>&nbsp;<\/p>\n<p>&nbsp;<\/p>\n<hr \/>\n<p>&nbsp;<\/p>\n<blockquote>\n<h3>ACQUA INQUINATA E RIENTRI POTABILITA&#8217;<\/h3>\n<\/blockquote>\n<p><strong>LIVINALLONGO<\/strong>\u00a0In localit\u00e0 Collaz\u00a0 l\u2019acqua erogata dall\u2019acquedotto \u00e8 di nuovo potabile e pu\u00f2 essere usata, quindi, per scopi alimentari<\/p>\n<p><strong>ALLEGHE<\/strong> In seguito a degli accertamenti d parte dell&#8217;ULSS 1 Dolomiti che hanno evidenziato una difformit\u00e0 dei parametri microbiologici si consiglia di non utilizzare l&#8217;acqua per scopi alimentari<\/p>\n<p><strong>AGORDO <\/strong>nelle localit\u00e0 Piasent, Colvignas, Campon e Le Foche l&#8217;acqua erogata dall&#8217;acquedotto \u00e8 di nuovo potabile e pu\u00f2 essere usata, quindi, per scopi alimentari.<\/p>\n<p>&nbsp;<\/p>\n<p>&nbsp;<\/p>\n<p>&nbsp;<\/p>\n<p>&nbsp;<\/p>\n<p>&nbsp;<\/p>\n<hr \/>\n<blockquote>\n<h3><\/h3>\n<h3>TRAGEDIA ALL&#8217;ALPE DEL NEVEGAL, MUORE &#8220;MANU&#8221; UN VOLONTARIO DELLA TRE CIME PROMOTOR<\/h3>\n<\/blockquote>\n<p><strong><a class=\"dt-pswp-item\" href=\"https:\/\/www.radiopiu.net\/wordpress\/wp-content\/uploads\/2024\/07\/Senz2a-nome.png\" data-dt-img-description=\"\" data-large_image_width=\"589\" data-large_image_height=\"449\"><img loading=\"lazy\" decoding=\"async\" class=\"size-medium wp-image-401937 alignleft\" src=\"https:\/\/www.radiopiu.net\/wordpress\/wp-content\/uploads\/2024\/07\/Senz2a-nome-300x229.png\" alt=\"\" width=\"300\" height=\"229\" srcset=\"https:\/\/www.radiopiu.net\/wordpress\/wp-content\/uploads\/2024\/07\/Senz2a-nome-300x229.png 300w, https:\/\/www.radiopiu.net\/wordpress\/wp-content\/uploads\/2024\/07\/Senz2a-nome.png 589w\" sizes=\"auto, (max-width: 300px) 100vw, 300px\" \/><\/a>BELLUNO<\/strong> Una giornata di sport e passione si \u00e8 trasformata in tragedia pochi minuti dopo la conclusione dell&#8217;Alpe del Nevegal, celebre gara automobilistica che ogni anno attira appassionati e piloti da tutta Italia e non solo. Alle 15:30 circa, un grave incidente ha scosso il tranquillo ambiente che si era creato dopo il termine della competizione. La corsa, che vede ogni anno oltre duecento bolidi sfidarsi lungo il suggestivo percorso che parte dal rettilineo della Nogherazza fino all\u2019hotel Pineta, si era conclusa senza incidenti e stava per essere archiviata con successo. Gli spettatori e i partecipanti stavano gi\u00e0 abbandonando l&#8217;area, mentre gli organizzatori erano impegnati a completare gli ultimi adempimenti burocratici e le operazioni di smontaggio delle attrezzature di sicurezza poste lungo il tracciato. Proprio durante queste fasi \u00e8 avvenuto l&#8217;inimmaginabile. (FOTO&#8230; UN BEL RICORDO, LA VITTORIA AD AGORDO CON IL FRATELLO)<\/p>\n<h4><img loading=\"lazy\" decoding=\"async\" class=\"alignleft\" src=\"https:\/\/www.radiopiu.net\/wordpress\/wp-content\/uploads\/2024\/07\/Senza-nome-116.png\" width=\"294\" height=\"157\" \/>L&#8217;Incidente<\/h4>\n<p>un mezzo con rimorchio, sul quale viaggiavano alcuni volontari addetti al recupero delle attrezzature di sicurezza, si \u00e8 improvvisamente ribaltato nei pressi della curva 7. Il bilancio dell&#8217;incidente \u00e8 purtroppo drammatico: un uomo Manuele &#8220;Manu&#8221;.Micheletto, 41 anni\u00a0 di Belluno\u00a0 ha perso la vita sul colpo, mentre\u00a0 Cristian Candeago 48 anni\u00a0 sempre di Belluno\u00a0 \u00a0\u00e8 stato trasportato in condizioni\u00a0 gravi all&#8217;ospedale San Martino di Belluno (ricoverato in prognosi riservata) . Sul posto sono immediatamente intervenuti i soccorsi del Suem con l\u2019elicottero, che ha effettuato il recupero del ferito con massima urgenza, insieme alla Polizia Stradale di Belluno che hanno avviato le indagini per chiarire la dinamica dei fatti. <strong>(foto corriere delle alpi)<\/strong><\/p>\n<blockquote>\n<h3>TRAGEDIA ALL&#8217;ALPE DEL NEVEGAL, IL COMUNICATO UFFICIALE DI TRE CIME PROMOTOR<\/h3>\n<\/blockquote>\n<div class=\"textLayer\" data-main-rotation=\"0\">\n<p><br role=\"presentation\" \/><span dir=\"ltr\" role=\"presentation\"><a class=\"dt-pswp-item\" href=\"https:\/\/www.radiopiu.net\/wordpress\/wp-content\/uploads\/2024\/07\/Senza-nome-114.png\" data-dt-img-description=\"\" data-large_image_width=\"515\" data-large_image_height=\"328\"><img loading=\"lazy\" decoding=\"async\" class=\"size-medium wp-image-401943 alignleft\" src=\"https:\/\/www.radiopiu.net\/wordpress\/wp-content\/uploads\/2024\/07\/Senza-nome-114-300x191.png\" alt=\"\" width=\"300\" height=\"191\" srcset=\"https:\/\/www.radiopiu.net\/wordpress\/wp-content\/uploads\/2024\/07\/Senza-nome-114-300x191.png 300w, https:\/\/www.radiopiu.net\/wordpress\/wp-content\/uploads\/2024\/07\/Senza-nome-114.png 515w\" sizes=\"auto, (max-width: 300px) 100vw, 300px\" \/><\/a>Al termine di Gara 2, dopo la completa cessazione dell\u2019attivit\u00e0 agonistica dei concorrenti partecipanti <\/span><span dir=\"ltr\" role=\"presentation\">alla 50^ Alpe del Neveg\u00e0l, un furgone con appendice dell\u2019organizzazione incorreva autonomamente in <\/span><span dir=\"ltr\" role=\"presentation\">un incidente. <\/span><span dir=\"ltr\" role=\"presentation\">Le vetture di servizio di Race Control, del Capitano dei Carabinieri, dirigente dell\u2019ordine pubblico della <\/span><span dir=\"ltr\" role=\"presentation\">Competizione e dell\u2019Ispettore alla Sicurezza, che come detto al termine di tutte le attivit\u00e0 di <\/span><span dir=\"ltr\" role=\"presentation\">competizione, avevano gi\u00e0 raggiunto la location di uscita del Parco Chiuso (il Direttore di gara aveva <\/span><span dir=\"ltr\" role=\"presentation\">gi\u00e0 dichiarato libero il Parco Chiuso) al km 5,230 dalla partenza, ricevevano una chiamata via radio dal <\/span><span dir=\"ltr\" role=\"presentation\">Commissario di servizio alla postazione n.7 (posta al km 1,580 circa dalla partenza) ove veniva <\/span><span dir=\"ltr\" role=\"presentation\">descritto l\u2019incidente in questione e comunicato che una vettura dell\u2019organizzazione era incorsa in <\/span><span dir=\"ltr\" role=\"presentation\">crash e che veniva richiesto soccorso sanitario, con l\u2019invio sul posto di ambulanza. <\/span><span dir=\"ltr\" role=\"presentation\">Nell\u2019immediatezza, ricevuta la comunicazione succitata, il Direttore di gara dava ordine di muovere sul <\/span><span dir=\"ltr\" role=\"presentation\">luogo dell\u2019incidente, sentito anche il dottor Giancarlo Montresor, medico capo del Servizio sanitario di <\/span><span dir=\"ltr\" role=\"presentation\">gara, a due ambulanze di Rianimazione con medico rianimatore a bordo di ognuna: la prima <\/span><span dir=\"ltr\" role=\"presentation\">proveniente dalla partenza del percorso di gara e la seconda proveniente dalla postazione dei <\/span><span dir=\"ltr\" role=\"presentation\">Commissari 11, ubicata al km 2,660 dalla partenza. Dette ambulanze giungevano immediatamente sul <\/span><span dir=\"ltr\" role=\"presentation\">posto, per prestare l\u2019assistenza ed il soccorso sanitario necessario. Anche il dirigente del Servizio di <\/span><span dir=\"ltr\" role=\"presentation\">Ordine pubblico e il direttore di gara, si recavano sul posto dell\u2019incidente, per verificare quanto <\/span><span dir=\"ltr\" role=\"presentation\">accaduto ed eventualmente prestare ausilio. <\/span><span dir=\"ltr\" role=\"presentation\">Il dottor Montresor prendeva la direzione e la gestione di tutti i profili di emergenza e urgenza <\/span><span dir=\"ltr\" role=\"presentation\">sanitaria. Le persone ferite risultavano due, una delle quali, il signor Christian Candeago, <\/span><span dir=\"ltr\" role=\"presentation\">immediatamente inviata in codice rosso all\u2019Ospedale \u201cSan Martino\u201d del capoluogo, dopo una prima <\/span><span dir=\"ltr\" role=\"presentation\">impellente e necessaria stabilizzazione. L\u2019altra persona, il signor Manuele Micheletto, \u00e8 risultata subito <\/span><span dir=\"ltr\" role=\"presentation\">molto grave, tanto da richiedere l\u2019intervento dell\u2019elicottero del Suem 118. Purtroppo, pur avendo i <\/span><span dir=\"ltr\" role=\"presentation\">sanitari presenti prestato le manovre di rianimazione per lungo tempo, il signor Micheletto \u00e8 deceduto. <\/span><span dir=\"ltr\" role=\"presentation\">Parallelamente alle manovre prestate dai sanitari, il responsabile della gestione dell\u2019Ordine Pubblico, <\/span><span dir=\"ltr\" role=\"presentation\">provvedeva ad informare dell\u2019accaduto il Magistrato di turno, e successivamente con immediatezza e <\/span><span dir=\"ltr\" role=\"presentation\">attenzione, le disposizioni ed i profili giudiziari impartiti dal Giudice e richiesti dall\u2019incidente in <\/span><span dir=\"ltr\" role=\"presentation\">questione. La Polizia Stradale, all\u2019uopo inviata sul posto, effettuava i rilievi e le procedure di polizia <\/span><span dir=\"ltr\" role=\"presentation\">giudiziaria, necessari a chiarire le dinamiche dell\u2019incidente. <\/span><span dir=\"ltr\" role=\"presentation\">In seguito, il Direttore di gara e gli organizzatori provvedevano ad annullare tutte le cerimonie di <\/span><span dir=\"ltr\" role=\"presentation\">premiazione previste dal programma della manifestazione e del diritto sportivo.\u00a0<\/span><\/p>\n<p>&nbsp;<\/p>\n<hr \/>\n<p>&nbsp;<\/p>\n<blockquote>\n<h1><strong>Giovane Ustionata alle Mani al Malga Ciapela\u00a0<\/strong><\/h1>\n<\/blockquote>\n<p><strong>ROCCA PIETORE\u00a0 <\/strong>una dipendente dell&#8217;albergo ristorante Baita Dovich si \u00e8 ustionata le mani accendendo la stufa della sauna. La giovane, 23 anni, \u00e8 stata investita da un improvviso ritorno di fiamma. Fortunatamente, viso, braccia e corpo non sono stati coinvolti. I gestori hanno prontamente messo le mani della ragazza sotto l&#8217;acqua fredda e chiamato un&#8217;ambulanza. La giovane, sotto shock, \u00e8 stata trattata all&#8217;ospedale di Belluno e si trova in condizioni stabili.<\/p>\n<p>&nbsp;<\/p>\n<hr \/>\n<p>&nbsp;<\/p>\n<blockquote>\n<h2><strong>Incidente a Tambre: Investito Ragazzino in Bici da Auto<\/strong><\/h2>\n<\/blockquote>\n<p><strong>TAMBRE <\/strong>Una donna ha investito un ragazzino di 12 anni di Conegliano che era in bicicletta. Subito allertato il 118, che ha inviato un elicottero per trasportare il bambino in ospedale: fortunatamente, le sue condizioni non sono gravi. Un\u2019ambulanza dei volontari di Eva Alpago ha assistito l\u2019automobilista sotto shock. Successivamente, i volontari hanno gestito uno scontro tra auto a Puos d&#8217;Alpago<\/p>\n<div class=\"mt-1 flex gap-3 empty:hidden -ml-2\">\n<div class=\"items-center justify-start rounded-xl p-1 flex\">\n<div class=\"flex items-center\">\n<div class=\"flex items-center pb-0\">\n<div class=\"[&amp;_svg]:h-full [&amp;_svg]:w-full icon-md h-4 w-4\"><\/div>\n<\/div>\n<\/div>\n<\/div>\n<\/div>\n<\/div>\n<p>&nbsp;<\/p>\n<hr \/>\n<p>&nbsp;<\/p>\n<blockquote>\n<h2><\/h2>\n<\/blockquote>\n<h3>MALORI, INCIDENTI E CHIAMATE DI SOCCORSO PER PERDITA DEL SENTIERO E POLSO SLOGATO<\/h3>\n<p><strong>CORTINA <\/strong>Ieri mattina alle 6 Falco 2 \u00e8 decollato verso le Tre Cime di Lavaredo, dove nel rientrare ieri sera dalla Grande due alpinisti austriaci avevano perso la traccia della normale, uscendo dell&#8217;itinerario corretto.\u00a0 La coppia, lui 36 anni, lei 24, si era poi fermata in un punto sicuro per aspettare le prime lucI. Gli alpinisti sono stati issati a bordo con un verricello di 90 metri dal tecnico di elisoccorso e lasciati al Rifugio Auronzo.<\/p>\n<p><strong>VAL DI ZOLDO <\/strong>\u00a0al Rifugio Torrani, poich\u00e9 ieri nel tardo pomeriggio, dopo aver tentato di avvicinarsi, a causa del persistenza delle nubi non aveva potuto ultimare il recupero di un escursionista, che si era fatto male scendendo dalla cima del Civetta. Il 57enne di Brescia, che si trovava con amici &#8211; che erano poi scesi, mentre lui rimaneva in Rifugio &#8211; messa male una mano si era procurato la probabile frattura del polso. Caricato a bordo dell&#8217;elicottero atterrato in piazzola, l&#8217;uomo \u00e8 stato trasportato all&#8217;ospedale di Belluno.<\/p>\n<p dir=\"auto\"><strong>GOSALDO<\/strong> Il Soccorso alpino di Agordo, che stava prestando assistenza durante una competizione nel comune di Gosaldo, \u00e8 intervenuto in localit\u00e0 Masoch, dove una 53enne di Pieve di Soligo (TV) era stata colta da malore. La donna \u00e8 stata trasportata direttamente all&#8217;ospedale di Agordo per gli approfondimenti del caso.<\/p>\n<p dir=\"auto\"><strong>TAIBON<\/strong>\u00a0 in Valle di San Lucano, un escursionista attardatosi rispetto ai compagni sul sentiero per Baita Malgonera. Il 74enne di Roncade (TV) \u00e8 stato ritrovato e riaccompagnato a valle.<\/p>\n<p dir=\"auto\"><strong>MONTE COMOR<\/strong> L&#8217;elicottero del Suem di Pieve di Cadore \u00e8 volato sul sentiero 334,\u00a0 poich\u00e9 una escursionista aveva sbattuto la testa scivolando in un corso d&#8217;acqua.\u00a0 La 48enne trevigiana \u00e8 stata recuperata e portata in ospedale a Belluno con un rauma cranico.<\/p>\n<p dir=\"auto\"><strong>BELLUNO<\/strong> una 54enne di Belluno si \u00e8 sentita poco bene, mentre percorreva il sentiero Bonacossa ad Auronzo di Cadore.<\/p>\n<p dir=\"auto\"><strong>PALE DI SAN MARTINO<\/strong> una famiglia belga in difficolt\u00e0 sulle Pale di San Martino, dopo aver perso il sentiero su un nevaio nella zona di Forcella Strut ha inviato l&#8217;Sos, l&#8217;elicottero ha portato tutti a bordo con 4 verricelli<\/p>\n<p><strong>LIVINALLONGO\u00a0<\/strong><span dir=\"ltr\">Alle 18.50<\/span> di sabato una squadra del Soccorso alpino di Livinallongo \u00e8 andata incontro a marito e moglie di Guastalla (RE), di 62 e 60 anni, che, attardatisi nel ritrovare il sentiero perso dal Rifugio Padon, erano poi finiti nella nebbia nella zona di Porta Vescovo e non si erano sentiti di proseguire. I soccorritori li hanno raggiunti e riaccompagnati a valle <span dir=\"ltr\">alle 20.30<\/span>.<\/p>\n<p><strong>TAIBON\u00a0<\/strong>Una squadra del Soccorso alpino di Agordo \u00e8 salita in jeep lungo la strada bianca che da Capanna Trieste sale al Rifugio Vazzoler e ha caricato a bordo una 32enne di Faenza con un trauma alla caviglia.<\/p>\n<p><strong>AURONZO\u00a0<\/strong>Il Soccorso alpino di Auronzo \u00e8 stato attivato per una cordata in rientro dalla Cima Grande, in difficolt\u00e0 perch\u00e9 non trovava il tracciato della normale dalla cengia grande.<\/p>\n<p>&nbsp;<\/p>\n<hr \/>\n<p>&nbsp;<\/p>\n<blockquote>\n<h3>LA FAMIGLIA EX EMIGRANTI DELLA SINISTRA PIAVE PIANGE RINO PRADE<\/h3>\n<\/blockquote>\n<p><strong><a class=\"dt-pswp-item\" href=\"https:\/\/www.radiopiu.net\/wordpress\/wp-content\/uploads\/2024\/07\/SCR-20240727-ocqk.jpeg\" data-dt-img-description=\"\" data-large_image_width=\"860\" data-large_image_height=\"1084\"><img loading=\"lazy\" decoding=\"async\" class=\" wp-image-401745 alignleft\" src=\"https:\/\/www.radiopiu.net\/wordpress\/wp-content\/uploads\/2024\/07\/SCR-20240727-ocqk-238x300.jpeg\" alt=\"\" width=\"90\" height=\"113\" srcset=\"https:\/\/www.radiopiu.net\/wordpress\/wp-content\/uploads\/2024\/07\/SCR-20240727-ocqk-238x300.jpeg 238w, https:\/\/www.radiopiu.net\/wordpress\/wp-content\/uploads\/2024\/07\/SCR-20240727-ocqk-812x1024.jpeg 812w, https:\/\/www.radiopiu.net\/wordpress\/wp-content\/uploads\/2024\/07\/SCR-20240727-ocqk-768x968.jpeg 768w, https:\/\/www.radiopiu.net\/wordpress\/wp-content\/uploads\/2024\/07\/SCR-20240727-ocqk.jpeg 860w\" sizes=\"auto, (max-width: 90px) 100vw, 90px\" \/><\/a>BELLUNO<\/strong> La Famiglia Ex emigranti della Sinistra Piave piange la scomparsa di Rino Prade, nato a Valmorel nel 1936. Emigrato in Svizzera, dove ha conosciuto e sposato Rosetta Troian, Prade ha avuto tre figlie. Rientrato in Italia, ha lavorato come macellaio all&#8217;ospedale di Belluno fino alla pensione. Dal 1986, ha ricoperto il ruolo di Consigliere nella Famiglia Ex Emigranti della Sinistra Piave, impegnandosi fino al 2022. Oscar De Bona e Venecia Simoes hanno ricordato la sua generosit\u00e0 e disponibilit\u00e0. Suo nipote ha dedicato un monumento agli emigranti a Ceresera. I funerali si terranno oggi a Limana.<\/p>\n<p>&nbsp;<\/p>\n<p>&nbsp;<\/p>\n<hr \/>\n<p>&nbsp;<\/p>\n<blockquote>\n<h3 class=\"entry-title\">DUE INCIDENTI NELLA MATTINATA DI IERI, AD AGORDO E TRICHIANA<\/h3>\n<\/blockquote>\n<p><strong>REDAZIONE<\/strong> Sono due gli incidenti della mattinata di ieri in cui \u00e8 intervenuto il personale del Suem 118. Alle 11:30 la prima chiamata ad Agordo dove un 35 enne di Vicenza \u00e8 rimasto ferito ed \u00e8 stato portato all\u2019ospedale di Agordo. Pochi minuti dopo un altro intervento per un incidente a Trichiana dove un 60enne di treviso \u00e8 stato soccorso e portato al san Martino di Belluno.<\/p>\n<p>&nbsp;<\/p>\n<hr \/>\n<p>&nbsp;<\/p>\n<blockquote><p><strong>Grandinata Devastante Colpisce Sedico: Danni Diffusi ma Nessun Ferito<\/strong><\/p><\/blockquote>\n<p><strong><a class=\"dt-pswp-item\" href=\"https:\/\/www.radiopiu.net\/wordpress\/wp-content\/uploads\/2021\/07\/GRANDINE.jpg\" data-dt-img-description=\"\" data-large_image_width=\"1920\" data-large_image_height=\"1440\"><img loading=\"lazy\" decoding=\"async\" class=\"wp-image-220871 alignleft\" src=\"https:\/\/www.radiopiu.net\/wordpress\/wp-content\/uploads\/2021\/07\/GRANDINE-300x225.jpg\" alt=\"\" width=\"163\" height=\"122\" srcset=\"https:\/\/www.radiopiu.net\/wordpress\/wp-content\/uploads\/2021\/07\/GRANDINE-300x225.jpg 300w, https:\/\/www.radiopiu.net\/wordpress\/wp-content\/uploads\/2021\/07\/GRANDINE-1024x768.jpg 1024w, https:\/\/www.radiopiu.net\/wordpress\/wp-content\/uploads\/2021\/07\/GRANDINE-768x576.jpg 768w, https:\/\/www.radiopiu.net\/wordpress\/wp-content\/uploads\/2021\/07\/GRANDINE-1536x1152.jpg 1536w, https:\/\/www.radiopiu.net\/wordpress\/wp-content\/uploads\/2021\/07\/GRANDINE.jpg 1920w\" sizes=\"auto, (max-width: 163px) 100vw, 163px\" \/><\/a>SEDICO<\/strong> Una violenta grandinata ha colpito il comune di Sedico, causando venti minuti di terrore per i residenti della frazione di Mas. Alle 18.30, dopo una giornata di sole e caldo torrido, una scarica di chicchi di ghiaccio ha causato danni a tetti, garage allagati e tegole rotte. La pizzeria Luna Rossa ha subito un allagamento. I vigili del fuoco hanno effettuato una trentina di interventi. Nonostante i danni, fortunatamente, non si registrano feriti gravi.<\/p>\n<p>&nbsp;<\/p>\n<p>&nbsp;<\/p>\n<hr \/>\n<p>&nbsp;<\/p>\n<blockquote>\n<h3>PULIZIA DEI SENTIERI NELLA ZONA DI MALGONERA &#8211; LASTIA DE GARDES BAS<\/h3>\n<\/blockquote>\n<p><strong>AGORDO <\/strong>Un gruppo di volontari di Agordo, insieme al primo cittadino Roberto Chissale, ha partecipato alla pulizia dei sentieri nella zona di Malgonera &#8211; Lastia de Gardes Bas. Questa iniziativa ha coinvolto anche il Piodec Taibon, i Cacciatori Taibon e il CAI Taibon. La casera della zona, ristrutturata qualche anno fa, era diventata irraggiungibile a causa dell&#8217;erba alta e dei tronchi caduti lungo il percorso. Grazie all&#8217;impegno dei volontari, i sentieri sono stati ripuliti, rendendo nuovamente accessibile la casera e permettendo agli escursionisti di godere delle bellezze naturali del territorio.<\/p>\n\n\t\t\t<style type='text\/css'>\n\t\t\t\t#gallery-1 {\n\t\t\t\t\tmargin: auto;\n\t\t\t\t}\n\t\t\t\t#gallery-1 .gallery-item {\n\t\t\t\t\tfloat: left;\n\t\t\t\t\tmargin-top: 10px;\n\t\t\t\t\ttext-align: center;\n\t\t\t\t\twidth: 16%;\n\t\t\t\t}\n\t\t\t\t#gallery-1 img {\n\t\t\t\t\tborder: 2px solid #cfcfcf;\n\t\t\t\t}\n\t\t\t\t#gallery-1 .gallery-caption {\n\t\t\t\t\tmargin-left: 0;\n\t\t\t\t}\n\t\t\t\t\/* see gallery_shortcode() in wp-includes\/media.php *\/\n\t\t\t<\/style>\n\t\t<div id='gallery-1' class='dt-gallery-container gallery galleryid-401707 gallery-columns-6 gallery-size-thumbnail'><dl class='gallery-item'>\n\t\t\t\t<dt class='gallery-icon landscape'>\n\t\t\t\t\t<a class=\"rollover rollover-zoom dt-pswp-item\" title=\"79a51565-562e-4d8b-ac9b-b6570564a120\" data-dt-img-description=\"\" data-large_image_width=\"1600\" data-large_image_height=\"1200\"href='https:\/\/www.radiopiu.net\/wordpress\/wp-content\/uploads\/2024\/07\/79a51565-562e-4d8b-ac9b-b6570564a120.jpg'><img loading=\"lazy\" decoding=\"async\" width=\"150\" height=\"150\" src=\"https:\/\/www.radiopiu.net\/wordpress\/wp-content\/uploads\/2024\/07\/79a51565-562e-4d8b-ac9b-b6570564a120-150x150.jpg\" class=\"attachment-thumbnail size-thumbnail\" alt=\"\" \/><\/a>\n\t\t\t\t<\/dt><\/dl><dl class='gallery-item'>\n\t\t\t\t<dt class='gallery-icon landscape'>\n\t\t\t\t\t<a class=\"rollover rollover-zoom dt-pswp-item\" title=\"e5f016ad-02c3-44e7-a31e-200445a1158b\" data-dt-img-description=\"\" data-large_image_width=\"1600\" data-large_image_height=\"1200\"href='https:\/\/www.radiopiu.net\/wordpress\/wp-content\/uploads\/2024\/07\/e5f016ad-02c3-44e7-a31e-200445a1158b.jpg'><img loading=\"lazy\" decoding=\"async\" width=\"150\" height=\"150\" src=\"https:\/\/www.radiopiu.net\/wordpress\/wp-content\/uploads\/2024\/07\/e5f016ad-02c3-44e7-a31e-200445a1158b-150x150.jpg\" class=\"attachment-thumbnail size-thumbnail\" alt=\"\" \/><\/a>\n\t\t\t\t<\/dt><\/dl><dl class='gallery-item'>\n\t\t\t\t<dt class='gallery-icon landscape'>\n\t\t\t\t\t<a class=\"rollover rollover-zoom dt-pswp-item\" title=\"72827a3f-f481-46cf-8d36-e5a5a66285ab\" data-dt-img-description=\"\" data-large_image_width=\"2016\" data-large_image_height=\"908\"href='https:\/\/www.radiopiu.net\/wordpress\/wp-content\/uploads\/2024\/07\/72827a3f-f481-46cf-8d36-e5a5a66285ab.jpg'><img loading=\"lazy\" decoding=\"async\" width=\"150\" height=\"150\" src=\"https:\/\/www.radiopiu.net\/wordpress\/wp-content\/uploads\/2024\/07\/72827a3f-f481-46cf-8d36-e5a5a66285ab-150x150.jpg\" class=\"attachment-thumbnail size-thumbnail\" alt=\"\" \/><\/a>\n\t\t\t\t<\/dt><\/dl><dl class='gallery-item'>\n\t\t\t\t<dt class='gallery-icon landscape'>\n\t\t\t\t\t<a class=\"rollover rollover-zoom dt-pswp-item\" title=\"799bac04-ba25-439f-9c59-abe52d224751\" data-dt-img-description=\"\" data-large_image_width=\"2016\" data-large_image_height=\"908\"href='https:\/\/www.radiopiu.net\/wordpress\/wp-content\/uploads\/2024\/07\/799bac04-ba25-439f-9c59-abe52d224751.jpg'><img loading=\"lazy\" decoding=\"async\" width=\"150\" height=\"150\" src=\"https:\/\/www.radiopiu.net\/wordpress\/wp-content\/uploads\/2024\/07\/799bac04-ba25-439f-9c59-abe52d224751-150x150.jpg\" class=\"attachment-thumbnail size-thumbnail\" alt=\"\" \/><\/a>\n\t\t\t\t<\/dt><\/dl><dl class='gallery-item'>\n\t\t\t\t<dt class='gallery-icon landscape'>\n\t\t\t\t\t<a class=\"rollover rollover-zoom dt-pswp-item\" title=\"56174496-32d3-464e-82b3-44352117f7b0\" data-dt-img-description=\"\" data-large_image_width=\"2016\" data-large_image_height=\"908\"href='https:\/\/www.radiopiu.net\/wordpress\/wp-content\/uploads\/2024\/07\/56174496-32d3-464e-82b3-44352117f7b0.jpg'><img loading=\"lazy\" decoding=\"async\" width=\"150\" height=\"150\" src=\"https:\/\/www.radiopiu.net\/wordpress\/wp-content\/uploads\/2024\/07\/56174496-32d3-464e-82b3-44352117f7b0-150x150.jpg\" class=\"attachment-thumbnail size-thumbnail\" alt=\"\" \/><\/a>\n\t\t\t\t<\/dt><\/dl><dl class='gallery-item'>\n\t\t\t\t<dt class='gallery-icon landscape'>\n\t\t\t\t\t<a class=\"rollover rollover-zoom dt-pswp-item\" title=\"b13c7d65-be60-4dc1-bfe4-28919d5c1e2b\" data-dt-img-description=\"\" data-large_image_width=\"2016\" data-large_image_height=\"908\"href='https:\/\/www.radiopiu.net\/wordpress\/wp-content\/uploads\/2024\/07\/b13c7d65-be60-4dc1-bfe4-28919d5c1e2b.jpg'><img loading=\"lazy\" decoding=\"async\" width=\"150\" height=\"150\" src=\"https:\/\/www.radiopiu.net\/wordpress\/wp-content\/uploads\/2024\/07\/b13c7d65-be60-4dc1-bfe4-28919d5c1e2b-150x150.jpg\" class=\"attachment-thumbnail size-thumbnail\" alt=\"\" \/><\/a>\n\t\t\t\t<\/dt><\/dl><br style=\"clear: both\" \/>\n\t\t\t<\/div>\n\n<p>&nbsp;<\/p>\n<hr \/>\n<p>&nbsp;<\/p>\n<blockquote>\n<h3>IL BANCOMAT DELLE POSTE DI AGORDO TORNA IN FUNZIONE<\/h3>\n<\/blockquote>\n<p><strong><a class=\"dt-pswp-item\" href=\"https:\/\/www.radiopiu.net\/wordpress\/wp-content\/uploads\/2024\/07\/poste-agordo.jpeg\" data-dt-img-description=\"\" data-large_image_width=\"1900\" data-large_image_height=\"1282\"><img loading=\"lazy\" decoding=\"async\" class=\" wp-image-401769 alignleft\" src=\"https:\/\/www.radiopiu.net\/wordpress\/wp-content\/uploads\/2024\/07\/poste-agordo-300x202.jpeg\" alt=\"\" width=\"195\" height=\"131\" srcset=\"https:\/\/www.radiopiu.net\/wordpress\/wp-content\/uploads\/2024\/07\/poste-agordo-300x202.jpeg 300w, https:\/\/www.radiopiu.net\/wordpress\/wp-content\/uploads\/2024\/07\/poste-agordo-1024x691.jpeg 1024w, https:\/\/www.radiopiu.net\/wordpress\/wp-content\/uploads\/2024\/07\/poste-agordo-768x518.jpeg 768w, https:\/\/www.radiopiu.net\/wordpress\/wp-content\/uploads\/2024\/07\/poste-agordo-1536x1036.jpeg 1536w, https:\/\/www.radiopiu.net\/wordpress\/wp-content\/uploads\/2024\/07\/poste-agordo.jpeg 1900w\" sizes=\"auto, (max-width: 195px) 100vw, 195px\" \/><\/a> <\/strong><\/p>\n<p><strong>\u00a0<\/strong><\/p>\n<p><strong>AGORDO<\/strong> E&#8217; tornato in funzione il bancomat alle Poste di Agordo. Il dispositivo era stato spento alla fine di aprile per consentire i lavori di adeguamento e rinnovo dei locali delle poste di Agordo. Il disservizio \u00e8 finito e i clienti BancoPosta non dovranno pi\u00f9 affrontare delle trasferte nei paesi limitrofi per effettuare prelievi di contante.<\/p>\n<p>&nbsp;<\/p>\n<p>&nbsp;<\/p>\n<hr \/>\n<p>&nbsp;<\/p>\n<blockquote>\n<h3 class=\"entry-title\">FAMIGLIE: BOLLETTE LUCE E TARIFFE RADDOPPIATELE DOPO IL COVID<\/h3>\n<\/blockquote>\n<p class=\"photoswipe-wrapper\"><a class=\"dt-pswp-item pspw-wrap-ready\" href=\"https:\/\/www.radiopiu.net\/wordpress\/wp-content\/uploads\/2024\/07\/Schermata-2024-07-27-alle-08.51.53.png\" data-dt-img-description=\"\" data-large_image_width=\"892\" data-large_image_height=\"1080\"><img loading=\"lazy\" decoding=\"async\" class=\"size-medium wp-image-401703 alignleft\" src=\"https:\/\/www.radiopiu.net\/wordpress\/wp-content\/uploads\/2024\/07\/Schermata-2024-07-27-alle-08.51.53-248x300.png\" sizes=\"auto, (max-width: 248px) 100vw, 248px\" srcset=\"https:\/\/www.radiopiu.net\/wordpress\/wp-content\/uploads\/2024\/07\/Schermata-2024-07-27-alle-08.51.53-248x300.png 248w, https:\/\/www.radiopiu.net\/wordpress\/wp-content\/uploads\/2024\/07\/Schermata-2024-07-27-alle-08.51.53-846x1024.png 846w, https:\/\/www.radiopiu.net\/wordpress\/wp-content\/uploads\/2024\/07\/Schermata-2024-07-27-alle-08.51.53-768x930.png 768w, https:\/\/www.radiopiu.net\/wordpress\/wp-content\/uploads\/2024\/07\/Schermata-2024-07-27-alle-08.51.53.png 892w\" alt=\"\" width=\"248\" height=\"300\" \/><\/a>Tra il 2019 e il 2023 le bollette dell\u2019energia elettrica sono rincarate del 108 per cento e quelle del gas del 72,1 per cento. Le altre voci tariffarie prese in esame in questo report \u2013 come le forniture dell\u2019acqua (+13,2 per cento), i servizi postali (+8,6 per cento), il trasporto urbano (+6,3 per cento), il trasporto ferroviario (+4,5 per cento), i taxi (+3,9 per cento), i rifiuti (+3,5 per cento) e i pedaggi autostradali (+3,3 per cento), \u2013 hanno subito anch\u2019esse degli incrementi, ma molto inferiori all\u2019aumento del costo della vita che in questi quattro anni \u00e8 stato del 16,3 per cento. L\u2019unica voce ad aver registrato una contrazione di costo sono stati i servizi telefonici che nel quadriennio analizzato \u00e8 stata pari allo 0,8 per cento.<\/p>\n<p>Insomma, dopo la fiammata dei prezzi subita in particolare tra la fine del 2021 e la primavera del 2023, a causa della ripartenza post Covid e degli effetti provocati dalla guerra tra Russia e Ucraina, la situazione sta rientrando, anche se rispetto al periodo pre pandemico la spesa per le bollette di luce e gas ha subito una vera e propria impennata.<br \/>\nIn valore assoluto, le tariffe monitorate in questo studio hanno un costo medio per le famiglie venete pari a circa 3.000 euro all\u2019anno, un importo che corrisponde al 12 per cento circa dell\u2019intera spesa famigliare annua.<\/p>\n<p><strong>A dirlo \u00e8 l\u2019Ufficio studi della CGIA.<\/strong><\/p>\n<p>Nell\u2019ultimo anno, invece, la situazione si \u00e8 capovolta. Tra il primo semestre 2024 e lo stesso periodo del 2023 il costo delle bollette della luce (-34,2 per cento) e del gas (-19,6 per cento) \u00e8 \u201cprecipitato\u201d, mentre quasi tutte le altre tariffe hanno registrato un deciso aumento, soprattutto se confrontato con l\u2019andamento dell\u2019inflazione che nel primo semestre del 2024 \u00e8 salito solo dello 0,9 per cento. Infatti, il trasporto ferroviario \u00e8 cresciuto del 7,5 per cento, le bollette dell\u2019acqua del +7 per cento, i servizi postali del +4,9 per cento, il trasporto urbano del +4,3 per cento, i taxi del +2,6 per cento, i rifiuti del +1,7 per cento, i pedaggi e i parchimetri del +2,1 per cento e i servizi telefonici del +0,5 per cento (vedi Tab. 1).<\/p>\n<p><strong>Dal contributo di solidariet\u00e0 sugli extraprofitti, la Meloni ha incassato molto pi\u00f9 di Draghi<\/strong><br \/>\nA fronte della crisi energetica verificatasi in particolare tra la fine del 2021 e la prima parte del 2023, si stima che il rincaro dei prezzi delle materie prime abbia consentito alle maggiori societ\u00e0 di questo settore presenti nel nostro Paese di totalizzare 70 miliardi di euro di extraprofitti che, in massima parte, sono stati \u201cprelevati\u201d dai portafogli delle famiglie e delle imprese. Con una finalit\u00e0 strettamente redistributiva, nel 2022 il Governo Draghi ha introdotto un prelievo straordinario su queste big dell\u2019energia che, in termini di cassa, ha garantito in quell\u2019anno un gettito di 2,76 miliardi e nel 2023 di 82 milioni di euro. Complessivamente, la misura voluta dall\u2019allora premier Draghi ha portato nelle casse pubbliche 2,84 miliardi di euro, a fronte, per\u00f2, di 10,8 miliardi previsti. Per contro, il contributo di solidariet\u00e0 a carico delle grandi imprese energetiche approvato dal Governo Meloni dopo qualche mese dal suo insediamento, nel 2023 ha consentito all\u2019erario di incassare 3,4 miliardi di euro; quasi un miliardo in pi\u00f9 dei 2,6 preventivati inizialmente.<\/p>\n<p><strong>Dei 13,4 miliardi attesi, le societ\u00e0 energetiche hanno pagato meno della met\u00e0<\/strong><br \/>\nDai due provvedimenti appena richiamati le previsioni riportate nelle schede tecniche segnalano che lo Stato doveva incassare dalla tassazione sugli extraprofitti 13,6 miliardi di euro. In realt\u00e0 ne ha riscossi solo 6,2, meno della met\u00e0 di quanto stimato inizialmente. Se il provvedimento messo in campo dal Governo Meloni ha raggiunto l\u2019obbiettivo, anzi ha addirittura incassato quasi un miliardo in pi\u00f9, la misura approvata dal Governo Draghi, invece, \u00e8 stata un mezzo flop. Dei 10,8 miliardi attesi ne sono stati incassati solo 2,8. Non solo. A seguito del ricorso presentato da alcune grandi aziende del settore energetico, nel mese scorso la Corte Costituzionale ha parzialmente bocciato il provvedimento, ritenendo illegittima l\u2019inclusione delle accise nella base di calcolo dell\u2019imposta straordinaria sugli extraprofitti. Pertanto, stando alle prime stime, lo Stato dovr\u00e0 restituire alle aziende pagatrici almeno 150 milioni di euro.<\/p>\n<p><strong>Gli artigiani e i piccoli commercianti, invece, hanno pagato due volte gli aumenti di luce e gas<\/strong><br \/>\nNel ricordare che il 70 per cento circa degli artigiani e dei commercianti anche nel Veneto lavora da solo, ovvero non ha n\u00e9 dipendenti n\u00e9 collaboratori familiari, moltissimi artigiani, tantissimi piccoli commercianti e altrettante partite Iva hanno pagato due volte l\u2019impennata delle bollette di luce e gas verificatasi negli ultimi anni. La prima come utenti domestici e la seconda come micro imprenditori per riscaldare\/raffrescare e illuminare le proprie botteghe e negozi. Se le grandi imprese, in questo caso del settore energetico, ancora una volta grazie a una serie di escamotage sono \u201criuscite\u201d a pagare molto meno di quanto lo Stato aveva previsto, i piccoli, invece, che in Veneto costituiscono la maggioranza assoluta delle attivit\u00e0 presenti in regione hanno subito una vera e propria stangata. E\u2019 l\u2019ennesima dimostrazione che il nostro \u00e8 un Paese che, per molti versi, funziona al contrario.<\/p>\n<p><strong>Tariffe: ogni famiglia spende quasi 3 mila euro all\u2019anno<\/strong><br \/>\nLe 10 tariffe monitorate dall\u2019Ufficio studi della CGIA nel 2022 sono costate a ogni nucleo famigliare italiano un importo medio pari a 2.906 euro, di cui 855 euro per le bollette della luce, 787 euro per quelle del gas, 667 euro per la telefonia\/internet, 238 euro per la raccolta rifiuti e 190 per l\u2019acqua. Oltre il 56 per cento della spesa totale \u00e8 imputabile a luce e gas. Meno esoso, invece, \u00e8 il prelievo medio che \u00e8 gravato sul bilancio familiare delle altre voci di spesa osservate in questa analisi. Per i parcheggi e i pedaggi autostradali \u00e8 stato speso mediamente 83 euro all\u2019anno, per il trasporto su treno 36 euro, per quello su bus 23, per i servizi postali e i corrieri 17 euro e per i taxi e gli NCC solo 11 euro. A fronte di una spesa famigliare media annua pari a poco pi\u00f9 di 24.200 euro, le tariffe hanno inciso per il 12 per cento.<\/p>\n<p>&nbsp;<\/p>\n<p>&nbsp;<\/p>\n<hr \/>\n<p>&nbsp;<\/p>\n<h2><span style=\"color: #ff0000;\">CONSIGLI COMUNALI IN AGORDINO<\/span><\/h2>\n<p><strong>AGORDO<\/strong> Consiglio comunale oggi alle 19. Saranno due i punti da discutere: una variazione a bilancio e la presentazione al consiglio delle linee programmatiche relative alle azioni e progetti da realizzare<\/p>\n<p><strong>VOLTAGO<\/strong> Il consiglio comunale \u00e8 stato convocato per mercoled\u00ec alle 18. Due i punti da discutere: l&#8217;atto di indirizzo in merito alla richiesta di assegnazione delle piante bostricate ai frazionisti aventi diritto e una variazione a bilancio<\/p>\n<p><strong>TAIBON\u00a0<\/strong>Consiglio comunale mercoled\u00ec alle 18:30. Tra i punti in discussione una variazione a bilancio, il bilancio di previsione 2024\/26, l&#8217;approvazione del DUP e le norme in materia di uso civico con l&#8217;adozione del piano di accertamento e riordino delle terre<\/p>\n<p><strong>SELVA DI CADORE<\/strong> Consiglio comunale mercoled\u00ec alle 18:30. Tra i punti in discussione il documento unico di programmazione, una variazione a bilancio e l&#8217;approvazione del regolamento degli auto servizi pubblici non di linea come taxi e noleggio con conducente.<\/p>\n<p><strong>CANALE D&#8217;AGORDO<\/strong> Consiglio comunale in programma mercoled\u00ec alle 20. Tra gli argomenti in discussione il bilancio di previsione 2024\/26 e il secondo piano degli interventi<\/p>\n<p><strong>CENCENIGHE<\/strong> Consiglio comunale mercoled\u00ec alle 20:30. Tra i punti in discussione una variazione a bilancio, il bilancio di previsione 2024\/26, l&#8217;approvazione del DUP e il regolamento comunale sui controlli interni<\/p>\n<p>&nbsp;<\/p>\n<p>&nbsp;<\/p>\n<hr \/>\n<p>&nbsp;<\/p>\n<blockquote>\n<h3>LE PREMIAZIONI DEI GIOVANI FOTOGRAFI AL CONCORSO DELLA MOSTRA &#8220;ARIA D&#8217;INVERN&#8221;<\/h3>\n<\/blockquote>\n<p><strong>DI MARINA DONA\u2019<\/strong><\/p>\n<p><strong>CENCENIGHE<\/strong>\u00a0Secondo appuntamento al Nof Fil\u00f2 di Cencenighe per il concorso fotografico e relativa mostra aperta al pubblico \u201d Aria D\u2019Invern\u201d. Dopo che la giuria degli esperti ha decretato i tre vincitori il giorno dell\u2019inaugurazione, sabato la premiazione della foto pi\u00f9 votata dai visitatori della mostra: tre sono i nomi che a duello si sono sfidati fino all\u2019ultimo per una manciata di voti di differenza e sono Stefano Marcon, Bruno Bressan e Stefano Dell\u2019Antone. Vince quest\u2019ultimo con \u201cL\u2019invern ite stua\u201d.\u00a0 Concorso aperto anche per le scuole medie di Cencenighe. Per la prima media vince Matteo Collarin, seconda media Lara Pierdon\u00e0 e terza media Benedetta Soccol<\/p>\n\n\t\t\t<style type='text\/css'>\n\t\t\t\t#gallery-2 {\n\t\t\t\t\tmargin: auto;\n\t\t\t\t}\n\t\t\t\t#gallery-2 .gallery-item {\n\t\t\t\t\tfloat: left;\n\t\t\t\t\tmargin-top: 10px;\n\t\t\t\t\ttext-align: center;\n\t\t\t\t\twidth: 25%;\n\t\t\t\t}\n\t\t\t\t#gallery-2 img {\n\t\t\t\t\tborder: 2px solid #cfcfcf;\n\t\t\t\t}\n\t\t\t\t#gallery-2 .gallery-caption {\n\t\t\t\t\tmargin-left: 0;\n\t\t\t\t}\n\t\t\t\t\/* see gallery_shortcode() in wp-includes\/media.php *\/\n\t\t\t<\/style>\n\t\t<div id='gallery-2' class='dt-gallery-container gallery galleryid-401707 gallery-columns-4 gallery-size-thumbnail'><dl class='gallery-item'>\n\t\t\t\t<dt class='gallery-icon landscape'>\n\t\t\t\t\t<a class=\"rollover rollover-zoom dt-pswp-item\" title=\"c46b12f5-001d-4a45-879c-9c43aa9186f1\" data-dt-img-description=\"\" data-large_image_width=\"2048\" data-large_image_height=\"1536\"href='https:\/\/www.radiopiu.net\/wordpress\/wp-content\/uploads\/2024\/07\/c46b12f5-001d-4a45-879c-9c43aa9186f1.jpg'><img loading=\"lazy\" decoding=\"async\" width=\"150\" height=\"150\" src=\"https:\/\/www.radiopiu.net\/wordpress\/wp-content\/uploads\/2024\/07\/c46b12f5-001d-4a45-879c-9c43aa9186f1-150x150.jpg\" class=\"attachment-thumbnail size-thumbnail\" alt=\"\" \/><\/a>\n\t\t\t\t<\/dt><\/dl><dl class='gallery-item'>\n\t\t\t\t<dt class='gallery-icon landscape'>\n\t\t\t\t\t<a class=\"rollover rollover-zoom dt-pswp-item\" title=\"a214bffe-d388-4ac1-acb1-0e2c4cc24975\" data-dt-img-description=\"\" data-large_image_width=\"2048\" data-large_image_height=\"1518\"href='https:\/\/www.radiopiu.net\/wordpress\/wp-content\/uploads\/2024\/07\/a214bffe-d388-4ac1-acb1-0e2c4cc24975.jpg'><img loading=\"lazy\" decoding=\"async\" width=\"150\" height=\"150\" src=\"https:\/\/www.radiopiu.net\/wordpress\/wp-content\/uploads\/2024\/07\/a214bffe-d388-4ac1-acb1-0e2c4cc24975-150x150.jpg\" class=\"attachment-thumbnail size-thumbnail\" alt=\"\" \/><\/a>\n\t\t\t\t<\/dt><\/dl><dl class='gallery-item'>\n\t\t\t\t<dt class='gallery-icon landscape'>\n\t\t\t\t\t<a class=\"rollover rollover-zoom dt-pswp-item\" title=\"6d7b4daf-42ca-424f-9ddd-92e8445f27ce\" data-dt-img-description=\"\" data-large_image_width=\"2048\" data-large_image_height=\"1536\"href='https:\/\/www.radiopiu.net\/wordpress\/wp-content\/uploads\/2024\/07\/6d7b4daf-42ca-424f-9ddd-92e8445f27ce.jpg'><img loading=\"lazy\" decoding=\"async\" width=\"150\" height=\"150\" src=\"https:\/\/www.radiopiu.net\/wordpress\/wp-content\/uploads\/2024\/07\/6d7b4daf-42ca-424f-9ddd-92e8445f27ce-150x150.jpg\" class=\"attachment-thumbnail size-thumbnail\" alt=\"\" \/><\/a>\n\t\t\t\t<\/dt><\/dl><dl class='gallery-item'>\n\t\t\t\t<dt class='gallery-icon landscape'>\n\t\t\t\t\t<a class=\"rollover rollover-zoom dt-pswp-item\" title=\"a81ee78c-8831-44a2-a81c-867f0b86a1d0\" data-dt-img-description=\"\" data-large_image_width=\"2048\" data-large_image_height=\"1536\"href='https:\/\/www.radiopiu.net\/wordpress\/wp-content\/uploads\/2024\/07\/a81ee78c-8831-44a2-a81c-867f0b86a1d0.jpg'><img loading=\"lazy\" decoding=\"async\" width=\"150\" height=\"150\" src=\"https:\/\/www.radiopiu.net\/wordpress\/wp-content\/uploads\/2024\/07\/a81ee78c-8831-44a2-a81c-867f0b86a1d0-150x150.jpg\" class=\"attachment-thumbnail size-thumbnail\" alt=\"\" \/><\/a>\n\t\t\t\t<\/dt><\/dl><br style=\"clear: both\" \/><dl class='gallery-item'>\n\t\t\t\t<dt class='gallery-icon landscape'>\n\t\t\t\t\t<a class=\"rollover rollover-zoom dt-pswp-item\" title=\"b639629d-c0f1-4bd5-89fe-87bf945b5a49\" data-dt-img-description=\"\" data-large_image_width=\"2048\" data-large_image_height=\"1536\"href='https:\/\/www.radiopiu.net\/wordpress\/wp-content\/uploads\/2024\/07\/b639629d-c0f1-4bd5-89fe-87bf945b5a49.jpg'><img loading=\"lazy\" decoding=\"async\" width=\"150\" height=\"150\" src=\"https:\/\/www.radiopiu.net\/wordpress\/wp-content\/uploads\/2024\/07\/b639629d-c0f1-4bd5-89fe-87bf945b5a49-150x150.jpg\" class=\"attachment-thumbnail size-thumbnail\" alt=\"\" \/><\/a>\n\t\t\t\t<\/dt><\/dl><dl class='gallery-item'>\n\t\t\t\t<dt class='gallery-icon portrait'>\n\t\t\t\t\t<a class=\"rollover rollover-zoom dt-pswp-item\" title=\"358f141c-9db7-4976-9b37-ada65e005ba6\" data-dt-img-description=\"\" data-large_image_width=\"1536\" data-large_image_height=\"2048\"href='https:\/\/www.radiopiu.net\/wordpress\/wp-content\/uploads\/2024\/07\/358f141c-9db7-4976-9b37-ada65e005ba6.jpg'><img loading=\"lazy\" decoding=\"async\" width=\"150\" height=\"150\" src=\"https:\/\/www.radiopiu.net\/wordpress\/wp-content\/uploads\/2024\/07\/358f141c-9db7-4976-9b37-ada65e005ba6-150x150.jpg\" class=\"attachment-thumbnail size-thumbnail\" alt=\"\" \/><\/a>\n\t\t\t\t<\/dt><\/dl><dl class='gallery-item'>\n\t\t\t\t<dt class='gallery-icon portrait'>\n\t\t\t\t\t<a class=\"rollover rollover-zoom dt-pswp-item\" title=\"fbc0d73b-13fc-4ff2-add4-bb3585fc046e\" data-dt-img-description=\"\" data-large_image_width=\"1518\" data-large_image_height=\"2048\"href='https:\/\/www.radiopiu.net\/wordpress\/wp-content\/uploads\/2024\/07\/fbc0d73b-13fc-4ff2-add4-bb3585fc046e.jpg'><img loading=\"lazy\" decoding=\"async\" width=\"150\" height=\"150\" src=\"https:\/\/www.radiopiu.net\/wordpress\/wp-content\/uploads\/2024\/07\/fbc0d73b-13fc-4ff2-add4-bb3585fc046e-150x150.jpg\" class=\"attachment-thumbnail size-thumbnail\" alt=\"\" \/><\/a>\n\t\t\t\t<\/dt><\/dl><dl class='gallery-item'>\n\t\t\t\t<dt class='gallery-icon portrait'>\n\t\t\t\t\t<a class=\"rollover rollover-zoom dt-pswp-item\" title=\"4d72b5c8-c7e9-42c3-abf7-fd258c6b9883\" data-dt-img-description=\"\" data-large_image_width=\"1536\" data-large_image_height=\"2048\"href='https:\/\/www.radiopiu.net\/wordpress\/wp-content\/uploads\/2024\/07\/4d72b5c8-c7e9-42c3-abf7-fd258c6b9883.jpg'><img loading=\"lazy\" decoding=\"async\" width=\"150\" height=\"150\" src=\"https:\/\/www.radiopiu.net\/wordpress\/wp-content\/uploads\/2024\/07\/4d72b5c8-c7e9-42c3-abf7-fd258c6b9883-150x150.jpg\" class=\"attachment-thumbnail size-thumbnail\" alt=\"\" \/><\/a>\n\t\t\t\t<\/dt><\/dl><br style=\"clear: both\" \/>\n\t\t\t<\/div>\n\n<p>&nbsp;<\/p>\n<div style=\"width: 848px;\" class=\"wp-video\"><video class=\"wp-video-shortcode\" id=\"video-401707-1\" width=\"848\" height=\"480\" preload=\"metadata\" controls=\"controls\"><source type=\"video\/mp4\" src=\"https:\/\/www.radiopiu.net\/wordpress\/wp-content\/uploads\/2024\/07\/WhatsApp-Video-2024-07-28-at-10.32.21.mp4?_=1\" \/><a href=\"https:\/\/www.radiopiu.net\/wordpress\/wp-content\/uploads\/2024\/07\/WhatsApp-Video-2024-07-28-at-10.32.21.mp4\">https:\/\/www.radiopiu.net\/wordpress\/wp-content\/uploads\/2024\/07\/WhatsApp-Video-2024-07-28-at-10.32.21.mp4<\/a><\/video><\/div>\n<p>&nbsp;<\/p>\n<hr \/>\n<p>&nbsp;<\/p>\n<blockquote>\n<h3>AL PARCO LA BUSA CON &#8220;I CERCATORI&#8221;, UNA SERIE CINEMATOGRAFICA AMATORIALE TUTTA BELLUNESE<\/h3>\n<\/blockquote>\n<p><strong><a class=\"dt-pswp-item\" href=\"https:\/\/www.radiopiu.net\/wordpress\/wp-content\/uploads\/2024\/07\/98f40c68-50f6-4018-ad0d-ce24c12c919f.jpg\" data-dt-img-description=\"\" data-large_image_width=\"1080\" data-large_image_height=\"966\"><img loading=\"lazy\" decoding=\"async\" class=\" wp-image-401790 alignleft\" src=\"https:\/\/www.radiopiu.net\/wordpress\/wp-content\/uploads\/2024\/07\/98f40c68-50f6-4018-ad0d-ce24c12c919f-300x268.jpg\" alt=\"\" width=\"177\" height=\"158\" srcset=\"https:\/\/www.radiopiu.net\/wordpress\/wp-content\/uploads\/2024\/07\/98f40c68-50f6-4018-ad0d-ce24c12c919f-300x268.jpg 300w, https:\/\/www.radiopiu.net\/wordpress\/wp-content\/uploads\/2024\/07\/98f40c68-50f6-4018-ad0d-ce24c12c919f-1024x916.jpg 1024w, https:\/\/www.radiopiu.net\/wordpress\/wp-content\/uploads\/2024\/07\/98f40c68-50f6-4018-ad0d-ce24c12c919f-768x687.jpg 768w, https:\/\/www.radiopiu.net\/wordpress\/wp-content\/uploads\/2024\/07\/98f40c68-50f6-4018-ad0d-ce24c12c919f.jpg 1080w\" sizes=\"auto, (max-width: 177px) 100vw, 177px\" \/><\/a>DI MARINA DONA&#8217;<\/strong><\/p>\n<p><strong>ROCCA PIETORE<\/strong> Nella serata di sabato 27 luglio 2024 al parco La Busa di Masar\u00e8, si \u00e8 potuto assistere alla proiezione di una serie di episodi horror thriller tutta bellunese, all&#8217;aperto sotto il cielo sul Lago di Alleghe. Un gruppo di ragazzi intraprendere per gioco un&#8217;esperienza cinematografica che poi vede allargarsi la cerchia dei partecipanti tra attori, comparse e tecnici del dietro le quinte. Terminata la prima stagione della serie &#8220;I Cercatori&#8221;. I creatori di questo progetto sono 4 ragazzi (foto da sx Denis Masoch, Federico De Luca, Erik Masoch ed Enrico Scariot). Gli episodi catturano l&#8217;attenzione per il loro mistero e la suspense degli eventi, scene girate in provincia di Belluno in vari luoghi anche caratteristici e attrattivi. &#8220;Abitando in luoghi cos\u00ec meravigliosi abbiamo Unito la passione per il cinema con la bellezza delle nostre terre bellunesi dando valore aggiunto sia al nostro prodotto che ai luoghi della nostra provincia&#8221; dichiara il fondatore Denis Masoch, e aggiunge &#8220;noi siamo gi\u00e0 pronti per partire con la seconda stagione ancora pi\u00f9 carichi per l&#8217;esperienza che abbiamo acquisito forti anche di un team di amici e collaboratori che nel loro tempo libero si prestano a vivere questa esperienza&#8221; .<\/p>\n<p>&nbsp;<\/p>\n<p><iframe loading=\"lazy\" title=\"I CERCATORI AL PARCO LA BUSA DI MASARE&#039;\" width=\"1200\" height=\"675\" src=\"https:\/\/www.youtube.com\/embed\/qycDEn-3ziY?feature=oembed\" frameborder=\"0\" allow=\"accelerometer; autoplay; clipboard-write; encrypted-media; gyroscope; picture-in-picture; web-share\" referrerpolicy=\"strict-origin-when-cross-origin\" allowfullscreen><\/iframe><\/p>\n<p>&nbsp;<\/p>\n<hr \/>\n<p>&nbsp;<\/p>\n<blockquote>\n<h3>LE GIORNATE OLISTICHE E DEL BENESSERE AL BOCCIODROMO DI AGORDO<\/h3>\n<\/blockquote>\n<p><strong>DI MARINA DONA&#8217;<\/strong><\/p>\n<p><strong>AGORDO<\/strong> Nel weekend del 27 e del 28 luglio 2024 presso il bocciodromo di Agordo, diversi operatori professionisti di diverse discipline finalizzate al risveglio spirituale all&#8217;autoconsapevolezza e allo stare bene, si sono riuniti in questo evento che comprende varie tecniche come ad esempio bagni di gong, Reiki, Yoga, Tai chi ed altro. Massiccia \u00e8 stata la partecipazione e l&#8217;interesse riscontrato. Diversi operatori intervistati hanno inoltre dichiarato che hanno intrapreso un percorso finalizzato al titolo di operatori professionisti proprio per i benefici ottenuti con queste tecniche col messaggio che un gioco di squadra tra medicina tradizionale e medicina alternativa a volte pu\u00f2 rivelarsi risolutiva per diverse problematiche. Un&#8217;esposizione anche di pietre che nel campo olistico hanno una loro ben precisa collocazione.<\/p>\n\n\t\t\t<style type='text\/css'>\n\t\t\t\t#gallery-3 {\n\t\t\t\t\tmargin: auto;\n\t\t\t\t}\n\t\t\t\t#gallery-3 .gallery-item {\n\t\t\t\t\tfloat: left;\n\t\t\t\t\tmargin-top: 10px;\n\t\t\t\t\ttext-align: center;\n\t\t\t\t\twidth: 20%;\n\t\t\t\t}\n\t\t\t\t#gallery-3 img {\n\t\t\t\t\tborder: 2px solid #cfcfcf;\n\t\t\t\t}\n\t\t\t\t#gallery-3 .gallery-caption {\n\t\t\t\t\tmargin-left: 0;\n\t\t\t\t}\n\t\t\t\t\/* see gallery_shortcode() in wp-includes\/media.php *\/\n\t\t\t<\/style>\n\t\t<div id='gallery-3' class='dt-gallery-container gallery galleryid-401707 gallery-columns-5 gallery-size-thumbnail'><dl class='gallery-item'>\n\t\t\t\t<dt class='gallery-icon landscape'>\n\t\t\t\t\t<a class=\"rollover rollover-zoom dt-pswp-item\" title=\"1db7c553-8103-42f2-9522-d106879158bd\" data-dt-img-description=\"\" data-large_image_width=\"1600\" data-large_image_height=\"1200\"href='https:\/\/www.radiopiu.net\/wordpress\/wp-content\/uploads\/2024\/07\/1db7c553-8103-42f2-9522-d106879158bd.jpg'><img loading=\"lazy\" decoding=\"async\" width=\"150\" height=\"150\" src=\"https:\/\/www.radiopiu.net\/wordpress\/wp-content\/uploads\/2024\/07\/1db7c553-8103-42f2-9522-d106879158bd-150x150.jpg\" class=\"attachment-thumbnail size-thumbnail\" alt=\"\" \/><\/a>\n\t\t\t\t<\/dt><\/dl><dl class='gallery-item'>\n\t\t\t\t<dt class='gallery-icon landscape'>\n\t\t\t\t\t<a class=\"rollover rollover-zoom dt-pswp-item\" title=\"e6ff6d69-c34b-480d-b8b4-9c3b5f86eabf\" data-dt-img-description=\"\" data-large_image_width=\"1600\" data-large_image_height=\"1200\"href='https:\/\/www.radiopiu.net\/wordpress\/wp-content\/uploads\/2024\/07\/e6ff6d69-c34b-480d-b8b4-9c3b5f86eabf.jpg'><img loading=\"lazy\" decoding=\"async\" width=\"150\" height=\"150\" src=\"https:\/\/www.radiopiu.net\/wordpress\/wp-content\/uploads\/2024\/07\/e6ff6d69-c34b-480d-b8b4-9c3b5f86eabf-150x150.jpg\" class=\"attachment-thumbnail size-thumbnail\" alt=\"\" \/><\/a>\n\t\t\t\t<\/dt><\/dl><dl class='gallery-item'>\n\t\t\t\t<dt class='gallery-icon landscape'>\n\t\t\t\t\t<a class=\"rollover rollover-zoom dt-pswp-item\" title=\"bc1bc337-ce4e-470b-8ac0-42a55dfbbb24\" data-dt-img-description=\"\" data-large_image_width=\"1600\" data-large_image_height=\"1200\"href='https:\/\/www.radiopiu.net\/wordpress\/wp-content\/uploads\/2024\/07\/bc1bc337-ce4e-470b-8ac0-42a55dfbbb24.jpg'><img loading=\"lazy\" decoding=\"async\" width=\"150\" height=\"150\" src=\"https:\/\/www.radiopiu.net\/wordpress\/wp-content\/uploads\/2024\/07\/bc1bc337-ce4e-470b-8ac0-42a55dfbbb24-150x150.jpg\" class=\"attachment-thumbnail size-thumbnail\" alt=\"\" \/><\/a>\n\t\t\t\t<\/dt><\/dl><dl class='gallery-item'>\n\t\t\t\t<dt class='gallery-icon landscape'>\n\t\t\t\t\t<a class=\"rollover rollover-zoom dt-pswp-item\" title=\"17bdbb1d-8dd0-43e8-833c-0c1edc784856\" data-dt-img-description=\"\" data-large_image_width=\"1600\" data-large_image_height=\"1200\"href='https:\/\/www.radiopiu.net\/wordpress\/wp-content\/uploads\/2024\/07\/17bdbb1d-8dd0-43e8-833c-0c1edc784856.jpg'><img loading=\"lazy\" decoding=\"async\" width=\"150\" height=\"150\" src=\"https:\/\/www.radiopiu.net\/wordpress\/wp-content\/uploads\/2024\/07\/17bdbb1d-8dd0-43e8-833c-0c1edc784856-150x150.jpg\" class=\"attachment-thumbnail size-thumbnail\" alt=\"\" \/><\/a>\n\t\t\t\t<\/dt><\/dl><dl class='gallery-item'>\n\t\t\t\t<dt class='gallery-icon landscape'>\n\t\t\t\t\t<a class=\"rollover rollover-zoom dt-pswp-item\" title=\"7c518be0-d6fe-4b99-8ca5-8b67f7f96d75\" data-dt-img-description=\"\" data-large_image_width=\"1600\" data-large_image_height=\"1200\"href='https:\/\/www.radiopiu.net\/wordpress\/wp-content\/uploads\/2024\/07\/7c518be0-d6fe-4b99-8ca5-8b67f7f96d75.jpg'><img loading=\"lazy\" decoding=\"async\" width=\"150\" height=\"150\" src=\"https:\/\/www.radiopiu.net\/wordpress\/wp-content\/uploads\/2024\/07\/7c518be0-d6fe-4b99-8ca5-8b67f7f96d75-150x150.jpg\" class=\"attachment-thumbnail size-thumbnail\" alt=\"\" \/><\/a>\n\t\t\t\t<\/dt><\/dl><br style=\"clear: both\" \/><dl class='gallery-item'>\n\t\t\t\t<dt class='gallery-icon landscape'>\n\t\t\t\t\t<a class=\"rollover rollover-zoom dt-pswp-item\" title=\"4e459775-0047-4d74-9b63-cc98a0454f6c\" data-dt-img-description=\"\" data-large_image_width=\"1600\" data-large_image_height=\"1200\"href='https:\/\/www.radiopiu.net\/wordpress\/wp-content\/uploads\/2024\/07\/4e459775-0047-4d74-9b63-cc98a0454f6c.jpg'><img loading=\"lazy\" decoding=\"async\" width=\"150\" height=\"150\" src=\"https:\/\/www.radiopiu.net\/wordpress\/wp-content\/uploads\/2024\/07\/4e459775-0047-4d74-9b63-cc98a0454f6c-150x150.jpg\" class=\"attachment-thumbnail size-thumbnail\" alt=\"\" \/><\/a>\n\t\t\t\t<\/dt><\/dl><dl class='gallery-item'>\n\t\t\t\t<dt class='gallery-icon landscape'>\n\t\t\t\t\t<a class=\"rollover rollover-zoom dt-pswp-item\" title=\"1cc0775d-6b45-4e7a-8a5d-49125d62a70f\" data-dt-img-description=\"\" data-large_image_width=\"1600\" data-large_image_height=\"1200\"href='https:\/\/www.radiopiu.net\/wordpress\/wp-content\/uploads\/2024\/07\/1cc0775d-6b45-4e7a-8a5d-49125d62a70f.jpg'><img loading=\"lazy\" decoding=\"async\" width=\"150\" height=\"150\" src=\"https:\/\/www.radiopiu.net\/wordpress\/wp-content\/uploads\/2024\/07\/1cc0775d-6b45-4e7a-8a5d-49125d62a70f-150x150.jpg\" class=\"attachment-thumbnail size-thumbnail\" alt=\"\" \/><\/a>\n\t\t\t\t<\/dt><\/dl><dl class='gallery-item'>\n\t\t\t\t<dt class='gallery-icon landscape'>\n\t\t\t\t\t<a class=\"rollover rollover-zoom dt-pswp-item\" title=\"1c9e0abc-6161-409d-a8a0-1fbdd0a4239a\" data-dt-img-description=\"\" data-large_image_width=\"1600\" data-large_image_height=\"1200\"href='https:\/\/www.radiopiu.net\/wordpress\/wp-content\/uploads\/2024\/07\/1c9e0abc-6161-409d-a8a0-1fbdd0a4239a.jpg'><img loading=\"lazy\" decoding=\"async\" width=\"150\" height=\"150\" src=\"https:\/\/www.radiopiu.net\/wordpress\/wp-content\/uploads\/2024\/07\/1c9e0abc-6161-409d-a8a0-1fbdd0a4239a-150x150.jpg\" class=\"attachment-thumbnail size-thumbnail\" alt=\"\" \/><\/a>\n\t\t\t\t<\/dt><\/dl><dl class='gallery-item'>\n\t\t\t\t<dt class='gallery-icon landscape'>\n\t\t\t\t\t<a class=\"rollover rollover-zoom dt-pswp-item\" title=\"17c54b9d-6891-4bb8-8b49-03ac37efd457\" data-dt-img-description=\"\" data-large_image_width=\"1600\" data-large_image_height=\"1200\"href='https:\/\/www.radiopiu.net\/wordpress\/wp-content\/uploads\/2024\/07\/17c54b9d-6891-4bb8-8b49-03ac37efd457.jpg'><img loading=\"lazy\" decoding=\"async\" width=\"150\" height=\"150\" src=\"https:\/\/www.radiopiu.net\/wordpress\/wp-content\/uploads\/2024\/07\/17c54b9d-6891-4bb8-8b49-03ac37efd457-150x150.jpg\" class=\"attachment-thumbnail size-thumbnail\" alt=\"\" \/><\/a>\n\t\t\t\t<\/dt><\/dl><dl class='gallery-item'>\n\t\t\t\t<dt class='gallery-icon landscape'>\n\t\t\t\t\t<a class=\"rollover rollover-zoom dt-pswp-item\" title=\"b3cc747b-a6b4-4dcb-ad15-38c6a02f4844\" data-dt-img-description=\"\" data-large_image_width=\"1600\" data-large_image_height=\"1200\"href='https:\/\/www.radiopiu.net\/wordpress\/wp-content\/uploads\/2024\/07\/b3cc747b-a6b4-4dcb-ad15-38c6a02f4844.jpg'><img loading=\"lazy\" decoding=\"async\" width=\"150\" height=\"150\" src=\"https:\/\/www.radiopiu.net\/wordpress\/wp-content\/uploads\/2024\/07\/b3cc747b-a6b4-4dcb-ad15-38c6a02f4844-150x150.jpg\" class=\"attachment-thumbnail size-thumbnail\" alt=\"\" \/><\/a>\n\t\t\t\t<\/dt><\/dl><br style=\"clear: both\" \/>\n\t\t\t<\/div>\n\n<p>&nbsp;<\/p>\n<hr \/>\n<p>&nbsp;<\/p>\n<blockquote>\n<h3>MISS ITALIA A FALCADE<\/h3>\n<\/blockquote>\n<p><strong>FALCADE<\/strong>\u00a0Appuntamento con Miss Italia in piazza del municipio a Falcade dove sfileranno le ragazze per aggiudicarsi il titolo di Miss Miluna Veneto e partecipare di conseguenza al concorso nazionale.<\/p>\n<p><strong>LA DIRETTA RADIO PIU&#8217;<\/strong><\/p>\n<p><iframe loading=\"lazy\" title=\"Diretta Radio Piu\" width=\"1200\" height=\"900\" src=\"https:\/\/www.youtube.com\/embed\/7yzFA3BOZ3E?feature=oembed\" frameborder=\"0\" allow=\"accelerometer; autoplay; clipboard-write; encrypted-media; gyroscope; picture-in-picture; web-share\" referrerpolicy=\"strict-origin-when-cross-origin\" allowfullscreen><\/iframe><\/p>\n<p>&nbsp;<\/p>\n<hr \/>\n<p>&nbsp;<\/p>\n<blockquote>\n<h3>LA PRIMA GIORNATA DI &#8220;TRA LE CHINE DELLA SCHIARA&#8221;<\/h3>\n<\/blockquote>\n<p><strong>BELLUNO<\/strong> Sabato, presso il Rifugio Bianchet, si \u00e8 inaugurata la rassegna estiva del Parco sotto la parete nord-ovest della Schiara. La guida Marco Triches ha accompagnato escursionisti locali e marchigiani al rifugio. Dopo un pranzo rigenerante, Luca Sovilla ha narrato storie di alpinisti della Schiara, mentre Marco Dall\u2019Armi (alias \u201cVignettebruks\u201d) le illustrava. Presenti anche rappresentanti dei carabinieri forestali. La consigliera del Parco, Valentina Dalla Cort, ha ringraziato i comuni e il CAI di Belluno e Longarone per il patrocinio. La giornata, apprezzata per le storie di avventura, natura e tradizioni, si concluder\u00e0 il 31 agosto al Rifugio Settimo Alpini.<\/p>\n<p>&nbsp;<\/p>\n<p>&nbsp;<\/p>\n<hr \/>\n<p>&nbsp;<\/p>\n<blockquote>\n<h3 class=\"flex-shrink-0 flex flex-col relative items-end\">LA POLIZIA DI STATO CERCA 1306 ALLIEVI AGENTI<\/h3>\n<\/blockquote>\n<p><strong>BELLUNO<\/strong> \u00c8 stato pubblicato sul Portale unico del reclutamento e sul sito della Polizia di Stato il bando per l\u2019assunzione di 1306 allievi agenti della Polizia di Stato. Le domande possono essere presentate online dal 24 luglio 2024 al 22 agosto 2024 tramite la procedura disponibile su <a href=\"https:\/\/concorsionline.poliziadistato.it\" target=\"_new\" rel=\"noreferrer noopener\">https:\/\/concorsionline.poliziadistato.it<\/a>, accessibile anche dal Portale unico del reclutamento.<\/p>\n<p>&nbsp;<\/p>\n<p>&nbsp;<\/p>\n<hr \/>\n<p>&nbsp;<\/p>\n<blockquote>\n<h3>SOSPIROLO TRA LEGGENDE E MISTERI<\/h3>\n<\/blockquote>\n<p><strong><a class=\"dt-pswp-item\" href=\"https:\/\/www.radiopiu.net\/wordpress\/wp-content\/uploads\/2024\/07\/premiati-23-scaled.jpeg\" data-dt-img-description=\"\" data-large_image_width=\"2560\" data-large_image_height=\"1707\"><img loading=\"lazy\" decoding=\"async\" class=\" wp-image-398974 alignleft\" src=\"https:\/\/www.radiopiu.net\/wordpress\/wp-content\/uploads\/2024\/07\/premiati-23-300x200.jpeg\" alt=\"\" width=\"158\" height=\"105\" srcset=\"https:\/\/www.radiopiu.net\/wordpress\/wp-content\/uploads\/2024\/07\/premiati-23-300x200.jpeg 300w, https:\/\/www.radiopiu.net\/wordpress\/wp-content\/uploads\/2024\/07\/premiati-23-1024x683.jpeg 1024w, https:\/\/www.radiopiu.net\/wordpress\/wp-content\/uploads\/2024\/07\/premiati-23-768x512.jpeg 768w, https:\/\/www.radiopiu.net\/wordpress\/wp-content\/uploads\/2024\/07\/premiati-23-1536x1024.jpeg 1536w, https:\/\/www.radiopiu.net\/wordpress\/wp-content\/uploads\/2024\/07\/premiati-23-2048x1365.jpeg 2048w\" sizes=\"auto, (max-width: 158px) 100vw, 158px\" \/><\/a>SOSPIROLO<\/strong> La Pro loco &#8220;Monti del Sole&#8221; e il Comune di Sospirolo indicono la 15esima edizione del concorso letterario \u201cSospirolo tra leggende e misteri\u201d, dedicato allo zodiaco e alla figura di Girolamo Segato. Il concorso, aperto ai nati e\/o residenti nel Triveneto, invita a scrivere racconti brevi inediti sul tema dello zodiaco, comprendendo aspetti astronomici, mitici e antropologici. Due le sezioni: A) per singoli di 6-14 anni o lavori scolastici di gruppo, e B) per partecipanti dai 15 anni. Premi in denaro fino a 500 euro e attestati di partecipazione. I vincitori saranno pubblicati su &#8220;il Veses&#8221;. Scadenza: 19 ottobre. Info su <a href=\"http:\/\/www.sospirolo.net\" target=\"_new\" rel=\"noreferrer noopener\">www.sospirolo.net<\/a>.<\/p>\n<p>&nbsp;<\/p>\n<hr \/>\n<p>&nbsp;<\/p>\n<blockquote>\n<h3>A TEATRO CON LA NAVETTA, PRENOTAZIONI APERTE<\/h3>\n<\/blockquote>\n<p><strong><a class=\"dt-pswp-item\" href=\"https:\/\/www.radiopiu.net\/wordpress\/wp-content\/uploads\/2022\/07\/LE-MUSE.png\" data-dt-img-description=\"\" data-large_image_width=\"750\" data-large_image_height=\"750\"><img loading=\"lazy\" decoding=\"async\" class=\" wp-image-288787 alignleft\" src=\"https:\/\/www.radiopiu.net\/wordpress\/wp-content\/uploads\/2022\/07\/LE-MUSE-300x300.png\" alt=\"\" width=\"113\" height=\"113\" srcset=\"https:\/\/www.radiopiu.net\/wordpress\/wp-content\/uploads\/2022\/07\/LE-MUSE-300x300.png 300w, https:\/\/www.radiopiu.net\/wordpress\/wp-content\/uploads\/2022\/07\/LE-MUSE-150x150.png 150w, https:\/\/www.radiopiu.net\/wordpress\/wp-content\/uploads\/2022\/07\/LE-MUSE.png 750w\" sizes=\"auto, (max-width: 113px) 100vw, 113px\" \/><\/a>REDAZIONE <\/strong>L&#8217;Associazione &#8220;Le Muse e le Dolomiti&#8221;, in collaborazione con i Comuni di Moena e Falcade, Moena Eventi e PromoFalcade, propone il servizio Navetta Teatro! Il 2 agosto si ripeter\u00e0 il servizio navetta per lo spettacolo &#8220;Allegria!&#8221;, uno spettacolo latino-americano con il Trio Galantes e gli studenti della Scuola Interregionale di Canto e Teatro, diretto da Giacomo Gamba. La navetta partir\u00e0 sempre da Piazza Municipio a Falcade alle 19:45. Anche in questo caso, il costo della navetta \u00e8 di \u20ac5 e l&#8217;ingresso allo spettacolo \u00e8 gratuito. Prenotazioni entro le ore 12 del 2 agosto tramite WhatsApp al 340 2305439. Per ulteriori informazioni, visitare <a href=\"http:\/\/www.musedolomiti.it\" target=\"_new\" rel=\"noreferrer noopener\">www.musedolomiti.it<\/a>.<\/p>\n<p>&nbsp;<\/p>\n<p>&nbsp;<\/p>\n<hr \/>\n<p>&nbsp;<\/p>\n<blockquote>\n<h3>DIAMO VALORE AL LEGNO IN SALA DON TAMIS<\/h3>\n<\/blockquote>\n<p><strong><a class=\"dt-pswp-item\" href=\"https:\/\/www.radiopiu.net\/wordpress\/wp-content\/uploads\/2024\/07\/DIAMO-VALORE-AL-LEGNO-1.png\" data-dt-img-description=\"\" data-large_image_width=\"673\" data-large_image_height=\"942\"><img loading=\"lazy\" decoding=\"async\" class=\" wp-image-400250 alignleft\" src=\"https:\/\/www.radiopiu.net\/wordpress\/wp-content\/uploads\/2024\/07\/DIAMO-VALORE-AL-LEGNO-1-214x300.png\" alt=\"\" width=\"96\" height=\"135\" srcset=\"https:\/\/www.radiopiu.net\/wordpress\/wp-content\/uploads\/2024\/07\/DIAMO-VALORE-AL-LEGNO-1-214x300.png 214w, https:\/\/www.radiopiu.net\/wordpress\/wp-content\/uploads\/2024\/07\/DIAMO-VALORE-AL-LEGNO-1.png 673w\" sizes=\"auto, (max-width: 96px) 100vw, 96px\" \/><\/a>AGORDO<\/strong> Il 1\u00b0 agosto 2024, AIEL organizza una serata informativa ad Agordo, in collaborazione con vari enti, per discutere del ripristino dei boschi colpiti dal bostrico e del &#8220;Bando stufe 2024&#8221; della Regione Veneto. L&#8217;incontro, che si terr\u00e0 presso la sala Don Tamis dalle 18:00, affronter\u00e0 l&#8217;uso di tecnologie innovative per il recupero delle foreste danneggiate e il finanziamento regionale per la sostituzione di vecchi impianti termici a biomassa. Il &#8220;Bando stufe 2024&#8221; coprir\u00e0 dall&#8217;85 al 100% delle spese per nuovi impianti a legna, pellet e cippato. L&#8217;evento prevede interventi di esperti che presenteranno casi applicativi e informazioni per accedere agli incentivi. La partecipazione \u00e8 aperta a cittadini e amministratori locali per promuovere sicurezza ed efficienza energetica nelle abitazioni. Per ulteriori dettagli: <a rel=\"noreferrer\">segreteria.aiel@cia.it<\/a>.<\/p>\n<p>&nbsp;<\/p>\n<p>&nbsp;<\/p>\n<hr \/>\n<p>&nbsp;<\/p>\n<blockquote>\n<h3>TRA LE CHINE DELLA SCHIARA<\/h3>\n<\/blockquote>\n<p><strong>BELLUNO<\/strong> Il Parco Nazionale Dolomiti Bellunesi, in collaborazione con i rifugi Bianchet, 7\u00b0 Alpini e Pian de Fontana, organizza tre giornate sui sentieri della Schiara. Luca Sovilla racconter\u00e0 i segreti della zona e Marco Dall\u2019Armi li disegner\u00e0 in china. Gli incontri nei rifugi sono gratuiti e aperti a tutti. Le escursioni guidate gratuite, accompagnate dalle Guide del Parco, richiedono prenotazione per un massimo di 25 persone, da effettuare due giorni prima. Il 31 agosto al rifugio 7\u00b0 Alpini e il 21 settembre al rifugio Pian de Fontana. La manifestazione \u00e8 patrocinata dal CAI di Belluno.<\/p>\n<p>&nbsp;<\/p>\n<p>&nbsp;<\/p>\n<hr \/>\n<p>&nbsp;<\/p>\n<h2><span style=\"color: #ff6600;\">ALLA RADIO<\/span><\/h2>\n<h2><span style=\"color: #808000;\">LA RASSEGNA STAMPA DA L&#8217;AMICO DEL POPOLO<\/span><\/h2>\n<p><strong><a class=\"dt-pswp-item\" href=\"https:\/\/www.radiopiu.net\/wordpress\/wp-content\/uploads\/2022\/12\/foto-Marilisa.jpg\" data-dt-img-description=\"\" data-large_image_width=\"227\" data-large_image_height=\"280\"><img loading=\"lazy\" decoding=\"async\" class=\" wp-image-310161 alignleft\" src=\"https:\/\/www.radiopiu.net\/wordpress\/wp-content\/uploads\/2022\/12\/foto-Marilisa.jpg\" alt=\"\" width=\"138\" height=\"170\" \/><\/a>DI GIANNI SANTOMASO<\/strong><\/p>\n<p>OSPITE: MARILISA LUCHETTA<\/p>\n<audio class=\"wp-audio-shortcode\" id=\"audio-401707-4\" preload=\"none\" style=\"width: 100%;\" controls=\"controls\"><source type=\"audio\/mpeg\" src=\"https:\/\/www.radiopiu.net\/wordpress\/wp-content\/uploads\/2024\/07\/RASS-GIANNI.mp3?_=4\" \/><a href=\"https:\/\/www.radiopiu.net\/wordpress\/wp-content\/uploads\/2024\/07\/RASS-GIANNI.mp3\">https:\/\/www.radiopiu.net\/wordpress\/wp-content\/uploads\/2024\/07\/RASS-GIANNI.mp3<\/a><\/audio>\n<p>&nbsp;<\/p>\n<h2><span style=\"color: #00ccff;\">DUE MINUTI PER TE<\/span><\/h2>\n<p><strong><a class=\"dt-pswp-item\" href=\"https:\/\/www.radiopiu.net\/wordpress\/wp-content\/uploads\/2020\/12\/DON-GIORGIO-LISE.jpg\" data-dt-img-description=\"\" data-large_image_width=\"1600\" data-large_image_height=\"901\"><img loading=\"lazy\" decoding=\"async\" class=\" wp-image-177420 alignleft\" src=\"https:\/\/www.radiopiu.net\/wordpress\/wp-content\/uploads\/2020\/12\/DON-GIORGIO-LISE-300x169.jpg\" alt=\"\" width=\"208\" height=\"117\" srcset=\"https:\/\/www.radiopiu.net\/wordpress\/wp-content\/uploads\/2020\/12\/DON-GIORGIO-LISE-300x169.jpg 300w, https:\/\/www.radiopiu.net\/wordpress\/wp-content\/uploads\/2020\/12\/DON-GIORGIO-LISE-1024x577.jpg 1024w, https:\/\/www.radiopiu.net\/wordpress\/wp-content\/uploads\/2020\/12\/DON-GIORGIO-LISE-768x432.jpg 768w, https:\/\/www.radiopiu.net\/wordpress\/wp-content\/uploads\/2020\/12\/DON-GIORGIO-LISE-1536x865.jpg 1536w, https:\/\/www.radiopiu.net\/wordpress\/wp-content\/uploads\/2020\/12\/DON-GIORGIO-LISE.jpg 1600w\" sizes=\"auto, (max-width: 208px) 100vw, 208px\" \/><\/a>APPUNTAMENTO DELLA DOMENICA CON IL PENSIERO DI MONSIGNOR GIORGIO LISE<\/strong><\/p>\n<audio class=\"wp-audio-shortcode\" id=\"audio-401707-5\" preload=\"none\" style=\"width: 100%;\" controls=\"controls\"><source type=\"audio\/mpeg\" src=\"https:\/\/www.radiopiu.net\/wordpress\/wp-content\/uploads\/2024\/07\/DON-GIORGIO-3.mp3?_=5\" \/><a href=\"https:\/\/www.radiopiu.net\/wordpress\/wp-content\/uploads\/2024\/07\/DON-GIORGIO-3.mp3\">https:\/\/www.radiopiu.net\/wordpress\/wp-content\/uploads\/2024\/07\/DON-GIORGIO-3.mp3<\/a><\/audio>\n<p>&nbsp;<\/p>\n<p>&nbsp;<\/p>\n<blockquote class=\"wp-embedded-content\" data-secret=\"Izq3A6fLyx\"><p><a href=\"https:\/\/www.radiopiu.net\/wordpress\/piu-siamo-con-marina-settimana-dal-22-al-26-luglio-2024\/\">PIU&#8217; SIAMO&#8230;CON MARINA &#8211; SETTIMANA DAL 22 AL 26 LUGLIO 2024<\/a><\/p><\/blockquote>\n<p><iframe loading=\"lazy\" class=\"wp-embedded-content\" sandbox=\"allow-scripts\" security=\"restricted\" style=\"position: absolute; visibility: hidden;\" title=\"&#8220;PIU&#8217; SIAMO&#8230;CON MARINA &#8211; SETTIMANA DAL 22 AL 26 LUGLIO 2024&#8221; &#8212; Radio Pi\u00f9\" src=\"https:\/\/www.radiopiu.net\/wordpress\/piu-siamo-con-marina-settimana-dal-22-al-26-luglio-2024\/embed\/#?secret=JPGTUbbHgn#?secret=Izq3A6fLyx\" data-secret=\"Izq3A6fLyx\" width=\"600\" height=\"338\" frameborder=\"0\" marginwidth=\"0\" marginheight=\"0\" scrolling=\"no\"><\/iframe><\/p>\n<p>&nbsp;<\/p>\n<hr \/>\n<p>&nbsp;<\/p>\n<h2><span style=\"color: #ff0000;\"><a class=\"dt-pswp-item\" href=\"https:\/\/www.radiopiu.net\/wordpress\/wp-content\/uploads\/2018\/09\/appuntamenti.jpeg\" data-dt-img-description=\"\" data-large_image_width=\"800\" data-large_image_height=\"100\"><img loading=\"lazy\" decoding=\"async\" class=\"wp-image-61958 size-full aligncenter\" src=\"https:\/\/www.radiopiu.net\/wordpress\/wp-content\/uploads\/2018\/09\/appuntamenti.jpeg\" alt=\"\" width=\"800\" height=\"100\" srcset=\"https:\/\/www.radiopiu.net\/wordpress\/wp-content\/uploads\/2018\/09\/appuntamenti.jpeg 800w, https:\/\/www.radiopiu.net\/wordpress\/wp-content\/uploads\/2018\/09\/appuntamenti-300x38.jpeg 300w, https:\/\/www.radiopiu.net\/wordpress\/wp-content\/uploads\/2018\/09\/appuntamenti-768x96.jpeg 768w\" sizes=\"auto, (max-width: 800px) 100vw, 800px\" \/><\/a><\/span><\/h2>\n<div>\n<div class=\"\" dir=\"auto\">\n<div id=\":r9h:\" class=\"x1iorvi4 x1pi30zi x1l90r2v x1swvt13\" data-ad-comet-preview=\"message\" data-ad-preview=\"message\">\n\n\t\t\t<style type='text\/css'>\n\t\t\t\t#gallery-4 {\n\t\t\t\t\tmargin: auto;\n\t\t\t\t}\n\t\t\t\t#gallery-4 .gallery-item {\n\t\t\t\t\tfloat: left;\n\t\t\t\t\tmargin-top: 10px;\n\t\t\t\t\ttext-align: center;\n\t\t\t\t\twidth: 20%;\n\t\t\t\t}\n\t\t\t\t#gallery-4 img {\n\t\t\t\t\tborder: 2px solid #cfcfcf;\n\t\t\t\t}\n\t\t\t\t#gallery-4 .gallery-caption {\n\t\t\t\t\tmargin-left: 0;\n\t\t\t\t}\n\t\t\t\t\/* see gallery_shortcode() in wp-includes\/media.php *\/\n\t\t\t<\/style>\n\t\t<div id='gallery-4' class='dt-gallery-container gallery galleryid-401707 gallery-columns-5 gallery-size-thumbnail'><dl class='gallery-item'>\n\t\t\t\t<dt class='gallery-icon portrait'>\n\t\t\t\t\t<a class=\"rollover rollover-zoom dt-pswp-item\" title=\"FINALI TAIBON\" data-dt-img-description=\"\" data-large_image_width=\"1753\" data-large_image_height=\"2480\"href='https:\/\/www.radiopiu.net\/wordpress\/wp-content\/uploads\/2024\/07\/FINALI-TAIBON.jpg'><img loading=\"lazy\" decoding=\"async\" width=\"150\" height=\"150\" src=\"https:\/\/www.radiopiu.net\/wordpress\/wp-content\/uploads\/2024\/07\/FINALI-TAIBON-150x150.jpg\" class=\"attachment-thumbnail size-thumbnail\" alt=\"\" aria-describedby=\"gallery-4-401801\" \/><\/a>\n\t\t\t\t<\/dt>\n\t\t\t\t\t<dd class='wp-caption-text gallery-caption' id='gallery-4-401801'>\n\t\t\t\t\tLA FINALE DEL CAMPIONATO AGORDINO DI CALCIO A TAIBON\n\t\t\t\t\t<\/dd><\/dl><dl class='gallery-item'>\n\t\t\t\t<dt class='gallery-icon portrait'>\n\t\t\t\t\t<a class=\"rollover rollover-zoom dt-pswp-item\" title=\"concorso-copia_compressed\" data-dt-img-description=\"\" data-large_image_width=\"1240\" data-large_image_height=\"1754\"href='https:\/\/www.radiopiu.net\/wordpress\/wp-content\/uploads\/2024\/07\/concorso-copia_compressed.jpg'><img loading=\"lazy\" decoding=\"async\" width=\"150\" height=\"150\" src=\"https:\/\/www.radiopiu.net\/wordpress\/wp-content\/uploads\/2024\/07\/concorso-copia_compressed-150x150.jpg\" class=\"attachment-thumbnail size-thumbnail\" alt=\"\" aria-describedby=\"gallery-4-401805\" \/><\/a>\n\t\t\t\t<\/dt>\n\t\t\t\t\t<dd class='wp-caption-text gallery-caption' id='gallery-4-401805'>\n\t\t\t\t\tIL CONCORSO FOTOGRAFICO\n\t\t\t\t\t<\/dd><\/dl><dl class='gallery-item'>\n\t\t\t\t<dt class='gallery-icon portrait'>\n\t\t\t\t\t<a class=\"rollover rollover-zoom dt-pswp-item\" title=\"c43011fa-8405-4ea2-9ca9-b934b11662df\" data-dt-img-description=\"\" data-large_image_width=\"512\" data-large_image_height=\"720\"href='https:\/\/www.radiopiu.net\/wordpress\/wp-content\/uploads\/2024\/07\/c43011fa-8405-4ea2-9ca9-b934b11662df.jpg'><img loading=\"lazy\" decoding=\"async\" width=\"150\" height=\"150\" src=\"https:\/\/www.radiopiu.net\/wordpress\/wp-content\/uploads\/2024\/07\/c43011fa-8405-4ea2-9ca9-b934b11662df-150x150.jpg\" class=\"attachment-thumbnail size-thumbnail\" alt=\"\" aria-describedby=\"gallery-4-398969\" \/><\/a>\n\t\t\t\t<\/dt>\n\t\t\t\t\t<dd class='wp-caption-text gallery-caption' id='gallery-4-398969'>\n\t\t\t\t\tA PRA DE LA MELIA\n\t\t\t\t\t<\/dd><\/dl><dl class='gallery-item'>\n\t\t\t\t<dt class='gallery-icon portrait'>\n\t\t\t\t\t<a class=\"rollover rollover-zoom dt-pswp-item\" title=\"8b2155a6-d732-4852-a73f-6ad1b59fac91\" data-dt-img-description=\"\" data-large_image_width=\"1131\" data-large_image_height=\"1600\"href='https:\/\/www.radiopiu.net\/wordpress\/wp-content\/uploads\/2024\/07\/8b2155a6-d732-4852-a73f-6ad1b59fac91-1.jpg'><img loading=\"lazy\" decoding=\"async\" width=\"150\" height=\"150\" src=\"https:\/\/www.radiopiu.net\/wordpress\/wp-content\/uploads\/2024\/07\/8b2155a6-d732-4852-a73f-6ad1b59fac91-1-150x150.jpg\" class=\"attachment-thumbnail size-thumbnail\" alt=\"\" aria-describedby=\"gallery-4-397366\" \/><\/a>\n\t\t\t\t<\/dt>\n\t\t\t\t\t<dd class='wp-caption-text gallery-caption' id='gallery-4-397366'>\n\t\t\t\t\tASSOCIAZIONE BORGO SOTTOGUDA \n\t\t\t\t\t<\/dd><\/dl><dl class='gallery-item'>\n\t\t\t\t<dt class='gallery-icon portrait'>\n\t\t\t\t\t<a class=\"rollover rollover-zoom dt-pswp-item\" title=\"original-84F78277-839A-4868-BE6A-5A10A5605E21\" data-dt-img-description=\"\" data-large_image_width=\"1754\" data-large_image_height=\"2480\"href='https:\/\/www.radiopiu.net\/wordpress\/wp-content\/uploads\/2024\/07\/original-84F78277-839A-4868-BE6A-5A10A5605E21.jpeg'><img loading=\"lazy\" decoding=\"async\" width=\"150\" height=\"150\" src=\"https:\/\/www.radiopiu.net\/wordpress\/wp-content\/uploads\/2024\/07\/original-84F78277-839A-4868-BE6A-5A10A5605E21-150x150.jpeg\" class=\"attachment-thumbnail size-thumbnail\" alt=\"\" aria-describedby=\"gallery-4-397532\" \/><\/a>\n\t\t\t\t<\/dt>\n\t\t\t\t\t<dd class='wp-caption-text gallery-caption' id='gallery-4-397532'>\n\t\t\t\t\tHOTEL STELLA ALPINA ESTATE D&#8217;EVENTI \n\t\t\t\t\t<\/dd><\/dl><br style=\"clear: both\" \/><dl class='gallery-item'>\n\t\t\t\t<dt class='gallery-icon portrait'>\n\t\t\t\t\t<a class=\"rollover rollover-zoom dt-pswp-item\" title=\"441936111_953300066803441_3663667299753321850_n\" data-dt-img-description=\"\" data-large_image_width=\"520\" data-large_image_height=\"640\"href='https:\/\/www.radiopiu.net\/wordpress\/wp-content\/uploads\/2024\/06\/441936111_953300066803441_3663667299753321850_n.jpg'><img loading=\"lazy\" decoding=\"async\" width=\"150\" height=\"150\" src=\"https:\/\/www.radiopiu.net\/wordpress\/wp-content\/uploads\/2024\/06\/441936111_953300066803441_3663667299753321850_n-150x150.jpg\" class=\"attachment-thumbnail size-thumbnail\" alt=\"\" aria-describedby=\"gallery-4-394061\" \/><\/a>\n\t\t\t\t<\/dt>\n\t\t\t\t\t<dd class='wp-caption-text gallery-caption' id='gallery-4-394061'>\n\t\t\t\t\t31 LUGLIO AL MINIERE E IN DIRETTA ALLA RADIO \n\t\t\t\t\t<\/dd><\/dl><dl class='gallery-item'>\n\t\t\t\t<dt class='gallery-icon portrait'>\n\t\t\t\t\t<a class=\"rollover rollover-zoom dt-pswp-item\" title=\"6aaaad58-800e-4990-a3b1-996dabdbe745\" data-dt-img-description=\"\" data-large_image_width=\"1131\" data-large_image_height=\"1600\"href='https:\/\/www.radiopiu.net\/wordpress\/wp-content\/uploads\/2024\/07\/6aaaad58-800e-4990-a3b1-996dabdbe745.jpg'><img loading=\"lazy\" decoding=\"async\" width=\"150\" height=\"150\" src=\"https:\/\/www.radiopiu.net\/wordpress\/wp-content\/uploads\/2024\/07\/6aaaad58-800e-4990-a3b1-996dabdbe745-150x150.jpg\" class=\"attachment-thumbnail size-thumbnail\" alt=\"\" aria-describedby=\"gallery-4-397565\" \/><\/a>\n\t\t\t\t<\/dt>\n\t\t\t\t\t<dd class='wp-caption-text gallery-caption' id='gallery-4-397565'>\n\t\t\t\t\tDAL 20 LUGLIO A VOLTAGO\n\t\t\t\t\t<\/dd><\/dl><dl class='gallery-item'>\n\t\t\t\t<dt class='gallery-icon landscape'>\n\t\t\t\t\t<a class=\"rollover rollover-zoom dt-pswp-item\" title=\"449189900_484613757290091_1574838248887562981_n\" data-dt-img-description=\"\" data-large_image_width=\"960\" data-large_image_height=\"540\"href='https:\/\/www.radiopiu.net\/wordpress\/wp-content\/uploads\/2024\/06\/449189900_484613757290091_1574838248887562981_n.jpg'><img loading=\"lazy\" decoding=\"async\" width=\"150\" height=\"150\" src=\"https:\/\/www.radiopiu.net\/wordpress\/wp-content\/uploads\/2024\/06\/449189900_484613757290091_1574838248887562981_n-150x150.jpg\" class=\"attachment-thumbnail size-thumbnail\" alt=\"\" aria-describedby=\"gallery-4-396872\" \/><\/a>\n\t\t\t\t<\/dt>\n\t\t\t\t\t<dd class='wp-caption-text gallery-caption' id='gallery-4-396872'>\n\t\t\t\t\t A CANALE D&#8217;AGORDO VALLE DI GARES\n\t\t\t\t\t<\/dd><\/dl><dl class='gallery-item'>\n\t\t\t\t<dt class='gallery-icon portrait'>\n\t\t\t\t\t<a class=\"rollover rollover-zoom dt-pswp-item\" title=\"f84567d6-a1d2-47de-9596-ef8505986952\" data-dt-img-description=\"\" data-large_image_width=\"745\" data-large_image_height=\"1073\"href='https:\/\/www.radiopiu.net\/wordpress\/wp-content\/uploads\/2024\/06\/f84567d6-a1d2-47de-9596-ef8505986952.jpg'><img loading=\"lazy\" decoding=\"async\" width=\"150\" height=\"150\" src=\"https:\/\/www.radiopiu.net\/wordpress\/wp-content\/uploads\/2024\/06\/f84567d6-a1d2-47de-9596-ef8505986952-150x150.jpg\" class=\"attachment-thumbnail size-thumbnail\" alt=\"\" aria-describedby=\"gallery-4-396466\" \/><\/a>\n\t\t\t\t<\/dt>\n\t\t\t\t\t<dd class='wp-caption-text gallery-caption' id='gallery-4-396466'>\n\t\t\t\t\tSUMMER GREEN VOLLEY AGORDINO\n\t\t\t\t\t<\/dd><\/dl><dl class='gallery-item'>\n\t\t\t\t<dt class='gallery-icon portrait'>\n\t\t\t\t\t<a class=\"rollover rollover-zoom dt-pswp-item\" title=\"7fc3f2fe-a94d-4d5f-9af0-1d7ee8402cfd\" data-dt-img-description=\"\" data-large_image_width=\"1080\" data-large_image_height=\"1505\"href='https:\/\/www.radiopiu.net\/wordpress\/wp-content\/uploads\/2024\/07\/7fc3f2fe-a94d-4d5f-9af0-1d7ee8402cfd.jpg'><img loading=\"lazy\" decoding=\"async\" width=\"150\" height=\"150\" src=\"https:\/\/www.radiopiu.net\/wordpress\/wp-content\/uploads\/2024\/07\/7fc3f2fe-a94d-4d5f-9af0-1d7ee8402cfd-150x150.jpg\" class=\"attachment-thumbnail size-thumbnail\" alt=\"\" aria-describedby=\"gallery-4-399793\" \/><\/a>\n\t\t\t\t<\/dt>\n\t\t\t\t\t<dd class='wp-caption-text gallery-caption' id='gallery-4-399793'>\n\t\t\t\t\tAD ALLEGHE CON LAURA BALLIS\n\t\t\t\t\t<\/dd><\/dl><br style=\"clear: both\" \/><dl class='gallery-item'>\n\t\t\t\t<dt class='gallery-icon portrait'>\n\t\t\t\t\t<a class=\"rollover rollover-zoom dt-pswp-item\" title=\"558e7467-bad9-4f56-af80-7a4ca08f0b35\" data-dt-img-description=\"\" data-large_image_width=\"1131\" data-large_image_height=\"1600\"href='https:\/\/www.radiopiu.net\/wordpress\/wp-content\/uploads\/2024\/07\/558e7467-bad9-4f56-af80-7a4ca08f0b35-1.jpg'><img loading=\"lazy\" decoding=\"async\" width=\"150\" height=\"150\" src=\"https:\/\/www.radiopiu.net\/wordpress\/wp-content\/uploads\/2024\/07\/558e7467-bad9-4f56-af80-7a4ca08f0b35-1-150x150.jpg\" class=\"attachment-thumbnail size-thumbnail\" alt=\"\" aria-describedby=\"gallery-4-400098\" \/><\/a>\n\t\t\t\t<\/dt>\n\t\t\t\t\t<dd class='wp-caption-text gallery-caption' id='gallery-4-400098'>\n\t\t\t\t\tL&#8217;ESTATE DELLE BIBLIOTECHE\n\t\t\t\t\t<\/dd><\/dl><dl class='gallery-item'>\n\t\t\t\t<dt class='gallery-icon portrait'>\n\t\t\t\t\t<a class=\"rollover rollover-zoom dt-pswp-item\" title=\"Locandina Salotto delle Dolomiti 2024\" data-dt-img-description=\"\" data-large_image_width=\"1810\" data-large_image_height=\"2560\"href='https:\/\/www.radiopiu.net\/wordpress\/wp-content\/uploads\/2024\/07\/Locandina-Salotto-delle-Dolomiti-2024-scaled.jpg'><img loading=\"lazy\" decoding=\"async\" width=\"150\" height=\"150\" src=\"https:\/\/www.radiopiu.net\/wordpress\/wp-content\/uploads\/2024\/07\/Locandina-Salotto-delle-Dolomiti-2024-150x150.jpg\" class=\"attachment-thumbnail size-thumbnail\" alt=\"\" aria-describedby=\"gallery-4-399554\" \/><\/a>\n\t\t\t\t<\/dt>\n\t\t\t\t\t<dd class='wp-caption-text gallery-caption' id='gallery-4-399554'>\n\t\t\t\t\tIL SALOTTO DELLE DOLOMITI A CANALE D&#8217;AGORDO\n\t\t\t\t\t<\/dd><\/dl><dl class='gallery-item'>\n\t\t\t\t<dt class='gallery-icon portrait'>\n\t\t\t\t\t<a class=\"rollover rollover-zoom dt-pswp-item\" title=\"DIAMO VALORE AL LEGNO\" data-dt-img-description=\"\" data-large_image_width=\"673\" data-large_image_height=\"942\"href='https:\/\/www.radiopiu.net\/wordpress\/wp-content\/uploads\/2024\/07\/DIAMO-VALORE-AL-LEGNO.png'><img loading=\"lazy\" decoding=\"async\" width=\"150\" height=\"150\" src=\"https:\/\/www.radiopiu.net\/wordpress\/wp-content\/uploads\/2024\/07\/DIAMO-VALORE-AL-LEGNO-150x150.png\" class=\"attachment-thumbnail size-thumbnail\" alt=\"\" aria-describedby=\"gallery-4-400248\" \/><\/a>\n\t\t\t\t<\/dt>\n\t\t\t\t\t<dd class='wp-caption-text gallery-caption' id='gallery-4-400248'>\n\t\t\t\t\t01 AGOSTO IN SALA DON TAMIS\n\t\t\t\t\t<\/dd><\/dl><dl class='gallery-item'>\n\t\t\t\t<dt class='gallery-icon portrait'>\n\t\t\t\t\t<a class=\"rollover rollover-zoom dt-pswp-item\" title=\"b984cf06-49e8-4958-bc23-c0d66e45f366\" data-dt-img-description=\"\" data-large_image_width=\"900\" data-large_image_height=\"1600\"href='https:\/\/www.radiopiu.net\/wordpress\/wp-content\/uploads\/2024\/07\/b984cf06-49e8-4958-bc23-c0d66e45f366.jpg'><img loading=\"lazy\" decoding=\"async\" width=\"150\" height=\"150\" src=\"https:\/\/www.radiopiu.net\/wordpress\/wp-content\/uploads\/2024\/07\/b984cf06-49e8-4958-bc23-c0d66e45f366-150x150.jpg\" class=\"attachment-thumbnail size-thumbnail\" alt=\"\" aria-describedby=\"gallery-4-400399\" \/><\/a>\n\t\t\t\t<\/dt>\n\t\t\t\t\t<dd class='wp-caption-text gallery-caption' id='gallery-4-400399'>\n\t\t\t\t\tALL&#8217;HOTEL VILLA IMPERINA DI AGORDO\n\t\t\t\t\t<\/dd><\/dl><dl class='gallery-item'>\n\t\t\t\t<dt class='gallery-icon portrait'>\n\t\t\t\t\t<a class=\"rollover rollover-zoom dt-pswp-item\" title=\"Screenshot\" data-dt-img-description=\"\" data-large_image_width=\"1022\" data-large_image_height=\"1512\"href='https:\/\/www.radiopiu.net\/wordpress\/wp-content\/uploads\/2024\/07\/SCR-20240721-iqgt.jpeg'><img loading=\"lazy\" decoding=\"async\" width=\"150\" height=\"150\" src=\"https:\/\/www.radiopiu.net\/wordpress\/wp-content\/uploads\/2024\/07\/SCR-20240721-iqgt-150x150.jpeg\" class=\"attachment-thumbnail size-thumbnail\" alt=\"\" aria-describedby=\"gallery-4-400622\" \/><\/a>\n\t\t\t\t<\/dt>\n\t\t\t\t\t<dd class='wp-caption-text gallery-caption' id='gallery-4-400622'>\n\t\t\t\t\tGIORNATA OLISTICA A FALCADE\n\t\t\t\t\t<\/dd><\/dl><br style=\"clear: both\" \/><dl class='gallery-item'>\n\t\t\t\t<dt class='gallery-icon portrait'>\n\t\t\t\t\t<a class=\"rollover rollover-zoom dt-pswp-item\" title=\"d907dbe9-b2f4-41bc-95a8-54a8a309613c\" data-dt-img-description=\"\" data-large_image_width=\"1132\" data-large_image_height=\"1600\"href='https:\/\/www.radiopiu.net\/wordpress\/wp-content\/uploads\/2024\/07\/d907dbe9-b2f4-41bc-95a8-54a8a309613c.jpg'><img loading=\"lazy\" decoding=\"async\" width=\"150\" height=\"150\" src=\"https:\/\/www.radiopiu.net\/wordpress\/wp-content\/uploads\/2024\/07\/d907dbe9-b2f4-41bc-95a8-54a8a309613c-150x150.jpg\" class=\"attachment-thumbnail size-thumbnail\" alt=\"\" aria-describedby=\"gallery-4-400876\" \/><\/a>\n\t\t\t\t<\/dt>\n\t\t\t\t\t<dd class='wp-caption-text gallery-caption' id='gallery-4-400876'>\n\t\t\t\t\t11 AGOSTO SAN TOMASO AGORDINO \n\t\t\t\t\t<\/dd><\/dl><dl class='gallery-item'>\n\t\t\t\t<dt class='gallery-icon portrait'>\n\t\t\t\t\t<a class=\"rollover rollover-zoom dt-pswp-item\" title=\"Senza nome\" data-dt-img-description=\"\" data-large_image_width=\"410\" data-large_image_height=\"821\"href='https:\/\/www.radiopiu.net\/wordpress\/wp-content\/uploads\/2024\/07\/Senza-nome-91.png'><img loading=\"lazy\" decoding=\"async\" width=\"150\" height=\"150\" src=\"https:\/\/www.radiopiu.net\/wordpress\/wp-content\/uploads\/2024\/07\/Senza-nome-91-150x150.png\" class=\"attachment-thumbnail size-thumbnail\" alt=\"\" aria-describedby=\"gallery-4-400982\" \/><\/a>\n\t\t\t\t<\/dt>\n\t\t\t\t\t<dd class='wp-caption-text gallery-caption' id='gallery-4-400982'>\n\t\t\t\t\t4 AGOSTO, CIOIT CENCENIGHE\n\t\t\t\t\t<\/dd><\/dl><dl class='gallery-item'>\n\t\t\t\t<dt class='gallery-icon portrait'>\n\t\t\t\t\t<a class=\"rollover rollover-zoom dt-pswp-item\" title=\"volantino-danilo-a4\" data-dt-img-description=\"\" data-large_image_width=\"1240\" data-large_image_height=\"1753\"href='https:\/\/www.radiopiu.net\/wordpress\/wp-content\/uploads\/2024\/07\/volantino-danilo-a4.jpg'><img loading=\"lazy\" decoding=\"async\" width=\"150\" height=\"150\" src=\"https:\/\/www.radiopiu.net\/wordpress\/wp-content\/uploads\/2024\/07\/volantino-danilo-a4-150x150.jpg\" class=\"attachment-thumbnail size-thumbnail\" alt=\"\" aria-describedby=\"gallery-4-401804\" \/><\/a>\n\t\t\t\t<\/dt>\n\t\t\t\t\t<dd class='wp-caption-text gallery-caption' id='gallery-4-401804'>\n\t\t\t\t\tIL 2 AGOSTO IN SALA DON TAMIS\n\t\t\t\t\t<\/dd><\/dl><dl class='gallery-item'>\n\t\t\t\t<dt class='gallery-icon portrait'>\n\t\t\t\t\t<a class=\"rollover rollover-zoom dt-pswp-item\" title=\"89ce3e2e-2b88-4e4a-bf35-fcef0c6cd9c7\" data-dt-img-description=\"\" data-large_image_width=\"1637\" data-large_image_height=\"2048\"href='https:\/\/www.radiopiu.net\/wordpress\/wp-content\/uploads\/2024\/07\/89ce3e2e-2b88-4e4a-bf35-fcef0c6cd9c7.jpg'><img loading=\"lazy\" decoding=\"async\" width=\"150\" height=\"150\" src=\"https:\/\/www.radiopiu.net\/wordpress\/wp-content\/uploads\/2024\/07\/89ce3e2e-2b88-4e4a-bf35-fcef0c6cd9c7-150x150.jpg\" class=\"attachment-thumbnail size-thumbnail\" alt=\"\" aria-describedby=\"gallery-4-401113\" \/><\/a>\n\t\t\t\t<\/dt>\n\t\t\t\t\t<dd class='wp-caption-text gallery-caption' id='gallery-4-401113'>\n\t\t\t\t\tLA MADONA DE LA NEIF A LA VALLE\n\t\t\t\t\t<\/dd><\/dl><dl class='gallery-item'>\n\t\t\t\t<dt class='gallery-icon portrait'>\n\t\t\t\t\t<a class=\"rollover rollover-zoom dt-pswp-item\" title=\"3 agosto\" data-dt-img-description=\"\" data-large_image_width=\"1754\" data-large_image_height=\"2480\"href='https:\/\/www.radiopiu.net\/wordpress\/wp-content\/uploads\/2024\/07\/3-agosto.jpg'><img loading=\"lazy\" decoding=\"async\" width=\"150\" height=\"150\" src=\"https:\/\/www.radiopiu.net\/wordpress\/wp-content\/uploads\/2024\/07\/3-agosto-150x150.jpg\" class=\"attachment-thumbnail size-thumbnail\" alt=\"\" aria-describedby=\"gallery-4-401347\" \/><\/a>\n\t\t\t\t<\/dt>\n\t\t\t\t\t<dd class='wp-caption-text gallery-caption' id='gallery-4-401347'>\n\t\t\t\t\tIL 3 AGOSTO AL CENTRO ASTRONOMICO DI ARSON\n\t\t\t\t\t<\/dd><\/dl><br style=\"clear: both\" \/><dl class='gallery-item'>\n\t\t\t\t<dt class='gallery-icon portrait'>\n\t\t\t\t\t<a class=\"rollover rollover-zoom dt-pswp-item\" title=\"e0656742-0093-41f8-be80-47f8e6e0d380\" data-dt-img-description=\"\" data-large_image_width=\"1088\" data-large_image_height=\"1600\"href='https:\/\/www.radiopiu.net\/wordpress\/wp-content\/uploads\/2024\/07\/e0656742-0093-41f8-be80-47f8e6e0d380.jpg'><img loading=\"lazy\" decoding=\"async\" width=\"150\" height=\"150\" src=\"https:\/\/www.radiopiu.net\/wordpress\/wp-content\/uploads\/2024\/07\/e0656742-0093-41f8-be80-47f8e6e0d380-150x150.jpg\" class=\"attachment-thumbnail size-thumbnail\" alt=\"\" aria-describedby=\"gallery-4-401802\" \/><\/a>\n\t\t\t\t<\/dt>\n\t\t\t\t\t<dd class='wp-caption-text gallery-caption' id='gallery-4-401802'>\n\t\t\t\t\tVENERDI&#8217; 2 AGOSTO A LA VALLE\n\t\t\t\t\t<\/dd><\/dl><dl class='gallery-item'>\n\t\t\t\t<dt class='gallery-icon portrait'>\n\t\t\t\t\t<a class=\"rollover rollover-zoom dt-pswp-item\" title=\"volantino-vittorio.a4\" data-dt-img-description=\"\" data-large_image_width=\"1240\" data-large_image_height=\"1753\"href='https:\/\/www.radiopiu.net\/wordpress\/wp-content\/uploads\/2024\/07\/volantino-vittorio.a4.jpg'><img loading=\"lazy\" decoding=\"async\" width=\"150\" height=\"150\" src=\"https:\/\/www.radiopiu.net\/wordpress\/wp-content\/uploads\/2024\/07\/volantino-vittorio.a4-150x150.jpg\" class=\"attachment-thumbnail size-thumbnail\" alt=\"\" aria-describedby=\"gallery-4-401803\" \/><\/a>\n\t\t\t\t<\/dt>\n\t\t\t\t\t<dd class='wp-caption-text gallery-caption' id='gallery-4-401803'>\n\t\t\t\t\tIL 14 AGOSTO IN SALA DON TAMIS\n\t\t\t\t\t<\/dd><\/dl><dl class='gallery-item'>\n\t\t\t\t<dt class='gallery-icon portrait'>\n\t\t\t\t\t<a class=\"rollover rollover-zoom dt-pswp-item\" title=\"21703e21-31ec-411d-bf1b-db41bb7211f3\" data-dt-img-description=\"\" data-large_image_width=\"900\" data-large_image_height=\"1600\"href='https:\/\/www.radiopiu.net\/wordpress\/wp-content\/uploads\/2024\/07\/21703e21-31ec-411d-bf1b-db41bb7211f3.jpg'><img loading=\"lazy\" decoding=\"async\" width=\"150\" height=\"150\" src=\"https:\/\/www.radiopiu.net\/wordpress\/wp-content\/uploads\/2024\/07\/21703e21-31ec-411d-bf1b-db41bb7211f3-150x150.jpg\" class=\"attachment-thumbnail size-thumbnail\" alt=\"\" aria-describedby=\"gallery-4-401601\" \/><\/a>\n\t\t\t\t<\/dt>\n\t\t\t\t\t<dd class='wp-caption-text gallery-caption' id='gallery-4-401601'>\n\t\t\t\t\tDOPPIA FESTA AL ZUM\n\t\t\t\t\t<\/dd><\/dl><dl class='gallery-item'>\n\t\t\t\t<dt class='gallery-icon portrait'>\n\t\t\t\t\t<a class=\"rollover rollover-zoom dt-pswp-item\" title=\"Serate-F-750\" data-dt-img-description=\"\" data-large_image_width=\"1241\" data-large_image_height=\"1755\"href='https:\/\/www.radiopiu.net\/wordpress\/wp-content\/uploads\/2024\/07\/Serate-F-750.jpg'><img loading=\"lazy\" decoding=\"async\" width=\"150\" height=\"150\" src=\"https:\/\/www.radiopiu.net\/wordpress\/wp-content\/uploads\/2024\/07\/Serate-F-750-150x150.jpg\" class=\"attachment-thumbnail size-thumbnail\" alt=\"\" aria-describedby=\"gallery-4-401825\" \/><\/a>\n\t\t\t\t<\/dt>\n\t\t\t\t\t<dd class='wp-caption-text gallery-caption' id='gallery-4-401825'>\n\t\t\t\t\tCULTURA E AVVENTURA A SOSPIROLO\n\t\t\t\t\t<\/dd><\/dl><dl class='gallery-item'>\n\t\t\t\t<dt class='gallery-icon portrait'>\n\t\t\t\t\t<a class=\"rollover rollover-zoom dt-pswp-item\" title=\"29lug-OltreIFeruch\" data-dt-img-description=\"\" data-large_image_width=\"905\" data-large_image_height=\"1280\"href='https:\/\/www.radiopiu.net\/wordpress\/wp-content\/uploads\/2024\/07\/29lug-OltreIFeruch.jpg'><img loading=\"lazy\" decoding=\"async\" width=\"150\" height=\"150\" src=\"https:\/\/www.radiopiu.net\/wordpress\/wp-content\/uploads\/2024\/07\/29lug-OltreIFeruch-150x150.jpg\" class=\"attachment-thumbnail size-thumbnail\" alt=\"\" aria-describedby=\"gallery-4-401826\" \/><\/a>\n\t\t\t\t<\/dt>\n\t\t\t\t\t<dd class='wp-caption-text gallery-caption' id='gallery-4-401826'>\n\t\t\t\t\tOGGI OLTRE I FERUCH\n\t\t\t\t\t<\/dd><\/dl><br style=\"clear: both\" \/><dl class='gallery-item'>\n\t\t\t\t<dt class='gallery-icon portrait'>\n\t\t\t\t\t<a class=\"rollover rollover-zoom dt-pswp-item\" title=\"30lug-VesesLibro\" data-dt-img-description=\"\" data-large_image_width=\"1131\" data-large_image_height=\"1600\"href='https:\/\/www.radiopiu.net\/wordpress\/wp-content\/uploads\/2024\/07\/30lug-VesesLibro.jpg'><img loading=\"lazy\" decoding=\"async\" width=\"150\" height=\"150\" src=\"https:\/\/www.radiopiu.net\/wordpress\/wp-content\/uploads\/2024\/07\/30lug-VesesLibro-150x150.jpg\" class=\"attachment-thumbnail size-thumbnail\" alt=\"\" aria-describedby=\"gallery-4-401827\" \/><\/a>\n\t\t\t\t<\/dt>\n\t\t\t\t\t<dd class='wp-caption-text gallery-caption' id='gallery-4-401827'>\n\t\t\t\t\tDOMANI LA PRESENTAZIONE DEL LIBRO\n\t\t\t\t\t<\/dd><\/dl><dl class='gallery-item'>\n\t\t\t\t<dt class='gallery-icon portrait'>\n\t\t\t\t\t<a class=\"rollover rollover-zoom dt-pswp-item\" title=\"31lug24-Teatro\" data-dt-img-description=\"\" data-large_image_width=\"905\" data-large_image_height=\"1280\"href='https:\/\/www.radiopiu.net\/wordpress\/wp-content\/uploads\/2024\/07\/31lug24-Teatro.jpg'><img loading=\"lazy\" decoding=\"async\" width=\"150\" height=\"150\" src=\"https:\/\/www.radiopiu.net\/wordpress\/wp-content\/uploads\/2024\/07\/31lug24-Teatro-150x150.jpg\" class=\"attachment-thumbnail size-thumbnail\" alt=\"\" aria-describedby=\"gallery-4-401828\" \/><\/a>\n\t\t\t\t<\/dt>\n\t\t\t\t\t<dd class='wp-caption-text gallery-caption' id='gallery-4-401828'>\n\t\t\t\t\tA TEATRO A PRA DE LA MELIA\n\t\t\t\t\t<\/dd><\/dl><dl class='gallery-item'>\n\t\t\t\t<dt class='gallery-icon portrait'>\n\t\t\t\t\t<a class=\"rollover rollover-zoom dt-pswp-item\" title=\"Sognando California 2024\" data-dt-img-description=\"\" data-large_image_width=\"1587\" data-large_image_height=\"2245\"href='https:\/\/www.radiopiu.net\/wordpress\/wp-content\/uploads\/2024\/07\/Sognando-California-2024.jpg'><img loading=\"lazy\" decoding=\"async\" width=\"150\" height=\"150\" src=\"https:\/\/www.radiopiu.net\/wordpress\/wp-content\/uploads\/2024\/07\/Sognando-California-2024-150x150.jpg\" class=\"attachment-thumbnail size-thumbnail\" alt=\"\" aria-describedby=\"gallery-4-401829\" \/><\/a>\n\t\t\t\t<\/dt>\n\t\t\t\t\t<dd class='wp-caption-text gallery-caption' id='gallery-4-401829'>\n\t\t\t\t\t8 AGOSTO&#8230;SOGNANDO CALIFORNIA\n\t\t\t\t\t<\/dd><\/dl>\n\t\t\t\t<br style='clear: both' \/>\n\t\t\t<\/div>\n\n<p><strong>AL CINEMA DOLOMITI DI FALCADE TORNA IL FILM D&#8217;ANIMAZIONE PIXAR &#8220;INSIDE OUT 2&#8221; DOMENICA E LUNEDI SPETTACOLI ALLE 21:15\u00a0<\/strong><\/p>\n<\/div>\n<\/div>\n<\/div>\n<p><span style=\"color: #ff0000;\"><strong>FALCADE<\/strong><\/span> aperitivo allo Stella Alpina. Tra il verde, nella meraviglia delle Dolomiti, Il venerdi sera allo Stella Alpina, in centro a Falcade \u00e8&#8230;tutt&#8217;un&#8217;altra estate e che estate!\u00a0 L&#8217;aperitivo&#8230;che non \u00e8 mai da solo.. ma accompagnato da stuzzicherie che affasciano anche i palati pi\u00f9 difficili. ad ogni appuntamento&#8230; una specialit\u00e0 diversa.<\/p>\n<p><strong>AGORDO<\/strong> Mercatino Dolomiti Agordine, antiquariato, domenica 4 e 10 agosto ad Agordo, 13 agosto Forcella Aurine.<\/p>\n<p><span style=\"color: #ff0000;\"><strong>SOSPIROLO<\/strong><\/span> dal 29 luglio al 4 agosto agli impianti sportivi a Gron di Sospirolo, al Pr\u00e0 dela Melia, FESTA CAMPESTRE CON LA PROLOCO MONTI DEL SOLE<\/p>\n<p><span style=\"color: #ff0000;\"><strong>CANALE D&#8217;AGORDO <\/strong><\/span><span style=\"font-family: Arial;\">Abbashow, band tributo agli Abba, LA GRANDE MUSICA IN VALLE DI GARES CON\u00a0 la Pro Loco di Canale d&#8217;Agordo\u00a0 <\/span><span style=\"font-family: Arial;\"><i>2\u00b0 concerto a<\/i><i>ll&#8217;aperto TRA LE DOLOMITI.<\/i><strong><i>&#8230; <\/i><\/strong>LUNEDI 5 AGOSTO ALLE 15&#8230;.\u00a0 in Localit\u00e0 Pian De Giare <\/span><span style=\"font-family: Arial;\">I biglietti sono disponibili ALl&#8217;ufficio pro loco di Canale d&#8217;Agordo e allo stand del Salotto delle Dolomiti. Di seguito i prezzi: <\/span>Abbashow&#8230;the first italian abba tribute band&#8230; il concerto&#8230; nella natura<\/p>\n<p><strong>4 SERATE DI CULTURA<\/strong> E AVVENTURA IN COLLABORAZIONE CON IL CENTRO STUDI MONTAGNA SOSPIROLOSE, INIZIO ALLE 20.45: LUNEDI 29 LUGLIO, OTTAVA EDIZIONE DI &#8220;OLTRE I FERUCH&#8221;, SERATA DI MONTAGNA CON MARCO CASSOL E AMICI; 30 LUGLIO PRESENTAZIONE DEL LIBRO &#8220;SAPORI DELLA VALBELLUNA&#8221; DE IL VESES, CON DEGUSTAZIONE. 31 LUGLIO COMMEDIA CON LA COMPAGNIA TEATRO DEL CUORE &#8220;L&#8217;ALBERGO DEI NEVRASTENICI&#8221;. GIOVEDI 1 AGOSTO LA CAMPIONESSA DI CICLISMO SOSPIROLESE VIRGINIA IACCARINO SI RACCONTA.<\/p>\n<p><strong>FALCADE <\/strong>SABATO 3 AGOSTO ALL&#8217;HOTEL STELLA ALPINA DI FALCADE LA GIORNATA OLISTICA PER IL BENESSERE DI ANIMA E CORPO. DALLE 10 ALLE 22 TANTE PRATICHE PER RILASSARE CORPO E MENTE E ALLE 20:30 IL BAGNO SONORO CON CAMPANE TIBETANE<\/p>\n<p>&nbsp;<\/p>\n<h2><span style=\"color: #0000ff;\">PROSSIMAMENTE<\/span><\/h2>\n<p><strong>PROLOCO MONTI DEL SOLE, DA OLTRE 50 ANNI TI PORTA IN PISTA,<\/strong> AD AGOSTO TRE GIORNI NELLA STRUTTURA AL COPERTO CON doppia PISTA DA BALLO PROFESSIONALE. VENERDI 2 AGOSTO ORCHESTRA SORRISO, E ORCHESTRA &#8220;GRAN CAFE&#8217; ITALIA&#8221;, PIATTO DEL GIORNO LA PORCHETTA. SABATO 3 AGOSTO ORCHESTRA &#8220;RIFLESSO&#8221; E &#8220;GIANCARLO CON LA SANTA MONICA BAND&#8221;, DALLE CUCINE LE TROTE DEL MIS. DOMENICA 4 AGOSTO: NEL PIATTO LA TAGLIATA DI CAVALLO E IL BACCALA&#8217; PER CENA, SUL PALCO L&#8217;ORCHESTRA &#8220;ISSAM E CHIARA&#8230; A TEMPO DI SAMBA&#8221;, dalla CONSOLLE il DJ ARIZONA<\/p>\n<div><\/div>\n<p>&nbsp;<\/p>\n<hr \/>\n<p>&nbsp;<\/p>\n<p><a class=\"dt-pswp-item\" href=\"https:\/\/www.radiopiu.net\/wordpress\/wp-content\/uploads\/2018\/09\/viabilita.jpeg\" data-dt-img-description=\"\" data-large_image_width=\"800\" data-large_image_height=\"100\"><img loading=\"lazy\" decoding=\"async\" class=\"aligncenter wp-image-61954 size-full\" src=\"https:\/\/www.radiopiu.net\/wordpress\/wp-content\/uploads\/2018\/09\/viabilita.jpeg\" alt=\"\" width=\"800\" height=\"100\" srcset=\"https:\/\/www.radiopiu.net\/wordpress\/wp-content\/uploads\/2018\/09\/viabilita.jpeg 800w, https:\/\/www.radiopiu.net\/wordpress\/wp-content\/uploads\/2018\/09\/viabilita-300x38.jpeg 300w, https:\/\/www.radiopiu.net\/wordpress\/wp-content\/uploads\/2018\/09\/viabilita-768x96.jpeg 768w\" sizes=\"auto, (max-width: 800px) 100vw, 800px\" \/><\/a><\/p>\n<p>&nbsp;<\/p>\n<p><a class=\"dt-pswp-item\" href=\"https:\/\/www.radiopiu.net\/wordpress\/wp-content\/uploads\/2023\/12\/botol-car-service.jpg\" data-dt-img-description=\"\" data-large_image_width=\"600\" data-large_image_height=\"600\"><img loading=\"lazy\" decoding=\"async\" class=\"size-medium wp-image-367044 aligncenter\" src=\"https:\/\/www.radiopiu.net\/wordpress\/wp-content\/uploads\/2023\/12\/botol-car-service-300x300.jpg\" alt=\"\" width=\"300\" height=\"300\" srcset=\"https:\/\/www.radiopiu.net\/wordpress\/wp-content\/uploads\/2023\/12\/botol-car-service-300x300.jpg 300w, https:\/\/www.radiopiu.net\/wordpress\/wp-content\/uploads\/2023\/12\/botol-car-service-150x150.jpg 150w, https:\/\/www.radiopiu.net\/wordpress\/wp-content\/uploads\/2023\/12\/botol-car-service.jpg 600w\" sizes=\"auto, (max-width: 300px) 100vw, 300px\" \/><\/a><\/p>\n<p>&nbsp;<\/p>\n<p>&nbsp;<\/p>\n<h1>BOLLETTINO QUOTIDIANO, CLICCA QUI<\/h1>\n<blockquote class=\"wp-embedded-content\" data-secret=\"754JWB9sTf\"><p><a href=\"https:\/\/www.radiopiu.net\/wordpress\/viabilita-2\/\">viabilita<\/a><\/p><\/blockquote>\n<p><iframe loading=\"lazy\" class=\"wp-embedded-content\" sandbox=\"allow-scripts\" security=\"restricted\" style=\"position: absolute; visibility: hidden;\" title=\"&#8220;viabilita&#8221; &#8212; Radio Pi\u00f9\" src=\"https:\/\/www.radiopiu.net\/wordpress\/viabilita-2\/embed\/#?secret=Z6Ec3LPvED#?secret=754JWB9sTf\" data-secret=\"754JWB9sTf\" width=\"600\" height=\"338\" frameborder=\"0\" marginwidth=\"0\" marginheight=\"0\" scrolling=\"no\"><\/iframe><\/p>\n<p>&nbsp;<\/p>\n<p>&nbsp;<\/p>\n<hr \/>\n<p>&nbsp;<\/p>\n<p><a class=\"dt-pswp-item\" href=\"https:\/\/www.radiopiu.net\/wordpress\/wp-content\/uploads\/2018\/09\/WhatsApp-Image-2018-09-20-at-16.04.06.jpeg\" data-dt-img-description=\"\" data-large_image_width=\"800\" data-large_image_height=\"100\"><img loading=\"lazy\" decoding=\"async\" class=\"wp-image-61378 size-full aligncenter\" src=\"https:\/\/www.radiopiu.net\/wordpress\/wp-content\/uploads\/2018\/09\/WhatsApp-Image-2018-09-20-at-16.04.06.jpeg\" alt=\"\" width=\"800\" height=\"100\" srcset=\"https:\/\/www.radiopiu.net\/wordpress\/wp-content\/uploads\/2018\/09\/WhatsApp-Image-2018-09-20-at-16.04.06.jpeg 800w, https:\/\/www.radiopiu.net\/wordpress\/wp-content\/uploads\/2018\/09\/WhatsApp-Image-2018-09-20-at-16.04.06-300x38.jpeg 300w, https:\/\/www.radiopiu.net\/wordpress\/wp-content\/uploads\/2018\/09\/WhatsApp-Image-2018-09-20-at-16.04.06-768x96.jpeg 768w\" sizes=\"auto, (max-width: 800px) 100vw, 800px\" \/><\/a><\/p>\n<p><center><\/center><center><\/center><center><\/center><center><\/center><center><\/center><center><\/center>&nbsp;<\/p>\n<p><center><b>OGGI<\/b><\/center>Nottetempo probabili copertura nuvolosa per stratocumuli, in dissolvimento attorno all&#8217;alba. Poi il tempo sar\u00e0 ben soleggiato, salvo qualche residuo banco di stratocumuli mattutini, in rapido dissolvimento. Al pomeriggio lieve riduzione del soleggiamento per modesta attivit\u00e0 cumuliforme e sembra che l&#8217;insidia fenomeni convettivi sia quasi del tutto scongiurata.<br \/>\n<b>Precipitazioni: <\/b>Assenti, salvo sporadici brevi fenomeni sulle Dolomiti<br \/>\n<b>Temperature: <\/b>In ulteriore lieve aumento con minime gi\u00e0 elevate<\/p>\n<hr \/>\n<p><center><b>DOMANI<\/b><\/center>Tempo ben soleggiato e cielo sereno al mattino, mentre ci sar\u00e0 una modesta attivit\u00e0 cumuliforme nelle ore pi\u00f9 calde, si tratter\u00e0 di modesti cumuli senza grandi effetti sulle ottime condizioni meteorologiche. Il caldo sar\u00e0 onnipresente, assieme al perdurare di una certa mitezza in alta quota.<br \/>\n<b>Precipitazioni: <\/b>Assenti (0%).<br \/>\n<b>Temperature: <\/b>In ulteriore aumento nelle valli e pressoch\u00e9 stazionarie in alta quota. I valori saranno ben superiori alle medie del periodo, magari pi\u00f9 per le minime che non per le massime<\/p>\n<hr \/>\n<p><center><b>MERCOLEDI<\/b><\/center>Tempo ben soleggiato e cielo sereno al mattino. In seguito eventuale lieve riduzione del soleggiamento per modesta attivit\u00e0 cumuliforme. Il caldo sar\u00e0 pressoch\u00e9 identico al giorno precedente, assieme al perdurare di una grande mitezza sulle cime pi\u00f9 alte.<\/p>\n<hr \/>\n<p><center><b>GIOVEDI<\/b><\/center>Sole al mattino e crescente nuvolosit\u00e0 cumulifore al pomeriggio con probabili rovesci e temporali sparsi. Il caldo si smorzer\u00e0 un po&#8217; sia per l&#8217;avvezione di aria meno calda che per il minore soleggiamento dalle ore centrali in poi<\/p>\n<p>&nbsp;<\/p>\n<hr \/>\n<p>&nbsp;<\/p>\n<p><a class=\"dt-pswp-item\" href=\"https:\/\/www.radiopiu.net\/wordpress\/wp-content\/uploads\/2018\/09\/sport.jpg\" data-dt-img-description=\"\" data-large_image_width=\"800\" data-large_image_height=\"100\"><img loading=\"lazy\" decoding=\"async\" class=\"aligncenter wp-image-60761 size-full\" src=\"https:\/\/www.radiopiu.net\/wordpress\/wp-content\/uploads\/2018\/09\/sport.jpg\" alt=\"\" width=\"800\" height=\"100\" srcset=\"https:\/\/www.radiopiu.net\/wordpress\/wp-content\/uploads\/2018\/09\/sport.jpg 800w, https:\/\/www.radiopiu.net\/wordpress\/wp-content\/uploads\/2018\/09\/sport-300x38.jpg 300w, https:\/\/www.radiopiu.net\/wordpress\/wp-content\/uploads\/2018\/09\/sport-768x96.jpg 768w\" sizes=\"auto, (max-width: 800px) 100vw, 800px\" \/><\/a><\/p>\n<p>&nbsp;<\/p>\n<p><span style=\"color: #0000ff;\"><strong>CALCIO<\/strong><\/span><\/p>\n<blockquote>\n<h3>VOLTAGO E CAPRILE SONO LE FINALISTE DEL MEMORIAL ATTILIO MORETTI<\/h3>\n<\/blockquote>\n<p><strong><a class=\"dt-pswp-item\" href=\"https:\/\/www.radiopiu.net\/wordpress\/wp-content\/uploads\/2022\/10\/CALCIO-2022-e1665937841126.jpg\" data-dt-img-description=\"\" data-large_image_width=\"400\" data-large_image_height=\"250\"><img loading=\"lazy\" decoding=\"async\" class=\" wp-image-301842 alignleft\" src=\"https:\/\/www.radiopiu.net\/wordpress\/wp-content\/uploads\/2022\/10\/CALCIO-2022-e1665937841126-300x188.jpg\" alt=\"\" width=\"168\" height=\"105\" srcset=\"https:\/\/www.radiopiu.net\/wordpress\/wp-content\/uploads\/2022\/10\/CALCIO-2022-e1665937841126-300x188.jpg 300w, https:\/\/www.radiopiu.net\/wordpress\/wp-content\/uploads\/2022\/10\/CALCIO-2022-e1665937841126.jpg 400w\" sizes=\"auto, (max-width: 168px) 100vw, 168px\" \/><\/a>DI MARCO GAZ<\/strong><\/p>\n<p><strong>REDAZIONE<\/strong> Voltago e Caprile sono le finaliste dell\u2019edizione 2024 del Campionato Agordino di Calcio. La squadra di De Zaiacomo arriva in finale per la quinta volta e il Caprile cercher\u00e0 di mettere il bastone nelle ruote ad un Voltago che continua a dimostrarsi squadra da battere.<\/p>\n<p><strong>VOLTAGO \u2013 VALLADA 4-3 dcr<\/strong><\/p>\n<p>Nella prima semifinale Voltago e Vallada hanno giocato alla pari per tutto il primo tempo con il Vallada che si \u00e8 visto annullare un gol per fuorigioco. Nel secondo tempo il Voltago si sveglia ma nonostante tutto la partita non \u00e8 bella e le occasioni stentano ad arrivare tanto che la sfida termina a reti inviolate. La sfida non si sblocca nemmeno nei supplementari ed \u00e8 la lotteria dei rigori che decreta la finalista di Taibon. Dal dischetto il Vallada sbaglia il quinto rigore e il Voltago si aggiudica la quinta finale consecutiva.<\/p>\n<p><strong>CAPRILE \u2013 LE VILLE<\/strong><\/p>\n<p>Seconda semifinale pi\u00f9 emozionante con il Caprile che trova la rete del vantaggio dopo 20\u2019. Ci pensa Soppelsa a sbloccare il punteggio ma il Le Ville prova a rispondere. Si va al riposo con la squadra di Davare in vantaggio. Nella ripresa succede poco o nulla. Poche occasioni da entrambe le parti. Nel finale arriva la seconda rete del Caprile a firma di Lorenzet che regala la finale assicurata alla sua squadra.<\/p>\n<p><strong>I RISULTATI DELLE SEMIFINALI<\/strong> Voltago \u2013 Vallada 4-3 dcr, Caprile \u2013 Le Ville 2-0.<\/p>\n<p><strong>DOMENICA LE FINALI A TAIBON<\/strong> In occasione del 60\u00b0 anniversario del Gs Taibon, le finali del Campionato Agordino si svolgeranno domenica a Taibon. Alle 11 la finalina 3\u00b0-4\u00b0 posto del giovanile Cencenighe \u2013 Caprile, alle 15 la finale del Memorial Gabriele Orzetti Taibon \u2013 Canale, alle 17:30 Voltago \u2013 Caprile la finale del Memorial Attilio Moretti<\/p>\n<p>&nbsp;<\/p>\n<blockquote>\n<h3>TAIBON E CANALE SONO LE FINALISTE DEL CAMPIONATO AGORDINO GIOVANILE<\/h3>\n<\/blockquote>\n<p><strong><a class=\"dt-pswp-item\" href=\"https:\/\/www.radiopiu.net\/wordpress\/wp-content\/uploads\/2022\/11\/CALCIO-2022.jpg\" data-dt-img-description=\"\" data-large_image_width=\"1920\" data-large_image_height=\"1280\"><img loading=\"lazy\" decoding=\"async\" class=\" wp-image-305390 alignleft\" src=\"https:\/\/www.radiopiu.net\/wordpress\/wp-content\/uploads\/2022\/11\/CALCIO-2022-300x200.jpg\" alt=\"\" width=\"227\" height=\"151\" srcset=\"https:\/\/www.radiopiu.net\/wordpress\/wp-content\/uploads\/2022\/11\/CALCIO-2022-300x200.jpg 300w, https:\/\/www.radiopiu.net\/wordpress\/wp-content\/uploads\/2022\/11\/CALCIO-2022-1024x683.jpg 1024w, https:\/\/www.radiopiu.net\/wordpress\/wp-content\/uploads\/2022\/11\/CALCIO-2022-768x512.jpg 768w, https:\/\/www.radiopiu.net\/wordpress\/wp-content\/uploads\/2022\/11\/CALCIO-2022-1536x1024.jpg 1536w, https:\/\/www.radiopiu.net\/wordpress\/wp-content\/uploads\/2022\/11\/CALCIO-2022.jpg 1920w\" sizes=\"auto, (max-width: 227px) 100vw, 227px\" \/><\/a>DI MARCO GAZ <\/strong><\/p>\n<p><strong>CANALE D&#8217;AGORDO<\/strong> Sar\u00e0 Taibon &#8211; Canale la finalissima del Campionato Agordino di calcio under 14. Al &#8220;Maracanal&#8221; sono andate in scena le partite valide per le semifinali del Memorial Gabriele Orzetti. Una sfida pi\u00f9 combattuta e una a senso unico.<\/p>\n<p><strong>TAIBON &#8211; CENCENIGHE 3-2<\/strong><\/p>\n<p>Il Taibon strappa il pass per la finalissima in casa del 4 agosto dopo aver vinto di misura contro il Cencenighe. Passano 4&#8242; e il Cencenighe si trova in vantaggio grazie ad un autogol di Della Dora. Risponde subito il Taibon che pareggia con Campedel. Nel secondo tempo Fusina porta in vantaggio la squadra di Broglio e Ben chiude la partita. In pieno recupero la seconda rete del Cencenighe a firma di Lorenzo Soppelsa.<\/p>\n<p><strong>CANALE &#8211; CAPRILE 5-0<\/strong><\/p>\n<p>Match a senso unico la seconda sfida di Canale con i padroni di casa che sotterrano di gol il Caprile. All&#8217;11&#8217; apre le marcature Tibolla. Lo stesso giocatore sigla la doppietta 15&#8242; dopo. Nella ripresa de Bernardin porta a 3 le reti per i padroni di casa e subito dopo Valt cala il poker canalino. Al 51&#8242; Polato chiude definitivamente il match.<\/p>\n<p><strong>DOMENICA A TAIBON L&#8217;ATTO FINALE<\/strong><\/p>\n<p>I ragazzi under 14 chiuderanno definitivamente la stagione domenica 4 agosto al &#8220;Cesare Scatena&#8221; di Taibon. Alle 11 la finalina 3\u00b0-4\u00b0 posto tra Cencenighe e Caprile mentre alle 15 si assegner\u00e0 il Memorial Gabriele Orzetti nella super sfida tra Taibon e Canale.<\/p>\n<p>&nbsp;<\/p>\n<p><span style=\"color: #0000ff;\"><strong>CORSA CAMPESTRE<\/strong><\/span><\/p>\n<blockquote>\n<h3>FRANCO CAGNATI E MARIANNA SPAGNOLI SI AGGIUDICANO IL TROFEO CARLA SERAFINI<\/h3>\n<\/blockquote>\n<p><strong><a class=\"dt-pswp-item\" href=\"https:\/\/www.radiopiu.net\/wordpress\/wp-content\/uploads\/2024\/07\/c45d395e-6790-45a6-916b-28f7021a0f16.jpg\" data-dt-img-description=\"\" data-large_image_width=\"2048\" data-large_image_height=\"1156\"><img loading=\"lazy\" decoding=\"async\" class=\" wp-image-401912 alignleft\" src=\"https:\/\/www.radiopiu.net\/wordpress\/wp-content\/uploads\/2024\/07\/c45d395e-6790-45a6-916b-28f7021a0f16-300x169.jpg\" alt=\"\" width=\"215\" height=\"121\" srcset=\"https:\/\/www.radiopiu.net\/wordpress\/wp-content\/uploads\/2024\/07\/c45d395e-6790-45a6-916b-28f7021a0f16-300x169.jpg 300w, https:\/\/www.radiopiu.net\/wordpress\/wp-content\/uploads\/2024\/07\/c45d395e-6790-45a6-916b-28f7021a0f16-1024x578.jpg 1024w, https:\/\/www.radiopiu.net\/wordpress\/wp-content\/uploads\/2024\/07\/c45d395e-6790-45a6-916b-28f7021a0f16-768x434.jpg 768w, https:\/\/www.radiopiu.net\/wordpress\/wp-content\/uploads\/2024\/07\/c45d395e-6790-45a6-916b-28f7021a0f16-1536x867.jpg 1536w, https:\/\/www.radiopiu.net\/wordpress\/wp-content\/uploads\/2024\/07\/c45d395e-6790-45a6-916b-28f7021a0f16.jpg 2048w\" sizes=\"auto, (max-width: 215px) 100vw, 215px\" \/><\/a>FALCADE<\/strong> \u00c8 andata in scena a Caviola di Falcade la 36esima edizione del Trofeo Carla Serafini, organizzata dalla Pro Loco di Caviola. In una giornata baciata dal bel tempo, grandi e piccini si sono cimentati sui tracciati per aggiudicarsi il titolo 2024. Nella gara E, dedicata agli adulti, a vincere \u00e8 stato Franco Cagnati che ha chiuso i 4,9 km di gara con il tempi di 21&#8217;15&#8221;. Nella femminile la vittoria \u00e8 di Marianna Spagnoli. Nella 2,8 km Matteo Moretti e Matilde Moretti vincono rispettivamente le gare dedicate alle annate dal 2009 al 2011. La gara da 1,8 km dedicata alle annate dal 2012 al 2014 a vincere sono Tommaso Moretti ed Evi Egitto. Valentino Chiocchetti a Anna Fontanive vincono la categoria dal 2015 al 2017. Infine la gara dell&#8217;annata 2018 \u00e8 stata vinta da Evan Egitto e Aurora Chenet.<\/p>\n<p><strong>PER CONSULTARE LE CLASSIFICHE <a href=\"https:\/\/www.radiopiu.net\/wordpress\/wp-content\/uploads\/2024\/07\/Trofeo-CARLA-SERAFINI.pdf\"><span style=\"color: #0000ff;\">CLICCA QUI<\/span><\/a><\/strong><\/p>\n<p>&nbsp;<\/p>\n<p><span style=\"color: #0000ff;\"><strong>HOCKEY SU GHIACCIO<\/strong><\/span><\/p>\n<blockquote>\n<h3>TOTTE MOBERG, IL NUOVO STRANIERO DELL&#8217;ALLEGHE HOCKEY<\/h3>\n<\/blockquote>\n<p><strong><a class=\"dt-pswp-item\" href=\"https:\/\/www.radiopiu.net\/wordpress\/wp-content\/uploads\/2024\/07\/ec7bc57c-0075-45dc-a8d5-ec27a0071a4f.jpg\" data-dt-img-description=\"\" data-large_image_width=\"852\" data-large_image_height=\"511\"><img loading=\"lazy\" decoding=\"async\" class=\" wp-image-401794 alignleft\" src=\"https:\/\/www.radiopiu.net\/wordpress\/wp-content\/uploads\/2024\/07\/ec7bc57c-0075-45dc-a8d5-ec27a0071a4f-300x180.jpg\" alt=\"\" width=\"168\" height=\"101\" srcset=\"https:\/\/www.radiopiu.net\/wordpress\/wp-content\/uploads\/2024\/07\/ec7bc57c-0075-45dc-a8d5-ec27a0071a4f-300x180.jpg 300w, https:\/\/www.radiopiu.net\/wordpress\/wp-content\/uploads\/2024\/07\/ec7bc57c-0075-45dc-a8d5-ec27a0071a4f-768x461.jpg 768w, https:\/\/www.radiopiu.net\/wordpress\/wp-content\/uploads\/2024\/07\/ec7bc57c-0075-45dc-a8d5-ec27a0071a4f.jpg 852w\" sizes=\"auto, (max-width: 168px) 100vw, 168px\" \/><\/a>DI ROBERTO MIANA, PORTAVOCE DELL&#8217;ALLEGHE HOCKEY<\/strong><\/p>\n<p>L\u2019Alleghe Hockey annuncia con soddisfazione l\u2019ingaggio del giocatore Totte Moberg. Attaccante finlandese classe 1997 (27 anni compiuti a marzo) di 180 cm per 88 kg. Totte, voluto fortemente ad Alleghe dal nuovo allenatore finlandese Vesa Surenkin, pu\u00f2 giocare indifferentemente sia da centro d\u2019attacco che da ala. \u00c8 cresciuto nelle squadre giovanili del suo paese prima di fare la prima esperienza all\u2019estero a ventuno anni nella HockeyEttan, la terza divisione svedese. Rientrato in patria ha giocato quattro stagioni nella Mestis, la seconda lega finlandese, nella quale ha disputato 158 gare totalizzando 20 gol e 58 assist, con una media di 20 punti a stagione. Nell\u2019ultimo campionato, con la maglia dei finlandesi del Kiekko-Vantaa, in 39 gare ha messo a referto 5 reti e 14 assist e a detta del suo ex allenatore ha ancora margini di miglioramento. In patria lo descrivono come un ragazzo tranquillo e sportivo fuori dal ghiaccio, potente e talentuoso quando indossa i pattini, dotato di buone doti tecniche, grande abilit\u00e0 con il disco e capace di giocate sorprendenti. Moberg \u00e8 un hockeista propenso al gioco di squadra, caratteristica molto apprezzata dalla dirigenza alleghese e secondo il nuovo coach biancorosso andr\u00e0 a formare con il connazionale M\u00e4kel\u00e4 un interessante duo d\u2019attacco.<\/p>\n<p>&nbsp;<\/p>\n<p>&nbsp;<\/p>\n<hr \/>\n<p>&nbsp;<\/p>\n<blockquote class=\"wp-embedded-content\" data-secret=\"UegEIAOlMV\"><p><a href=\"https:\/\/www.radiopiu.net\/wordpress\/i-racconti-di-paolo-soppelsa-in-video-la-raccolta\/\">I RACCONTI DI PAOLO SOPPELSA IN VIDEO &#8211; LA RACCOLTA<\/a><\/p><\/blockquote>\n<p><iframe loading=\"lazy\" class=\"wp-embedded-content\" sandbox=\"allow-scripts\" security=\"restricted\" style=\"position: absolute; visibility: hidden;\" title=\"&#8220;I RACCONTI DI PAOLO SOPPELSA IN VIDEO &#8211; LA RACCOLTA&#8221; &#8212; Radio Pi\u00f9\" src=\"https:\/\/www.radiopiu.net\/wordpress\/i-racconti-di-paolo-soppelsa-in-video-la-raccolta\/embed\/#?secret=bmIWZRz0yU#?secret=UegEIAOlMV\" data-secret=\"UegEIAOlMV\" width=\"600\" height=\"338\" frameborder=\"0\" marginwidth=\"0\" marginheight=\"0\" scrolling=\"no\"><\/iframe><\/p>\n<p>&nbsp;<\/p>\n<blockquote><p><strong>la regata interregionale di canottaggio sul lago di Santa Croce<\/strong><\/p><\/blockquote>\n<p class=\"Standard\"><strong>ALPAGO<\/strong>\u00a0 regata promozionale interregionale su distanza olimpica che ha visto sfidarsi a colpi di remo sette societ\u00e0 venete, due friulane e una slovena per un totale di oltre 200 atleti dagli Under 14 fino ai Master (maschile e femminile). Ben 28 le gare, organizzate dalla Lega Navale Italiana sezione di Belluno, in collaborazione con la Federazione Italiana Canottaggio del Veneto (Fic). \u201c<em>Il successo della prova di oggi \u00e8 la conferma che il lago di Santa Croce ha tutte le caratteristiche per diventare ufficialmente il terzo campo di gara olimpico in Veneto per lo svolgimento dei campionati regionali, nazionali e di gare internazionali\u201d<\/em>, ha commentato Simone Martini che ha partecipato alla prova anche come atleta con i colori del Circolo di canottaggio Ospedalieri Treviso.<\/p>\n\n\t\t\t<style type='text\/css'>\n\t\t\t\t#gallery-5 {\n\t\t\t\t\tmargin: auto;\n\t\t\t\t}\n\t\t\t\t#gallery-5 .gallery-item {\n\t\t\t\t\tfloat: left;\n\t\t\t\t\tmargin-top: 10px;\n\t\t\t\t\ttext-align: center;\n\t\t\t\t\twidth: 20%;\n\t\t\t\t}\n\t\t\t\t#gallery-5 img {\n\t\t\t\t\tborder: 2px solid #cfcfcf;\n\t\t\t\t}\n\t\t\t\t#gallery-5 .gallery-caption {\n\t\t\t\t\tmargin-left: 0;\n\t\t\t\t}\n\t\t\t\t\/* see gallery_shortcode() in wp-includes\/media.php *\/\n\t\t\t<\/style>\n\t\t<div id='gallery-5' class='dt-gallery-container gallery galleryid-401707 gallery-columns-5 gallery-size-thumbnail'><dl class='gallery-item'>\n\t\t\t\t<dt class='gallery-icon landscape'>\n\t\t\t\t\t<a class=\"rollover\" href='https:\/\/www.radiopiu.net\/wordpress\/giornale-radiopiu-29-luglio-2024-direttore-mirko-mezzacasada-41-anni-25-giugno-1983-25-giugno-2024\/dscf2641-copia\/'><img loading=\"lazy\" decoding=\"async\" width=\"150\" height=\"150\" src=\"https:\/\/www.radiopiu.net\/wordpress\/wp-content\/uploads\/2024\/07\/DSCF2641-Copia-150x150.jpg\" class=\"attachment-thumbnail size-thumbnail\" alt=\"\" \/><\/a>\n\t\t\t\t<\/dt><\/dl><dl class='gallery-item'>\n\t\t\t\t<dt class='gallery-icon portrait'>\n\t\t\t\t\t<a class=\"rollover\" href='https:\/\/www.radiopiu.net\/wordpress\/giornale-radiopiu-29-luglio-2024-direttore-mirko-mezzacasada-41-anni-25-giugno-1983-25-giugno-2024\/dscf2637-copia\/'><img loading=\"lazy\" decoding=\"async\" width=\"150\" height=\"150\" src=\"https:\/\/www.radiopiu.net\/wordpress\/wp-content\/uploads\/2024\/07\/DSCF2637-Copia-150x150.jpg\" class=\"attachment-thumbnail size-thumbnail\" alt=\"\" \/><\/a>\n\t\t\t\t<\/dt><\/dl><dl class='gallery-item'>\n\t\t\t\t<dt class='gallery-icon landscape'>\n\t\t\t\t\t<a class=\"rollover\" href='https:\/\/www.radiopiu.net\/wordpress\/giornale-radiopiu-29-luglio-2024-direttore-mirko-mezzacasada-41-anni-25-giugno-1983-25-giugno-2024\/dscf2650\/'><img loading=\"lazy\" decoding=\"async\" width=\"150\" height=\"150\" src=\"https:\/\/www.radiopiu.net\/wordpress\/wp-content\/uploads\/2024\/07\/DSCF2650-150x150.jpg\" class=\"attachment-thumbnail size-thumbnail\" alt=\"\" \/><\/a>\n\t\t\t\t<\/dt><\/dl><dl class='gallery-item'>\n\t\t\t\t<dt class='gallery-icon landscape'>\n\t\t\t\t\t<a class=\"rollover\" href='https:\/\/www.radiopiu.net\/wordpress\/giornale-radiopiu-29-luglio-2024-direttore-mirko-mezzacasada-41-anni-25-giugno-1983-25-giugno-2024\/img_8648\/'><img loading=\"lazy\" decoding=\"async\" width=\"150\" height=\"150\" src=\"https:\/\/www.radiopiu.net\/wordpress\/wp-content\/uploads\/2024\/07\/IMG_8648-150x150.jpg\" class=\"attachment-thumbnail size-thumbnail\" alt=\"\" \/><\/a>\n\t\t\t\t<\/dt><\/dl><dl class='gallery-item'>\n\t\t\t\t<dt class='gallery-icon landscape'>\n\t\t\t\t\t<a class=\"rollover\" href='https:\/\/www.radiopiu.net\/wordpress\/giornale-radiopiu-29-luglio-2024-direttore-mirko-mezzacasada-41-anni-25-giugno-1983-25-giugno-2024\/premiazione-fic-giovani\/'><img loading=\"lazy\" decoding=\"async\" width=\"150\" height=\"150\" src=\"https:\/\/www.radiopiu.net\/wordpress\/wp-content\/uploads\/2024\/07\/Premiazione-Fic-giovani-150x150.jpg\" class=\"attachment-thumbnail size-thumbnail\" alt=\"\" \/><\/a>\n\t\t\t\t<\/dt><\/dl><br style=\"clear: both\" \/>\n\t\t\t<\/div>\n\n<p>&nbsp;<\/p>\n<hr \/>\n<p>&nbsp;<\/p>\n<\/div>\n<div class=\"mceTemp\">\n<p>&nbsp;<\/p>\n<\/div>\n<p><a class=\"dt-pswp-item\" href=\"https:\/\/www.radiopiu.net\/wordpress\/wp-content\/uploads\/2024\/07\/b7dafa77-6d9c-43b1-90e1-3b7284ee962a.jpg\" data-dt-img-description=\"\" data-large_image_width=\"1080\" data-large_image_height=\"1080\"><img loading=\"lazy\" decoding=\"async\" class=\"size-medium wp-image-401973 aligncenter\" src=\"https:\/\/www.radiopiu.net\/wordpress\/wp-content\/uploads\/2024\/07\/b7dafa77-6d9c-43b1-90e1-3b7284ee962a-300x300.jpg\" alt=\"\" width=\"300\" height=\"300\" srcset=\"https:\/\/www.radiopiu.net\/wordpress\/wp-content\/uploads\/2024\/07\/b7dafa77-6d9c-43b1-90e1-3b7284ee962a-300x300.jpg 300w, https:\/\/www.radiopiu.net\/wordpress\/wp-content\/uploads\/2024\/07\/b7dafa77-6d9c-43b1-90e1-3b7284ee962a-1024x1024.jpg 1024w, https:\/\/www.radiopiu.net\/wordpress\/wp-content\/uploads\/2024\/07\/b7dafa77-6d9c-43b1-90e1-3b7284ee962a-150x150.jpg 150w, https:\/\/www.radiopiu.net\/wordpress\/wp-content\/uploads\/2024\/07\/b7dafa77-6d9c-43b1-90e1-3b7284ee962a-768x768.jpg 768w, https:\/\/www.radiopiu.net\/wordpress\/wp-content\/uploads\/2024\/07\/b7dafa77-6d9c-43b1-90e1-3b7284ee962a.jpg 1080w\" sizes=\"auto, (max-width: 300px) 100vw, 300px\" \/><\/a><\/p>\n<blockquote>\n<h2>IL POMERIGGIO DI MUSICA ETNICA A PALAZZO CROTTA DE MANZONI<\/h2>\n<\/blockquote>\n<p>&nbsp;<\/p>\n<p><strong>AGORDO<\/strong> La musica folk protagonista di un ricco pomeriggio nel quale si alterneranno tre formazioni diverse, ciascuna pronta a proporre, a chi voglia ascoltare e a chi desideri provare a muovere qualche passo di danza, il proprio repertorio. Sar\u00e0 l\u2019occasione per ascoltare musica bretone con il gruppo Pevar Soner, letteralmente \u201cquattro suonatori\u201d, Barbara Dalla Valle, Luisa Nalato, Valentino Rossi e Claudia Zender. Danze e canti in lingua bretone, qualcosa in francese, con voci, chitarra, percussioni, flauto traverso e fisarmonica. La seconda formazione proporr\u00e0 musica del sud, repertorio che proviene dalla Grecia e dal Marocco. Sandro Del Duca con Soukaina Bahenni, Giulia Zovi e Nelso Salton insieme nel gruppo Ta Psichoula \u201cle briciole\u201d ci faranno viaggiare verso sonorit\u00e0 e ritmi pi\u00f9 mediterranei e caldi. A completare l\u2019offerta del pomeriggio etno-musicale il gruppo Rolling Around. La nota formazione proviene da Bassano propone da pi\u00f9 di dieci anni repertorio folk irlandese con i tipici strumenti di questa musica: bouzouki irlandese, mandolino, banjo, uilleann pipe, bodhran. In questa occasione i Rolling Around si presenteranno in trio: Matteo Marcon, Stefano Boldrin, Victor Zanasco. La giusta cornice per ascoltare e danzare sulle note proposte da questi tre gruppi saranno i giardini di Palazzo Crotta de\u2019 Manzoni ad Agordo, ingresso da Corso Patrioti, in caso di maltempo la sala Tamis.<\/p>\n\n\t\t\t<style type='text\/css'>\n\t\t\t\t#gallery-6 {\n\t\t\t\t\tmargin: auto;\n\t\t\t\t}\n\t\t\t\t#gallery-6 .gallery-item {\n\t\t\t\t\tfloat: left;\n\t\t\t\t\tmargin-top: 10px;\n\t\t\t\t\ttext-align: center;\n\t\t\t\t\twidth: 33%;\n\t\t\t\t}\n\t\t\t\t#gallery-6 img {\n\t\t\t\t\tborder: 2px solid #cfcfcf;\n\t\t\t\t}\n\t\t\t\t#gallery-6 .gallery-caption {\n\t\t\t\t\tmargin-left: 0;\n\t\t\t\t}\n\t\t\t\t\/* see gallery_shortcode() in wp-includes\/media.php *\/\n\t\t\t<\/style>\n\t\t<div id='gallery-6' class='dt-gallery-container gallery galleryid-401707 gallery-columns-3 gallery-size-thumbnail'><dl class='gallery-item'>\n\t\t\t\t<dt class='gallery-icon portrait'>\n\t\t\t\t\t<a class=\"rollover rollover-zoom dt-pswp-item\" title=\"5d058c1c-432f-4994-afff-1bc83d48f3a7\" data-dt-img-description=\"\" data-large_image_width=\"1152\" data-large_image_height=\"2048\"href='https:\/\/www.radiopiu.net\/wordpress\/wp-content\/uploads\/2024\/07\/5d058c1c-432f-4994-afff-1bc83d48f3a7.jpg'><img loading=\"lazy\" decoding=\"async\" width=\"150\" height=\"150\" src=\"https:\/\/www.radiopiu.net\/wordpress\/wp-content\/uploads\/2024\/07\/5d058c1c-432f-4994-afff-1bc83d48f3a7-150x150.jpg\" class=\"attachment-thumbnail size-thumbnail\" alt=\"\" \/><\/a>\n\t\t\t\t<\/dt><\/dl><dl class='gallery-item'>\n\t\t\t\t<dt class='gallery-icon portrait'>\n\t\t\t\t\t<a class=\"rollover rollover-zoom dt-pswp-item\" title=\"1f26afd8-5fb6-4231-aecc-6739d490591c\" data-dt-img-description=\"\" data-large_image_width=\"1152\" data-large_image_height=\"2048\"href='https:\/\/www.radiopiu.net\/wordpress\/wp-content\/uploads\/2024\/07\/1f26afd8-5fb6-4231-aecc-6739d490591c.jpg'><img loading=\"lazy\" decoding=\"async\" width=\"150\" height=\"150\" src=\"https:\/\/www.radiopiu.net\/wordpress\/wp-content\/uploads\/2024\/07\/1f26afd8-5fb6-4231-aecc-6739d490591c-150x150.jpg\" class=\"attachment-thumbnail size-thumbnail\" alt=\"\" \/><\/a>\n\t\t\t\t<\/dt><\/dl><dl class='gallery-item'>\n\t\t\t\t<dt class='gallery-icon portrait'>\n\t\t\t\t\t<a class=\"rollover rollover-zoom dt-pswp-item\" title=\"a06bfa7a-e042-48a8-89be-bb611b00f419\" data-dt-img-description=\"\" data-large_image_width=\"1152\" data-large_image_height=\"2048\"href='https:\/\/www.radiopiu.net\/wordpress\/wp-content\/uploads\/2024\/07\/a06bfa7a-e042-48a8-89be-bb611b00f419.jpg'><img loading=\"lazy\" decoding=\"async\" width=\"150\" height=\"150\" src=\"https:\/\/www.radiopiu.net\/wordpress\/wp-content\/uploads\/2024\/07\/a06bfa7a-e042-48a8-89be-bb611b00f419-150x150.jpg\" class=\"attachment-thumbnail size-thumbnail\" alt=\"\" \/><\/a>\n\t\t\t\t<\/dt><\/dl><br style=\"clear: both\" \/>\n\t\t\t<\/div>\n\n<p>&nbsp;<\/p>\n<div style=\"width: 848px;\" class=\"wp-video\"><video class=\"wp-video-shortcode\" id=\"video-401707-2\" width=\"848\" height=\"480\" preload=\"metadata\" controls=\"controls\"><source type=\"video\/mp4\" src=\"https:\/\/www.radiopiu.net\/wordpress\/wp-content\/uploads\/2024\/07\/WhatsApp-Video-2024-07-28-at-14.20.09.mp4?_=2\" \/><a href=\"https:\/\/www.radiopiu.net\/wordpress\/wp-content\/uploads\/2024\/07\/WhatsApp-Video-2024-07-28-at-14.20.09.mp4\">https:\/\/www.radiopiu.net\/wordpress\/wp-content\/uploads\/2024\/07\/WhatsApp-Video-2024-07-28-at-14.20.09.mp4<\/a><\/video><\/div>\n<p>&nbsp;<\/p>\n<p>&nbsp;<\/p>\n","protected":false},"excerpt":{"rendered":"<p>****** DI GENOVA LA RAGAZZA MORTA SULLE MARMAROLE Investita da un masso staccatosi dalla parete soprastante, una donna ha perso ieri la vita mentre scendeva lungo il Vallon del Froppa assieme a 5 amici. Verso le 18.30 la Centrale del 118 \u00e8 stata allertata da un gruppo di escursionisti in stato di shock, poich\u00e9 una&hellip;<\/p>\n","protected":false},"author":4,"featured_media":401953,"comment_status":"closed","ping_status":"closed","sticky":false,"template":"","format":"standard","meta":{"_monsterinsights_skip_tracking":false,"_monsterinsights_sitenote_active":false,"_monsterinsights_sitenote_note":"","_monsterinsights_sitenote_category":0,"footnotes":""},"categories":[51,86,49],"tags":[],"class_list":["post-401707","post","type-post","status-publish","format-standard","has-post-thumbnail","hentry","category-evidenza-top","category-gr","category-news-18","category-51","category-86","category-49","description-off"],"img_url":"https:\/\/www.radiopiu.net\/wordpress\/wp-content\/uploads\/2024\/07\/Senza-nome-116.png","_links":{"self":[{"href":"https:\/\/www.radiopiu.net\/wordpress\/wp-json\/wp\/v2\/posts\/401707","targetHints":{"allow":["GET"]}}],"collection":[{"href":"https:\/\/www.radiopiu.net\/wordpress\/wp-json\/wp\/v2\/posts"}],"about":[{"href":"https:\/\/www.radiopiu.net\/wordpress\/wp-json\/wp\/v2\/types\/post"}],"author":[{"embeddable":true,"href":"https:\/\/www.radiopiu.net\/wordpress\/wp-json\/wp\/v2\/users\/4"}],"replies":[{"embeddable":true,"href":"https:\/\/www.radiopiu.net\/wordpress\/wp-json\/wp\/v2\/comments?post=401707"}],"version-history":[{"count":0,"href":"https:\/\/www.radiopiu.net\/wordpress\/wp-json\/wp\/v2\/posts\/401707\/revisions"}],"wp:featuredmedia":[{"embeddable":true,"href":"https:\/\/www.radiopiu.net\/wordpress\/wp-json\/wp\/v2\/media\/401953"}],"wp:attachment":[{"href":"https:\/\/www.radiopiu.net\/wordpress\/wp-json\/wp\/v2\/media?parent=401707"}],"wp:term":[{"taxonomy":"category","embeddable":true,"href":"https:\/\/www.radiopiu.net\/wordpress\/wp-json\/wp\/v2\/categories?post=401707"},{"taxonomy":"post_tag","embeddable":true,"href":"https:\/\/www.radiopiu.net\/wordpress\/wp-json\/wp\/v2\/tags?post=401707"}],"curies":[{"name":"wp","href":"https:\/\/api.w.org\/{rel}","templated":true}]}}