{"id":401738,"date":"2024-07-27T15:32:58","date_gmt":"2024-07-27T13:32:58","guid":{"rendered":"https:\/\/www.radiopiu.net\/wordpress\/?p=401738"},"modified":"2024-07-27T15:32:58","modified_gmt":"2024-07-27T13:32:58","slug":"alpinista-precipita-sulla-croda-dei-toni-malore-a-cortina","status":"publish","type":"post","link":"https:\/\/www.radiopiu.net\/wordpress\/alpinista-precipita-sulla-croda-dei-toni-malore-a-cortina\/","title":{"rendered":"ALPINISTA PRECIPITA SULLA CRODA DEI TONI. MALORE A CORTINA"},"content":{"rendered":"<p>******<\/p>\n<p>&nbsp;<\/p>\n<p><strong><a class=\"dt-pswp-item\" href=\"https:\/\/www.radiopiu.net\/wordpress\/wp-content\/uploads\/2024\/07\/Watermark_20240727_151819_928.jpg\" data-dt-img-description=\"\" data-large_image_width=\"1773\" data-large_image_height=\"2364\"><img loading=\"lazy\" decoding=\"async\" class=\" wp-image-401740 alignleft\" src=\"https:\/\/www.radiopiu.net\/wordpress\/wp-content\/uploads\/2024\/07\/Watermark_20240727_151819_928-225x300.jpg\" alt=\"\" width=\"136\" height=\"181\" srcset=\"https:\/\/www.radiopiu.net\/wordpress\/wp-content\/uploads\/2024\/07\/Watermark_20240727_151819_928-225x300.jpg 225w, https:\/\/www.radiopiu.net\/wordpress\/wp-content\/uploads\/2024\/07\/Watermark_20240727_151819_928-768x1024.jpg 768w, https:\/\/www.radiopiu.net\/wordpress\/wp-content\/uploads\/2024\/07\/Watermark_20240727_151819_928-1152x1536.jpg 1152w, https:\/\/www.radiopiu.net\/wordpress\/wp-content\/uploads\/2024\/07\/Watermark_20240727_151819_928-1536x2048.jpg 1536w, https:\/\/www.radiopiu.net\/wordpress\/wp-content\/uploads\/2024\/07\/Watermark_20240727_151819_928.jpg 1773w\" sizes=\"auto, (max-width: 136px) 100vw, 136px\" \/><\/a>AURONZO <\/strong>Questa mattina verso le 8 Falco 2 \u00e8 stato attivato per un ragazzo precipitato dalla normale alla Croda dei Toni, ad Auronzo di Cadore. Il 26enne austriaco stava salendo assieme al fratello &#8211; erano entrambi con attrezzatura d&#8217;alpinismo, ma in quel momento slegati &#8211; quando ha perso l&#8217;equilibrio ed \u00e8 caduto per una cinquantina di metri tra le balze rocciose. Il fratello, che non riusciva a vederlo n\u00e9 a sentirlo ha subito lanciato l&#8217;allarme. Sorvolando l&#8217;itinerario, l&#8217;equipaggio ha prima visto il giovane illeso, scendendo sulla verticale ha poi individuato l&#8217;infortunato, che era cosciente. Sbarcato sul posto, il tecnico di elisoccorso \u00e8 stato subito affiancato dal medico, che ha prestato in parete le prime cure al ragazzo, a seguito dei possibili traumi riportati. Una volta imbarellato, \u00e8 stato issato a bordo con un verricello di 50 metri. Il tecnico di elisoccorso ha quindi recuperato anche il fratello, visibilmente sotto shock per quanto accaduto, lasciato all&#8217;ospedale di Pieve di Cadore, mentre il ferito \u00e8 stato portato a Treviso.<\/p>\n<p><strong>CORTINA <\/strong>Verso le 14.10 l&#8217;elicottero del Suem di Pieve di Cadore \u00e8 stato inviato sulla Ferrata di Punta Anna a Cortina d&#8217;Ampezzo, per un&#8217;escursionista colta da malore all&#8217;altezza del tratto verticale pi\u00f9 impegnativo. La 25enne di Milano \u00e8 stata imbarcata dal tecnico di elisoccorso con un verricello di 20 metri e trasportata al Codivilla. Il compagno \u00e8 rientrato autonomamente.<\/p>\n<p>&nbsp;<\/p>\n<p>&nbsp;<\/p>\n<p>*******<\/p>\n","protected":false},"excerpt":{"rendered":"<p>****** &nbsp; AURONZO Questa mattina verso le 8 Falco 2 \u00e8 stato attivato per un ragazzo precipitato dalla normale alla Croda dei Toni, ad Auronzo di Cadore. Il 26enne austriaco stava salendo assieme al fratello &#8211; erano entrambi con attrezzatura d&#8217;alpinismo, ma in quel momento slegati &#8211; quando ha perso l&#8217;equilibrio ed \u00e8 caduto per&hellip;<\/p>\n","protected":false},"author":4,"featured_media":401741,"comment_status":"closed","ping_status":"closed","sticky":false,"template":"","format":"standard","meta":{"_monsterinsights_skip_tracking":false,"_monsterinsights_sitenote_active":false,"_monsterinsights_sitenote_note":"","_monsterinsights_sitenote_category":0,"footnotes":""},"categories":[49],"tags":[],"class_list":["post-401738","post","type-post","status-publish","format-standard","has-post-thumbnail","hentry","category-news-18","category-49","description-off"],"img_url":"https:\/\/www.radiopiu.net\/wordpress\/wp-content\/uploads\/2024\/07\/SCR-20240727-nsws.jpeg","_links":{"self":[{"href":"https:\/\/www.radiopiu.net\/wordpress\/wp-json\/wp\/v2\/posts\/401738","targetHints":{"allow":["GET"]}}],"collection":[{"href":"https:\/\/www.radiopiu.net\/wordpress\/wp-json\/wp\/v2\/posts"}],"about":[{"href":"https:\/\/www.radiopiu.net\/wordpress\/wp-json\/wp\/v2\/types\/post"}],"author":[{"embeddable":true,"href":"https:\/\/www.radiopiu.net\/wordpress\/wp-json\/wp\/v2\/users\/4"}],"replies":[{"embeddable":true,"href":"https:\/\/www.radiopiu.net\/wordpress\/wp-json\/wp\/v2\/comments?post=401738"}],"version-history":[{"count":0,"href":"https:\/\/www.radiopiu.net\/wordpress\/wp-json\/wp\/v2\/posts\/401738\/revisions"}],"wp:featuredmedia":[{"embeddable":true,"href":"https:\/\/www.radiopiu.net\/wordpress\/wp-json\/wp\/v2\/media\/401741"}],"wp:attachment":[{"href":"https:\/\/www.radiopiu.net\/wordpress\/wp-json\/wp\/v2\/media?parent=401738"}],"wp:term":[{"taxonomy":"category","embeddable":true,"href":"https:\/\/www.radiopiu.net\/wordpress\/wp-json\/wp\/v2\/categories?post=401738"},{"taxonomy":"post_tag","embeddable":true,"href":"https:\/\/www.radiopiu.net\/wordpress\/wp-json\/wp\/v2\/tags?post=401738"}],"curies":[{"name":"wp","href":"https:\/\/api.w.org\/{rel}","templated":true}]}}