{"id":401793,"date":"2024-07-28T10:00:35","date_gmt":"2024-07-28T08:00:35","guid":{"rendered":"https:\/\/www.radiopiu.net\/wordpress\/?p=401793"},"modified":"2024-07-28T10:00:35","modified_gmt":"2024-07-28T08:00:35","slug":"totte-moberg-il-nuovo-straniero-dellalleghe-hockey","status":"publish","type":"post","link":"https:\/\/www.radiopiu.net\/wordpress\/totte-moberg-il-nuovo-straniero-dellalleghe-hockey\/","title":{"rendered":"TOTTE MOBERG, IL NUOVO STRANIERO DELL&#8217;ALLEGHE HOCKEY"},"content":{"rendered":"<p>******<\/p>\n<p>&nbsp;<\/p>\n<p><strong><a class=\"dt-pswp-item\" href=\"https:\/\/www.radiopiu.net\/wordpress\/wp-content\/uploads\/2024\/07\/ec7bc57c-0075-45dc-a8d5-ec27a0071a4f.jpg\" data-dt-img-description=\"\" data-large_image_width=\"852\" data-large_image_height=\"511\"><img loading=\"lazy\" decoding=\"async\" class=\" wp-image-401794 alignleft\" src=\"https:\/\/www.radiopiu.net\/wordpress\/wp-content\/uploads\/2024\/07\/ec7bc57c-0075-45dc-a8d5-ec27a0071a4f-300x180.jpg\" alt=\"\" width=\"168\" height=\"101\" srcset=\"https:\/\/www.radiopiu.net\/wordpress\/wp-content\/uploads\/2024\/07\/ec7bc57c-0075-45dc-a8d5-ec27a0071a4f-300x180.jpg 300w, https:\/\/www.radiopiu.net\/wordpress\/wp-content\/uploads\/2024\/07\/ec7bc57c-0075-45dc-a8d5-ec27a0071a4f-768x461.jpg 768w, https:\/\/www.radiopiu.net\/wordpress\/wp-content\/uploads\/2024\/07\/ec7bc57c-0075-45dc-a8d5-ec27a0071a4f.jpg 852w\" sizes=\"auto, (max-width: 168px) 100vw, 168px\" \/><\/a>DI ROBERTO MIANA, PORTAVOCE DELL&#8217;ALLEGHE HOCKEY<\/strong><\/p>\n<p>L\u2019Alleghe Hockey annuncia con soddisfazione l\u2019ingaggio del giocatore Totte Moberg. Attaccante finlandese classe 1997 (27 anni compiuti a marzo) di 180 cm per 88 kg. Totte, voluto fortemente ad Alleghe dal nuovo allenatore finlandese Vesa Surenkin, pu\u00f2 giocare indifferentemente sia da centro d\u2019attacco che da ala. \u00c8 cresciuto nelle squadre giovanili del suo paese prima di fare la prima esperienza all\u2019estero a ventuno anni nella HockeyEttan, la terza divisione svedese. Rientrato in patria ha giocato quattro stagioni nella Mestis, la seconda lega finlandese, nella quale ha disputato 158 gare totalizzando 20 gol e 58 assist, con una media di 20 punti a stagione. Nell\u2019ultimo campionato, con la maglia dei finlandesi del Kiekko-Vantaa, in 39 gare ha messo a referto 5 reti e 14 assist e a detta del suo ex allenatore ha ancora margini di miglioramento. In patria lo descrivono come un ragazzo tranquillo e sportivo fuori dal ghiaccio, potente e talentuoso quando indossa i pattini, dotato di buone doti tecniche, grande abilit\u00e0 con il disco e capace di giocate sorprendenti. Moberg \u00e8 un hockeista propenso al gioco di squadra, caratteristica molto apprezzata dalla dirigenza alleghese e secondo il nuovo coach biancorosso andr\u00e0 a formare con il connazionale M\u00e4kel\u00e4 un interessante duo d\u2019attacco.<\/p>\n<p>&nbsp;<\/p>\n<p>&nbsp;<\/p>\n<p>*********<\/p>\n","protected":false},"excerpt":{"rendered":"<p>****** &nbsp; DI ROBERTO MIANA, PORTAVOCE DELL&#8217;ALLEGHE HOCKEY L\u2019Alleghe Hockey annuncia con soddisfazione l\u2019ingaggio del giocatore Totte Moberg. Attaccante finlandese classe 1997 (27 anni compiuti a marzo) di 180 cm per 88 kg. Totte, voluto fortemente ad Alleghe dal nuovo allenatore finlandese Vesa Surenkin, pu\u00f2 giocare indifferentemente sia da centro d\u2019attacco che da ala. \u00c8&hellip;<\/p>\n","protected":false},"author":4,"featured_media":401794,"comment_status":"closed","ping_status":"closed","sticky":false,"template":"","format":"standard","meta":{"_monsterinsights_skip_tracking":false,"_monsterinsights_sitenote_active":false,"_monsterinsights_sitenote_note":"","_monsterinsights_sitenote_category":0,"footnotes":""},"categories":[49],"tags":[],"class_list":["post-401793","post","type-post","status-publish","format-standard","has-post-thumbnail","hentry","category-news-18","category-49","description-off"],"img_url":"https:\/\/www.radiopiu.net\/wordpress\/wp-content\/uploads\/2024\/07\/ec7bc57c-0075-45dc-a8d5-ec27a0071a4f.jpg","_links":{"self":[{"href":"https:\/\/www.radiopiu.net\/wordpress\/wp-json\/wp\/v2\/posts\/401793","targetHints":{"allow":["GET"]}}],"collection":[{"href":"https:\/\/www.radiopiu.net\/wordpress\/wp-json\/wp\/v2\/posts"}],"about":[{"href":"https:\/\/www.radiopiu.net\/wordpress\/wp-json\/wp\/v2\/types\/post"}],"author":[{"embeddable":true,"href":"https:\/\/www.radiopiu.net\/wordpress\/wp-json\/wp\/v2\/users\/4"}],"replies":[{"embeddable":true,"href":"https:\/\/www.radiopiu.net\/wordpress\/wp-json\/wp\/v2\/comments?post=401793"}],"version-history":[{"count":0,"href":"https:\/\/www.radiopiu.net\/wordpress\/wp-json\/wp\/v2\/posts\/401793\/revisions"}],"wp:featuredmedia":[{"embeddable":true,"href":"https:\/\/www.radiopiu.net\/wordpress\/wp-json\/wp\/v2\/media\/401794"}],"wp:attachment":[{"href":"https:\/\/www.radiopiu.net\/wordpress\/wp-json\/wp\/v2\/media?parent=401793"}],"wp:term":[{"taxonomy":"category","embeddable":true,"href":"https:\/\/www.radiopiu.net\/wordpress\/wp-json\/wp\/v2\/categories?post=401793"},{"taxonomy":"post_tag","embeddable":true,"href":"https:\/\/www.radiopiu.net\/wordpress\/wp-json\/wp\/v2\/tags?post=401793"}],"curies":[{"name":"wp","href":"https:\/\/api.w.org\/{rel}","templated":true}]}}