{"id":401839,"date":"2024-07-28T14:23:23","date_gmt":"2024-07-28T12:23:23","guid":{"rendered":"https:\/\/www.radiopiu.net\/wordpress\/?p=401839"},"modified":"2024-07-29T05:48:40","modified_gmt":"2024-07-29T03:48:40","slug":"due-incidenti-in-mattinata-ad-agordo-e-trichiana","status":"publish","type":"post","link":"https:\/\/www.radiopiu.net\/wordpress\/due-incidenti-in-mattinata-ad-agordo-e-trichiana\/","title":{"rendered":"DUE INCIDENTI IN MATTINATA, AD AGORDO E TRICHIANA"},"content":{"rendered":"<p>******<\/p>\n<p>&nbsp;<\/p>\n<p><strong>REDAZIONE<\/strong> Sono due gli incidenti della mattinata di oggi in cui \u00e8 intervenuto il personale del Suem 118. Alle 11:30 la prima chiamata ad Agordo dove un 35 enne di Vicenza \u00e8 rimasto ferito ed \u00e8 stato portato all&#8217;ospedale di Agordo. Pochi minuti dopo un altro intervento per un incidente a Trichiana dove un 60enne di treviso \u00e8 stato soccorso e portato al san Martino di Belluno.<\/p>\n<p>&nbsp;<\/p>\n<p>&nbsp;<\/p>\n<p>*******<\/p>\n","protected":false},"excerpt":{"rendered":"<p>****** &nbsp; REDAZIONE Sono due gli incidenti della mattinata di oggi in cui \u00e8 intervenuto il personale del Suem 118. Alle 11:30 la prima chiamata ad Agordo dove un 35 enne di Vicenza \u00e8 rimasto ferito ed \u00e8 stato portato all&#8217;ospedale di Agordo. Pochi minuti dopo un altro intervento per un incidente a Trichiana dove&hellip;<\/p>\n","protected":false},"author":4,"featured_media":348787,"comment_status":"closed","ping_status":"closed","sticky":false,"template":"","format":"standard","meta":{"_monsterinsights_skip_tracking":false,"_monsterinsights_sitenote_active":false,"_monsterinsights_sitenote_note":"","_monsterinsights_sitenote_category":0,"footnotes":""},"categories":[51,49],"tags":[],"class_list":["post-401839","post","type-post","status-publish","format-standard","has-post-thumbnail","hentry","category-evidenza-top","category-news-18","category-51","category-49","description-off"],"img_url":"https:\/\/www.radiopiu.net\/wordpress\/wp-content\/uploads\/2023\/08\/ambulanza-ulss-1.jpg","_links":{"self":[{"href":"https:\/\/www.radiopiu.net\/wordpress\/wp-json\/wp\/v2\/posts\/401839","targetHints":{"allow":["GET"]}}],"collection":[{"href":"https:\/\/www.radiopiu.net\/wordpress\/wp-json\/wp\/v2\/posts"}],"about":[{"href":"https:\/\/www.radiopiu.net\/wordpress\/wp-json\/wp\/v2\/types\/post"}],"author":[{"embeddable":true,"href":"https:\/\/www.radiopiu.net\/wordpress\/wp-json\/wp\/v2\/users\/4"}],"replies":[{"embeddable":true,"href":"https:\/\/www.radiopiu.net\/wordpress\/wp-json\/wp\/v2\/comments?post=401839"}],"version-history":[{"count":0,"href":"https:\/\/www.radiopiu.net\/wordpress\/wp-json\/wp\/v2\/posts\/401839\/revisions"}],"wp:featuredmedia":[{"embeddable":true,"href":"https:\/\/www.radiopiu.net\/wordpress\/wp-json\/wp\/v2\/media\/348787"}],"wp:attachment":[{"href":"https:\/\/www.radiopiu.net\/wordpress\/wp-json\/wp\/v2\/media?parent=401839"}],"wp:term":[{"taxonomy":"category","embeddable":true,"href":"https:\/\/www.radiopiu.net\/wordpress\/wp-json\/wp\/v2\/categories?post=401839"},{"taxonomy":"post_tag","embeddable":true,"href":"https:\/\/www.radiopiu.net\/wordpress\/wp-json\/wp\/v2\/tags?post=401839"}],"curies":[{"name":"wp","href":"https:\/\/api.w.org\/{rel}","templated":true}]}}