{"id":401862,"date":"2024-07-28T14:54:58","date_gmt":"2024-07-28T12:54:58","guid":{"rendered":"https:\/\/www.radiopiu.net\/wordpress\/?p=401862"},"modified":"2024-07-28T14:54:58","modified_gmt":"2024-07-28T12:54:58","slug":"meteo-perturbazione-in-arrivo-allerta-gialla-per-rischio-idrogeologico","status":"publish","type":"post","link":"https:\/\/www.radiopiu.net\/wordpress\/meteo-perturbazione-in-arrivo-allerta-gialla-per-rischio-idrogeologico\/","title":{"rendered":"METEO: PERTURBAZIONE IN ARRIVO. ALLERTA GIALLA PER RISCHIO IDROGEOLOGICO"},"content":{"rendered":"<p>******<\/p>\n<p>&nbsp;<\/p>\n<p><strong><a class=\"dt-pswp-item\" href=\"https:\/\/www.radiopiu.net\/wordpress\/wp-content\/uploads\/2018\/06\/temporale.jpg\" data-dt-img-description=\"\" data-large_image_width=\"1920\" data-large_image_height=\"1272\"><img loading=\"lazy\" decoding=\"async\" class=\" wp-image-50334 alignleft\" src=\"https:\/\/www.radiopiu.net\/wordpress\/wp-content\/uploads\/2018\/06\/temporale-300x199.jpg\" alt=\"\" width=\"178\" height=\"118\" srcset=\"https:\/\/www.radiopiu.net\/wordpress\/wp-content\/uploads\/2018\/06\/temporale-300x199.jpg 300w, https:\/\/www.radiopiu.net\/wordpress\/wp-content\/uploads\/2018\/06\/temporale-768x509.jpg 768w, https:\/\/www.radiopiu.net\/wordpress\/wp-content\/uploads\/2018\/06\/temporale-1024x678.jpg 1024w, https:\/\/www.radiopiu.net\/wordpress\/wp-content\/uploads\/2018\/06\/temporale.jpg 1920w\" sizes=\"auto, (max-width: 178px) 100vw, 178px\" \/><\/a>VENEZIA <\/strong>Le previsioni meteo di Arpav indicano dal pomeriggio\/sera di oggi instabilit\u00e0 in aumento a partire dalle Dolomiti con probabili rovesci\/temporali sparsi in successiva estensione alla fascia prealpina\/pedemontana fino alle prime ore del mattino di luned\u00ec 29 luglio, non esclusi locali sconfinamenti sulla pianura settentrionale. saranno possibili fenomeni localmente intensi (forti rovesci, locali grandinate, forti raffiche di vento). Domani si prevedono possibili residui rovesci o temporali fino alle primissime ore sulle zone pi\u00f9 occidentali, poi assenti. sulle zone montane nel pomeriggio non \u00e8 del tutto esclusa la possibilit\u00e0 di qualche locale precipitazione.\u00a0 Alla luce di tali previsioni il Centro Funzionale Decentrato della Protezione Civile del Veneto ha emesso un avviso di criticit\u00e0 valido dalle ore 15 di oggi 28 luglio alle ore 8.00 di domani 29 luglio nel quale si indica lo stato di attenzione allerta idrogeologica per temporali gialla nei bacini dell\u2019Alto Piave, del Piave Pedemontano, dell\u2019Alto Brenta-Bacchiglione- Alpone, su quello dell\u2019Adige Garda e Monti Lessini e nel bacino del Livenza-Lemene-Tagliamento (i fenomeni attesi in quest\u2019ultima zona potranno interessare i settori pedemontani dell&#8217;area di allerta). E\u2019 previsto il possibile innesco di frane superficiali e colate rapide; possibile innalzamento dei livelli della rete idrografica secondaria; rigurgito dei sistemi di smaltimento delle acque piovane con possibili allagamenti di locali interrati e\/o sottopassi. Lo scenario sar\u00e0 caratterizzato da fenomeni intensi e rapidi.<\/p>\n<p>&nbsp;<\/p>\n<p>&nbsp;<\/p>\n<p>*********<\/p>\n","protected":false},"excerpt":{"rendered":"<p>****** &nbsp; VENEZIA Le previsioni meteo di Arpav indicano dal pomeriggio\/sera di oggi instabilit\u00e0 in aumento a partire dalle Dolomiti con probabili rovesci\/temporali sparsi in successiva estensione alla fascia prealpina\/pedemontana fino alle prime ore del mattino di luned\u00ec 29 luglio, non esclusi locali sconfinamenti sulla pianura settentrionale. saranno possibili fenomeni localmente intensi (forti rovesci, locali&hellip;<\/p>\n","protected":false},"author":4,"featured_media":50334,"comment_status":"closed","ping_status":"closed","sticky":false,"template":"","format":"standard","meta":{"_monsterinsights_skip_tracking":false,"_monsterinsights_sitenote_active":false,"_monsterinsights_sitenote_note":"","_monsterinsights_sitenote_category":0,"footnotes":""},"categories":[49],"tags":[],"class_list":["post-401862","post","type-post","status-publish","format-standard","has-post-thumbnail","hentry","category-news-18","category-49","description-off"],"img_url":"https:\/\/www.radiopiu.net\/wordpress\/wp-content\/uploads\/2018\/06\/temporale.jpg","_links":{"self":[{"href":"https:\/\/www.radiopiu.net\/wordpress\/wp-json\/wp\/v2\/posts\/401862","targetHints":{"allow":["GET"]}}],"collection":[{"href":"https:\/\/www.radiopiu.net\/wordpress\/wp-json\/wp\/v2\/posts"}],"about":[{"href":"https:\/\/www.radiopiu.net\/wordpress\/wp-json\/wp\/v2\/types\/post"}],"author":[{"embeddable":true,"href":"https:\/\/www.radiopiu.net\/wordpress\/wp-json\/wp\/v2\/users\/4"}],"replies":[{"embeddable":true,"href":"https:\/\/www.radiopiu.net\/wordpress\/wp-json\/wp\/v2\/comments?post=401862"}],"version-history":[{"count":0,"href":"https:\/\/www.radiopiu.net\/wordpress\/wp-json\/wp\/v2\/posts\/401862\/revisions"}],"wp:featuredmedia":[{"embeddable":true,"href":"https:\/\/www.radiopiu.net\/wordpress\/wp-json\/wp\/v2\/media\/50334"}],"wp:attachment":[{"href":"https:\/\/www.radiopiu.net\/wordpress\/wp-json\/wp\/v2\/media?parent=401862"}],"wp:term":[{"taxonomy":"category","embeddable":true,"href":"https:\/\/www.radiopiu.net\/wordpress\/wp-json\/wp\/v2\/categories?post=401862"},{"taxonomy":"post_tag","embeddable":true,"href":"https:\/\/www.radiopiu.net\/wordpress\/wp-json\/wp\/v2\/tags?post=401862"}],"curies":[{"name":"wp","href":"https:\/\/api.w.org\/{rel}","templated":true}]}}