{"id":401873,"date":"2024-07-29T05:32:12","date_gmt":"2024-07-29T03:32:12","guid":{"rendered":"https:\/\/www.radiopiu.net\/wordpress\/?p=401873"},"modified":"2024-07-29T05:42:50","modified_gmt":"2024-07-29T03:42:50","slug":"malori-incidenti-e-chiamate-di-soccorso-per-perdita-del-sentiero","status":"publish","type":"post","link":"https:\/\/www.radiopiu.net\/wordpress\/malori-incidenti-e-chiamate-di-soccorso-per-perdita-del-sentiero\/","title":{"rendered":"MALORI, INCIDENTI E CHIAMATE DI SOCCORSO PER PERDITA DEL SENTIERO"},"content":{"rendered":"<p>***<\/p>\n<div dir=\"auto\"><\/div>\n<div dir=\"auto\"><strong>GOSALDO<\/strong> Il Soccorso alpino di Agordo, che stava prestando assistenza durante una competizione nel comune di Gosaldo, \u00e8 intervenuto in localit\u00e0 Masoch, dove una 53enne di Pieve di Soligo (TV) era stata colta da malore. La donna \u00e8 stata trasportata direttamente all&#8217;ospedale di Agordo per gli approfondimenti del caso.<\/div>\n<div dir=\"auto\"><\/div>\n<div dir=\"auto\"><strong>TAIBON<\/strong>\u00a0 in Valle di San Lucano, un escursionista attardatosi rispetto ai compagni sul sentiero per Baita Malgonera. Il 74enne di Roncade (TV) \u00e8 stato ritrovato e riaccompagnato a valle.<\/div>\n<div dir=\"auto\"><\/div>\n<div dir=\"auto\"><strong>MONTE COMOR<\/strong> L&#8217;elicottero del Suem di Pieve di Cadore \u00e8 volato sul sentiero 334,\u00a0 poich\u00e9 una escursionista aveva sbattuto la testa scivolando in un corso d&#8217;acqua.\u00a0 La 48enne trevigiana \u00e8 stata recuperata e portata in ospedale a Belluno con un rauma cranico.<\/div>\n<div dir=\"auto\"><\/div>\n<div dir=\"auto\"><strong>BELLUNO<\/strong> una 54enne di Belluno si \u00e8 sentita poco bene, mentre percorreva il sentiero Bonacossa ad Auronzo di Cadore.<\/div>\n<div dir=\"auto\"><\/div>\n<div dir=\"auto\"><strong>PALE DI SAN MARTINO<\/strong> una famiglia belga in difficolt\u00e0 sulle Pale di San Martino, dopo aver perso il sentiero su un nevaio nella zona di Forcella Strut ha inviato l&#8217;Sos, l&#8217;elicottero ha portato tutti a bordo con 4 verricelli<\/div>\n<div dir=\"auto\"><\/div>\n","protected":false},"excerpt":{"rendered":"<p>*** GOSALDO Il Soccorso alpino di Agordo, che stava prestando assistenza durante una competizione nel comune di Gosaldo, \u00e8 intervenuto in localit\u00e0 Masoch, dove una 53enne di Pieve di Soligo (TV) era stata colta da malore. La donna \u00e8 stata trasportata direttamente all&#8217;ospedale di Agordo per gli approfondimenti del caso. TAIBON\u00a0 in Valle di San&hellip;<\/p>\n","protected":false},"author":4,"featured_media":286353,"comment_status":"closed","ping_status":"closed","sticky":false,"template":"","format":"standard","meta":{"_monsterinsights_skip_tracking":false,"_monsterinsights_sitenote_active":false,"_monsterinsights_sitenote_note":"","_monsterinsights_sitenote_category":0,"footnotes":""},"categories":[51,49],"tags":[],"class_list":["post-401873","post","type-post","status-publish","format-standard","has-post-thumbnail","hentry","category-evidenza-top","category-news-18","category-51","category-49","description-off"],"img_url":"https:\/\/www.radiopiu.net\/wordpress\/wp-content\/uploads\/2022\/07\/salt_20220709_161533_786.jpg","_links":{"self":[{"href":"https:\/\/www.radiopiu.net\/wordpress\/wp-json\/wp\/v2\/posts\/401873","targetHints":{"allow":["GET"]}}],"collection":[{"href":"https:\/\/www.radiopiu.net\/wordpress\/wp-json\/wp\/v2\/posts"}],"about":[{"href":"https:\/\/www.radiopiu.net\/wordpress\/wp-json\/wp\/v2\/types\/post"}],"author":[{"embeddable":true,"href":"https:\/\/www.radiopiu.net\/wordpress\/wp-json\/wp\/v2\/users\/4"}],"replies":[{"embeddable":true,"href":"https:\/\/www.radiopiu.net\/wordpress\/wp-json\/wp\/v2\/comments?post=401873"}],"version-history":[{"count":0,"href":"https:\/\/www.radiopiu.net\/wordpress\/wp-json\/wp\/v2\/posts\/401873\/revisions"}],"wp:featuredmedia":[{"embeddable":true,"href":"https:\/\/www.radiopiu.net\/wordpress\/wp-json\/wp\/v2\/media\/286353"}],"wp:attachment":[{"href":"https:\/\/www.radiopiu.net\/wordpress\/wp-json\/wp\/v2\/media?parent=401873"}],"wp:term":[{"taxonomy":"category","embeddable":true,"href":"https:\/\/www.radiopiu.net\/wordpress\/wp-json\/wp\/v2\/categories?post=401873"},{"taxonomy":"post_tag","embeddable":true,"href":"https:\/\/www.radiopiu.net\/wordpress\/wp-json\/wp\/v2\/tags?post=401873"}],"curies":[{"name":"wp","href":"https:\/\/api.w.org\/{rel}","templated":true}]}}