{"id":401928,"date":"2024-07-30T05:49:22","date_gmt":"2024-07-30T03:49:22","guid":{"rendered":"https:\/\/www.radiopiu.net\/wordpress\/?p=401928"},"modified":"2024-07-30T07:59:13","modified_gmt":"2024-07-30T05:59:13","slug":"giornale-radiopiu-30-luglio-2024-direttore-mirko-mezzacasada-41-anni-25-giugno-1983-25-giugno-2024","status":"publish","type":"post","link":"https:\/\/www.radiopiu.net\/wordpress\/giornale-radiopiu-30-luglio-2024-direttore-mirko-mezzacasada-41-anni-25-giugno-1983-25-giugno-2024\/","title":{"rendered":"GIORNALE RADIOPIU 30 LUGLIO 2024 DIRETTORE MIRKO MEZZACASA\u2026DA 41 ANNI 25 GIUGNO 1983-25 GIUGNO 2024"},"content":{"rendered":"<p>******<\/p>\n<p>&nbsp;<\/p>\n<p><em><span style=\"color: #ff0000;\">ATTENZIONE: LA NUOVA APP PER IOS-IPHONE di Nicola Vettorello <\/span><\/em><a href=\"https:\/\/apps.apple.com\/it\/app\/radio-pi%C3%B9-emittente-agordina\/id1515939845\">https:\/\/apps.apple.com\/it\/app\/radio-pi%C3%B9-emittente-agordina\/id1515939845<\/a><\/p>\n<p><em style=\"color: #ff0000;\">ATTENZIONE: LA NUOVA APP RADIO\u00a0 PER ANDROID di Nicola Vettorello<\/em><\/p>\n<p><a href=\"https:\/\/play.google.com\/store\/apps\/details?id=net.radiopiu.iniko\" target=\"_blank\" rel=\"noopener noreferrer\">https:\/\/play.google.com\/store\/apps\/details?id=net.radiopiu.iniko\u00a0\u00a0\u00a0<\/a><\/p>\n<p>&nbsp;<\/p>\n<p><strong>PROVINCIALE 563\u00a0 DA QUESTA SERA LUNEDI 29 LUGLIO fino a venerd\u00ec 2 agosto senso unico alternato con semaforo durante tutto l\u2019arco della giornata, senza pi\u00f9 l\u2019interruzione totale prevista nella prima parte della mattinata.<\/strong><\/p>\n<hr \/>\n<p>&nbsp;<\/p>\n<p><strong><a class=\"dt-pswp-item\" href=\"https:\/\/www.radiopiu.net\/wordpress\/wp-content\/uploads\/2024\/07\/a2fe8ef0-b734-47c8-be38-ab8205a88b00.jpg\" data-dt-img-description=\"\" data-large_image_width=\"1131\" data-large_image_height=\"1600\"><img loading=\"lazy\" decoding=\"async\" class=\" wp-image-402154 alignleft\" src=\"https:\/\/www.radiopiu.net\/wordpress\/wp-content\/uploads\/2024\/07\/a2fe8ef0-b734-47c8-be38-ab8205a88b00-212x300.jpg\" alt=\"\" width=\"127\" height=\"180\" srcset=\"https:\/\/www.radiopiu.net\/wordpress\/wp-content\/uploads\/2024\/07\/a2fe8ef0-b734-47c8-be38-ab8205a88b00-212x300.jpg 212w, https:\/\/www.radiopiu.net\/wordpress\/wp-content\/uploads\/2024\/07\/a2fe8ef0-b734-47c8-be38-ab8205a88b00-724x1024.jpg 724w, https:\/\/www.radiopiu.net\/wordpress\/wp-content\/uploads\/2024\/07\/a2fe8ef0-b734-47c8-be38-ab8205a88b00-768x1086.jpg 768w, https:\/\/www.radiopiu.net\/wordpress\/wp-content\/uploads\/2024\/07\/a2fe8ef0-b734-47c8-be38-ab8205a88b00-1086x1536.jpg 1086w, https:\/\/www.radiopiu.net\/wordpress\/wp-content\/uploads\/2024\/07\/a2fe8ef0-b734-47c8-be38-ab8205a88b00.jpg 1131w\" sizes=\"auto, (max-width: 127px) 100vw, 127px\" \/><\/a>OGGI ALLA RADIO.<\/strong>&#8230;<span style=\"color: #ff0000;\"> ALLE 4 E ALLE 6<\/span> LE NOTIZIE DALL&#8217;ITALIA E DAL MONDO <span style=\"color: #ff0000;\">6.15<\/span> PIROLE DE LENGA A CURA DEL MUSLA<span style=\"color: #ff0000;\"> 7.20<\/span> EL BAL DEL FIORI, DETTI E TRADIZIONI DI GIULIANA DA RONCH <span style=\"color: #ff0000;\">8.05<\/span> LA RASSEGNA STAMPA LOCALE <span style=\"color: #ff0000;\">8.30<\/span> PIU&#8217; SIAMO DI MARINA DONA&#8217;<span style=\"color: #ff0000;\"> 9.00<\/span><span style=\"color: #ff0000;\"> LA MUSICA COUNTRY DI ALEX NASCINBEN <\/span><span style=\"color: #ff0000;\">\u00a09.30<\/span> <strong><span style=\"color: #0000ff;\">VIABILITA&#8217; CON BOTOL CAR SERVICE (AGORDO-SEDICO-FELTRE)<\/span><\/strong> <span style=\"color: #ff0000;\">10.10<\/span>\u00a0 DINTORN E FORA VIA, LE NOVE IN LADIN CON IL MUSLA <span style=\"color: #ff0000;\">10.30<\/span> VOCI RIBELLI, IL PROGRAMMA DI ALESSIA DALL&#8217;O <span style=\"color: #ff0000;\">11.10<\/span> LA STORIA DEL FESTIVALBAR DI MIRCO BENCIVENNI <span style=\"color: #ff0000;\">12.00<\/span> VA TUTTO LISCIO\u00a0 <span style=\"color: #ff0000;\">12.30<\/span> <strong>GIORNALE RADIO PRINCIPALE<\/strong>\u00a0<span style=\"color: #ff0000;\">13.20<\/span> TRE PEZZI DI MARINA DONA&#8217; <span style=\"color: #ff0000;\">14.00<\/span> COLLAGE OPERAZIONE NOSTALGIA, LORIS SCUSSEL\u00a0<span style=\"color: #ff0000;\"> 15.00\u00a0 PIU&#8217; MUSICA IL PROGRAMMA ESTIVO DI MARINA DONA&#8217;\u00a0 \u00a016<\/span> IL ROCK DI MARCO COSTANTINI <span style=\"color: #ff0000;\">1645<\/span> LE HIT DI MIRCO BENCIVENNI <span style=\"color: #ff0000;\">18.00<\/span> PIU&#8217; DANCE LE SELEZIONI CHE FANNO SALTARE DI DJ JACK, JACOPO DEL TEDESCO <span style=\"color: #ff0000;\">19<\/span> LE ANTICIPAZIONI DAL TG DI ANTENNA 3 DI TIZIANA BOLOGNANI<\/p>\n<blockquote><p><strong>rassegna stampa nazionale, ogni giorno alle 5 e alle 6 del mattino<\/strong><br \/>\n<em>giornali locali 7 rassegna stampa flash, 8 rassegna stampa, gr flash alle 10 e alle 11, principale 12.30. Informazione pomerIggio alle 15 (speciale) 16, 17, 18. Giornale radio nazionale: ogni ora dalle 5 del mattino, alle 20 della sera. <\/em><\/p><\/blockquote>\n<div class=\"x11i5rnm xat24cr x1mh8g0r x1vvkbs xtlvy1s x126k92a\">\n<div dir=\"auto\">\n<p>&nbsp;<\/p>\n<hr \/>\n<p>&nbsp;<\/p>\n<blockquote>\n<h3>BUSCHE NEL CAOS, RAFFICA DI PROTESTE<\/h3>\n<\/blockquote>\n<p><strong>BUSCHE<\/strong>\u00a0 Il primo giorno del bollino nero sulla statale tra Feltre e Belluno ha superato ogni aspettativa negativa, causando disagi enormi. La chiusura del cavalcaferrovia tra Pont e Busche, con l&#8217;apertura di una bretella temporanea, ha provocato code chilometriche e confusione. La situazione \u00e8 stata aggravata da un senso unico alternato e dal passaggio di camion oltre 7,5 tonnellate, nonostante le restrizioni. Residenti e automobilisti hanno chiesto maggiori controlli, soprattutto nei punti critici come la rotatoria di Busche. Aldo Damin ha contattato invano varie autorit\u00e0 per sollecitare interventi rapidi. Il caos durer\u00e0 fino al completamento dell&#8217;elettrificazione ferroviaria, previsto per il 15 ottobre, rendendo necessaria una gestione del traffico pi\u00f9 efficace.<\/p>\n\n\t\t\t<style type='text\/css'>\n\t\t\t\t#gallery-1 {\n\t\t\t\t\tmargin: auto;\n\t\t\t\t}\n\t\t\t\t#gallery-1 .gallery-item {\n\t\t\t\t\tfloat: left;\n\t\t\t\t\tmargin-top: 10px;\n\t\t\t\t\ttext-align: center;\n\t\t\t\t\twidth: 25%;\n\t\t\t\t}\n\t\t\t\t#gallery-1 img {\n\t\t\t\t\tborder: 2px solid #cfcfcf;\n\t\t\t\t}\n\t\t\t\t#gallery-1 .gallery-caption {\n\t\t\t\t\tmargin-left: 0;\n\t\t\t\t}\n\t\t\t\t\/* see gallery_shortcode() in wp-includes\/media.php *\/\n\t\t\t<\/style>\n\t\t<div id='gallery-1' class='dt-gallery-container gallery galleryid-401928 gallery-columns-4 gallery-size-thumbnail'><dl class='gallery-item'>\n\t\t\t\t<dt class='gallery-icon portrait'>\n\t\t\t\t\t<a class=\"rollover rollover-zoom dt-pswp-item\" title=\"mirk (5)\" data-dt-img-description=\"\" data-large_image_width=\"591\" data-large_image_height=\"1280\"href='https:\/\/www.radiopiu.net\/wordpress\/wp-content\/uploads\/2024\/07\/mirk-5.jpg'><img loading=\"lazy\" decoding=\"async\" width=\"150\" height=\"150\" src=\"https:\/\/www.radiopiu.net\/wordpress\/wp-content\/uploads\/2024\/07\/mirk-5-150x150.jpg\" class=\"attachment-thumbnail size-thumbnail\" alt=\"\" \/><\/a>\n\t\t\t\t<\/dt><\/dl><dl class='gallery-item'>\n\t\t\t\t<dt class='gallery-icon portrait'>\n\t\t\t\t\t<a class=\"rollover rollover-zoom dt-pswp-item\" title=\"mirk (4)\" data-dt-img-description=\"\" data-large_image_width=\"960\" data-large_image_height=\"1280\"href='https:\/\/www.radiopiu.net\/wordpress\/wp-content\/uploads\/2024\/07\/mirk-4.jpg'><img loading=\"lazy\" decoding=\"async\" width=\"150\" height=\"150\" src=\"https:\/\/www.radiopiu.net\/wordpress\/wp-content\/uploads\/2024\/07\/mirk-4-150x150.jpg\" class=\"attachment-thumbnail size-thumbnail\" alt=\"\" \/><\/a>\n\t\t\t\t<\/dt><\/dl><dl class='gallery-item'>\n\t\t\t\t<dt class='gallery-icon landscape'>\n\t\t\t\t\t<a class=\"rollover rollover-zoom dt-pswp-item\" title=\"mirk (3)\" data-dt-img-description=\"\" data-large_image_width=\"1280\" data-large_image_height=\"591\"href='https:\/\/www.radiopiu.net\/wordpress\/wp-content\/uploads\/2024\/07\/mirk-3.jpg'><img loading=\"lazy\" decoding=\"async\" width=\"150\" height=\"150\" src=\"https:\/\/www.radiopiu.net\/wordpress\/wp-content\/uploads\/2024\/07\/mirk-3-150x150.jpg\" class=\"attachment-thumbnail size-thumbnail\" alt=\"\" \/><\/a>\n\t\t\t\t<\/dt><\/dl><dl class='gallery-item'>\n\t\t\t\t<dt class='gallery-icon portrait'>\n\t\t\t\t\t<a class=\"rollover rollover-zoom dt-pswp-item\" title=\"mirk (2\" data-dt-img-description=\"\" data-large_image_width=\"591\" data-large_image_height=\"1280\"href='https:\/\/www.radiopiu.net\/wordpress\/wp-content\/uploads\/2024\/07\/mirk-2.jpg'><img loading=\"lazy\" decoding=\"async\" width=\"150\" height=\"150\" src=\"https:\/\/www.radiopiu.net\/wordpress\/wp-content\/uploads\/2024\/07\/mirk-2-150x150.jpg\" class=\"attachment-thumbnail size-thumbnail\" alt=\"\" \/><\/a>\n\t\t\t\t<\/dt><\/dl><br style=\"clear: both\" \/>\n\t\t\t<\/div>\n\n<div class=\"mt-1 flex gap-3 empty:hidden -ml-2\">\n<div class=\"items-center justify-start rounded-xl p-1 flex\">\n<div class=\"flex items-center\">\n<div class=\"flex\"><strong>STRADE SECONDARIE\u00a0<\/strong><br \/>\nC&#8217;\u00e8 chi sui sociale consiglia strade secondarie, ma dagli addetti ai soccorsi l&#8217;invito a prestare attenzione. il messaggio\u00a0 dalla chat VPB &#8211; Viabilit\u00e0 Provincia Belluno:\u00a0 .<strong>..\u00a0lavoro per il pronto soccorso di Feltre, visto la colonna creatasi oggi sul cavalcavia di Busche, causa lavori e l\u2019impossibilit\u00e0 di varco coi mezzi di emergenza non \u00e8 meglio lasciare le strade secondarie libere per i mezzi di soccorso?<\/strong><\/div>\n<div class=\"flex items-center pb-0\">\n<div class=\"[&amp;_svg]:h-full [&amp;_svg]:w-full icon-md h-4 w-4\"><\/div>\n<\/div>\n<\/div>\n<\/div>\n<\/div>\n<p>&nbsp;<\/p>\n<p>&nbsp;<\/p>\n<\/div>\n<div dir=\"auto\">\n<hr \/>\n<p>&nbsp;<\/p>\n<p>&nbsp;<\/p>\n<div dir=\"auto\">\n<p><strong><a class=\"dt-pswp-item\" href=\"https:\/\/www.radiopiu.net\/wordpress\/wp-content\/uploads\/2024\/02\/2d44e751-d8a8-461b-8e22-d8e4e853b032.jpg\" data-dt-img-description=\"\" data-large_image_width=\"1600\" data-large_image_height=\"1200\"><img loading=\"lazy\" decoding=\"async\" class=\"wp-image-373307 alignleft\" src=\"https:\/\/www.radiopiu.net\/wordpress\/wp-content\/uploads\/2024\/02\/2d44e751-d8a8-461b-8e22-d8e4e853b032-300x225.jpg\" alt=\"\" width=\"105\" height=\"79\" srcset=\"https:\/\/www.radiopiu.net\/wordpress\/wp-content\/uploads\/2024\/02\/2d44e751-d8a8-461b-8e22-d8e4e853b032-300x225.jpg 300w, https:\/\/www.radiopiu.net\/wordpress\/wp-content\/uploads\/2024\/02\/2d44e751-d8a8-461b-8e22-d8e4e853b032-1024x768.jpg 1024w, https:\/\/www.radiopiu.net\/wordpress\/wp-content\/uploads\/2024\/02\/2d44e751-d8a8-461b-8e22-d8e4e853b032-768x576.jpg 768w, https:\/\/www.radiopiu.net\/wordpress\/wp-content\/uploads\/2024\/02\/2d44e751-d8a8-461b-8e22-d8e4e853b032-1536x1152.jpg 1536w, https:\/\/www.radiopiu.net\/wordpress\/wp-content\/uploads\/2024\/02\/2d44e751-d8a8-461b-8e22-d8e4e853b032.jpg 1600w\" sizes=\"auto, (max-width: 105px) 100vw, 105px\" \/><\/a>EL BAL DEL FIOR, DI GIULIANA DA RONCH, 30 LUGLIO<\/strong><strong>\u00a02024<em>\u00a0<\/em><\/strong><\/p>\n<p>&nbsp;<\/p>\n<audio class=\"wp-audio-shortcode\" id=\"audio-401928-1\" preload=\"none\" style=\"width: 100%;\" controls=\"controls\"><source type=\"audio\/mpeg\" src=\"https:\/\/www.radiopiu.net\/wordpress\/wp-content\/uploads\/2024\/07\/GMA.mp3?_=1\" \/><a href=\"https:\/\/www.radiopiu.net\/wordpress\/wp-content\/uploads\/2024\/07\/GMA.mp3\">https:\/\/www.radiopiu.net\/wordpress\/wp-content\/uploads\/2024\/07\/GMA.mp3<\/a><\/audio>\n<p>&nbsp;<\/p>\n<\/div>\n<\/div>\n<hr \/>\n<p>&nbsp;<\/p>\n<p>&nbsp;<\/p>\n<h1><span style=\"color: #ff0000;\"><a class=\"dt-pswp-item\" href=\"https:\/\/www.radiopiu.net\/wordpress\/wp-content\/uploads\/2024\/06\/th-5.jpg\" data-dt-img-description=\"\" data-large_image_width=\"326\" data-large_image_height=\"180\"><img loading=\"lazy\" decoding=\"async\" class=\"size-medium wp-image-395881 alignleft\" src=\"https:\/\/www.radiopiu.net\/wordpress\/wp-content\/uploads\/2024\/06\/th-5-300x166.jpg\" alt=\"\" width=\"300\" height=\"166\" srcset=\"https:\/\/www.radiopiu.net\/wordpress\/wp-content\/uploads\/2024\/06\/th-5-300x166.jpg 300w, https:\/\/www.radiopiu.net\/wordpress\/wp-content\/uploads\/2024\/06\/th-5.jpg 326w\" sizes=\"auto, (max-width: 300px) 100vw, 300px\" \/><\/a><\/span><\/h1>\n<h1><\/h1>\n<h1><\/h1>\n<h1><span style=\"color: #000000;\">30 luglio&#8230; alla radio l&#8217;almanacco\u00a0<\/span><\/h1>\n<audio class=\"wp-audio-shortcode\" id=\"audio-401928-2\" preload=\"none\" style=\"width: 100%;\" controls=\"controls\"><source type=\"audio\/mpeg\" src=\"https:\/\/www.radiopiu.net\/wordpress\/wp-content\/uploads\/2024\/07\/ALMANACCONEW-25.mp3?_=2\" \/><a href=\"https:\/\/www.radiopiu.net\/wordpress\/wp-content\/uploads\/2024\/07\/ALMANACCONEW-25.mp3\">https:\/\/www.radiopiu.net\/wordpress\/wp-content\/uploads\/2024\/07\/ALMANACCONEW-25.mp3<\/a><\/audio>\n<p>&nbsp;<\/p>\n<p>&nbsp;<\/p>\n<div dir=\"auto\">\n<hr \/>\n<\/div>\n<\/div>\n<blockquote>\n<blockquote>\n<h1><span style=\"color: #ff0000;\">\u00a0<\/span><\/h1>\n<h1><span style=\"color: #ff0000;\">I podcast informativi del mattino &#8211; audio &#8211;\u00a0\u00a0<\/span><\/h1>\n<\/blockquote>\n<p><strong><a class=\"dt-pswp-item\" href=\"https:\/\/www.radiopiu.net\/wordpress\/wp-content\/uploads\/2023\/11\/th-10.jpg\" data-dt-img-description=\"\" data-large_image_width=\"320\" data-large_image_height=\"180\"><img loading=\"lazy\" decoding=\"async\" class=\"wp-image-362866 alignleft\" src=\"https:\/\/www.radiopiu.net\/wordpress\/wp-content\/uploads\/2023\/11\/th-10-300x169.jpg\" alt=\"\" width=\"185\" height=\"104\" srcset=\"https:\/\/www.radiopiu.net\/wordpress\/wp-content\/uploads\/2023\/11\/th-10-300x169.jpg 300w, https:\/\/www.radiopiu.net\/wordpress\/wp-content\/uploads\/2023\/11\/th-10.jpg 320w\" sizes=\"auto, (max-width: 185px) 100vw, 185px\" \/><\/a>LA RASSEGNA STAMPA NAZIONALE ALLA RADIO, OGNI GIORNO ALLE 5 E ALLE 6 DEL MATTINO <span style=\"color: #0000ff;\">viene pubblicata alle 6.00 <span style=\"color: #ff0000;\">DIRETTA RADIO\u00a0 \u00a0\u00a0<\/span><\/span><\/strong><\/p><\/blockquote>\n<p>&nbsp;<\/p>\n<p><strong>NOTIZIE DELLA NOTTE<br \/>\n<\/strong><\/p>\n<p><strong>Meloni<\/strong> la Cina, smetta di sostenere la Russia <strong>Parigi:<\/strong> Senna inquinata, rinviata gara di triathlon maschile<br \/>\n<strong>Cnn<\/strong>, &#8216;figlia di Kim Jong-Un addestrata per successione al padre&#8217; <strong>Usa,<\/strong> governatore North Carolina si ritira da corsa a vice Harris <strong>Scontri<\/strong> tra polizia e manifestanti a Caracas <strong>&#8216;007 Usa<\/strong>, Iran lavora per danneggiare la campagna di Trump&#8217;<\/p>\n<h2>AUDIO dalle 6 del mattino<\/h2>\n<audio class=\"wp-audio-shortcode\" id=\"audio-401928-3\" preload=\"none\" style=\"width: 100%;\" controls=\"controls\"><source type=\"audio\/mpeg\" src=\"https:\/\/www.radiopiu.net\/wordpress\/wp-content\/uploads\/2024\/07\/GIORNALEDELLESEI-25.mp3?_=3\" \/><a href=\"https:\/\/www.radiopiu.net\/wordpress\/wp-content\/uploads\/2024\/07\/GIORNALEDELLESEI-25.mp3\">https:\/\/www.radiopiu.net\/wordpress\/wp-content\/uploads\/2024\/07\/GIORNALEDELLESEI-25.mp3<\/a><\/audio>\n<p>&nbsp;<\/p>\n<p>&nbsp;<\/p>\n<hr \/>\n<p>&nbsp;<\/p>\n<h1 style=\"text-align: center;\"><span style=\"color: #ff0000;\">I podcast informativi del mattino &#8211; audio &#8211;\u00a0<\/span><\/h1>\n<p><strong><a class=\"dt-pswp-item\" href=\"https:\/\/www.radiopiu.net\/wordpress\/wp-content\/uploads\/2023\/12\/images.png\" data-dt-img-description=\"\" data-large_image_width=\"316\" data-large_image_height=\"160\"><img loading=\"lazy\" decoding=\"async\" class=\"wp-image-367008 alignleft\" src=\"https:\/\/www.radiopiu.net\/wordpress\/wp-content\/uploads\/2023\/12\/images-300x152.png\" alt=\"\" width=\"235\" height=\"119\" srcset=\"https:\/\/www.radiopiu.net\/wordpress\/wp-content\/uploads\/2023\/12\/images-300x152.png 300w, https:\/\/www.radiopiu.net\/wordpress\/wp-content\/uploads\/2023\/12\/images.png 316w\" sizes=\"auto, (max-width: 235px) 100vw, 235px\" \/><\/a>OGNI GIORNO ALLE SETTE DEL MATTINO, LA RASSEGNA STAMPA LOCALE FLASH&#8230; PER CHI VA IN FRETTA. I TITOLI DAI GIORNALI E DAL SITO WWW.RADIOPIU.NET <span style=\"color: #0000ff;\">viene pubblicato alle 7.00<\/span> <span style=\"color: #ff0000;\">DIRETTA RADIO\u00a0<\/span><\/strong><\/p>\n<p><em><span style=\"color: #ff0000;\">per chi va in fretta&#8230; tante notizie in pochi minuti. L&#8217;informazione locale alla radio, ogni ora dalle 7 del mattino alle 19 della sera.\u00a0\u00a0<\/span><\/em><\/p>\n<p>COMELICO Ieri l\u2019elicottero del Suem di Pieve di Cadore \u00e8 volato nei pressi del Rifugio Lunelli, per un escursionista che si era sentito poco bene, mentre si trovava in compagnia vicino ad un torrente. Sbarcati poco distante, tecnico di elisoccorso ed equipe medica hanno dato prima assistenza al 74enne di Jesi (AN) e ne hanno verificato le condizioni. Appurato che l\u2019uomo stava meglio e non aveva bisogno di ulteriori approfondimenti di carattere sanitario, l\u2019equipaggio \u00e8 rientrato in base.<br \/>\nBELLUNO Due interventi in poche ore per l\u2019elicottero giallo. Alle 9.18 di ieri a Motta di Livenza per un incidente stradale, soccorsa una donna di nazionalit\u00e0 francese di 27 anni in condizioni di media gravit\u00e0, trasportata al C\u00e0 Foncello di Treviso. A mezzogiorno al Rifugio Lunelli allarme per un malore, l\u2019uomo 75enne di Ancona (evidentemente non in condizioni gravi) \u00e8 stato controllato sul posto, l\u2019elicottero \u00e8 rientrato poi alla base. L\u2019ambulanza del ProntoSoccorso di Belluno sulla strada i Roncan, verso Quantin, ha prestato soccorso a un 69enne vittima di una caduta, \u00e8 stato medicato al San Martino di Belluno<br \/>\nPONTE NELLE ALPI Un uomo \u00e8 precipitato in un burrone mentre cercava di recuperare il suo cellulare a Ponte nelle Alpi. L\u2019incidente \u00e8 avvenuto durante una passeggiata in una zona collinare quando l\u2019uomo ha perso il telefono, che \u00e8 scivolato oltre il bordo del sentiero. Nel tentativo di recuperarlo, l\u2019uomo ha perso l\u2019equilibrio ed \u00e8 caduto in un burrone profondo circa 10 metri. Fortunatamente, i soccorritori sono intervenuti prontamente grazie all\u2019allarme dato da alcuni passanti che hanno assistito alla scena. Dopo un\u2019operazione di recupero complicata, l\u2019uomo \u00e8 stato eistratto dal burrone e trasportato all\u2019ospedale locale. Nonostante le ferite riportate, \u00e8 in condizioni stabili<br \/>\nPARIGI (FRANCIA) \u2013 EssilorLuxottica annuncia il lancio di un programma di acquisto di azioni proprie che riflette la fiducia della Societ\u00e0 nella sua capacit\u00e0 di creare valore e nelle sue prospettive di lungo periodo. Per attuare il programma di acquisto, la Societ\u00e0 ha dato mandato a un intermediario specializzato per l\u2019acquisto di un massimo di 4.000.000 azioni EssilorLuxottica, da effettuare, a seconda delle condizioni di mercato, nel periodo che va dal 29 luglio 2024 fino alla data ultima del 29 ottobre 2025.<\/p>\n<h1>AUDIO dalle 7 del mattino<\/h1>\n<audio class=\"wp-audio-shortcode\" id=\"audio-401928-4\" preload=\"none\" style=\"width: 100%;\" controls=\"controls\"><source type=\"audio\/mpeg\" src=\"https:\/\/www.radiopiu.net\/wordpress\/wp-content\/uploads\/2024\/07\/GF07-22.mp3?_=4\" \/><a href=\"https:\/\/www.radiopiu.net\/wordpress\/wp-content\/uploads\/2024\/07\/GF07-22.mp3\">https:\/\/www.radiopiu.net\/wordpress\/wp-content\/uploads\/2024\/07\/GF07-22.mp3<\/a><\/audio>\n<p>&nbsp;<\/p>\n<hr \/>\n<p>&nbsp;<\/p>\n<h1><\/h1>\n<h1 style=\"text-align: center;\"><span style=\"color: #ff0000;\"><a class=\"dt-pswp-item\" href=\"https:\/\/www.radiopiu.net\/wordpress\/wp-content\/uploads\/2022\/01\/026c3f9d-dae9-4040-a3c1-a6530231bcc3.jpg\" data-dt-img-description=\"\" data-large_image_width=\"1152\" data-large_image_height=\"2048\"><img loading=\"lazy\" decoding=\"async\" class=\"wp-image-251839 alignleft\" src=\"https:\/\/www.radiopiu.net\/wordpress\/wp-content\/uploads\/2022\/01\/026c3f9d-dae9-4040-a3c1-a6530231bcc3-169x300.jpg\" alt=\"\" width=\"100\" height=\"177\" srcset=\"https:\/\/www.radiopiu.net\/wordpress\/wp-content\/uploads\/2022\/01\/026c3f9d-dae9-4040-a3c1-a6530231bcc3-169x300.jpg 169w, https:\/\/www.radiopiu.net\/wordpress\/wp-content\/uploads\/2022\/01\/026c3f9d-dae9-4040-a3c1-a6530231bcc3-576x1024.jpg 576w, https:\/\/www.radiopiu.net\/wordpress\/wp-content\/uploads\/2022\/01\/026c3f9d-dae9-4040-a3c1-a6530231bcc3-768x1365.jpg 768w, https:\/\/www.radiopiu.net\/wordpress\/wp-content\/uploads\/2022\/01\/026c3f9d-dae9-4040-a3c1-a6530231bcc3-864x1536.jpg 864w, https:\/\/www.radiopiu.net\/wordpress\/wp-content\/uploads\/2022\/01\/026c3f9d-dae9-4040-a3c1-a6530231bcc3.jpg 1152w\" sizes=\"auto, (max-width: 100px) 100vw, 100px\" \/><\/a>I podcast informativi del mattino &#8211; audio &#8211;\u00a0<\/span><\/h1>\n<blockquote><p><strong>GIORNALE RADIO NAZIONALE, EDIZIONE DELLE SETTE <span style=\"color: #0000ff;\">viene pubblicato alle 7.05 <span style=\"color: #ff0000;\">DIRETTA RADIO\u00a0<\/span><\/span><\/strong><\/p><\/blockquote>\n<p><strong>il giornale radionazionale e&#8217; in onda ogni ora, dalle sette del mattino alle venti della sera\u00a0 \u00a0<\/strong><strong>\u00a0<\/strong><\/p>\n<p><strong>SALERNO<\/strong> Abusi su tre allieve minori, arrestato maestro di arti marziali <strong>MILANO<\/strong> Ingannato da finta Dua Lipa, uomo trovato morto nell&#8217;Adda <strong>ROMA<\/strong> Colonnello in pensione indagato per propaganda all&#8217;odio razziale <strong>VENEZIA<\/strong> Moria di granchi blu sulla costa veneta: &#8216;Uccisi dalla mucillagine&#8217; <strong>FIRENZE<\/strong> Sequestrate 45 minuti psichiatra e infermiera <strong>COSENZA<\/strong> Autovelox illegali, disposto il sequestro preventivo Polstrada, prototipo Autovelox differente da quello depositato al ministero delle Infrastrutture e dei Trasporti<\/p>\n<h2>AUDIO dalle sette del mattino, ogni ora alla radio<\/h2>\n<audio class=\"wp-audio-shortcode\" id=\"audio-401928-5\" preload=\"none\" style=\"width: 100%;\" controls=\"controls\"><source type=\"audio\/mpeg\" src=\"https:\/\/www.radiopiu.net\/wordpress\/wp-content\/uploads\/2024\/07\/giornale07-24.mp3?_=5\" \/><a href=\"https:\/\/www.radiopiu.net\/wordpress\/wp-content\/uploads\/2024\/07\/giornale07-24.mp3\">https:\/\/www.radiopiu.net\/wordpress\/wp-content\/uploads\/2024\/07\/giornale07-24.mp3<\/a><\/audio>\n<p>&nbsp;<\/p>\n<p>&nbsp;<\/p>\n<hr \/>\n<p>&nbsp;<\/p>\n<p>&nbsp;<\/p>\n<h1><span style=\"color: #ff0000;\">I podcast informativi del mattino &#8211; video &#8211;\u00a0<\/span><\/h1>\n<h2><strong><a class=\"dt-pswp-item\" href=\"https:\/\/www.radiopiu.net\/wordpress\/wp-content\/uploads\/2023\/12\/th-10.jpg\" data-dt-img-description=\"\" data-large_image_width=\"245\" data-large_image_height=\"180\"><img loading=\"lazy\" decoding=\"async\" class=\" wp-image-367395 alignleft\" src=\"https:\/\/www.radiopiu.net\/wordpress\/wp-content\/uploads\/2023\/12\/th-10.jpg\" alt=\"\" width=\"166\" height=\"122\" \/><\/a>RASSEGNA STAMPA LOCALE, ORE OTTO 05<\/strong><\/h2>\n<h2><strong> <span style=\"color: #0000ff;\">viene\u00a0 <\/span><\/strong><strong><span style=\"color: #0000ff;\">pubblicata alle 8.05 <span style=\"color: #ff0000;\">DIRETTA RADIO\u00a0\u00a0<\/span><\/span><\/strong><\/h2>\n<p><strong>DI MIRKO MEZZACASA\u00a0 \u00a0<\/strong><button class=\"rounded-lg text-token-text-secondary hover:bg-token-main-surface-secondary\"><\/button><\/p>\n<p><strong>OGGI SUL Corriere delle Alpi E NOTIZIARI DI Radio Pi\u00f9<\/strong><\/p>\n<p>BUSCHE Il primo giorno del bollino nero sulla statale tra Feltre e Belluno ha superato ogni aspettativa negativa, causando disagi enormi. La chiusura del cavalcaferrovia tra Pont e Busche, con l\u2019apertura di una bretella temporanea, ha provocato code chilometriche e confusione. La situazione \u00e8 stata aggravata da un senso unico alternato e dal passaggio di camion oltre 7,5 tonnellate, nonostante le restrizioni. Il caos durer\u00e0 fino al completamento dell\u2019elettrificazione ferroviaria, previsto per il 15 ottobre, rendendo necessaria una gestione del traffico pi\u00f9 efficace.<br \/>\nSTRADE SECONDARIE<br \/>\nC\u2019\u00e8 chi sui sociale consiglia strade secondarie, ma dagli addetti ai soccorsi l\u2019invito a prestare attenzione. il messaggio dalla chat VPB \u2013 Viabilit\u00e0 Provincia Belluno: &#8230; lavoro per il pronto soccorso di Feltre, visto la colonna creatasi oggi sul cavalcavia di Busche, causa lavori e l\u2019impossibilit\u00e0 di varco coi mezzi di emergenza non \u00e8 meglio lasciare le strade secondarie libere per i mezzi di soccorso?<br \/>\nBELLUNO per lavori di manutenzione, sono previste chiusure stradali notturne. Fino a domani il tratto tra lo svincolo di Belluno e il bivio A27\/SS51 Alemagna sar\u00e0 chiuso dalle 22:00 alle 06:00. \u00c8 consigliata l\u2019uscita a Belluno Svincolo per chi proviene da Belluno. Un\u2019altra chiusura \u00e8 prevista tra il bivio A27\/SS51 Alemagna e lo svincolo di Belluno dalle 22:00 del 31 luglio alle 06:00 del 1 agosto 2024. L\u2019ingresso consigliato per Belluno \u00e8 Belluno Svincolo. Inoltre, l\u2019area di servizio Ponte nelle Alpi sar\u00e0 inaccessibile negli stessi orari dal 31 luglio al 1 agosto 2024. Gli automobilisti sono invitati a pianificare percorsi alternativi per evitare disagi durante questi periodi di chiusura.<br \/>\nLIVINALLONGO In localit\u00e0 Collaz l\u2019acqua erogata dall\u2019acquedotto \u00e8 di nuovo potabile e pu\u00f2 essere usata, quindi, per scopi alimentari<br \/>\nALLEGHE In seguito a degli accertamenti d parte dell\u2019ULSS 1 Dolomiti che hanno evidenziato una difformit\u00e0 dei parametri microbiologici si consiglia di non utilizzare l\u2019acqua per scopi alimentari<br \/>\nAGORDO nelle localit\u00e0 Piasent, Colvignas, Campon e Le Foche l\u2019acqua erogata dall\u2019acquedotto \u00e8 di nuovo potabile e pu\u00f2 essere usata, quindi, per scopi alimentari.<br \/>\nBELLUNO Il Consiglio Generale della Cisl Belluno Treviso si riunir\u00e0 gioved\u00ec 1\u00b0 agosto al Park Hotel di Villa Fiorita a Monastier di Treviso per eleggere il nuovo segretario generale dopo l\u2019elezione di Massimiliano Paglini a segretario generale della Cisl Veneto DOMANI ALLE 10.30 E 1900 MASSIMO PAGLINI IN DIRETTA SU RADIOPIU di mirko mezzacasa<\/p>\n<p>&nbsp;<\/p>\n<p>&nbsp;<\/p>\n<h2><span style=\"color: #ff0000;\"><strong>VIDEO\u00a0 \u00a0in diretta dalle 8 del mattino\u00a0<\/strong><\/span><\/h2>\n<p><iframe loading=\"lazy\" title=\"DAL 1983 LA RASSEGNA STAMPA LOCALE di mirko mezzacasa. L&#039;ORIGINALE\" width=\"1200\" height=\"675\" src=\"https:\/\/www.youtube.com\/embed\/yJhyOznRNTY?feature=oembed\" frameborder=\"0\" allow=\"accelerometer; autoplay; clipboard-write; encrypted-media; gyroscope; picture-in-picture; web-share\" referrerpolicy=\"strict-origin-when-cross-origin\" allowfullscreen><\/iframe><\/p>\n<p>&nbsp;<\/p>\n<hr \/>\n<p>&nbsp;<\/p>\n<p>&nbsp;<\/p>\n<p><strong><a class=\"dt-pswp-item\" href=\"https:\/\/www.radiopiu.net\/wordpress\/wp-content\/uploads\/2023\/12\/ANTENNA.png\" data-dt-img-description=\"\" data-large_image_width=\"300\" data-large_image_height=\"166\"><img loading=\"lazy\" decoding=\"async\" class=\" wp-image-366306 alignleft\" src=\"https:\/\/www.radiopiu.net\/wordpress\/wp-content\/uploads\/2023\/12\/ANTENNA.png\" alt=\"\" width=\"175\" height=\"97\" \/><\/a>IERI SERA, DAL TG DI ANTENNA 3, ogni sera alle 19 le anticipazioni alla radio, quello che poi seguirete nel TELEGIORNALE BELLUNESE\u00a0 in onda alle 19.30 sul CANALE 10 del digitale terrestre.\u00a0\u00a0<\/strong><\/p>\n<p>&nbsp;<\/p>\n<p><span style=\"color: #ff0000;\"><strong>\u00a0IERI SERA ALLA RADIO&#8230; LE ANTICIPAZIONI DI\u00a0 STEFANO BOZZI<\/strong><\/span><\/p>\n<audio class=\"wp-audio-shortcode\" id=\"audio-401928-6\" preload=\"none\" style=\"width: 100%;\" controls=\"controls\"><source type=\"audio\/mpeg\" src=\"https:\/\/www.radiopiu.net\/wordpress\/wp-content\/uploads\/2024\/07\/ANTENNA3-20.mp3?_=6\" \/><a href=\"https:\/\/www.radiopiu.net\/wordpress\/wp-content\/uploads\/2024\/07\/ANTENNA3-20.mp3\">https:\/\/www.radiopiu.net\/wordpress\/wp-content\/uploads\/2024\/07\/ANTENNA3-20.mp3<\/a><\/audio>\n<p><span style=\"color: #ff0000;\"><strong>\u00a0<\/strong><\/span><\/p>\n<hr \/>\n<p>&nbsp;<\/p>\n<blockquote>\n<h3>POSTICIPATI I LAVORI SULLA STRADA DI TAIER A TAIBON<\/h3>\n<\/blockquote>\n<p><strong>TAIBON <\/strong>La chiusura della strada comunale di Taier, prevista per la settimana dal 29 luglio al 3 agosto, \u00e8 stata posticipata come segue: Divieto di transito per tutti i veicoli dal 5 agosto alle 7 fino al 10 agosto alle 18. Senso unico alternato regolato a vista e\/o da movieri dal 10 agosto alle 18 fino al 27 settembre alle 18.00.<\/p>\n<p>&nbsp;<\/p>\n<blockquote>\n<h3><strong>Chiusura Stradale e Area di Servizio a Belluno e Ponte nelle Alpi<\/strong><\/h3>\n<\/blockquote>\n<p><strong><a class=\"dt-pswp-item\" href=\"https:\/\/www.radiopiu.net\/wordpress\/wp-content\/uploads\/2024\/07\/mirk-6.jpg\" data-dt-img-description=\"\" data-large_image_width=\"1072\" data-large_image_height=\"1157\"><img loading=\"lazy\" decoding=\"async\" class=\"wp-image-402235 alignleft\" src=\"https:\/\/www.radiopiu.net\/wordpress\/wp-content\/uploads\/2024\/07\/mirk-6-278x300.jpg\" alt=\"\" width=\"178\" height=\"192\" srcset=\"https:\/\/www.radiopiu.net\/wordpress\/wp-content\/uploads\/2024\/07\/mirk-6-278x300.jpg 278w, https:\/\/www.radiopiu.net\/wordpress\/wp-content\/uploads\/2024\/07\/mirk-6-949x1024.jpg 949w, https:\/\/www.radiopiu.net\/wordpress\/wp-content\/uploads\/2024\/07\/mirk-6-768x829.jpg 768w, https:\/\/www.radiopiu.net\/wordpress\/wp-content\/uploads\/2024\/07\/mirk-6.jpg 1072w\" sizes=\"auto, (max-width: 178px) 100vw, 178px\" \/><\/a>BELLUNO<\/strong> \u00a0per lavori di manutenzione, sono previste chiusure stradali notturne. Fino a domani il tratto tra lo svincolo di Belluno e il bivio A27\/SS51 Alemagna sar\u00e0 chiuso dalle 22:00 alle 06:00. \u00c8 consigliata l&#8217;uscita a Belluno Svincolo per chi proviene da Belluno. Un&#8217;altra chiusura \u00e8 prevista tra il bivio A27\/SS51 Alemagna e lo svincolo di Belluno dalle 22:00 del 31 luglio alle 06:00 del 1 agosto 2024. L&#8217;ingresso consigliato per Belluno \u00e8 Belluno Svincolo. Inoltre, l&#8217;area di servizio Ponte nelle Alpi sar\u00e0 inaccessibile negli stessi orari dal 31 luglio al 1 agosto 2024. Gli automobilisti sono invitati a pianificare percorsi alternativi per evitare disagi durante questi periodi di chiusura.<\/p>\n<p>&nbsp;<\/p>\n<p>&nbsp;<\/p>\n<p>&nbsp;<\/p>\n<p>&nbsp;<\/p>\n<p>&nbsp;<\/p>\n<hr \/>\n<p>&nbsp;<\/p>\n<blockquote>\n<h3>ACQUA INQUINATA E RIENTRI POTABILITA&#8217;<\/h3>\n<\/blockquote>\n<p><strong>LIVINALLONGO<\/strong>\u00a0In localit\u00e0 Collaz\u00a0 l\u2019acqua erogata dall\u2019acquedotto \u00e8 di nuovo potabile e pu\u00f2 essere usata, quindi, per scopi alimentari<\/p>\n<p><strong>ALLEGHE<\/strong> In seguito a degli accertamenti d parte dell&#8217;ULSS 1 Dolomiti che hanno evidenziato una difformit\u00e0 dei parametri microbiologici si consiglia di non utilizzare l&#8217;acqua per scopi alimentari<\/p>\n<p><strong>AGORDO <\/strong>nelle localit\u00e0 Piasent, Colvignas, Campon e Le Foche l&#8217;acqua erogata dall&#8217;acquedotto \u00e8 di nuovo potabile e pu\u00f2 essere usata, quindi, per scopi alimentari.<\/p>\n<p>&nbsp;<\/p>\n<p>&nbsp;<\/p>\n<hr \/>\n<p>&nbsp;<\/p>\n<blockquote>\n<h3><strong>Morte dopo l&#8217;Alpe del Nevegal: Aperta un&#8217;Inchiesta per Omicidio e Lesioni Stradali<\/strong><\/h3>\n<\/blockquote>\n<p><strong><a class=\"dt-pswp-item\" href=\"https:\/\/www.radiopiu.net\/wordpress\/wp-content\/uploads\/2024\/07\/Senza-nome-114.png\" data-dt-img-description=\"\" data-large_image_width=\"515\" data-large_image_height=\"328\"><img loading=\"lazy\" decoding=\"async\" class=\" wp-image-401943 alignleft\" src=\"https:\/\/www.radiopiu.net\/wordpress\/wp-content\/uploads\/2024\/07\/Senza-nome-114-300x191.png\" alt=\"\" width=\"258\" height=\"164\" srcset=\"https:\/\/www.radiopiu.net\/wordpress\/wp-content\/uploads\/2024\/07\/Senza-nome-114-300x191.png 300w, https:\/\/www.radiopiu.net\/wordpress\/wp-content\/uploads\/2024\/07\/Senza-nome-114.png 515w\" sizes=\"auto, (max-width: 258px) 100vw, 258px\" \/><\/a>BELLUNO<\/strong> La Procura di Belluno con il sostituto Procuratore Roberta Gallego ha avviato un&#8217;indagine per omicidio e lesioni stradali dopo l&#8217;incidente durante l&#8217;Alpe del Nevegal, in cui ha perso la vita Manuele Micheletto e Christian Candeago ha riportato gravi ferite, il carrozziere di Caleipo \u00e8 ricoverato in prognosi riservata (ma non in pericolo di vita) al San Martino di Belluno. Mentre stavano recuperando gli estintori lungo il percorso della cronoscalata, il rimorchio del veicolo guidato dal giovane Davide Selvestrel si \u00e8 ribaltato, travolgendo i due volontari. Micheletto \u00e8 deceduto sul colpo. Il test alcolemico su Selvestrel <em>&#8211; come riporta il Corriere delle Alpi &#8211;<\/em> \u00e8 risultato negativo. Le indagini preliminari della Polizia Stradale, guidate da Luciana Giorgi, sono in corso, e ulteriori sviluppi potrebbero coinvolgere l&#8217;organizzazione dell&#8217;evento<\/p>\n<p>&nbsp;<\/p>\n<p>&nbsp;<\/p>\n<p>&nbsp;<\/p>\n<div class=\"mt-1 flex gap-3 empty:hidden -ml-2\">\n<div class=\"items-center justify-start rounded-xl p-1 flex\">\n<div class=\"flex items-center\"><\/div>\n<div>\n<h1 class=\"_title post-title entry-title\"><a class=\"dt-pswp-item\" href=\"https:\/\/www.radiopiu.net\/wordpress\/wp-content\/uploads\/2023\/12\/ANTENNA.png\" data-dt-img-description=\"\" data-large_image_width=\"300\" data-large_image_height=\"166\"><img loading=\"lazy\" decoding=\"async\" class=\"wp-image-366306 alignleft\" src=\"https:\/\/www.radiopiu.net\/wordpress\/wp-content\/uploads\/2023\/12\/ANTENNA.png\" alt=\"\" width=\"193\" height=\"107\" \/><\/a>BELLUNO | TRAGEDIA ALL\u201dALPE DEL NEVEGAL\u2019, GLI ORGANIZZATORI: \u00abDISPERATI\u00bb<\/h1>\n<p>(Servizio di\u00a0<a href=\"https:\/\/antennatre.medianordest.it\/redazione\/Stefano-Bozzi\/\">Stefano Bozzi<\/a>)<\/p>\n<p><iframe loading=\"lazy\" title=\"TRAGEDIA ALL&#039;&#039;ALPE DEL NEVEGAL&#039;, GLI ORGANIZZATORI: \u00abDISPERATI\u00bb | 29\/07\/2024\" width=\"1200\" height=\"675\" src=\"https:\/\/www.youtube.com\/embed\/-fjXG4LevHs?feature=oembed\" frameborder=\"0\" allow=\"accelerometer; autoplay; clipboard-write; encrypted-media; gyroscope; picture-in-picture; web-share\" referrerpolicy=\"strict-origin-when-cross-origin\" allowfullscreen><\/iframe><\/p>\n<\/div>\n<div><\/div>\n<div><\/div>\n<div><\/div>\n<div><\/div>\n<div><\/div>\n<div>\n<hr \/>\n<\/div>\n<div>\n<blockquote>\n<h3><strong><a class=\"dt-pswp-item\" href=\"https:\/\/www.radiopiu.net\/wordpress\/wp-content\/uploads\/2024\/07\/Senza-nome-122.png\" data-dt-img-description=\"\" data-large_image_width=\"263\" data-large_image_height=\"298\"><img loading=\"lazy\" decoding=\"async\" class=\"wp-image-402244 alignleft\" src=\"https:\/\/www.radiopiu.net\/wordpress\/wp-content\/uploads\/2024\/07\/Senza-nome-122.png\" alt=\"\" width=\"113\" height=\"128\" \/><\/a>Limana in Lutto per la Scomparsa di Elvi Sommacal<\/strong><\/h3>\n<\/blockquote>\n<p><strong>LIMANA<\/strong> Elvi Sommacal, stimato elettricista di Limana, \u00e8 morto improvvisamente a 55 anni, lasciando la comunit\u00e0 sconvolta. Probabile causa del decesso un infarto, ma l&#8217;autopsia chiarir\u00e0. Sommacal era noto per il suo volontariato nella Pro Loco locale, sempre disponibile e attivo nella comunit\u00e0. Lascia moglie e due figli piccoli.<\/p>\n<div class=\"mt-1 flex gap-3 empty:hidden -ml-2\">\n<div class=\"items-center justify-start rounded-xl p-1 flex\">\n<div class=\"flex items-center\">\n<div class=\"flex\"><\/div>\n<div><\/div>\n<div><\/div>\n<div><\/div>\n<div><\/div>\n<div class=\"flex items-center pb-0\">\n<div class=\"[&amp;_svg]:h-full [&amp;_svg]:w-full icon-md h-4 w-4\"><\/div>\n<div>\n<hr \/>\n<\/div>\n<div>\n<blockquote><p><strong>Michela Onali Santoni: Tragico Incidente sulle Marmarole<\/strong><\/p><\/blockquote>\n<p><strong><a class=\"dt-pswp-item\" href=\"https:\/\/www.radiopiu.net\/wordpress\/wp-content\/uploads\/2024\/07\/Senza-nome-123.png\" data-dt-img-description=\"\" data-large_image_width=\"265\" data-large_image_height=\"249\"><img loading=\"lazy\" decoding=\"async\" class=\" wp-image-402246 alignleft\" src=\"https:\/\/www.radiopiu.net\/wordpress\/wp-content\/uploads\/2024\/07\/Senza-nome-123.png\" alt=\"\" width=\"156\" height=\"147\" \/><\/a>CORTINA-GENOVA<\/strong> Michela Onali Santoni, psicologa genovese di 34 anni, \u00e8 morta tragicamente sulle Marmarole a causa di una frana improvvisa. Mentre scendeva il Vallon del Froppa con cinque amici, una scarica di detriti rocciosi l&#8217;ha colpita mortalmente. L&#8217;incidente \u00e8 avvenuto in un&#8217;area con scarsa copertura telefonica, complicando la chiamata dei soccorsi. L&#8217;elicottero del Suem ha faticato a individuare il luogo a causa delle nubi e della scarsa visibilit\u00e0. La salma \u00e8 stata recuperata e trasportata a Pieve di Cadore. Gli amici, sconvolti dall&#8217;accaduto, sono stati portati al Rifugio Baion e successivamente all&#8217;ospedale. Michela era molto amata e il suo decesso ha lasciato un grande vuoto nella comunit\u00e0 genovese.<\/p>\n<\/div>\n<\/div>\n<div><\/div>\n<div><\/div>\n<div><\/div>\n<div><\/div>\n<\/div>\n<\/div>\n<\/div>\n<\/div>\n<\/div>\n<\/div>\n<p>&nbsp;<\/p>\n<hr \/>\n<p>&nbsp;<\/p>\n<div class=\"page-title-head hgroup\">\n<blockquote>\n<h3 class=\"entry-title\">MALORE IN QUOTA L&#8217;ELICOTTERO DECOLLA, MA NON E&#8217; SERVITO ALCUN INTERVENTO<\/h3>\n<\/blockquote>\n<\/div>\n<p><strong>COMELICO<\/strong> Ieri \u00a0l\u2019elicottero del Suem di Pieve di Cadore \u00e8 volato nei pressi del Rifugio Lunelli, per un escursionista che si era sentito poco bene, mentre si trovava in compagnia vicino ad un torrente. Sbarcati poco distante, tecnico di elisoccorso ed equipe medica hanno dato prima assistenza al 74enne di Jesi (AN) e ne hanno verificato le condizioni. Appurato che l\u2019uomo stava meglio e non aveva bisogno di ulteriori approfondimenti di carattere sanitario, l\u2019equipaggio \u00e8 rientrato in base.<\/p>\n<blockquote>\n<h3><\/h3>\n<h3>FALCO: DA MOTTA DI LIVENZA AL LUNELLI<\/h3>\n<\/blockquote>\n<p><strong>BELLUNO<\/strong> Due interventi in poche ore per l&#8217;elicottero giallo. Alle 9.18 di ieri a Motta di Livenza per un incidente stradale, soccorsa una donna di nazionalit\u00e0 francese di 27 anni in condizioni di media gravit\u00e0, trasportata al C\u00e0 Foncello di Treviso.\u00a0 A mezzogiorno al Rifugio Lunelli allarme per un malore, l&#8217;uomo 75enne di Ancona (evidentemente non in condizioni gravi) \u00e8 stato controllato sul posto, l&#8217;elicottero \u00e8 rientrato poi alla base. L&#8217;ambulanza del ProntoSoccorso di Belluno sulla strada i Roncan, verso Quantin, ha prestato soccorso a un 69enne vittima di una caduta, \u00e8 stato medicato al San Martino di Belluno<\/p>\n<p>&nbsp;<\/p>\n<hr \/>\n<p>&nbsp;<\/p>\n<blockquote>\n<h3>Ponte nelle Alpi, Precipita in un Burrone per Recuperare il Cellulare<\/h3>\n<\/blockquote>\n<p>Un uomo \u00e8 precipitato in un burrone mentre cercava di recuperare il suo cellulare a Ponte nelle Alpi. L&#8217;incidente \u00e8 avvenuto durante una passeggiata in una zona collinare quando l&#8217;uomo ha perso il telefono, che \u00e8 scivolato oltre il bordo del sentiero. Nel tentativo di recuperarlo, l&#8217;uomo ha perso l&#8217;equilibrio ed \u00e8 caduto in un burrone profondo circa 10 metri. Fortunatamente, i soccorritori sono intervenuti prontamente grazie all\u2019allarme dato da alcuni passanti che hanno assistito alla scena. Dopo un\u2019operazione di recupero complicata, l&#8217;uomo \u00e8 stato eistratto dal burrone e trasportato all&#8217;ospedale locale. Nonostante le ferite riportate, \u00e8 in condizioni stabili<\/p>\n\n\t\t\t<style type='text\/css'>\n\t\t\t\t#gallery-2 {\n\t\t\t\t\tmargin: auto;\n\t\t\t\t}\n\t\t\t\t#gallery-2 .gallery-item {\n\t\t\t\t\tfloat: left;\n\t\t\t\t\tmargin-top: 10px;\n\t\t\t\t\ttext-align: center;\n\t\t\t\t\twidth: 20%;\n\t\t\t\t}\n\t\t\t\t#gallery-2 img {\n\t\t\t\t\tborder: 2px solid #cfcfcf;\n\t\t\t\t}\n\t\t\t\t#gallery-2 .gallery-caption {\n\t\t\t\t\tmargin-left: 0;\n\t\t\t\t}\n\t\t\t\t\/* see gallery_shortcode() in wp-includes\/media.php *\/\n\t\t\t<\/style>\n\t\t<div id='gallery-2' class='dt-gallery-container gallery galleryid-401928 gallery-columns-5 gallery-size-thumbnail'><dl class='gallery-item'>\n\t\t\t\t<dt class='gallery-icon portrait'>\n\t\t\t\t\t<a class=\"rollover rollover-zoom dt-pswp-item\" title=\"472cb9d5-624a-4a20-9af3-46c71adad4ac\" data-dt-img-description=\"\" data-large_image_width=\"960\" data-large_image_height=\"1280\"href='https:\/\/www.radiopiu.net\/wordpress\/wp-content\/uploads\/2024\/07\/472cb9d5-624a-4a20-9af3-46c71adad4ac.jpg'><img loading=\"lazy\" decoding=\"async\" width=\"150\" height=\"150\" src=\"https:\/\/www.radiopiu.net\/wordpress\/wp-content\/uploads\/2024\/07\/472cb9d5-624a-4a20-9af3-46c71adad4ac-150x150.jpg\" class=\"attachment-thumbnail size-thumbnail\" alt=\"\" \/><\/a>\n\t\t\t\t<\/dt><\/dl><dl class='gallery-item'>\n\t\t\t\t<dt class='gallery-icon portrait'>\n\t\t\t\t\t<a class=\"rollover rollover-zoom dt-pswp-item\" title=\"babd829b-988b-45b9-8766-e42952494edc\" data-dt-img-description=\"\" data-large_image_width=\"964\" data-large_image_height=\"1280\"href='https:\/\/www.radiopiu.net\/wordpress\/wp-content\/uploads\/2024\/07\/babd829b-988b-45b9-8766-e42952494edc.jpg'><img loading=\"lazy\" decoding=\"async\" width=\"150\" height=\"150\" src=\"https:\/\/www.radiopiu.net\/wordpress\/wp-content\/uploads\/2024\/07\/babd829b-988b-45b9-8766-e42952494edc-150x150.jpg\" class=\"attachment-thumbnail size-thumbnail\" alt=\"\" \/><\/a>\n\t\t\t\t<\/dt><\/dl><dl class='gallery-item'>\n\t\t\t\t<dt class='gallery-icon portrait'>\n\t\t\t\t\t<a class=\"rollover rollover-zoom dt-pswp-item\" title=\"233b7e98-7a72-4330-89f3-d9f3cb5aafa0\" data-dt-img-description=\"\" data-large_image_width=\"960\" data-large_image_height=\"1280\"href='https:\/\/www.radiopiu.net\/wordpress\/wp-content\/uploads\/2024\/07\/233b7e98-7a72-4330-89f3-d9f3cb5aafa0.jpg'><img loading=\"lazy\" decoding=\"async\" width=\"150\" height=\"150\" src=\"https:\/\/www.radiopiu.net\/wordpress\/wp-content\/uploads\/2024\/07\/233b7e98-7a72-4330-89f3-d9f3cb5aafa0-150x150.jpg\" class=\"attachment-thumbnail size-thumbnail\" alt=\"\" \/><\/a>\n\t\t\t\t<\/dt><\/dl><dl class='gallery-item'>\n\t\t\t\t<dt class='gallery-icon landscape'>\n\t\t\t\t\t<a class=\"rollover rollover-zoom dt-pswp-item\" title=\"50938221-b731-46a9-8076-8845c4cb9490\" data-dt-img-description=\"\" data-large_image_width=\"960\" data-large_image_height=\"668\"href='https:\/\/www.radiopiu.net\/wordpress\/wp-content\/uploads\/2024\/07\/50938221-b731-46a9-8076-8845c4cb9490.jpg'><img loading=\"lazy\" decoding=\"async\" width=\"150\" height=\"150\" src=\"https:\/\/www.radiopiu.net\/wordpress\/wp-content\/uploads\/2024\/07\/50938221-b731-46a9-8076-8845c4cb9490-150x150.jpg\" class=\"attachment-thumbnail size-thumbnail\" alt=\"\" \/><\/a>\n\t\t\t\t<\/dt><\/dl><dl class='gallery-item'>\n\t\t\t\t<dt class='gallery-icon landscape'>\n\t\t\t\t\t<a class=\"rollover rollover-zoom dt-pswp-item\" title=\"7b691960-fb2b-435f-b15c-87240c6b2d81\" data-dt-img-description=\"\" data-large_image_width=\"1280\" data-large_image_height=\"964\"href='https:\/\/www.radiopiu.net\/wordpress\/wp-content\/uploads\/2024\/07\/7b691960-fb2b-435f-b15c-87240c6b2d81.jpg'><img loading=\"lazy\" decoding=\"async\" width=\"150\" height=\"150\" src=\"https:\/\/www.radiopiu.net\/wordpress\/wp-content\/uploads\/2024\/07\/7b691960-fb2b-435f-b15c-87240c6b2d81-150x150.jpg\" class=\"attachment-thumbnail size-thumbnail\" alt=\"\" \/><\/a>\n\t\t\t\t<\/dt><\/dl><br style=\"clear: both\" \/>\n\t\t\t<\/div>\n\n<p>&nbsp;<\/p>\n<hr \/>\n<p>&nbsp;<\/p>\n<blockquote>\n<h3>la frana verso il rifugio Carducci<\/h3>\n<\/blockquote>\n<p><strong>video dai social<\/strong><\/p>\n<p><a class=\"dt-pswp-item\" href=\"https:\/\/www.radiopiu.net\/wordpress\/wp-content\/uploads\/2024\/07\/Senza-nome-121.png\" data-dt-img-description=\"\" data-large_image_width=\"501\" data-large_image_height=\"287\"><img loading=\"lazy\" decoding=\"async\" class=\"size-medium wp-image-402238 aligncenter\" src=\"https:\/\/www.radiopiu.net\/wordpress\/wp-content\/uploads\/2024\/07\/Senza-nome-121-300x172.png\" alt=\"\" width=\"300\" height=\"172\" srcset=\"https:\/\/www.radiopiu.net\/wordpress\/wp-content\/uploads\/2024\/07\/Senza-nome-121-300x172.png 300w, https:\/\/www.radiopiu.net\/wordpress\/wp-content\/uploads\/2024\/07\/Senza-nome-121.png 501w\" sizes=\"auto, (max-width: 300px) 100vw, 300px\" \/><\/a><\/p>\n<p><iframe loading=\"lazy\" title=\"la frana sul sentiero per il rifugio carducci\" width=\"1200\" height=\"675\" src=\"https:\/\/www.youtube.com\/embed\/Kbq3gv7LBBM?feature=oembed\" frameborder=\"0\" allow=\"accelerometer; autoplay; clipboard-write; encrypted-media; gyroscope; picture-in-picture; web-share\" referrerpolicy=\"strict-origin-when-cross-origin\" allowfullscreen><\/iframe><\/p>\n<p>&nbsp;<\/p>\n<p>&nbsp;<\/p>\n<p><strong>IERI SOPRA FALCADE, LA SEGNALAZIONE DI DARIO Poco fa c&#8217;\u00e8 stato una frana scaccata dalle cime del Focobon,\u00a0 si \u00e8 sentita bene vi mando una foto<\/strong><br \/>\n<a class=\"dt-pswp-item\" href=\"https:\/\/www.radiopiu.net\/wordpress\/wp-content\/uploads\/2024\/07\/e62d0d05-31b5-46df-8ee5-1ea450ee95fa.jpg\" data-dt-img-description=\"\" data-large_image_width=\"1125\" data-large_image_height=\"2000\"><img loading=\"lazy\" decoding=\"async\" class=\"wp-image-402260 aligncenter\" src=\"https:\/\/www.radiopiu.net\/wordpress\/wp-content\/uploads\/2024\/07\/e62d0d05-31b5-46df-8ee5-1ea450ee95fa.jpg\" alt=\"\" width=\"276\" height=\"491\" srcset=\"https:\/\/www.radiopiu.net\/wordpress\/wp-content\/uploads\/2024\/07\/e62d0d05-31b5-46df-8ee5-1ea450ee95fa.jpg 1125w, https:\/\/www.radiopiu.net\/wordpress\/wp-content\/uploads\/2024\/07\/e62d0d05-31b5-46df-8ee5-1ea450ee95fa-169x300.jpg 169w, https:\/\/www.radiopiu.net\/wordpress\/wp-content\/uploads\/2024\/07\/e62d0d05-31b5-46df-8ee5-1ea450ee95fa-576x1024.jpg 576w, https:\/\/www.radiopiu.net\/wordpress\/wp-content\/uploads\/2024\/07\/e62d0d05-31b5-46df-8ee5-1ea450ee95fa-768x1365.jpg 768w, https:\/\/www.radiopiu.net\/wordpress\/wp-content\/uploads\/2024\/07\/e62d0d05-31b5-46df-8ee5-1ea450ee95fa-864x1536.jpg 864w\" sizes=\"auto, (max-width: 276px) 100vw, 276px\" \/><\/a><\/p>\n<p>&nbsp;<\/p>\n<hr \/>\n<p>&nbsp;<\/p>\n<blockquote>\n<h3>ESSILORLUXOTTICA ANNUNCIA UN PROGRAMMA DI ACQUISTO DI AZIONI PROPRIE<\/h3>\n<\/blockquote>\n<p><strong><a class=\"dt-pswp-item\" href=\"https:\/\/www.radiopiu.net\/wordpress\/wp-content\/uploads\/2024\/04\/essilorluxottica.png\" data-dt-img-description=\"\" data-large_image_width=\"400\" data-large_image_height=\"400\"><img loading=\"lazy\" decoding=\"async\" class=\" wp-image-386124 alignleft\" src=\"https:\/\/www.radiopiu.net\/wordpress\/wp-content\/uploads\/2024\/04\/essilorluxottica-300x300.png\" alt=\"\" width=\"179\" height=\"179\" srcset=\"https:\/\/www.radiopiu.net\/wordpress\/wp-content\/uploads\/2024\/04\/essilorluxottica-300x300.png 300w, https:\/\/www.radiopiu.net\/wordpress\/wp-content\/uploads\/2024\/04\/essilorluxottica-150x150.png 150w, https:\/\/www.radiopiu.net\/wordpress\/wp-content\/uploads\/2024\/04\/essilorluxottica.png 400w\" sizes=\"auto, (max-width: 179px) 100vw, 179px\" \/><\/a>PARIGI (FRANCIA)\u00a0<\/strong>\u2013 EssilorLuxottica annuncia il lancio di un programma di acquisto di azioni proprie che riflette la fiducia della Societ\u00e0 nella sua capacit\u00e0 di creare valore e nelle sue prospettive di lungo periodo. Per attuare il programma di acquisto, la Societ\u00e0 ha dato mandato a un intermediario specializzato per l\u2019acquisto di un massimo di 4.000.000 azioni EssilorLuxottica, da effettuare, a seconda delle condizioni di mercato, nel periodo che va dal 29 luglio 2024 fino alla data ultima del 29 ottobre 2025. Le azioni cos\u00ec acquisite sono destinate ad essere assegnate o trasferite ai dipendenti e ai dirigenti di EssilorLuxottica e societ\u00e0 controllate, in particolare nel contesto di piani di compartecipazione agli utili, bonus e premi di performance basati su azioni, piani di stock option e di azionariato diffuso dei dipendenti. EssilorLuxottica lancia questo programma di acquisto di azioni proprie in conformit\u00e0 alla ventiquattresima risoluzione deliberata dall&#8217;Assemblea Annuale degli Azionisti del 30 aprile 2024<\/p>\n<p>&nbsp;<\/p>\n<p>&nbsp;<\/p>\n<hr \/>\n<p>&nbsp;<\/p>\n<blockquote>\n<h3>LA CIGL DICE NO AI FONDI PER I COMUNI CONFINANTI PER FINANZIARE LA PISTA DA BOB A CORTINA<\/h3>\n<\/blockquote>\n<p><strong><a class=\"dt-pswp-item\" href=\"https:\/\/www.radiopiu.net\/wordpress\/wp-content\/uploads\/2020\/12\/CGIL.jpg\" data-dt-img-description=\"\" data-large_image_width=\"512\" data-large_image_height=\"285\"><img loading=\"lazy\" decoding=\"async\" class=\" wp-image-180372 alignleft\" src=\"https:\/\/www.radiopiu.net\/wordpress\/wp-content\/uploads\/2020\/12\/CGIL-300x167.jpg\" alt=\"\" width=\"153\" height=\"85\" srcset=\"https:\/\/www.radiopiu.net\/wordpress\/wp-content\/uploads\/2020\/12\/CGIL-300x167.jpg 300w, https:\/\/www.radiopiu.net\/wordpress\/wp-content\/uploads\/2020\/12\/CGIL.jpg 512w\" sizes=\"auto, (max-width: 153px) 100vw, 153px\" \/><\/a>BELLUNO<\/strong> Alla vigilia del consiglio provinciale, la Camera del lavoro di Belluno, tramite la segretaria Denise Casanova, esprime sostegno all&#8217;ordine del giorno presentato dal gruppo Futura \u2013 Centrosinistra bellunese, che si oppone all&#8217;uso dei fondi dei comuni confinanti per coprire i costi di gestione della pista da bob a Cortina, voluta per i giochi olimpici del 2026. Casanova critica la decisione della Regione Veneto e del governo Meloni, sostenendo che i fondi destinati alla montagna dovrebbero rimanere ai comuni bellunesi per progetti di investimento, non per spese correnti come la gestione della pista, che coster\u00e0 circa 30 milioni di euro nei prossimi vent\u2019anni. Inoltre, sottolinea la necessit\u00e0 di trasparenza e legalit\u00e0 nell&#8217;organizzazione delle Olimpiadi, evidenziando le preoccupazioni per l&#8217;aumento dei costi e la mancanza di benefici a lungo termine per il territorio bellunese.<\/p>\n<p>&nbsp;<\/p>\n<p>&nbsp;<\/p>\n<hr \/>\n<p>&nbsp;<\/p>\n<blockquote>\n<h3>GIOVEDI IL CONSIGLIO GENERALE DELLA CISL BELLUNO TREVISO<\/h3>\n<\/blockquote>\n<p><strong><a class=\"dt-pswp-item\" href=\"https:\/\/www.radiopiu.net\/wordpress\/wp-content\/uploads\/2020\/04\/CISL-BELLUNO-OK.jpg\" data-dt-img-description=\"\" data-large_image_width=\"909\" data-large_image_height=\"910\"><img loading=\"lazy\" decoding=\"async\" class=\" wp-image-132184 alignleft\" src=\"https:\/\/www.radiopiu.net\/wordpress\/wp-content\/uploads\/2020\/04\/CISL-BELLUNO-OK-300x300.jpg\" alt=\"\" width=\"135\" height=\"135\" srcset=\"https:\/\/www.radiopiu.net\/wordpress\/wp-content\/uploads\/2020\/04\/CISL-BELLUNO-OK-300x300.jpg 300w, https:\/\/www.radiopiu.net\/wordpress\/wp-content\/uploads\/2020\/04\/CISL-BELLUNO-OK-150x150.jpg 150w, https:\/\/www.radiopiu.net\/wordpress\/wp-content\/uploads\/2020\/04\/CISL-BELLUNO-OK-768x769.jpg 768w, https:\/\/www.radiopiu.net\/wordpress\/wp-content\/uploads\/2020\/04\/CISL-BELLUNO-OK.jpg 909w\" sizes=\"auto, (max-width: 135px) 100vw, 135px\" \/><\/a>BELLUNO <\/strong>Il Consiglio Generale della Cisl Belluno Treviso si riunir\u00e0 gioved\u00ec 1\u00b0 agosto al Park Hotel di Villa Fiorita a Monastier di Treviso per eleggere il nuovo segretario generale dopo l\u2019elezione di Massimiliano Paglini a segretario generale della Cisl Veneto. Paglini, che ha guidato la Cisl territoriale dal 13 novembre 2020, si \u00e8 dimesso dopo la sua elezione regionale. Il nuovo segretario dovr\u00e0 proseguire il lavoro intrapreso, centrato su partecipazione, presenza territoriale, collaborazione con enti e istituzioni, e supporto a lavoratori e pensionati. La Cisl Belluno Treviso, forte di 90.029 iscritti, ha ampliato la sua presenza con nuove sedi e numerosi accordi locali per favorire politiche attive del lavoro e inclusione sociale.<\/p>\n<p>&nbsp;<\/p>\n<hr \/>\n<p>&nbsp;<\/p>\n<blockquote>\n<h3>Sedici Rifugi Alpini Ricevono il Riconoscimento \u201cRifugio Sano e Sicuro\u201d<\/h3>\n<\/blockquote>\n<p><strong><img loading=\"lazy\" decoding=\"async\" class=\"alignleft\" src=\"https:\/\/www.radiopiu.net\/wordpress\/wp-content\/uploads\/2024\/07\/d5d94cef-d68e-4dc4-8afc-0561f4d7ea86.jpg\" width=\"280\" height=\"210\" \/>ALLEGHE<\/strong> Il progetto &#8220;Rifugio Sano e Sicuro&#8221; ha premiato altri 16 rifugi alpini nel territorio, attestando la loro idoneit\u00e0 igienico-sanitaria e promozione della salute. Il progetto, sostenuto dal Dipartimento di Prevenzione dell&#8217;Ulss Dolomiti e appoggiato dalla Regione Veneto, mira a preparare le Dolomiti per i futuri eventi olimpici e l&#8217;aumento dei turisti. L&#8217;assessore Manuela Lanzarin ha espresso soddisfazione durante la cerimonia al Rifugio Chalet Col dei Baldi ad Alleghe. Il riconoscimento include defibrillatori e misuratori di pressione, rafforzando la sicurezza sanitaria per escursionisti. L&#8217;iniziativa sostiene anche la campagna \u201cVivo bene Veneto\u201d per la prevenzione del melanoma, incoraggiando la protezione dai raggi solari. <strong>I rifugi premiati oggi includono<\/strong>: Bristot, Settimo Alpini, Col Visentin 5\u00b0 Artiglieria Alpina Adolfo,\u00a0 Sonino al Coldai,\u00a0 Chalet Col Dei Baldi, Grande Baita Civetta, Attilio Tissi,\u00a0 San Marco, Venezia, Capanna degli Alpini, Chiggiato,\u00a0 Giosu\u00e8 Carducci, Lavaredo, Semenza, Pian de Fontana, Alfonso Vandelli<\/p>\n<p><strong>IL DIRETTORE DELL&#8217;ULSS 1 DOLOMITI GIUSEPPE DAL BEN<\/strong><\/p>\n<div class=\"flex flex-grow flex-col max-w-full\">\n<div class=\"min-h-[20px] text-message flex w-full flex-col items-end gap-2 whitespace-pre-wrap break-words [.text-message+&amp;]:mt-5 overflow-x-auto\" dir=\"auto\" data-message-author-role=\"assistant\" data-message-id=\"54aec4ae-b5c9-4b60-a7e0-91e1457805cc\">\n<div class=\"flex w-full flex-col gap-1 empty:hidden first:pt-[3px]\">\n<div class=\"markdown prose w-full break-words dark:prose-invert dark\">\n<audio class=\"wp-audio-shortcode\" id=\"audio-401928-7\" preload=\"none\" style=\"width: 100%;\" controls=\"controls\"><source type=\"audio\/mpeg\" src=\"https:\/\/www.radiopiu.net\/wordpress\/wp-content\/uploads\/2024\/07\/DALBEN-RIFUGI.mp3?_=7\" \/><a href=\"https:\/\/www.radiopiu.net\/wordpress\/wp-content\/uploads\/2024\/07\/DALBEN-RIFUGI.mp3\">https:\/\/www.radiopiu.net\/wordpress\/wp-content\/uploads\/2024\/07\/DALBEN-RIFUGI.mp3<\/a><\/audio>\n<p>&nbsp;<\/p>\n\n\t\t\t<style type='text\/css'>\n\t\t\t\t#gallery-3 {\n\t\t\t\t\tmargin: auto;\n\t\t\t\t}\n\t\t\t\t#gallery-3 .gallery-item {\n\t\t\t\t\tfloat: left;\n\t\t\t\t\tmargin-top: 10px;\n\t\t\t\t\ttext-align: center;\n\t\t\t\t\twidth: 20%;\n\t\t\t\t}\n\t\t\t\t#gallery-3 img {\n\t\t\t\t\tborder: 2px solid #cfcfcf;\n\t\t\t\t}\n\t\t\t\t#gallery-3 .gallery-caption {\n\t\t\t\t\tmargin-left: 0;\n\t\t\t\t}\n\t\t\t\t\/* see gallery_shortcode() in wp-includes\/media.php *\/\n\t\t\t<\/style>\n\t\t<div id='gallery-3' class='dt-gallery-container gallery galleryid-401928 gallery-columns-5 gallery-size-thumbnail'><dl class='gallery-item'>\n\t\t\t\t<dt class='gallery-icon portrait'>\n\t\t\t\t\t<a class=\"rollover rollover-zoom dt-pswp-item\" title=\"9abf79b6-a282-43b9-a954-ca1ce3cd12e4\" data-dt-img-description=\"\" data-large_image_width=\"1530\" data-large_image_height=\"2040\"href='https:\/\/www.radiopiu.net\/wordpress\/wp-content\/uploads\/2024\/07\/9abf79b6-a282-43b9-a954-ca1ce3cd12e4.jpg'><img loading=\"lazy\" decoding=\"async\" width=\"150\" height=\"150\" src=\"https:\/\/www.radiopiu.net\/wordpress\/wp-content\/uploads\/2024\/07\/9abf79b6-a282-43b9-a954-ca1ce3cd12e4-150x150.jpg\" class=\"attachment-thumbnail size-thumbnail\" alt=\"\" \/><\/a>\n\t\t\t\t<\/dt><\/dl><dl class='gallery-item'>\n\t\t\t\t<dt class='gallery-icon landscape'>\n\t\t\t\t\t<a class=\"rollover rollover-zoom dt-pswp-item\" title=\"93af107f-6684-41e9-a1ee-7b9825c14fee\" data-dt-img-description=\"\" data-large_image_width=\"2040\" data-large_image_height=\"1530\"href='https:\/\/www.radiopiu.net\/wordpress\/wp-content\/uploads\/2024\/07\/93af107f-6684-41e9-a1ee-7b9825c14fee.jpg'><img loading=\"lazy\" decoding=\"async\" width=\"150\" height=\"150\" src=\"https:\/\/www.radiopiu.net\/wordpress\/wp-content\/uploads\/2024\/07\/93af107f-6684-41e9-a1ee-7b9825c14fee-150x150.jpg\" class=\"attachment-thumbnail size-thumbnail\" alt=\"\" \/><\/a>\n\t\t\t\t<\/dt><\/dl><dl class='gallery-item'>\n\t\t\t\t<dt class='gallery-icon landscape'>\n\t\t\t\t\t<a class=\"rollover rollover-zoom dt-pswp-item\" title=\"c5157fff-3ea9-4bca-aa38-e1354a7615ab\" data-dt-img-description=\"\" data-large_image_width=\"1600\" data-large_image_height=\"1200\"href='https:\/\/www.radiopiu.net\/wordpress\/wp-content\/uploads\/2024\/07\/c5157fff-3ea9-4bca-aa38-e1354a7615ab.jpg'><img loading=\"lazy\" decoding=\"async\" width=\"150\" height=\"150\" src=\"https:\/\/www.radiopiu.net\/wordpress\/wp-content\/uploads\/2024\/07\/c5157fff-3ea9-4bca-aa38-e1354a7615ab-150x150.jpg\" class=\"attachment-thumbnail size-thumbnail\" alt=\"\" \/><\/a>\n\t\t\t\t<\/dt><\/dl><dl class='gallery-item'>\n\t\t\t\t<dt class='gallery-icon landscape'>\n\t\t\t\t\t<a class=\"rollover rollover-zoom dt-pswp-item\" title=\"588ef009-6f39-46e8-9e9f-244be91c1d97\" data-dt-img-description=\"\" data-large_image_width=\"1600\" data-large_image_height=\"1200\"href='https:\/\/www.radiopiu.net\/wordpress\/wp-content\/uploads\/2024\/07\/588ef009-6f39-46e8-9e9f-244be91c1d97.jpg'><img loading=\"lazy\" decoding=\"async\" width=\"150\" height=\"150\" src=\"https:\/\/www.radiopiu.net\/wordpress\/wp-content\/uploads\/2024\/07\/588ef009-6f39-46e8-9e9f-244be91c1d97-150x150.jpg\" class=\"attachment-thumbnail size-thumbnail\" alt=\"\" \/><\/a>\n\t\t\t\t<\/dt><\/dl><dl class='gallery-item'>\n\t\t\t\t<dt class='gallery-icon landscape'>\n\t\t\t\t\t<a class=\"rollover rollover-zoom dt-pswp-item\" title=\"3fe4edfe-703e-4f1f-8f2d-f5aecaef9264\" data-dt-img-description=\"\" data-large_image_width=\"1600\" data-large_image_height=\"1200\"href='https:\/\/www.radiopiu.net\/wordpress\/wp-content\/uploads\/2024\/07\/3fe4edfe-703e-4f1f-8f2d-f5aecaef9264.jpg'><img loading=\"lazy\" decoding=\"async\" width=\"150\" height=\"150\" src=\"https:\/\/www.radiopiu.net\/wordpress\/wp-content\/uploads\/2024\/07\/3fe4edfe-703e-4f1f-8f2d-f5aecaef9264-150x150.jpg\" class=\"attachment-thumbnail size-thumbnail\" alt=\"\" \/><\/a>\n\t\t\t\t<\/dt><\/dl><br style=\"clear: both\" \/>\n\t\t\t<\/div>\n\n<p>&nbsp;<\/p>\n<\/div>\n<\/div>\n<\/div>\n<\/div>\n<p>&nbsp;<\/p>\n<hr \/>\n<p>&nbsp;<\/p>\n<p>&nbsp;<\/p>\n<table>\n<tbody>\n<tr>\n<td>\n<h2>PRESIDENTE ZAIA INAUGURA LA RIAPERTURA DEI SERRAI DI SOTTOGUDA A ROCCA PIETORE (BL)<\/h2>\n<\/td>\n<\/tr>\n<tr>\n<td><i><br \/>\nROCCA PIETORE Domani\u00a0<\/i> alle 12 il Presidente della Regione Luca Zaia presieder\u00e0 la cerimonia di riapertura dei Serrai di Sottoguda in Comune di Rocca Pietore. <strong>L\u2019appuntamento<\/strong>, al quale sar\u00e0 presente anche l\u2019Assessore regionale all\u2019ambiente Gianpaolo Bottacin, <strong>\u00e8 previsto\u00a0 in localit\u00e0 Sottoguda.<br \/>\n<\/strong><\/td>\n<\/tr>\n<\/tbody>\n<\/table>\n<p>&nbsp;<\/p>\n<p>&nbsp;<\/p>\n<hr \/>\n<p>&nbsp;<\/p>\n<blockquote>\n<h2>Cantiere Scuole Verdi Belluno<\/h2>\n<\/blockquote>\n<p><strong><a class=\"dt-pswp-item\" href=\"https:\/\/www.radiopiu.net\/wordpress\/wp-content\/uploads\/2024\/07\/35d01f8c-94cb-4d65-9f48-9d808c61b0fd.jpg\" data-dt-img-description=\"\" data-large_image_width=\"2048\" data-large_image_height=\"1536\"><img loading=\"lazy\" decoding=\"async\" class=\" wp-image-402126 alignleft\" src=\"https:\/\/www.radiopiu.net\/wordpress\/wp-content\/uploads\/2024\/07\/35d01f8c-94cb-4d65-9f48-9d808c61b0fd-300x225.jpg\" alt=\"\" width=\"215\" height=\"161\" srcset=\"https:\/\/www.radiopiu.net\/wordpress\/wp-content\/uploads\/2024\/07\/35d01f8c-94cb-4d65-9f48-9d808c61b0fd-300x225.jpg 300w, https:\/\/www.radiopiu.net\/wordpress\/wp-content\/uploads\/2024\/07\/35d01f8c-94cb-4d65-9f48-9d808c61b0fd-1024x768.jpg 1024w, https:\/\/www.radiopiu.net\/wordpress\/wp-content\/uploads\/2024\/07\/35d01f8c-94cb-4d65-9f48-9d808c61b0fd-768x576.jpg 768w, https:\/\/www.radiopiu.net\/wordpress\/wp-content\/uploads\/2024\/07\/35d01f8c-94cb-4d65-9f48-9d808c61b0fd-1536x1152.jpg 1536w, https:\/\/www.radiopiu.net\/wordpress\/wp-content\/uploads\/2024\/07\/35d01f8c-94cb-4d65-9f48-9d808c61b0fd.jpg 2048w\" sizes=\"auto, (max-width: 215px) 100vw, 215px\" \/><\/a>BELLUNO<\/strong> La demolizione della scuola \u201cRomolo Dal Mas\u201d a Belluno \u00e8 imminente. Finanziata dal PNRR, la nuova struttura sar\u00e0 ad alta efficienza energetica e potr\u00e0 ospitare quasi 300 alunni. L&#8217;area di cantiere \u00e8 gi\u00e0 pronta, e i lavori inizieranno a breve. Anche l&#8217;area esterna sar\u00e0 riqualificata.<\/p>\n<p>&nbsp;<\/p>\n<p>&nbsp;<\/p>\n<p>&nbsp;<\/p>\n<p><strong>DI DANIELE DALVIT<\/strong><\/p>\n<audio class=\"wp-audio-shortcode\" id=\"audio-401928-8\" preload=\"none\" style=\"width: 100%;\" controls=\"controls\"><source type=\"audio\/mpeg\" src=\"https:\/\/www.radiopiu.net\/wordpress\/wp-content\/uploads\/2024\/07\/Servizio-Cantiere-scuole-verdi-Belluno.mp3?_=8\" \/><a href=\"https:\/\/www.radiopiu.net\/wordpress\/wp-content\/uploads\/2024\/07\/Servizio-Cantiere-scuole-verdi-Belluno.mp3\">https:\/\/www.radiopiu.net\/wordpress\/wp-content\/uploads\/2024\/07\/Servizio-Cantiere-scuole-verdi-Belluno.mp3<\/a><\/audio>\n<p>&nbsp;<\/p>\n<hr \/>\n<p>&nbsp;<\/p>\n<blockquote>\n<h2>\u00a0 LETTERA AL SINDACO DI TAIBON, SILVIA TORMEN<\/h2>\n<\/blockquote>\n<p>**<\/p>\n<p><strong>TAIBON<\/strong> Gli abitanti di S. Cipriano segnalano l\u2019eccessiva velocit\u00e0 sulle tre strade della piazzetta. I cartelli di limite sono ignorati, e la Via Paris Bordone \u00e8 un&#8217;alternativa rapida per evitare la tangenziale, senza rispetto dello stop. Le strade mancano di segnaletica e attraversamenti pedonali, e i dossi di rallentamento sono usurati.<\/p>\n<p>&nbsp;<\/p>\n<p><strong>LA LETTERA\u00a0\u00a0<\/strong><\/p>\n<p><strong>OGGETTO: viabilit\u00e0 frazione S.Cipriano<\/strong><\/p>\n<p><img loading=\"lazy\" decoding=\"async\" class=\"alignleft\" src=\"https:\/\/www.radiopiu.net\/wordpress\/wp-content\/uploads\/2022\/04\/fontana-san-cipriano.jpg\" width=\"314\" height=\"177\" \/>Gentile Sindaca, gli abitanti della frazione di S.Cipriano, che in calce sottoscrivono, Le fanno \u00a0presente la situazione dovuta all\u2019alta velocit\u00e0 sulle tre strade che si intersecano nella piazzetta di S.Cipriano. I cartelli di limite di velocit\u00e0 riposizionati alcuni mesi fa su richiesta degli abitanti purtroppo non hanno dato i risultati sperati e vengono, dai piu\u2019, totalmente ignorati. \u00a0Via Paris Bordone , dopo l\u2019apertura della tangenziale, \u00e8 diventata una facile \u201calternativa\u201d a chi, scendendo da Cencenighe vuole evitare lo stop prima dell\u2019imbocco alla Regionale (direzione Agordo) e questo percorrendo la via a velocit\u00e0 elevata e senza il rispetto dello stop davanti alla chiesa dove, tra l\u2019altro, manca totalmente la segnaletica orizzontale. Via Aivata , in discesa verso il centro del paese, incentiva inevitabilmente il non rispetto dei limite di velocit\u00e0 che prosegue su Via V.Besarel dove manca un attraversamento pedonale che renderebbe pi\u00f9 sicuro l\u2019accesso al parcheggio comunale e all\u2019attivit\u00e0 commerciale sul lato opposto della strada. Le tre strade che confluiscono in piazza S.Cipriano in origine presentavano dei dossi per il rallentamento del traffico che per\u00f2, con il passare degli anni, si sono inevitabilmente usurati e, allo stato attuale, risultano essere praticamente inesistenti e quindi inefficaci. Con la presente chiediamo che i dossi vengano ripristinati o che ne vengano realizzati di nuovi ( es.dossi con attraversamento pedonale) , in questo modo la velocit\u00e0 ridotta dei mezzi permetterebbe il rispetto del limite previsto, maggiore sicurezza per chi vive nella frazione( soprattutto dei tanti bambini che finalmente sono tornati a giocare nella piazzetta) e, da ultimo ma non meno importante risultato, anche la riduzione del rumore provocato dai veicoli (soprattutto mezzi pesanti) gi\u00e0 rilevante a causa della pavimentazione a cubetti. Certi che tale richiesta verr\u00e0 presa in considerazione da Lei e dalla sua amministrazione e che verranno presi i dovuti provvedimenti, ringraziamo anticipatamente per la preziosa attenzione e per il tempo che dedicherete a questa situazione. Porgiamo cordiali saluti rimanendo in attesa di un vostro, speriamo sollecito, riscontro.<\/p>\n<p><strong>FOTO\u00a0<\/strong> l&#8217;artistica ma da sempre &#8220;sgradita&#8221;\u00a0 (agli abitanti della frazione) fontana di San Cipriano, argomento per una futura raccolta firme perch\u00e9 venga ripristinata quella storica come in tutte le altre piazze del paese.<\/p>\n<p>&nbsp;<\/p>\n<p><strong>LE FIRME\u00a0<\/strong><\/p>\n\n\t\t\t<style type='text\/css'>\n\t\t\t\t#gallery-4 {\n\t\t\t\t\tmargin: auto;\n\t\t\t\t}\n\t\t\t\t#gallery-4 .gallery-item {\n\t\t\t\t\tfloat: left;\n\t\t\t\t\tmargin-top: 10px;\n\t\t\t\t\ttext-align: center;\n\t\t\t\t\twidth: 50%;\n\t\t\t\t}\n\t\t\t\t#gallery-4 img {\n\t\t\t\t\tborder: 2px solid #cfcfcf;\n\t\t\t\t}\n\t\t\t\t#gallery-4 .gallery-caption {\n\t\t\t\t\tmargin-left: 0;\n\t\t\t\t}\n\t\t\t\t\/* see gallery_shortcode() in wp-includes\/media.php *\/\n\t\t\t<\/style>\n\t\t<div id='gallery-4' class='dt-gallery-container gallery galleryid-401928 gallery-columns-2 gallery-size-medium'><dl class='gallery-item'>\n\t\t\t\t<dt class='gallery-icon portrait'>\n\t\t\t\t\t<a class=\"rollover rollover-zoom dt-pswp-item\" title=\"b58f70e4-c66c-45a5-ba81-deb872af39b7\" data-dt-img-description=\"\" data-large_image_width=\"1200\" data-large_image_height=\"1600\"href='https:\/\/www.radiopiu.net\/wordpress\/wp-content\/uploads\/2024\/07\/b58f70e4-c66c-45a5-ba81-deb872af39b7.jpg'><img loading=\"lazy\" decoding=\"async\" width=\"225\" height=\"300\" src=\"https:\/\/www.radiopiu.net\/wordpress\/wp-content\/uploads\/2024\/07\/b58f70e4-c66c-45a5-ba81-deb872af39b7-225x300.jpg\" class=\"attachment-medium size-medium\" alt=\"\" srcset=\"https:\/\/www.radiopiu.net\/wordpress\/wp-content\/uploads\/2024\/07\/b58f70e4-c66c-45a5-ba81-deb872af39b7-225x300.jpg 225w, https:\/\/www.radiopiu.net\/wordpress\/wp-content\/uploads\/2024\/07\/b58f70e4-c66c-45a5-ba81-deb872af39b7-768x1024.jpg 768w, https:\/\/www.radiopiu.net\/wordpress\/wp-content\/uploads\/2024\/07\/b58f70e4-c66c-45a5-ba81-deb872af39b7-1152x1536.jpg 1152w, https:\/\/www.radiopiu.net\/wordpress\/wp-content\/uploads\/2024\/07\/b58f70e4-c66c-45a5-ba81-deb872af39b7.jpg 1200w\" sizes=\"auto, (max-width: 225px) 100vw, 225px\" \/><\/a>\n\t\t\t\t<\/dt><\/dl><dl class='gallery-item'>\n\t\t\t\t<dt class='gallery-icon portrait'>\n\t\t\t\t\t<a class=\"rollover rollover-zoom dt-pswp-item\" title=\"4b01d2ac-2a03-4dd5-864d-9a4f07afdb54\" data-dt-img-description=\"\" data-large_image_width=\"1200\" data-large_image_height=\"1600\"href='https:\/\/www.radiopiu.net\/wordpress\/wp-content\/uploads\/2024\/07\/4b01d2ac-2a03-4dd5-864d-9a4f07afdb54.jpg'><img loading=\"lazy\" decoding=\"async\" width=\"225\" height=\"300\" src=\"https:\/\/www.radiopiu.net\/wordpress\/wp-content\/uploads\/2024\/07\/4b01d2ac-2a03-4dd5-864d-9a4f07afdb54-225x300.jpg\" class=\"attachment-medium size-medium\" alt=\"\" srcset=\"https:\/\/www.radiopiu.net\/wordpress\/wp-content\/uploads\/2024\/07\/4b01d2ac-2a03-4dd5-864d-9a4f07afdb54-225x300.jpg 225w, https:\/\/www.radiopiu.net\/wordpress\/wp-content\/uploads\/2024\/07\/4b01d2ac-2a03-4dd5-864d-9a4f07afdb54-768x1024.jpg 768w, https:\/\/www.radiopiu.net\/wordpress\/wp-content\/uploads\/2024\/07\/4b01d2ac-2a03-4dd5-864d-9a4f07afdb54-1152x1536.jpg 1152w, https:\/\/www.radiopiu.net\/wordpress\/wp-content\/uploads\/2024\/07\/4b01d2ac-2a03-4dd5-864d-9a4f07afdb54.jpg 1200w\" sizes=\"auto, (max-width: 225px) 100vw, 225px\" \/><\/a>\n\t\t\t\t<\/dt><\/dl><br style=\"clear: both\" \/>\n\t\t\t<\/div>\n\n<p>&nbsp;<\/p>\n<p>&nbsp;<\/p>\n<hr \/>\n<p>&nbsp;<\/p>\n<blockquote>\n<h3><strong><a class=\"dt-pswp-item\" href=\"https:\/\/www.radiopiu.net\/wordpress\/wp-content\/uploads\/2024\/07\/Alcuni-associati-di-Feltrenergy-1.jpg\" data-dt-img-description=\"\" data-large_image_width=\"1920\" data-large_image_height=\"1080\"><img loading=\"lazy\" decoding=\"async\" class=\"size-medium wp-image-402165 alignleft\" src=\"https:\/\/www.radiopiu.net\/wordpress\/wp-content\/uploads\/2024\/07\/Alcuni-associati-di-Feltrenergy-1-300x169.jpg\" alt=\"\" width=\"300\" height=\"169\" srcset=\"https:\/\/www.radiopiu.net\/wordpress\/wp-content\/uploads\/2024\/07\/Alcuni-associati-di-Feltrenergy-1-300x169.jpg 300w, https:\/\/www.radiopiu.net\/wordpress\/wp-content\/uploads\/2024\/07\/Alcuni-associati-di-Feltrenergy-1-1024x576.jpg 1024w, https:\/\/www.radiopiu.net\/wordpress\/wp-content\/uploads\/2024\/07\/Alcuni-associati-di-Feltrenergy-1-768x432.jpg 768w, https:\/\/www.radiopiu.net\/wordpress\/wp-content\/uploads\/2024\/07\/Alcuni-associati-di-Feltrenergy-1-1536x864.jpg 1536w, https:\/\/www.radiopiu.net\/wordpress\/wp-content\/uploads\/2024\/07\/Alcuni-associati-di-Feltrenergy-1.jpg 1920w\" sizes=\"auto, (max-width: 300px) 100vw, 300px\" \/><\/a>A Feltre la prima Comunit\u00e0 Energetica Rinnovabile della provincia di Belluno<\/strong><\/h3>\n<\/blockquote>\n<p><strong>FELTRE<\/strong> Feltrenergy, la prima Comunit\u00e0 Energetica Rinnovabile (CER) di Belluno, \u00e8 operativa dal 17 giugno. Con un impianto fotovoltaico di 58,05 kW, ha iniziato la produzione l&#8217;8 luglio, stimando 63.000 kWh annui. L&#8217;associazione, aperta a nuove adesioni, comprende venti membri tra privati e aziende. L\u2019obiettivo \u00e8 promuovere l\u2019energia verde per ridurre i costi energetici e l\u2019impatto ambientale. L&#8217;iniziativa, tra le prime in Italia, beneficia del PNRR per sviluppare ulteriori impianti nei comuni con meno di 5000 abitanti.<\/p>\n<p><strong>Luciano De Nato, presidente della neocostituita Feltrenergy<\/strong><\/p>\n<audio class=\"wp-audio-shortcode\" id=\"audio-401928-9\" preload=\"none\" style=\"width: 100%;\" controls=\"controls\"><source type=\"audio\/mpeg\" src=\"https:\/\/www.radiopiu.net\/wordpress\/wp-content\/uploads\/2024\/07\/Audio-De-Nato.mp3?_=9\" \/><a href=\"https:\/\/www.radiopiu.net\/wordpress\/wp-content\/uploads\/2024\/07\/Audio-De-Nato.mp3\">https:\/\/www.radiopiu.net\/wordpress\/wp-content\/uploads\/2024\/07\/Audio-De-Nato.mp3<\/a><\/audio>\n<p><strong>L&#8217;ingegner Giancarlo Manganella<\/strong><\/p>\n<audio class=\"wp-audio-shortcode\" id=\"audio-401928-10\" preload=\"none\" style=\"width: 100%;\" controls=\"controls\"><source type=\"audio\/mpeg\" src=\"https:\/\/www.radiopiu.net\/wordpress\/wp-content\/uploads\/2024\/07\/Audio-Manganella.mp3?_=10\" \/><a href=\"https:\/\/www.radiopiu.net\/wordpress\/wp-content\/uploads\/2024\/07\/Audio-Manganella.mp3\">https:\/\/www.radiopiu.net\/wordpress\/wp-content\/uploads\/2024\/07\/Audio-Manganella.mp3<\/a><\/audio>\n<p>&nbsp;<\/p>\n<p>&nbsp;<\/p>\n<hr \/>\n<p>&nbsp;<\/p>\n<blockquote>\n<h3>LE INIZIATIVE DEL COMITATO DI GEMELLAGGIO DI AGORDO<\/h3>\n<\/blockquote>\n<p><a class=\"dt-pswp-item\" href=\"https:\/\/www.radiopiu.net\/wordpress\/wp-content\/uploads\/2024\/07\/Senza-nome-119.png\" data-dt-img-description=\"\" data-large_image_width=\"357\" data-large_image_height=\"314\"><img loading=\"lazy\" decoding=\"async\" class=\" wp-image-402138 alignleft\" src=\"https:\/\/www.radiopiu.net\/wordpress\/wp-content\/uploads\/2024\/07\/Senza-nome-119-300x264.png\" alt=\"\" width=\"230\" height=\"202\" srcset=\"https:\/\/www.radiopiu.net\/wordpress\/wp-content\/uploads\/2024\/07\/Senza-nome-119-300x264.png 300w, https:\/\/www.radiopiu.net\/wordpress\/wp-content\/uploads\/2024\/07\/Senza-nome-119.png 357w\" sizes=\"auto, (max-width: 230px) 100vw, 230px\" \/><\/a>Sabato 27 luglio 2024 nella Saletta Riunioni, il Circolo Culturale Agordino e il Comitato di Gemellaggio (con il Patrocinio del Comune di Agordo e il contributo del Consorzio BIM Piave di Belluno) hanno organizzato la presentazione del libro &#8220;Dove sei madre&#8221; di Raffaella Calgaro. La Presidente del Circolo Culturale, Lionella Tonet, ha salutato l&#8217;autrice e il numeroso pubblico presente, sottolineando come i testi di Raffaella Calgaro siano non solo pregevoli romanzi, ma anche interessanti e ben documentate opere storiche. In questo testo specifico, basato su una vicenda vera e scritto a seguito di approfonditi studi storici e linguistici, l&#8217;autrice descrive l&#8217;incontro-scontro tra due culture diverse tra loro che, a poco a poco, imparano a conoscersi e a comprendersi. Michela Paganin, Presidente del Comitato di Gemellaggio, sottolinea come Raffaella Calgaro (Vicentina di origine) sia legata alla cultura semplice e ai meravigliosi paesaggi Dolomitici e ricorda che il primo contatto tra l&#8217;autrice e il Comitato Gemellaggio sia avvenuto proprio a Zugliano (citt\u00e0 Vicentina gemellata con Agordo da 35 anni). La Professoressa Calgaro, infatti, era ospite a Zugliano per un convegno che verteva sull&#8217;emigrazione femminile nel Veneto\u00a0 e nel corso della conferenza aveva posto particolare attenzione alle vicende storiche delle molte donne Agordine che avevano lasciato le loro montagne per lavorare e ricostruirsi una nuova vita di speranza e indipendenza proprio a Zugliano. Raffaella Calgaro, in un dialogo magistralmente condotto da Patrizio De Ventura (Bibliotecario e Archivista ad Agordo), ha spiegato (anche con l&#8217;aiuto di filmati, immagini e passaggi tratti direttamente dal testo), le vicende narrate in questo pregevole volume. Il libro \u00e8 ambientato a Vicenza nel\u00a0 settembre 2014. Una storia d\u2019amicizia tra due donne, due mamme in fuga dalla violenza, incapaci di imbastire ipocrisie e finzioni.<\/p>\n<p>&nbsp;<\/p>\n<p>&nbsp;<\/p>\n<p>&nbsp;<\/p>\n<hr \/>\n<p>&nbsp;<\/p>\n<blockquote>\n<h3>DUE PUNTI NEL CONSIGLIO COMUNALE DI AGORDO<\/h3>\n<\/blockquote>\n<p><strong>AGORDO<\/strong> Consiglio comunale. Saranno due i punti da discutere: una variazione a bilancio e la presentazione al consiglio delle linee programmatiche relative alle azioni e progetti da realizzare<\/p>\n<p><strong>LA DIRETTA RADIO PIU&#8217;<\/strong><\/p>\n<p><iframe loading=\"lazy\" title=\"Diretta Radio Piu\" width=\"1200\" height=\"900\" src=\"https:\/\/www.youtube.com\/embed\/WVcOT2i6v5s?feature=oembed\" frameborder=\"0\" allow=\"accelerometer; autoplay; clipboard-write; encrypted-media; gyroscope; picture-in-picture; web-share\" referrerpolicy=\"strict-origin-when-cross-origin\" allowfullscreen><\/iframe><\/p>\n<p>&nbsp;<\/p>\n<hr \/>\n<p>&nbsp;<\/p>\n<blockquote>\n<h3>I SEI PUNTI DEL CONSIGLIO DELL&#8217;UNIONE MONTANA AGORDINA<\/h3>\n<\/blockquote>\n<p><strong>AGORDO<\/strong> Consiglio dell\u2019Unione Montana Agordina. All&#8217;ordine del giorno: approvazione verbali, nuovi rappresentanti dei comuni, relazione dell\u2019Unit\u00e0 di Controllo, bilancio 2024-2026, Documento Unico di Programmazione 2025-2027 e comunicazioni del Presidente.<\/p>\n<p><strong>LA DIRETTA RADIO PIU&#8217;<\/strong><\/p>\n<p><iframe loading=\"lazy\" title=\"Diretta Radio Piu\" width=\"1200\" height=\"900\" src=\"https:\/\/www.youtube.com\/embed\/RjzFDCm-3d0?feature=oembed\" frameborder=\"0\" allow=\"accelerometer; autoplay; clipboard-write; encrypted-media; gyroscope; picture-in-picture; web-share\" referrerpolicy=\"strict-origin-when-cross-origin\" allowfullscreen><\/iframe><\/p>\n<p>&nbsp;<\/p>\n<p>&nbsp;<\/p>\n<h2><span style=\"color: #ff0000;\">CONSIGLI COMUNALI IN AGORDINO<\/span><\/h2>\n<p><strong>RIVAMONTE<\/strong> Domani alle 18.30 consiglio comunale, all&#8217;ordine del giorno variazione al bilancio, approvazione variante e documento unico di programmazione.<\/p>\n<p><strong>VOLTAGO<\/strong> Il consiglio comunale \u00e8 stato convocato per domani alle 18. Due i punti da discutere: l&#8217;atto di indirizzo in merito alla richiesta di assegnazione delle piante bostricate ai frazionisti aventi diritto e una variazione a bilancio<\/p>\n<p><strong>TAIBON\u00a0<\/strong>Consiglio comunale domani alle 18:30. Tra i punti in discussione una variazione a bilancio, il bilancio di previsione 2024\/26, l&#8217;approvazione del DUP e le norme in materia di uso civico con l&#8217;adozione del piano di accertamento e riordino delle terre<\/p>\n<p><strong>SELVA DI CADORE<\/strong> Consiglio comunale domani alle 18:30. Tra i punti in discussione il documento unico di programmazione, una variazione a bilancio e l&#8217;approvazione del regolamento degli auto servizi pubblici non di linea come taxi e noleggio con conducente.<\/p>\n<p><strong>CANALE D&#8217;AGORDO<\/strong> Consiglio comunale in programma domani alle 20. Tra gli argomenti in discussione il bilancio di previsione 2024\/26 e il secondo piano degli interventi<\/p>\n<p><strong>CENCENIGHE<\/strong> Consiglio comunale domani alle 20:30. Tra i punti in discussione una variazione a bilancio, il bilancio di previsione 2024\/26, l&#8217;approvazione del DUP e il regolamento comunale sui controlli interni<\/p>\n<p>&nbsp;<\/p>\n<hr \/>\n<p>&nbsp;<\/p>\n<blockquote>\n<h3 class=\"flex-shrink-0 flex flex-col relative items-end\">LA POLIZIA DI STATO CERCA 1306 ALLIEVI AGENTI<\/h3>\n<\/blockquote>\n<p><strong>BELLUNO<\/strong> \u00c8 stato pubblicato sul Portale unico del reclutamento e sul sito della Polizia di Stato il bando per l\u2019assunzione di 1306 allievi agenti della Polizia di Stato. Le domande possono essere presentate online dal 24 luglio 2024 al 22 agosto 2024 tramite la procedura disponibile su <a href=\"https:\/\/concorsionline.poliziadistato.it\" target=\"_new\" rel=\"noreferrer noopener\">https:\/\/concorsionline.poliziadistato.it<\/a>, accessibile anche dal Portale unico del reclutamento.<\/p>\n<p>&nbsp;<\/p>\n<p>&nbsp;<\/p>\n<hr \/>\n<p>&nbsp;<\/p>\n<blockquote>\n<h3>SOSPIROLO TRA LEGGENDE E MISTERI<\/h3>\n<\/blockquote>\n<p><strong><a class=\"dt-pswp-item\" href=\"https:\/\/www.radiopiu.net\/wordpress\/wp-content\/uploads\/2024\/07\/premiati-23-scaled.jpeg\" data-dt-img-description=\"\" data-large_image_width=\"2560\" data-large_image_height=\"1707\"><img loading=\"lazy\" decoding=\"async\" class=\" wp-image-398974 alignleft\" src=\"https:\/\/www.radiopiu.net\/wordpress\/wp-content\/uploads\/2024\/07\/premiati-23-300x200.jpeg\" alt=\"\" width=\"158\" height=\"105\" srcset=\"https:\/\/www.radiopiu.net\/wordpress\/wp-content\/uploads\/2024\/07\/premiati-23-300x200.jpeg 300w, https:\/\/www.radiopiu.net\/wordpress\/wp-content\/uploads\/2024\/07\/premiati-23-1024x683.jpeg 1024w, https:\/\/www.radiopiu.net\/wordpress\/wp-content\/uploads\/2024\/07\/premiati-23-768x512.jpeg 768w, https:\/\/www.radiopiu.net\/wordpress\/wp-content\/uploads\/2024\/07\/premiati-23-1536x1024.jpeg 1536w, https:\/\/www.radiopiu.net\/wordpress\/wp-content\/uploads\/2024\/07\/premiati-23-2048x1365.jpeg 2048w\" sizes=\"auto, (max-width: 158px) 100vw, 158px\" \/><\/a>SOSPIROLO<\/strong> La Pro loco &#8220;Monti del Sole&#8221; e il Comune di Sospirolo indicono la 15esima edizione del concorso letterario \u201cSospirolo tra leggende e misteri\u201d, dedicato allo zodiaco e alla figura di Girolamo Segato. Il concorso, aperto ai nati e\/o residenti nel Triveneto, invita a scrivere racconti brevi inediti sul tema dello zodiaco, comprendendo aspetti astronomici, mitici e antropologici. Due le sezioni: A) per singoli di 6-14 anni o lavori scolastici di gruppo, e B) per partecipanti dai 15 anni. Premi in denaro fino a 500 euro e attestati di partecipazione. I vincitori saranno pubblicati su &#8220;il Veses&#8221;. Scadenza: 19 ottobre. Info su <a href=\"http:\/\/www.sospirolo.net\" target=\"_new\" rel=\"noreferrer noopener\">www.sospirolo.net<\/a>.<\/p>\n<p>&nbsp;<\/p>\n<hr \/>\n<p>&nbsp;<\/p>\n<blockquote>\n<h3>A TEATRO CON LA NAVETTA, PRENOTAZIONI APERTE<\/h3>\n<\/blockquote>\n<p><strong><a class=\"dt-pswp-item\" href=\"https:\/\/www.radiopiu.net\/wordpress\/wp-content\/uploads\/2022\/07\/LE-MUSE.png\" data-dt-img-description=\"\" data-large_image_width=\"750\" data-large_image_height=\"750\"><img loading=\"lazy\" decoding=\"async\" class=\" wp-image-288787 alignleft\" src=\"https:\/\/www.radiopiu.net\/wordpress\/wp-content\/uploads\/2022\/07\/LE-MUSE-300x300.png\" alt=\"\" width=\"113\" height=\"113\" srcset=\"https:\/\/www.radiopiu.net\/wordpress\/wp-content\/uploads\/2022\/07\/LE-MUSE-300x300.png 300w, https:\/\/www.radiopiu.net\/wordpress\/wp-content\/uploads\/2022\/07\/LE-MUSE-150x150.png 150w, https:\/\/www.radiopiu.net\/wordpress\/wp-content\/uploads\/2022\/07\/LE-MUSE.png 750w\" sizes=\"auto, (max-width: 113px) 100vw, 113px\" \/><\/a>REDAZIONE <\/strong>L&#8217;Associazione &#8220;Le Muse e le Dolomiti&#8221;, in collaborazione con i Comuni di Moena e Falcade, Moena Eventi e PromoFalcade, propone il servizio Navetta Teatro! Il 2 agosto si ripeter\u00e0 il servizio navetta per lo spettacolo &#8220;Allegria!&#8221;, uno spettacolo latino-americano con il Trio Galantes e gli studenti della Scuola Interregionale di Canto e Teatro, diretto da Giacomo Gamba. La navetta partir\u00e0 sempre da Piazza Municipio a Falcade alle 19:45. Anche in questo caso, il costo della navetta \u00e8 di \u20ac5 e l&#8217;ingresso allo spettacolo \u00e8 gratuito. Prenotazioni entro le ore 12 del 2 agosto tramite WhatsApp al 340 2305439. Per ulteriori informazioni, visitare <a href=\"http:\/\/www.musedolomiti.it\" target=\"_new\" rel=\"noreferrer noopener\">www.musedolomiti.it<\/a>.<\/p>\n<p>&nbsp;<\/p>\n<p>&nbsp;<\/p>\n<hr \/>\n<p>&nbsp;<\/p>\n<blockquote>\n<h3>DIAMO VALORE AL LEGNO IN SALA DON TAMIS<\/h3>\n<\/blockquote>\n<p><strong><a class=\"dt-pswp-item\" href=\"https:\/\/www.radiopiu.net\/wordpress\/wp-content\/uploads\/2024\/07\/DIAMO-VALORE-AL-LEGNO-1.png\" data-dt-img-description=\"\" data-large_image_width=\"673\" data-large_image_height=\"942\"><img loading=\"lazy\" decoding=\"async\" class=\" wp-image-400250 alignleft\" src=\"https:\/\/www.radiopiu.net\/wordpress\/wp-content\/uploads\/2024\/07\/DIAMO-VALORE-AL-LEGNO-1-214x300.png\" alt=\"\" width=\"96\" height=\"135\" srcset=\"https:\/\/www.radiopiu.net\/wordpress\/wp-content\/uploads\/2024\/07\/DIAMO-VALORE-AL-LEGNO-1-214x300.png 214w, https:\/\/www.radiopiu.net\/wordpress\/wp-content\/uploads\/2024\/07\/DIAMO-VALORE-AL-LEGNO-1.png 673w\" sizes=\"auto, (max-width: 96px) 100vw, 96px\" \/><\/a>AGORDO<\/strong> Il 1\u00b0 agosto 2024, AIEL organizza una serata informativa ad Agordo, in collaborazione con vari enti, per discutere del ripristino dei boschi colpiti dal bostrico e del &#8220;Bando stufe 2024&#8221; della Regione Veneto. L&#8217;incontro, che si terr\u00e0 presso la sala Don Tamis dalle 18:00, affronter\u00e0 l&#8217;uso di tecnologie innovative per il recupero delle foreste danneggiate e il finanziamento regionale per la sostituzione di vecchi impianti termici a biomassa. Il &#8220;Bando stufe 2024&#8221; coprir\u00e0 dall&#8217;85 al 100% delle spese per nuovi impianti a legna, pellet e cippato. L&#8217;evento prevede interventi di esperti che presenteranno casi applicativi e informazioni per accedere agli incentivi. La partecipazione \u00e8 aperta a cittadini e amministratori locali per promuovere sicurezza ed efficienza energetica nelle abitazioni. Per ulteriori dettagli: <a rel=\"noreferrer\">segreteria.aiel@cia.it<\/a>.<\/p>\n<p>&nbsp;<\/p>\n<p>&nbsp;<\/p>\n<p>&nbsp;<\/p>\n<hr \/>\n<p>&nbsp;<\/p>\n<blockquote>\n<h3>TRA LE CHINE DELLA SCHIARA<\/h3>\n<\/blockquote>\n<p><strong>BELLUNO<\/strong> Il Parco Nazionale Dolomiti Bellunesi, in collaborazione con i rifugi Bianchet, 7\u00b0 Alpini e Pian de Fontana, organizza tre giornate sui sentieri della Schiara. Luca Sovilla racconter\u00e0 i segreti della zona e Marco Dall\u2019Armi li disegner\u00e0 in china. Gli incontri nei rifugi sono gratuiti e aperti a tutti. Le escursioni guidate gratuite, accompagnate dalle Guide del Parco, richiedono prenotazione per un massimo di 25 persone, da effettuare due giorni prima. Il 31 agosto al rifugio 7\u00b0 Alpini e il 21 settembre al rifugio Pian de Fontana. La manifestazione \u00e8 patrocinata dal CAI di Belluno.<\/p>\n<p>&nbsp;<\/p>\n<hr \/>\n<p>&nbsp;<\/p>\n<p><strong>BUONGIORNO FARRA <\/strong><strong>\u00a0 \u00a0 Un libro sul torneo di calcio Lino Comiotto<\/strong><\/p>\n<p>Verr\u00e0 presentato Sabato 3 Agosto alle 0re 16.15 al campo sportivo di Farra di Mel il libro sul torneo di calcio intitolato a Lino Comiotto, scritto da Antonella Susana e Paolo Comel. Il corposo volume di trecento pagine ha uno sviluppo cronologico, un lungo viaggio che inizia nel dopoguerra con il ritorno in estate degli emigranti, fino ai giorni nostri. Dopo la presentazione del libro alle 18 si terr\u00e0 la partita di calcio tra la Nazionale Italiana Sindaci ed la rappresentativa locale Busana Group; ospiti gli ex calciatori di serie A Damiano Tommasi e Mauro Bressan.<\/p>\n<p>&nbsp;<\/p>\n<hr \/>\n<p>&nbsp;<\/p>\n<h2><span style=\"color: #ff6600;\">ALLA RADIO<\/span><\/h2>\n<h2><span style=\"color: #ff0000;\">OGGI COME IERI di e con SILVIA BALDO<\/span><\/h2>\n<p><img decoding=\"async\" class=\"aligncenter\" src=\"https:\/\/www.radiopiu.net\/wordpress\/wp-content\/uploads\/2023\/09\/309000774_10222572118595513_7956305457803922499_n.jpg\" \/><\/p>\n<p><strong>\u00a0 \u00a0 \u00a0 \u00a0\u00a0<\/strong><\/p>\n<p><strong>PUNTATA DEL 29 LUGLIO\u00a0<\/strong><\/p>\n<audio class=\"wp-audio-shortcode\" id=\"audio-401928-11\" preload=\"none\" style=\"width: 100%;\" controls=\"controls\"><source type=\"audio\/mpeg\" src=\"https:\/\/www.radiopiu.net\/wordpress\/wp-content\/uploads\/2024\/01\/SIBI-16.mp3?_=11\" \/><a href=\"https:\/\/www.radiopiu.net\/wordpress\/wp-content\/uploads\/2024\/01\/SIBI-16.mp3\">https:\/\/www.radiopiu.net\/wordpress\/wp-content\/uploads\/2024\/01\/SIBI-16.mp3<\/a><\/audio>\n<p>&nbsp;<\/p>\n<h2>LA RACCOLTA COMPLETA <a href=\"https:\/\/www.radiopiu.net\/wordpress\/alle-nove-oggi-come-ieri-di-e-con-silvia-baldo\/\"><span style=\"color: #3366ff;\">CLICCA QUI<\/span><\/a><\/h2>\n<p>&nbsp;<\/p>\n<hr \/>\n<p>&nbsp;<\/p>\n<h2><span style=\"color: #00ccff;\">SALUTE &amp; SOCIETA&#8217;<\/span><\/h2>\n<p><a class=\"dt-pswp-item\" href=\"https:\/\/www.radiopiu.net\/wordpress\/wp-content\/uploads\/2024\/07\/2a6711ee-7d74-c7bc-4ec9-99c8763b944a.jpg\" data-dt-img-description=\"Young woman with vitiligo gesturing and looking at camera isolated over blue wall\" data-large_image_width=\"800\" data-large_image_height=\"445\"><img loading=\"lazy\" decoding=\"async\" class=\"wp-image-401998 alignleft\" src=\"https:\/\/www.radiopiu.net\/wordpress\/wp-content\/uploads\/2024\/07\/2a6711ee-7d74-c7bc-4ec9-99c8763b944a-300x167.jpg\" alt=\"\" width=\"162\" height=\"90\" srcset=\"https:\/\/www.radiopiu.net\/wordpress\/wp-content\/uploads\/2024\/07\/2a6711ee-7d74-c7bc-4ec9-99c8763b944a-300x167.jpg 300w, https:\/\/www.radiopiu.net\/wordpress\/wp-content\/uploads\/2024\/07\/2a6711ee-7d74-c7bc-4ec9-99c8763b944a-768x427.jpg 768w, https:\/\/www.radiopiu.net\/wordpress\/wp-content\/uploads\/2024\/07\/2a6711ee-7d74-c7bc-4ec9-99c8763b944a.jpg 800w\" sizes=\"auto, (max-width: 162px) 100vw, 162px\" \/><\/a><strong>PUNTATA DEL 29 LUGLIO 2024<\/strong><\/p>\n<p><strong>Vitiligine <\/strong>In occasione della Giornata Mondiale della Vitiligine, \u00e8 stata presentata a Milano la campagna \u201cLa scelta \u00e8 nelle tue mani. Vitiligine: scopri nuove possibilit\u00e0\u201d. <strong>Benessere visivo <\/strong>Parte dal Senato un dialogo istituzionale per il benessere visivo e l\u2019equit\u00e0 di accesso alle cure.<\/p>\n<audio class=\"wp-audio-shortcode\" id=\"audio-401928-12\" preload=\"none\" style=\"width: 100%;\" controls=\"controls\"><source type=\"audio\/mpeg\" src=\"https:\/\/www.radiopiu.net\/wordpress\/wp-content\/uploads\/2024\/07\/SALUTE-3.mp3?_=12\" \/><a href=\"https:\/\/www.radiopiu.net\/wordpress\/wp-content\/uploads\/2024\/07\/SALUTE-3.mp3\">https:\/\/www.radiopiu.net\/wordpress\/wp-content\/uploads\/2024\/07\/SALUTE-3.mp3<\/a><\/audio>\n<p>&nbsp;<\/p>\n<hr \/>\n<p>&nbsp;<\/p>\n<h2><span style=\"color: #008080;\">RITRATTI SONORI, IL PROGRAMMA DI ALESSIA DALL&#8217;O&#8217; <\/span><\/h2>\n<p><span style=\"color: #ff0000;\"><strong><a class=\"dt-pswp-item\" href=\"https:\/\/www.radiopiu.net\/wordpress\/wp-content\/uploads\/2024\/07\/304de033-1c73-476a-94d9-93b7b556d8f3.jpg\" data-dt-img-description=\"\" data-large_image_width=\"1600\" data-large_image_height=\"720\"><img loading=\"lazy\" decoding=\"async\" class=\" wp-image-402201 alignleft\" src=\"https:\/\/www.radiopiu.net\/wordpress\/wp-content\/uploads\/2024\/07\/304de033-1c73-476a-94d9-93b7b556d8f3-300x135.jpg\" alt=\"\" width=\"196\" height=\"88\" srcset=\"https:\/\/www.radiopiu.net\/wordpress\/wp-content\/uploads\/2024\/07\/304de033-1c73-476a-94d9-93b7b556d8f3-300x135.jpg 300w, https:\/\/www.radiopiu.net\/wordpress\/wp-content\/uploads\/2024\/07\/304de033-1c73-476a-94d9-93b7b556d8f3-1024x461.jpg 1024w, https:\/\/www.radiopiu.net\/wordpress\/wp-content\/uploads\/2024\/07\/304de033-1c73-476a-94d9-93b7b556d8f3-768x346.jpg 768w, https:\/\/www.radiopiu.net\/wordpress\/wp-content\/uploads\/2024\/07\/304de033-1c73-476a-94d9-93b7b556d8f3-1536x691.jpg 1536w, https:\/\/www.radiopiu.net\/wordpress\/wp-content\/uploads\/2024\/07\/304de033-1c73-476a-94d9-93b7b556d8f3.jpg 1600w\" sizes=\"auto, (max-width: 196px) 100vw, 196px\" \/><\/a>PUNTATA 12 MATTIA LUCCA<\/strong><\/span><\/p>\n<p>PRIMA PARTE<\/p>\n<audio class=\"wp-audio-shortcode\" id=\"audio-401928-13\" preload=\"none\" style=\"width: 100%;\" controls=\"controls\"><source type=\"audio\/mpeg\" src=\"https:\/\/www.radiopiu.net\/wordpress\/wp-content\/uploads\/2024\/07\/RF1-4.mp3?_=13\" \/><a href=\"https:\/\/www.radiopiu.net\/wordpress\/wp-content\/uploads\/2024\/07\/RF1-4.mp3\">https:\/\/www.radiopiu.net\/wordpress\/wp-content\/uploads\/2024\/07\/RF1-4.mp3<\/a><\/audio>\n<p>&nbsp;<\/p>\n<p>SECONDA PARTE<\/p>\n<audio class=\"wp-audio-shortcode\" id=\"audio-401928-14\" preload=\"none\" style=\"width: 100%;\" controls=\"controls\"><source type=\"audio\/mpeg\" src=\"https:\/\/www.radiopiu.net\/wordpress\/wp-content\/uploads\/2024\/07\/RF2-4.mp3?_=14\" \/><a href=\"https:\/\/www.radiopiu.net\/wordpress\/wp-content\/uploads\/2024\/07\/RF2-4.mp3\">https:\/\/www.radiopiu.net\/wordpress\/wp-content\/uploads\/2024\/07\/RF2-4.mp3<\/a><\/audio>\n<p>&nbsp;<\/p>\n<p>TERZA PARTE<\/p>\n<audio class=\"wp-audio-shortcode\" id=\"audio-401928-15\" preload=\"none\" style=\"width: 100%;\" controls=\"controls\"><source type=\"audio\/mpeg\" src=\"https:\/\/www.radiopiu.net\/wordpress\/wp-content\/uploads\/2024\/07\/RF3-4.mp3?_=15\" \/><a href=\"https:\/\/www.radiopiu.net\/wordpress\/wp-content\/uploads\/2024\/07\/RF3-4.mp3\">https:\/\/www.radiopiu.net\/wordpress\/wp-content\/uploads\/2024\/07\/RF3-4.mp3<\/a><\/audio>\n<p>&nbsp;<\/p>\n<hr \/>\n<p>&nbsp;<\/p>\n<h2><span style=\"color: #ffcc00;\">L&#8217;ESTATE ALL&#8217;HOTEL VILLA IMPERINA DI AGORDO<\/span><\/h2>\n<p><strong><a class=\"dt-pswp-item\" href=\"https:\/\/www.radiopiu.net\/wordpress\/wp-content\/uploads\/2020\/06\/PARK-HOTEL-VILLA-IMPERINA.jpg\" data-dt-img-description=\"\" data-large_image_width=\"512\" data-large_image_height=\"339\"><img loading=\"lazy\" decoding=\"async\" class=\" wp-image-147162 alignleft\" src=\"https:\/\/www.radiopiu.net\/wordpress\/wp-content\/uploads\/2020\/06\/PARK-HOTEL-VILLA-IMPERINA-300x199.jpg\" alt=\"\" width=\"148\" height=\"98\" srcset=\"https:\/\/www.radiopiu.net\/wordpress\/wp-content\/uploads\/2020\/06\/PARK-HOTEL-VILLA-IMPERINA-300x199.jpg 300w, https:\/\/www.radiopiu.net\/wordpress\/wp-content\/uploads\/2020\/06\/PARK-HOTEL-VILLA-IMPERINA.jpg 512w\" sizes=\"auto, (max-width: 148px) 100vw, 148px\" \/><\/a>DI MIRKO MEZZACASA<\/strong><\/p>\n<p>OSPITI: Martina Zorzi, Jacopo Deltedesco (DJ Jack) e Antonio del WED<\/p>\n<audio class=\"wp-audio-shortcode\" id=\"audio-401928-16\" preload=\"none\" style=\"width: 100%;\" controls=\"controls\"><source type=\"audio\/mpeg\" src=\"https:\/\/www.radiopiu.net\/wordpress\/wp-content\/uploads\/2024\/07\/VILLA-IMPERINA-LUGLIO-2024.mp3?_=16\" \/><a href=\"https:\/\/www.radiopiu.net\/wordpress\/wp-content\/uploads\/2024\/07\/VILLA-IMPERINA-LUGLIO-2024.mp3\">https:\/\/www.radiopiu.net\/wordpress\/wp-content\/uploads\/2024\/07\/VILLA-IMPERINA-LUGLIO-2024.mp3<\/a><\/audio>\n\n\t\t\t<style type='text\/css'>\n\t\t\t\t#gallery-5 {\n\t\t\t\t\tmargin: auto;\n\t\t\t\t}\n\t\t\t\t#gallery-5 .gallery-item {\n\t\t\t\t\tfloat: left;\n\t\t\t\t\tmargin-top: 10px;\n\t\t\t\t\ttext-align: center;\n\t\t\t\t\twidth: 20%;\n\t\t\t\t}\n\t\t\t\t#gallery-5 img {\n\t\t\t\t\tborder: 2px solid #cfcfcf;\n\t\t\t\t}\n\t\t\t\t#gallery-5 .gallery-caption {\n\t\t\t\t\tmargin-left: 0;\n\t\t\t\t}\n\t\t\t\t\/* see gallery_shortcode() in wp-includes\/media.php *\/\n\t\t\t<\/style>\n\t\t<div id='gallery-5' class='dt-gallery-container gallery galleryid-401928 gallery-columns-5 gallery-size-thumbnail'><dl class='gallery-item'>\n\t\t\t\t<dt class='gallery-icon portrait'>\n\t\t\t\t\t<a class=\"rollover rollover-zoom dt-pswp-item\" title=\"f2f399fe-0280-44e4-8435-afa7b248c431\" data-dt-img-description=\"\" data-large_image_width=\"1440\" data-large_image_height=\"1799\"href='https:\/\/www.radiopiu.net\/wordpress\/wp-content\/uploads\/2024\/07\/f2f399fe-0280-44e4-8435-afa7b248c431.jpg'><img loading=\"lazy\" decoding=\"async\" width=\"150\" height=\"150\" src=\"https:\/\/www.radiopiu.net\/wordpress\/wp-content\/uploads\/2024\/07\/f2f399fe-0280-44e4-8435-afa7b248c431-150x150.jpg\" class=\"attachment-thumbnail size-thumbnail\" alt=\"\" \/><\/a>\n\t\t\t\t<\/dt><\/dl><dl class='gallery-item'>\n\t\t\t\t<dt class='gallery-icon portrait'>\n\t\t\t\t\t<a class=\"rollover rollover-zoom dt-pswp-item\" title=\"9dc231fd-8bb3-4cf2-b8b4-b13ebe9b6da3\" data-dt-img-description=\"\" data-large_image_width=\"1440\" data-large_image_height=\"1799\"href='https:\/\/www.radiopiu.net\/wordpress\/wp-content\/uploads\/2024\/07\/9dc231fd-8bb3-4cf2-b8b4-b13ebe9b6da3.jpg'><img loading=\"lazy\" decoding=\"async\" width=\"150\" height=\"150\" src=\"https:\/\/www.radiopiu.net\/wordpress\/wp-content\/uploads\/2024\/07\/9dc231fd-8bb3-4cf2-b8b4-b13ebe9b6da3-150x150.jpg\" class=\"attachment-thumbnail size-thumbnail\" alt=\"\" \/><\/a>\n\t\t\t\t<\/dt><\/dl><dl class='gallery-item'>\n\t\t\t\t<dt class='gallery-icon portrait'>\n\t\t\t\t\t<a class=\"rollover rollover-zoom dt-pswp-item\" title=\"1e952ff6-e9d3-4a43-90d8-a18330385fe5\" data-dt-img-description=\"\" data-large_image_width=\"1440\" data-large_image_height=\"1800\"href='https:\/\/www.radiopiu.net\/wordpress\/wp-content\/uploads\/2024\/07\/1e952ff6-e9d3-4a43-90d8-a18330385fe5.jpg'><img loading=\"lazy\" decoding=\"async\" width=\"150\" height=\"150\" src=\"https:\/\/www.radiopiu.net\/wordpress\/wp-content\/uploads\/2024\/07\/1e952ff6-e9d3-4a43-90d8-a18330385fe5-150x150.jpg\" class=\"attachment-thumbnail size-thumbnail\" alt=\"\" \/><\/a>\n\t\t\t\t<\/dt><\/dl><dl class='gallery-item'>\n\t\t\t\t<dt class='gallery-icon landscape'>\n\t\t\t\t\t<a class=\"rollover rollover-zoom dt-pswp-item\" title=\"ffac79d8-23a1-4bb6-a9cb-05b2c867583b\" data-dt-img-description=\"\" data-large_image_width=\"1440\" data-large_image_height=\"1439\"href='https:\/\/www.radiopiu.net\/wordpress\/wp-content\/uploads\/2024\/07\/ffac79d8-23a1-4bb6-a9cb-05b2c867583b.jpg'><img loading=\"lazy\" decoding=\"async\" width=\"150\" height=\"150\" src=\"https:\/\/www.radiopiu.net\/wordpress\/wp-content\/uploads\/2024\/07\/ffac79d8-23a1-4bb6-a9cb-05b2c867583b-150x150.jpg\" class=\"attachment-thumbnail size-thumbnail\" alt=\"\" srcset=\"https:\/\/www.radiopiu.net\/wordpress\/wp-content\/uploads\/2024\/07\/ffac79d8-23a1-4bb6-a9cb-05b2c867583b-150x150.jpg 150w, https:\/\/www.radiopiu.net\/wordpress\/wp-content\/uploads\/2024\/07\/ffac79d8-23a1-4bb6-a9cb-05b2c867583b-300x300.jpg 300w, https:\/\/www.radiopiu.net\/wordpress\/wp-content\/uploads\/2024\/07\/ffac79d8-23a1-4bb6-a9cb-05b2c867583b-1024x1024.jpg 1024w, https:\/\/www.radiopiu.net\/wordpress\/wp-content\/uploads\/2024\/07\/ffac79d8-23a1-4bb6-a9cb-05b2c867583b-768x767.jpg 768w, https:\/\/www.radiopiu.net\/wordpress\/wp-content\/uploads\/2024\/07\/ffac79d8-23a1-4bb6-a9cb-05b2c867583b.jpg 1440w\" sizes=\"auto, (max-width: 150px) 100vw, 150px\" \/><\/a>\n\t\t\t\t<\/dt><\/dl><dl class='gallery-item'>\n\t\t\t\t<dt class='gallery-icon landscape'>\n\t\t\t\t\t<a class=\"rollover rollover-zoom dt-pswp-item\" title=\"3e16b8c4-9ecc-46f3-bb9f-ce4f20584bf8\" data-dt-img-description=\"\" data-large_image_width=\"1440\" data-large_image_height=\"1440\"href='https:\/\/www.radiopiu.net\/wordpress\/wp-content\/uploads\/2024\/07\/3e16b8c4-9ecc-46f3-bb9f-ce4f20584bf8.jpg'><img loading=\"lazy\" decoding=\"async\" width=\"150\" height=\"150\" src=\"https:\/\/www.radiopiu.net\/wordpress\/wp-content\/uploads\/2024\/07\/3e16b8c4-9ecc-46f3-bb9f-ce4f20584bf8-150x150.jpg\" class=\"attachment-thumbnail size-thumbnail\" alt=\"\" srcset=\"https:\/\/www.radiopiu.net\/wordpress\/wp-content\/uploads\/2024\/07\/3e16b8c4-9ecc-46f3-bb9f-ce4f20584bf8-150x150.jpg 150w, https:\/\/www.radiopiu.net\/wordpress\/wp-content\/uploads\/2024\/07\/3e16b8c4-9ecc-46f3-bb9f-ce4f20584bf8-300x300.jpg 300w, https:\/\/www.radiopiu.net\/wordpress\/wp-content\/uploads\/2024\/07\/3e16b8c4-9ecc-46f3-bb9f-ce4f20584bf8-1024x1024.jpg 1024w, https:\/\/www.radiopiu.net\/wordpress\/wp-content\/uploads\/2024\/07\/3e16b8c4-9ecc-46f3-bb9f-ce4f20584bf8-768x768.jpg 768w, https:\/\/www.radiopiu.net\/wordpress\/wp-content\/uploads\/2024\/07\/3e16b8c4-9ecc-46f3-bb9f-ce4f20584bf8.jpg 1440w\" sizes=\"auto, (max-width: 150px) 100vw, 150px\" \/><\/a>\n\t\t\t\t<\/dt><\/dl><br style=\"clear: both\" \/><dl class='gallery-item'>\n\t\t\t\t<dt class='gallery-icon portrait'>\n\t\t\t\t\t<a class=\"rollover rollover-zoom dt-pswp-item\" title=\"b61bc9b5-8d34-49be-9fec-ad701b657304\" data-dt-img-description=\"\" data-large_image_width=\"900\" data-large_image_height=\"1600\"href='https:\/\/www.radiopiu.net\/wordpress\/wp-content\/uploads\/2024\/07\/b61bc9b5-8d34-49be-9fec-ad701b657304.jpg'><img loading=\"lazy\" decoding=\"async\" width=\"150\" height=\"150\" src=\"https:\/\/www.radiopiu.net\/wordpress\/wp-content\/uploads\/2024\/07\/b61bc9b5-8d34-49be-9fec-ad701b657304-150x150.jpg\" class=\"attachment-thumbnail size-thumbnail\" alt=\"\" \/><\/a>\n\t\t\t\t<\/dt><\/dl><dl class='gallery-item'>\n\t\t\t\t<dt class='gallery-icon portrait'>\n\t\t\t\t\t<a class=\"rollover rollover-zoom dt-pswp-item\" title=\"ca590c58-7d03-4d0e-af9e-82a8aefb2816\" data-dt-img-description=\"\" data-large_image_width=\"900\" data-large_image_height=\"1600\"href='https:\/\/www.radiopiu.net\/wordpress\/wp-content\/uploads\/2024\/07\/ca590c58-7d03-4d0e-af9e-82a8aefb2816.jpg'><img loading=\"lazy\" decoding=\"async\" width=\"150\" height=\"150\" src=\"https:\/\/www.radiopiu.net\/wordpress\/wp-content\/uploads\/2024\/07\/ca590c58-7d03-4d0e-af9e-82a8aefb2816-150x150.jpg\" class=\"attachment-thumbnail size-thumbnail\" alt=\"\" \/><\/a>\n\t\t\t\t<\/dt><\/dl><dl class='gallery-item'>\n\t\t\t\t<dt class='gallery-icon portrait'>\n\t\t\t\t\t<a class=\"rollover rollover-zoom dt-pswp-item\" title=\"22a7dd05-a5fa-421c-aced-3bd1ae6d3886\" data-dt-img-description=\"\" data-large_image_width=\"900\" data-large_image_height=\"1600\"href='https:\/\/www.radiopiu.net\/wordpress\/wp-content\/uploads\/2024\/07\/22a7dd05-a5fa-421c-aced-3bd1ae6d3886.jpg'><img loading=\"lazy\" decoding=\"async\" width=\"150\" height=\"150\" src=\"https:\/\/www.radiopiu.net\/wordpress\/wp-content\/uploads\/2024\/07\/22a7dd05-a5fa-421c-aced-3bd1ae6d3886-150x150.jpg\" class=\"attachment-thumbnail size-thumbnail\" alt=\"\" \/><\/a>\n\t\t\t\t<\/dt><\/dl><dl class='gallery-item'>\n\t\t\t\t<dt class='gallery-icon portrait'>\n\t\t\t\t\t<a class=\"rollover rollover-zoom dt-pswp-item\" title=\"ff2a6468-86eb-4fda-9d6c-3889c0f6ef0e\" data-dt-img-description=\"\" data-large_image_width=\"900\" data-large_image_height=\"1600\"href='https:\/\/www.radiopiu.net\/wordpress\/wp-content\/uploads\/2024\/07\/ff2a6468-86eb-4fda-9d6c-3889c0f6ef0e.jpg'><img loading=\"lazy\" decoding=\"async\" width=\"150\" height=\"150\" src=\"https:\/\/www.radiopiu.net\/wordpress\/wp-content\/uploads\/2024\/07\/ff2a6468-86eb-4fda-9d6c-3889c0f6ef0e-150x150.jpg\" class=\"attachment-thumbnail size-thumbnail\" alt=\"\" \/><\/a>\n\t\t\t\t<\/dt><\/dl><dl class='gallery-item'>\n\t\t\t\t<dt class='gallery-icon portrait'>\n\t\t\t\t\t<a class=\"rollover rollover-zoom dt-pswp-item\" title=\"b61ebf88-18d2-4fdd-b785-893eb203d5e7\" data-dt-img-description=\"\" data-large_image_width=\"900\" data-large_image_height=\"1600\"href='https:\/\/www.radiopiu.net\/wordpress\/wp-content\/uploads\/2024\/07\/b61ebf88-18d2-4fdd-b785-893eb203d5e7.jpg'><img loading=\"lazy\" decoding=\"async\" width=\"150\" height=\"150\" src=\"https:\/\/www.radiopiu.net\/wordpress\/wp-content\/uploads\/2024\/07\/b61ebf88-18d2-4fdd-b785-893eb203d5e7-150x150.jpg\" class=\"attachment-thumbnail size-thumbnail\" alt=\"\" \/><\/a>\n\t\t\t\t<\/dt><\/dl><br style=\"clear: both\" \/>\n\t\t\t<\/div>\n\n<p>&nbsp;<\/p>\n<hr \/>\n<p>&nbsp;<\/p>\n<h2><span style=\"color: #333399;\">LA SAGRA DE LA MADONA DE LA NEIF A LA VALLE<\/span><\/h2>\n<p><strong><a class=\"dt-pswp-item\" href=\"https:\/\/www.radiopiu.net\/wordpress\/wp-content\/uploads\/2024\/07\/madona-2024.png\" data-dt-img-description=\"\" data-large_image_width=\"606\" data-large_image_height=\"312\"><img loading=\"lazy\" decoding=\"async\" class=\" wp-image-402018 alignleft\" src=\"https:\/\/www.radiopiu.net\/wordpress\/wp-content\/uploads\/2024\/07\/madona-2024-300x154.png\" alt=\"\" width=\"181\" height=\"93\" srcset=\"https:\/\/www.radiopiu.net\/wordpress\/wp-content\/uploads\/2024\/07\/madona-2024-300x154.png 300w, https:\/\/www.radiopiu.net\/wordpress\/wp-content\/uploads\/2024\/07\/madona-2024.png 606w\" sizes=\"auto, (max-width: 181px) 100vw, 181px\" \/><\/a>DI MIRKO MEZZACASA<\/strong><\/p>\n<p>OSPITI: Federica Mezzacasa e Federico Friz<\/p>\n<audio class=\"wp-audio-shortcode\" id=\"audio-401928-17\" preload=\"none\" style=\"width: 100%;\" controls=\"controls\"><source type=\"audio\/mpeg\" src=\"https:\/\/www.radiopiu.net\/wordpress\/wp-content\/uploads\/2024\/07\/LA-VALLE-MADONA-DE-LA-NEIF-2024.mp3?_=17\" \/><a href=\"https:\/\/www.radiopiu.net\/wordpress\/wp-content\/uploads\/2024\/07\/LA-VALLE-MADONA-DE-LA-NEIF-2024.mp3\">https:\/\/www.radiopiu.net\/wordpress\/wp-content\/uploads\/2024\/07\/LA-VALLE-MADONA-DE-LA-NEIF-2024.mp3<\/a><\/audio>\n<p>&nbsp;<\/p>\n<hr \/>\n<p>&nbsp;<\/p>\n<h2><span style=\"color: #993366;\"><a class=\"dt-pswp-item\" href=\"https:\/\/www.radiopiu.net\/wordpress\/wp-content\/uploads\/2024\/06\/c2f4f425-e175-4bc7-918a-e3d1330c6c31.jpg\" data-dt-img-description=\"\" data-large_image_width=\"1080\" data-large_image_height=\"907\"><img loading=\"lazy\" decoding=\"async\" class=\" wp-image-393091 alignleft\" src=\"https:\/\/www.radiopiu.net\/wordpress\/wp-content\/uploads\/2024\/06\/c2f4f425-e175-4bc7-918a-e3d1330c6c31-300x252.jpg\" alt=\"\" width=\"119\" height=\"100\" srcset=\"https:\/\/www.radiopiu.net\/wordpress\/wp-content\/uploads\/2024\/06\/c2f4f425-e175-4bc7-918a-e3d1330c6c31-300x252.jpg 300w, https:\/\/www.radiopiu.net\/wordpress\/wp-content\/uploads\/2024\/06\/c2f4f425-e175-4bc7-918a-e3d1330c6c31-1024x860.jpg 1024w, https:\/\/www.radiopiu.net\/wordpress\/wp-content\/uploads\/2024\/06\/c2f4f425-e175-4bc7-918a-e3d1330c6c31-768x645.jpg 768w, https:\/\/www.radiopiu.net\/wordpress\/wp-content\/uploads\/2024\/06\/c2f4f425-e175-4bc7-918a-e3d1330c6c31.jpg 1080w\" sizes=\"auto, (max-width: 119px) 100vw, 119px\" \/><\/a><span style=\"color: #ff00ff;\">ZAINO DA VIAGGIO AL FEMMINILE<\/span><\/span><\/h2>\n<p><strong>IL PROGRAMMA DI PAOLA LANCIATO<\/strong><\/p>\n<p>16\u00b0 PUNTATA: LA SCARZUOLA DI BUZZI<\/p>\n<blockquote class=\"wp-embedded-content\" data-secret=\"W7p7LwJfyf\"><p><a href=\"https:\/\/www.radiopiu.net\/wordpress\/zaino-femminile-lanciato\/\">Zaino da viaggio al femminile<\/a><\/p><\/blockquote>\n<p><iframe loading=\"lazy\" class=\"wp-embedded-content\" sandbox=\"allow-scripts\" security=\"restricted\" style=\"position: absolute; visibility: hidden;\" title=\"&#8220;Zaino da viaggio al femminile&#8221; &#8212; Radio Pi\u00f9\" src=\"https:\/\/www.radiopiu.net\/wordpress\/zaino-femminile-lanciato\/embed\/#?secret=C2PY9PH3Zy#?secret=W7p7LwJfyf\" data-secret=\"W7p7LwJfyf\" width=\"600\" height=\"338\" frameborder=\"0\" marginwidth=\"0\" marginheight=\"0\" scrolling=\"no\"><\/iframe><\/p>\n<hr \/>\n<p>&nbsp;<\/p>\n<blockquote>\n<h2>SUMMER RUN, APPUNTAMENTO A BELLUNO IL PRIMO AGOSTO<a class=\"dt-pswp-item\" style=\"font-size: 14px; font-weight: normal;\" href=\"https:\/\/www.radiopiu.net\/wordpress\/wp-content\/uploads\/2024\/07\/BELLUNO-SUMMER-RUN_1.jpeg\" data-dt-img-description=\"\" data-large_image_width=\"1600\" data-large_image_height=\"1200\">\u00a0<\/a><\/h2>\n<\/blockquote>\n<p><a class=\"dt-pswp-item\" href=\"https:\/\/www.radiopiu.net\/wordpress\/wp-content\/uploads\/2024\/07\/BELLUNO-SUMMER-RUN_1.jpeg\"><img loading=\"lazy\" decoding=\"async\" class=\"aligncenter wp-image-402113 \" src=\"https:\/\/www.radiopiu.net\/wordpress\/wp-content\/uploads\/2024\/07\/BELLUNO-SUMMER-RUN_1.jpeg\" alt=\"\" width=\"288\" height=\"216\" srcset=\"https:\/\/www.radiopiu.net\/wordpress\/wp-content\/uploads\/2024\/07\/BELLUNO-SUMMER-RUN_1.jpeg 1600w, https:\/\/www.radiopiu.net\/wordpress\/wp-content\/uploads\/2024\/07\/BELLUNO-SUMMER-RUN_1-300x225.jpeg 300w, https:\/\/www.radiopiu.net\/wordpress\/wp-content\/uploads\/2024\/07\/BELLUNO-SUMMER-RUN_1-1024x768.jpeg 1024w, https:\/\/www.radiopiu.net\/wordpress\/wp-content\/uploads\/2024\/07\/BELLUNO-SUMMER-RUN_1-768x576.jpeg 768w, https:\/\/www.radiopiu.net\/wordpress\/wp-content\/uploads\/2024\/07\/BELLUNO-SUMMER-RUN_1-1536x1152.jpeg 1536w\" sizes=\"auto, (max-width: 288px) 100vw, 288px\" \/><\/a><\/p>\n<p>&nbsp;<\/p>\n<blockquote>\n<h1><strong> video referente Coni Belluno, Simone Soccal<\/strong><\/h1>\n<\/blockquote>\n<p><iframe loading=\"lazy\" title=\"summer2\" width=\"1200\" height=\"675\" src=\"https:\/\/www.youtube.com\/embed\/gEIdpcvjO_Y?feature=oembed\" frameborder=\"0\" allow=\"accelerometer; autoplay; clipboard-write; encrypted-media; gyroscope; picture-in-picture; web-share\" referrerpolicy=\"strict-origin-when-cross-origin\" allowfullscreen><\/iframe><\/p>\n<p>&nbsp;<\/p>\n<p><img loading=\"lazy\" decoding=\"async\" class=\"aligncenter\" src=\"https:\/\/www.radiopiu.net\/wordpress\/wp-content\/uploads\/2024\/07\/BELLUNO-SUMMER-RUN.jpeg\" width=\"477\" height=\"268\" \/><\/p>\n<hr \/>\n<p>&nbsp;<\/p>\n<h2><span style=\"color: #ff0000;\"><a class=\"dt-pswp-item\" href=\"https:\/\/www.radiopiu.net\/wordpress\/wp-content\/uploads\/2018\/09\/appuntamenti.jpeg\" data-dt-img-description=\"\" data-large_image_width=\"800\" data-large_image_height=\"100\"><img loading=\"lazy\" decoding=\"async\" class=\"wp-image-61958 size-full aligncenter\" src=\"https:\/\/www.radiopiu.net\/wordpress\/wp-content\/uploads\/2018\/09\/appuntamenti.jpeg\" alt=\"\" width=\"800\" height=\"100\" srcset=\"https:\/\/www.radiopiu.net\/wordpress\/wp-content\/uploads\/2018\/09\/appuntamenti.jpeg 800w, https:\/\/www.radiopiu.net\/wordpress\/wp-content\/uploads\/2018\/09\/appuntamenti-300x38.jpeg 300w, https:\/\/www.radiopiu.net\/wordpress\/wp-content\/uploads\/2018\/09\/appuntamenti-768x96.jpeg 768w\" sizes=\"auto, (max-width: 800px) 100vw, 800px\" \/><\/a><\/span><\/h2>\n<div>\n<div class=\"\" dir=\"auto\">\n<div id=\":r9h:\" class=\"x1iorvi4 x1pi30zi x1l90r2v x1swvt13\" data-ad-comet-preview=\"message\" data-ad-preview=\"message\">\n\n\t\t\t<style type='text\/css'>\n\t\t\t\t#gallery-6 {\n\t\t\t\t\tmargin: auto;\n\t\t\t\t}\n\t\t\t\t#gallery-6 .gallery-item {\n\t\t\t\t\tfloat: left;\n\t\t\t\t\tmargin-top: 10px;\n\t\t\t\t\ttext-align: center;\n\t\t\t\t\twidth: 20%;\n\t\t\t\t}\n\t\t\t\t#gallery-6 img {\n\t\t\t\t\tborder: 2px solid #cfcfcf;\n\t\t\t\t}\n\t\t\t\t#gallery-6 .gallery-caption {\n\t\t\t\t\tmargin-left: 0;\n\t\t\t\t}\n\t\t\t\t\/* see gallery_shortcode() in wp-includes\/media.php *\/\n\t\t\t<\/style>\n\t\t<div id='gallery-6' class='dt-gallery-container gallery galleryid-401928 gallery-columns-5 gallery-size-thumbnail'><dl class='gallery-item'>\n\t\t\t\t<dt class='gallery-icon portrait'>\n\t\t\t\t\t<a class=\"rollover rollover-zoom dt-pswp-item\" title=\"a2fe8ef0-b734-47c8-be38-ab8205a88b00\" data-dt-img-description=\"\" data-large_image_width=\"1131\" data-large_image_height=\"1600\"href='https:\/\/www.radiopiu.net\/wordpress\/wp-content\/uploads\/2024\/07\/a2fe8ef0-b734-47c8-be38-ab8205a88b00.jpg'><img loading=\"lazy\" decoding=\"async\" width=\"150\" height=\"150\" src=\"https:\/\/www.radiopiu.net\/wordpress\/wp-content\/uploads\/2024\/07\/a2fe8ef0-b734-47c8-be38-ab8205a88b00-150x150.jpg\" class=\"attachment-thumbnail size-thumbnail\" alt=\"\" aria-describedby=\"gallery-6-402154\" \/><\/a>\n\t\t\t\t<\/dt>\n\t\t\t\t\t<dd class='wp-caption-text gallery-caption' id='gallery-6-402154'>\n\t\t\t\t\tDAL 9 AL 31 AGOSTO VOLTAGO E CULTURA\n\t\t\t\t\t<\/dd><\/dl><dl class='gallery-item'>\n\t\t\t\t<dt class='gallery-icon portrait'>\n\t\t\t\t\t<a class=\"rollover rollover-zoom dt-pswp-item\" title=\"Screenshot\" data-dt-img-description=\"\" data-large_image_width=\"1024\" data-large_image_height=\"1362\"href='https:\/\/www.radiopiu.net\/wordpress\/wp-content\/uploads\/2024\/07\/SCR-20240729-tbgf.jpeg'><img loading=\"lazy\" decoding=\"async\" width=\"150\" height=\"150\" src=\"https:\/\/www.radiopiu.net\/wordpress\/wp-content\/uploads\/2024\/07\/SCR-20240729-tbgf-150x150.jpeg\" class=\"attachment-thumbnail size-thumbnail\" alt=\"\" aria-describedby=\"gallery-6-402222\" \/><\/a>\n\t\t\t\t<\/dt>\n\t\t\t\t\t<dd class='wp-caption-text gallery-caption' id='gallery-6-402222'>\n\t\t\t\t\tVENERDI IN PIAZZA AD ALLEGHE\n\t\t\t\t\t<\/dd><\/dl><dl class='gallery-item'>\n\t\t\t\t<dt class='gallery-icon portrait'>\n\t\t\t\t\t<a class=\"rollover rollover-zoom dt-pswp-item\" title=\"FINALI TAIBON\" data-dt-img-description=\"\" data-large_image_width=\"1753\" data-large_image_height=\"2480\"href='https:\/\/www.radiopiu.net\/wordpress\/wp-content\/uploads\/2024\/07\/FINALI-TAIBON.jpg'><img loading=\"lazy\" decoding=\"async\" width=\"150\" height=\"150\" src=\"https:\/\/www.radiopiu.net\/wordpress\/wp-content\/uploads\/2024\/07\/FINALI-TAIBON-150x150.jpg\" class=\"attachment-thumbnail size-thumbnail\" alt=\"\" aria-describedby=\"gallery-6-401801\" \/><\/a>\n\t\t\t\t<\/dt>\n\t\t\t\t\t<dd class='wp-caption-text gallery-caption' id='gallery-6-401801'>\n\t\t\t\t\tLA FINALE DEL CAMPIONATO AGORDINO DI CALCIO A TAIBON\n\t\t\t\t\t<\/dd><\/dl><dl class='gallery-item'>\n\t\t\t\t<dt class='gallery-icon portrait'>\n\t\t\t\t\t<a class=\"rollover rollover-zoom dt-pswp-item\" title=\"concorso-copia_compressed\" data-dt-img-description=\"\" data-large_image_width=\"1240\" data-large_image_height=\"1754\"href='https:\/\/www.radiopiu.net\/wordpress\/wp-content\/uploads\/2024\/07\/concorso-copia_compressed.jpg'><img loading=\"lazy\" decoding=\"async\" width=\"150\" height=\"150\" src=\"https:\/\/www.radiopiu.net\/wordpress\/wp-content\/uploads\/2024\/07\/concorso-copia_compressed-150x150.jpg\" class=\"attachment-thumbnail size-thumbnail\" alt=\"\" aria-describedby=\"gallery-6-401805\" \/><\/a>\n\t\t\t\t<\/dt>\n\t\t\t\t\t<dd class='wp-caption-text gallery-caption' id='gallery-6-401805'>\n\t\t\t\t\tIL CONCORSO FOTOGRAFICO\n\t\t\t\t\t<\/dd><\/dl><dl class='gallery-item'>\n\t\t\t\t<dt class='gallery-icon portrait'>\n\t\t\t\t\t<a class=\"rollover rollover-zoom dt-pswp-item\" title=\"c43011fa-8405-4ea2-9ca9-b934b11662df\" data-dt-img-description=\"\" data-large_image_width=\"512\" data-large_image_height=\"720\"href='https:\/\/www.radiopiu.net\/wordpress\/wp-content\/uploads\/2024\/07\/c43011fa-8405-4ea2-9ca9-b934b11662df.jpg'><img loading=\"lazy\" decoding=\"async\" width=\"150\" height=\"150\" src=\"https:\/\/www.radiopiu.net\/wordpress\/wp-content\/uploads\/2024\/07\/c43011fa-8405-4ea2-9ca9-b934b11662df-150x150.jpg\" class=\"attachment-thumbnail size-thumbnail\" alt=\"\" aria-describedby=\"gallery-6-398969\" \/><\/a>\n\t\t\t\t<\/dt>\n\t\t\t\t\t<dd class='wp-caption-text gallery-caption' id='gallery-6-398969'>\n\t\t\t\t\tA PRA DE LA MELIA\n\t\t\t\t\t<\/dd><\/dl><br style=\"clear: both\" \/><dl class='gallery-item'>\n\t\t\t\t<dt class='gallery-icon portrait'>\n\t\t\t\t\t<a class=\"rollover rollover-zoom dt-pswp-item\" title=\"8b2155a6-d732-4852-a73f-6ad1b59fac91\" data-dt-img-description=\"\" data-large_image_width=\"1131\" data-large_image_height=\"1600\"href='https:\/\/www.radiopiu.net\/wordpress\/wp-content\/uploads\/2024\/07\/8b2155a6-d732-4852-a73f-6ad1b59fac91-1.jpg'><img loading=\"lazy\" decoding=\"async\" width=\"150\" height=\"150\" src=\"https:\/\/www.radiopiu.net\/wordpress\/wp-content\/uploads\/2024\/07\/8b2155a6-d732-4852-a73f-6ad1b59fac91-1-150x150.jpg\" class=\"attachment-thumbnail size-thumbnail\" alt=\"\" aria-describedby=\"gallery-6-397366\" \/><\/a>\n\t\t\t\t<\/dt>\n\t\t\t\t\t<dd class='wp-caption-text gallery-caption' id='gallery-6-397366'>\n\t\t\t\t\tASSOCIAZIONE BORGO SOTTOGUDA \n\t\t\t\t\t<\/dd><\/dl><dl class='gallery-item'>\n\t\t\t\t<dt class='gallery-icon portrait'>\n\t\t\t\t\t<a class=\"rollover rollover-zoom dt-pswp-item\" title=\"original-84F78277-839A-4868-BE6A-5A10A5605E21\" data-dt-img-description=\"\" data-large_image_width=\"1754\" data-large_image_height=\"2480\"href='https:\/\/www.radiopiu.net\/wordpress\/wp-content\/uploads\/2024\/07\/original-84F78277-839A-4868-BE6A-5A10A5605E21.jpeg'><img loading=\"lazy\" decoding=\"async\" width=\"150\" height=\"150\" src=\"https:\/\/www.radiopiu.net\/wordpress\/wp-content\/uploads\/2024\/07\/original-84F78277-839A-4868-BE6A-5A10A5605E21-150x150.jpeg\" class=\"attachment-thumbnail size-thumbnail\" alt=\"\" aria-describedby=\"gallery-6-397532\" \/><\/a>\n\t\t\t\t<\/dt>\n\t\t\t\t\t<dd class='wp-caption-text gallery-caption' id='gallery-6-397532'>\n\t\t\t\t\tHOTEL STELLA ALPINA ESTATE D&#8217;EVENTI \n\t\t\t\t\t<\/dd><\/dl><dl class='gallery-item'>\n\t\t\t\t<dt class='gallery-icon portrait'>\n\t\t\t\t\t<a class=\"rollover rollover-zoom dt-pswp-item\" title=\"441936111_953300066803441_3663667299753321850_n\" data-dt-img-description=\"\" data-large_image_width=\"520\" data-large_image_height=\"640\"href='https:\/\/www.radiopiu.net\/wordpress\/wp-content\/uploads\/2024\/06\/441936111_953300066803441_3663667299753321850_n.jpg'><img loading=\"lazy\" decoding=\"async\" width=\"150\" height=\"150\" src=\"https:\/\/www.radiopiu.net\/wordpress\/wp-content\/uploads\/2024\/06\/441936111_953300066803441_3663667299753321850_n-150x150.jpg\" class=\"attachment-thumbnail size-thumbnail\" alt=\"\" aria-describedby=\"gallery-6-394061\" \/><\/a>\n\t\t\t\t<\/dt>\n\t\t\t\t\t<dd class='wp-caption-text gallery-caption' id='gallery-6-394061'>\n\t\t\t\t\t31 LUGLIO AL MINIERE E IN DIRETTA ALLA RADIO \n\t\t\t\t\t<\/dd><\/dl><dl class='gallery-item'>\n\t\t\t\t<dt class='gallery-icon portrait'>\n\t\t\t\t\t<a class=\"rollover rollover-zoom dt-pswp-item\" title=\"6aaaad58-800e-4990-a3b1-996dabdbe745\" data-dt-img-description=\"\" data-large_image_width=\"1131\" data-large_image_height=\"1600\"href='https:\/\/www.radiopiu.net\/wordpress\/wp-content\/uploads\/2024\/07\/6aaaad58-800e-4990-a3b1-996dabdbe745.jpg'><img loading=\"lazy\" decoding=\"async\" width=\"150\" height=\"150\" src=\"https:\/\/www.radiopiu.net\/wordpress\/wp-content\/uploads\/2024\/07\/6aaaad58-800e-4990-a3b1-996dabdbe745-150x150.jpg\" class=\"attachment-thumbnail size-thumbnail\" alt=\"\" aria-describedby=\"gallery-6-397565\" \/><\/a>\n\t\t\t\t<\/dt>\n\t\t\t\t\t<dd class='wp-caption-text gallery-caption' id='gallery-6-397565'>\n\t\t\t\t\tDAL 20 LUGLIO A VOLTAGO\n\t\t\t\t\t<\/dd><\/dl><dl class='gallery-item'>\n\t\t\t\t<dt class='gallery-icon landscape'>\n\t\t\t\t\t<a class=\"rollover rollover-zoom dt-pswp-item\" title=\"449189900_484613757290091_1574838248887562981_n\" data-dt-img-description=\"\" data-large_image_width=\"960\" data-large_image_height=\"540\"href='https:\/\/www.radiopiu.net\/wordpress\/wp-content\/uploads\/2024\/06\/449189900_484613757290091_1574838248887562981_n.jpg'><img loading=\"lazy\" decoding=\"async\" width=\"150\" height=\"150\" src=\"https:\/\/www.radiopiu.net\/wordpress\/wp-content\/uploads\/2024\/06\/449189900_484613757290091_1574838248887562981_n-150x150.jpg\" class=\"attachment-thumbnail size-thumbnail\" alt=\"\" aria-describedby=\"gallery-6-396872\" \/><\/a>\n\t\t\t\t<\/dt>\n\t\t\t\t\t<dd class='wp-caption-text gallery-caption' id='gallery-6-396872'>\n\t\t\t\t\t A CANALE D&#8217;AGORDO VALLE DI GARES\n\t\t\t\t\t<\/dd><\/dl><br style=\"clear: both\" \/><dl class='gallery-item'>\n\t\t\t\t<dt class='gallery-icon portrait'>\n\t\t\t\t\t<a class=\"rollover rollover-zoom dt-pswp-item\" title=\"f84567d6-a1d2-47de-9596-ef8505986952\" data-dt-img-description=\"\" data-large_image_width=\"745\" data-large_image_height=\"1073\"href='https:\/\/www.radiopiu.net\/wordpress\/wp-content\/uploads\/2024\/06\/f84567d6-a1d2-47de-9596-ef8505986952.jpg'><img loading=\"lazy\" decoding=\"async\" width=\"150\" height=\"150\" src=\"https:\/\/www.radiopiu.net\/wordpress\/wp-content\/uploads\/2024\/06\/f84567d6-a1d2-47de-9596-ef8505986952-150x150.jpg\" class=\"attachment-thumbnail size-thumbnail\" alt=\"\" aria-describedby=\"gallery-6-396466\" \/><\/a>\n\t\t\t\t<\/dt>\n\t\t\t\t\t<dd class='wp-caption-text gallery-caption' id='gallery-6-396466'>\n\t\t\t\t\tSUMMER GREEN VOLLEY AGORDINO\n\t\t\t\t\t<\/dd><\/dl><dl class='gallery-item'>\n\t\t\t\t<dt class='gallery-icon portrait'>\n\t\t\t\t\t<a class=\"rollover rollover-zoom dt-pswp-item\" title=\"7fc3f2fe-a94d-4d5f-9af0-1d7ee8402cfd\" data-dt-img-description=\"\" data-large_image_width=\"1080\" data-large_image_height=\"1505\"href='https:\/\/www.radiopiu.net\/wordpress\/wp-content\/uploads\/2024\/07\/7fc3f2fe-a94d-4d5f-9af0-1d7ee8402cfd.jpg'><img loading=\"lazy\" decoding=\"async\" width=\"150\" height=\"150\" src=\"https:\/\/www.radiopiu.net\/wordpress\/wp-content\/uploads\/2024\/07\/7fc3f2fe-a94d-4d5f-9af0-1d7ee8402cfd-150x150.jpg\" class=\"attachment-thumbnail size-thumbnail\" alt=\"\" aria-describedby=\"gallery-6-399793\" \/><\/a>\n\t\t\t\t<\/dt>\n\t\t\t\t\t<dd class='wp-caption-text gallery-caption' id='gallery-6-399793'>\n\t\t\t\t\tAD ALLEGHE CON LAURA BALLIS\n\t\t\t\t\t<\/dd><\/dl><dl class='gallery-item'>\n\t\t\t\t<dt class='gallery-icon portrait'>\n\t\t\t\t\t<a class=\"rollover rollover-zoom dt-pswp-item\" title=\"558e7467-bad9-4f56-af80-7a4ca08f0b35\" data-dt-img-description=\"\" data-large_image_width=\"1131\" data-large_image_height=\"1600\"href='https:\/\/www.radiopiu.net\/wordpress\/wp-content\/uploads\/2024\/07\/558e7467-bad9-4f56-af80-7a4ca08f0b35-1.jpg'><img loading=\"lazy\" decoding=\"async\" width=\"150\" height=\"150\" src=\"https:\/\/www.radiopiu.net\/wordpress\/wp-content\/uploads\/2024\/07\/558e7467-bad9-4f56-af80-7a4ca08f0b35-1-150x150.jpg\" class=\"attachment-thumbnail size-thumbnail\" alt=\"\" aria-describedby=\"gallery-6-400098\" \/><\/a>\n\t\t\t\t<\/dt>\n\t\t\t\t\t<dd class='wp-caption-text gallery-caption' id='gallery-6-400098'>\n\t\t\t\t\tL&#8217;ESTATE DELLE BIBLIOTECHE\n\t\t\t\t\t<\/dd><\/dl><dl class='gallery-item'>\n\t\t\t\t<dt class='gallery-icon portrait'>\n\t\t\t\t\t<a class=\"rollover rollover-zoom dt-pswp-item\" title=\"Locandina Salotto delle Dolomiti 2024\" data-dt-img-description=\"\" data-large_image_width=\"1810\" data-large_image_height=\"2560\"href='https:\/\/www.radiopiu.net\/wordpress\/wp-content\/uploads\/2024\/07\/Locandina-Salotto-delle-Dolomiti-2024-scaled.jpg'><img loading=\"lazy\" decoding=\"async\" width=\"150\" height=\"150\" src=\"https:\/\/www.radiopiu.net\/wordpress\/wp-content\/uploads\/2024\/07\/Locandina-Salotto-delle-Dolomiti-2024-150x150.jpg\" class=\"attachment-thumbnail size-thumbnail\" alt=\"\" aria-describedby=\"gallery-6-399554\" \/><\/a>\n\t\t\t\t<\/dt>\n\t\t\t\t\t<dd class='wp-caption-text gallery-caption' id='gallery-6-399554'>\n\t\t\t\t\tIL SALOTTO DELLE DOLOMITI A CANALE D&#8217;AGORDO\n\t\t\t\t\t<\/dd><\/dl><dl class='gallery-item'>\n\t\t\t\t<dt class='gallery-icon portrait'>\n\t\t\t\t\t<a class=\"rollover rollover-zoom dt-pswp-item\" title=\"DIAMO VALORE AL LEGNO\" data-dt-img-description=\"\" data-large_image_width=\"673\" data-large_image_height=\"942\"href='https:\/\/www.radiopiu.net\/wordpress\/wp-content\/uploads\/2024\/07\/DIAMO-VALORE-AL-LEGNO.png'><img loading=\"lazy\" decoding=\"async\" width=\"150\" height=\"150\" src=\"https:\/\/www.radiopiu.net\/wordpress\/wp-content\/uploads\/2024\/07\/DIAMO-VALORE-AL-LEGNO-150x150.png\" class=\"attachment-thumbnail size-thumbnail\" alt=\"\" aria-describedby=\"gallery-6-400248\" \/><\/a>\n\t\t\t\t<\/dt>\n\t\t\t\t\t<dd class='wp-caption-text gallery-caption' id='gallery-6-400248'>\n\t\t\t\t\t01 AGOSTO IN SALA DON TAMIS\n\t\t\t\t\t<\/dd><\/dl><br style=\"clear: both\" \/><dl class='gallery-item'>\n\t\t\t\t<dt class='gallery-icon portrait'>\n\t\t\t\t\t<a class=\"rollover rollover-zoom dt-pswp-item\" title=\"b984cf06-49e8-4958-bc23-c0d66e45f366\" data-dt-img-description=\"\" data-large_image_width=\"900\" data-large_image_height=\"1600\"href='https:\/\/www.radiopiu.net\/wordpress\/wp-content\/uploads\/2024\/07\/b984cf06-49e8-4958-bc23-c0d66e45f366.jpg'><img loading=\"lazy\" decoding=\"async\" width=\"150\" height=\"150\" src=\"https:\/\/www.radiopiu.net\/wordpress\/wp-content\/uploads\/2024\/07\/b984cf06-49e8-4958-bc23-c0d66e45f366-150x150.jpg\" class=\"attachment-thumbnail size-thumbnail\" alt=\"\" aria-describedby=\"gallery-6-400399\" \/><\/a>\n\t\t\t\t<\/dt>\n\t\t\t\t\t<dd class='wp-caption-text gallery-caption' id='gallery-6-400399'>\n\t\t\t\t\tALL&#8217;HOTEL VILLA IMPERINA DI AGORDO\n\t\t\t\t\t<\/dd><\/dl><dl class='gallery-item'>\n\t\t\t\t<dt class='gallery-icon portrait'>\n\t\t\t\t\t<a class=\"rollover rollover-zoom dt-pswp-item\" title=\"Screenshot\" data-dt-img-description=\"\" data-large_image_width=\"1022\" data-large_image_height=\"1512\"href='https:\/\/www.radiopiu.net\/wordpress\/wp-content\/uploads\/2024\/07\/SCR-20240721-iqgt.jpeg'><img loading=\"lazy\" decoding=\"async\" width=\"150\" height=\"150\" src=\"https:\/\/www.radiopiu.net\/wordpress\/wp-content\/uploads\/2024\/07\/SCR-20240721-iqgt-150x150.jpeg\" class=\"attachment-thumbnail size-thumbnail\" alt=\"\" aria-describedby=\"gallery-6-400622\" \/><\/a>\n\t\t\t\t<\/dt>\n\t\t\t\t\t<dd class='wp-caption-text gallery-caption' id='gallery-6-400622'>\n\t\t\t\t\tGIORNATA OLISTICA A FALCADE\n\t\t\t\t\t<\/dd><\/dl><dl class='gallery-item'>\n\t\t\t\t<dt class='gallery-icon portrait'>\n\t\t\t\t\t<a class=\"rollover rollover-zoom dt-pswp-item\" title=\"d907dbe9-b2f4-41bc-95a8-54a8a309613c\" data-dt-img-description=\"\" data-large_image_width=\"1132\" data-large_image_height=\"1600\"href='https:\/\/www.radiopiu.net\/wordpress\/wp-content\/uploads\/2024\/07\/d907dbe9-b2f4-41bc-95a8-54a8a309613c.jpg'><img loading=\"lazy\" decoding=\"async\" width=\"150\" height=\"150\" src=\"https:\/\/www.radiopiu.net\/wordpress\/wp-content\/uploads\/2024\/07\/d907dbe9-b2f4-41bc-95a8-54a8a309613c-150x150.jpg\" class=\"attachment-thumbnail size-thumbnail\" alt=\"\" aria-describedby=\"gallery-6-400876\" \/><\/a>\n\t\t\t\t<\/dt>\n\t\t\t\t\t<dd class='wp-caption-text gallery-caption' id='gallery-6-400876'>\n\t\t\t\t\t11 AGOSTO SAN TOMASO AGORDINO \n\t\t\t\t\t<\/dd><\/dl><dl class='gallery-item'>\n\t\t\t\t<dt class='gallery-icon portrait'>\n\t\t\t\t\t<a class=\"rollover rollover-zoom dt-pswp-item\" title=\"Senza nome\" data-dt-img-description=\"\" data-large_image_width=\"410\" data-large_image_height=\"821\"href='https:\/\/www.radiopiu.net\/wordpress\/wp-content\/uploads\/2024\/07\/Senza-nome-91.png'><img loading=\"lazy\" decoding=\"async\" width=\"150\" height=\"150\" src=\"https:\/\/www.radiopiu.net\/wordpress\/wp-content\/uploads\/2024\/07\/Senza-nome-91-150x150.png\" class=\"attachment-thumbnail size-thumbnail\" alt=\"\" aria-describedby=\"gallery-6-400982\" \/><\/a>\n\t\t\t\t<\/dt>\n\t\t\t\t\t<dd class='wp-caption-text gallery-caption' id='gallery-6-400982'>\n\t\t\t\t\t4 AGOSTO, CIOIT CENCENIGHE\n\t\t\t\t\t<\/dd><\/dl><dl class='gallery-item'>\n\t\t\t\t<dt class='gallery-icon portrait'>\n\t\t\t\t\t<a class=\"rollover rollover-zoom dt-pswp-item\" title=\"volantino-danilo-a4\" data-dt-img-description=\"\" data-large_image_width=\"1240\" data-large_image_height=\"1753\"href='https:\/\/www.radiopiu.net\/wordpress\/wp-content\/uploads\/2024\/07\/volantino-danilo-a4.jpg'><img loading=\"lazy\" decoding=\"async\" width=\"150\" height=\"150\" src=\"https:\/\/www.radiopiu.net\/wordpress\/wp-content\/uploads\/2024\/07\/volantino-danilo-a4-150x150.jpg\" class=\"attachment-thumbnail size-thumbnail\" alt=\"\" aria-describedby=\"gallery-6-401804\" \/><\/a>\n\t\t\t\t<\/dt>\n\t\t\t\t\t<dd class='wp-caption-text gallery-caption' id='gallery-6-401804'>\n\t\t\t\t\tIL 2 AGOSTO IN SALA DON TAMIS\n\t\t\t\t\t<\/dd><\/dl><br style=\"clear: both\" \/><dl class='gallery-item'>\n\t\t\t\t<dt class='gallery-icon portrait'>\n\t\t\t\t\t<a class=\"rollover rollover-zoom dt-pswp-item\" title=\"89ce3e2e-2b88-4e4a-bf35-fcef0c6cd9c7\" data-dt-img-description=\"\" data-large_image_width=\"1637\" data-large_image_height=\"2048\"href='https:\/\/www.radiopiu.net\/wordpress\/wp-content\/uploads\/2024\/07\/89ce3e2e-2b88-4e4a-bf35-fcef0c6cd9c7.jpg'><img loading=\"lazy\" decoding=\"async\" width=\"150\" height=\"150\" src=\"https:\/\/www.radiopiu.net\/wordpress\/wp-content\/uploads\/2024\/07\/89ce3e2e-2b88-4e4a-bf35-fcef0c6cd9c7-150x150.jpg\" class=\"attachment-thumbnail size-thumbnail\" alt=\"\" aria-describedby=\"gallery-6-401113\" \/><\/a>\n\t\t\t\t<\/dt>\n\t\t\t\t\t<dd class='wp-caption-text gallery-caption' id='gallery-6-401113'>\n\t\t\t\t\tLA MADONA DE LA NEIF A LA VALLE\n\t\t\t\t\t<\/dd><\/dl><dl class='gallery-item'>\n\t\t\t\t<dt class='gallery-icon portrait'>\n\t\t\t\t\t<a class=\"rollover rollover-zoom dt-pswp-item\" title=\"3 agosto\" data-dt-img-description=\"\" data-large_image_width=\"1754\" data-large_image_height=\"2480\"href='https:\/\/www.radiopiu.net\/wordpress\/wp-content\/uploads\/2024\/07\/3-agosto.jpg'><img loading=\"lazy\" decoding=\"async\" width=\"150\" height=\"150\" src=\"https:\/\/www.radiopiu.net\/wordpress\/wp-content\/uploads\/2024\/07\/3-agosto-150x150.jpg\" class=\"attachment-thumbnail size-thumbnail\" alt=\"\" aria-describedby=\"gallery-6-401347\" \/><\/a>\n\t\t\t\t<\/dt>\n\t\t\t\t\t<dd class='wp-caption-text gallery-caption' id='gallery-6-401347'>\n\t\t\t\t\tIL 3 AGOSTO AL CENTRO ASTRONOMICO DI ARSON\n\t\t\t\t\t<\/dd><\/dl><dl class='gallery-item'>\n\t\t\t\t<dt class='gallery-icon portrait'>\n\t\t\t\t\t<a class=\"rollover rollover-zoom dt-pswp-item\" title=\"e0656742-0093-41f8-be80-47f8e6e0d380\" data-dt-img-description=\"\" data-large_image_width=\"1088\" data-large_image_height=\"1600\"href='https:\/\/www.radiopiu.net\/wordpress\/wp-content\/uploads\/2024\/07\/e0656742-0093-41f8-be80-47f8e6e0d380.jpg'><img loading=\"lazy\" decoding=\"async\" width=\"150\" height=\"150\" src=\"https:\/\/www.radiopiu.net\/wordpress\/wp-content\/uploads\/2024\/07\/e0656742-0093-41f8-be80-47f8e6e0d380-150x150.jpg\" class=\"attachment-thumbnail size-thumbnail\" alt=\"\" aria-describedby=\"gallery-6-401802\" \/><\/a>\n\t\t\t\t<\/dt>\n\t\t\t\t\t<dd class='wp-caption-text gallery-caption' id='gallery-6-401802'>\n\t\t\t\t\tVENERDI&#8217; 2 AGOSTO A LA VALLE\n\t\t\t\t\t<\/dd><\/dl><dl class='gallery-item'>\n\t\t\t\t<dt class='gallery-icon portrait'>\n\t\t\t\t\t<a class=\"rollover rollover-zoom dt-pswp-item\" title=\"volantino-vittorio.a4\" data-dt-img-description=\"\" data-large_image_width=\"1240\" data-large_image_height=\"1753\"href='https:\/\/www.radiopiu.net\/wordpress\/wp-content\/uploads\/2024\/07\/volantino-vittorio.a4.jpg'><img loading=\"lazy\" decoding=\"async\" width=\"150\" height=\"150\" src=\"https:\/\/www.radiopiu.net\/wordpress\/wp-content\/uploads\/2024\/07\/volantino-vittorio.a4-150x150.jpg\" class=\"attachment-thumbnail size-thumbnail\" alt=\"\" aria-describedby=\"gallery-6-401803\" \/><\/a>\n\t\t\t\t<\/dt>\n\t\t\t\t\t<dd class='wp-caption-text gallery-caption' id='gallery-6-401803'>\n\t\t\t\t\tIL 14 AGOSTO IN SALA DON TAMIS\n\t\t\t\t\t<\/dd><\/dl><dl class='gallery-item'>\n\t\t\t\t<dt class='gallery-icon portrait'>\n\t\t\t\t\t<a class=\"rollover rollover-zoom dt-pswp-item\" title=\"21703e21-31ec-411d-bf1b-db41bb7211f3\" data-dt-img-description=\"\" data-large_image_width=\"900\" data-large_image_height=\"1600\"href='https:\/\/www.radiopiu.net\/wordpress\/wp-content\/uploads\/2024\/07\/21703e21-31ec-411d-bf1b-db41bb7211f3.jpg'><img loading=\"lazy\" decoding=\"async\" width=\"150\" height=\"150\" src=\"https:\/\/www.radiopiu.net\/wordpress\/wp-content\/uploads\/2024\/07\/21703e21-31ec-411d-bf1b-db41bb7211f3-150x150.jpg\" class=\"attachment-thumbnail size-thumbnail\" alt=\"\" aria-describedby=\"gallery-6-401601\" \/><\/a>\n\t\t\t\t<\/dt>\n\t\t\t\t\t<dd class='wp-caption-text gallery-caption' id='gallery-6-401601'>\n\t\t\t\t\tDOPPIA FESTA AL ZUM\n\t\t\t\t\t<\/dd><\/dl><br style=\"clear: both\" \/><dl class='gallery-item'>\n\t\t\t\t<dt class='gallery-icon portrait'>\n\t\t\t\t\t<a class=\"rollover rollover-zoom dt-pswp-item\" title=\"Serate-F-750\" data-dt-img-description=\"\" data-large_image_width=\"1241\" data-large_image_height=\"1755\"href='https:\/\/www.radiopiu.net\/wordpress\/wp-content\/uploads\/2024\/07\/Serate-F-750.jpg'><img loading=\"lazy\" decoding=\"async\" width=\"150\" height=\"150\" src=\"https:\/\/www.radiopiu.net\/wordpress\/wp-content\/uploads\/2024\/07\/Serate-F-750-150x150.jpg\" class=\"attachment-thumbnail size-thumbnail\" alt=\"\" aria-describedby=\"gallery-6-401825\" \/><\/a>\n\t\t\t\t<\/dt>\n\t\t\t\t\t<dd class='wp-caption-text gallery-caption' id='gallery-6-401825'>\n\t\t\t\t\tCULTURA E AVVENTURA A SOSPIROLO\n\t\t\t\t\t<\/dd><\/dl><dl class='gallery-item'>\n\t\t\t\t<dt class='gallery-icon portrait'>\n\t\t\t\t\t<a class=\"rollover rollover-zoom dt-pswp-item\" title=\"29lug-OltreIFeruch\" data-dt-img-description=\"\" data-large_image_width=\"905\" data-large_image_height=\"1280\"href='https:\/\/www.radiopiu.net\/wordpress\/wp-content\/uploads\/2024\/07\/29lug-OltreIFeruch.jpg'><img loading=\"lazy\" decoding=\"async\" width=\"150\" height=\"150\" src=\"https:\/\/www.radiopiu.net\/wordpress\/wp-content\/uploads\/2024\/07\/29lug-OltreIFeruch-150x150.jpg\" class=\"attachment-thumbnail size-thumbnail\" alt=\"\" aria-describedby=\"gallery-6-401826\" \/><\/a>\n\t\t\t\t<\/dt>\n\t\t\t\t\t<dd class='wp-caption-text gallery-caption' id='gallery-6-401826'>\n\t\t\t\t\tOGGI OLTRE I FERUCH\n\t\t\t\t\t<\/dd><\/dl><dl class='gallery-item'>\n\t\t\t\t<dt class='gallery-icon portrait'>\n\t\t\t\t\t<a class=\"rollover rollover-zoom dt-pswp-item\" title=\"30lug-VesesLibro\" data-dt-img-description=\"\" data-large_image_width=\"1131\" data-large_image_height=\"1600\"href='https:\/\/www.radiopiu.net\/wordpress\/wp-content\/uploads\/2024\/07\/30lug-VesesLibro.jpg'><img loading=\"lazy\" decoding=\"async\" width=\"150\" height=\"150\" src=\"https:\/\/www.radiopiu.net\/wordpress\/wp-content\/uploads\/2024\/07\/30lug-VesesLibro-150x150.jpg\" class=\"attachment-thumbnail size-thumbnail\" alt=\"\" aria-describedby=\"gallery-6-401827\" \/><\/a>\n\t\t\t\t<\/dt>\n\t\t\t\t\t<dd class='wp-caption-text gallery-caption' id='gallery-6-401827'>\n\t\t\t\t\tDOMANI LA PRESENTAZIONE DEL LIBRO\n\t\t\t\t\t<\/dd><\/dl><dl class='gallery-item'>\n\t\t\t\t<dt class='gallery-icon portrait'>\n\t\t\t\t\t<a class=\"rollover rollover-zoom dt-pswp-item\" title=\"31lug24-Teatro\" data-dt-img-description=\"\" data-large_image_width=\"905\" data-large_image_height=\"1280\"href='https:\/\/www.radiopiu.net\/wordpress\/wp-content\/uploads\/2024\/07\/31lug24-Teatro.jpg'><img loading=\"lazy\" decoding=\"async\" width=\"150\" height=\"150\" src=\"https:\/\/www.radiopiu.net\/wordpress\/wp-content\/uploads\/2024\/07\/31lug24-Teatro-150x150.jpg\" class=\"attachment-thumbnail size-thumbnail\" alt=\"\" aria-describedby=\"gallery-6-401828\" \/><\/a>\n\t\t\t\t<\/dt>\n\t\t\t\t\t<dd class='wp-caption-text gallery-caption' id='gallery-6-401828'>\n\t\t\t\t\tA TEATRO A PRA DE LA MELIA\n\t\t\t\t\t<\/dd><\/dl><dl class='gallery-item'>\n\t\t\t\t<dt class='gallery-icon portrait'>\n\t\t\t\t\t<a class=\"rollover rollover-zoom dt-pswp-item\" title=\"Sognando California 2024\" data-dt-img-description=\"\" data-large_image_width=\"1587\" data-large_image_height=\"2245\"href='https:\/\/www.radiopiu.net\/wordpress\/wp-content\/uploads\/2024\/07\/Sognando-California-2024.jpg'><img loading=\"lazy\" decoding=\"async\" width=\"150\" height=\"150\" src=\"https:\/\/www.radiopiu.net\/wordpress\/wp-content\/uploads\/2024\/07\/Sognando-California-2024-150x150.jpg\" class=\"attachment-thumbnail size-thumbnail\" alt=\"\" aria-describedby=\"gallery-6-401829\" \/><\/a>\n\t\t\t\t<\/dt>\n\t\t\t\t\t<dd class='wp-caption-text gallery-caption' id='gallery-6-401829'>\n\t\t\t\t\t8 AGOSTO&#8230;SOGNANDO CALIFORNIA\n\t\t\t\t\t<\/dd><\/dl><br style=\"clear: both\" \/>\n\t\t\t<\/div>\n\n<p><b>SABATO E DOMENICA AL CINEMA DOLOMITI DI FALCADE INSIDE OUT 2, SABATO ALLE 21.15, DOMENICA ALLE 17 E ALLE 21.15<\/b><\/p>\n<p>&nbsp;<\/p>\n<p><strong>VOLTAGO<\/strong> DOMENICA 4 AGOSTO FESTA ALPINA A PIANDISON,<br \/>\nUN INVITO DEL GRUPPO ALPINI, UN POMERIGGIO ALL&#8217;INSEGNA DEL SANO DIVERTIMENTO, 11 ALZABANDIERA, MESSA, E PRANZO<br \/>\nALLA CASA DI PIANDISON, STRADA CHE SALE PER 1\u00a0 HILOMETRO DALLE POSTE DI VOLTAGO, DIREZIONE SAS DE LA MADONA<\/p>\n<\/div>\n<\/div>\n<\/div>\n<p><span style=\"color: #ff0000;\"><strong>FALCADE<\/strong><\/span> aperitivo allo Stella Alpina. Tra il verde, nella meraviglia delle Dolomiti, Il venerdi sera allo Stella Alpina, in centro a Falcade \u00e8&#8230;tutt&#8217;un&#8217;altra estate e che estate!\u00a0 L&#8217;aperitivo&#8230;che non \u00e8 mai da solo.. ma accompagnato da stuzzicherie che affasciano anche i palati pi\u00f9 difficili. ad ogni appuntamento&#8230; una specialit\u00e0 diversa.<\/p>\n<p><strong>AGORDO<\/strong> Mercatino Dolomiti Agordine, antiquariato, domenica 4 e 10 agosto ad Agordo, 13 agosto Forcella Aurine.<\/p>\n<p><span style=\"color: #ff0000;\"><strong>SOSPIROLO<\/strong><\/span> dal 29 luglio al 4 agosto agli impianti sportivi a Gron di Sospirolo, al Pr\u00e0 dela Melia, FESTA CAMPESTRE CON LA PROLOCO MONTI DEL SOLE<\/p>\n<p><span style=\"color: #ff0000;\"><strong>CANALE D&#8217;AGORDO <\/strong><\/span><span style=\"font-family: Arial;\">Abbashow, band tributo agli Abba, LA GRANDE MUSICA IN VALLE DI GARES CON\u00a0 la Pro Loco di Canale d&#8217;Agordo\u00a0 <\/span><span style=\"font-family: Arial;\"><i>2\u00b0 concerto a<\/i><i>ll&#8217;aperto TRA LE DOLOMITI.<\/i><strong><i>&#8230; <\/i><\/strong>LUNEDI 5 AGOSTO ALLE 15&#8230;.\u00a0 in Localit\u00e0 Pian De Giare <\/span><span style=\"font-family: Arial;\">I biglietti sono disponibili ALl&#8217;ufficio pro loco di Canale d&#8217;Agordo e allo stand del Salotto delle Dolomiti. Di seguito i prezzi: <\/span>Abbashow&#8230;the first italian abba tribute band&#8230; il concerto&#8230; nella natura<\/p>\n<p><strong>4 SERATE DI CULTURA<\/strong> E AVVENTURA IN COLLABORAZIONE CON IL CENTRO STUDI MONTAGNA SOSPIROLOSE, INIZIO ALLE 20.45: LUNEDI 29 LUGLIO, OTTAVA EDIZIONE DI &#8220;OLTRE I FERUCH&#8221;, SERATA DI MONTAGNA CON MARCO CASSOL E AMICI; 30 LUGLIO PRESENTAZIONE DEL LIBRO &#8220;SAPORI DELLA VALBELLUNA&#8221; DE IL VESES, CON DEGUSTAZIONE. 31 LUGLIO COMMEDIA CON LA COMPAGNIA TEATRO DEL CUORE &#8220;L&#8217;ALBERGO DEI NEVRASTENICI&#8221;. GIOVEDI 1 AGOSTO LA CAMPIONESSA DI CICLISMO SOSPIROLESE VIRGINIA IACCARINO SI RACCONTA.<\/p>\n<p><strong>FALCADE <\/strong>SABATO 3 AGOSTO ALL&#8217;HOTEL STELLA ALPINA DI FALCADE LA GIORNATA OLISTICA PER IL BENESSERE DI ANIMA E CORPO. DALLE 10 ALLE 22 TANTE PRATICHE PER RILASSARE CORPO E MENTE E ALLE 20:30 IL BAGNO SONORO CON CAMPANE TIBETANE<\/p>\n<p><strong>PROLOCO MONTI DEL SOLE, DA OLTRE 50 ANNI TI PORTA IN PISTA,<\/strong> AD AGOSTO TRE GIORNI NELLA STRUTTURA AL COPERTO CON doppia PISTA DA BALLO PROFESSIONALE. VENERDI 2 AGOSTO ORCHESTRA SORRISO, E ORCHESTRA &#8220;GRAN CAFE&#8217; ITALIA&#8221;, PIATTO DEL GIORNO LA PORCHETTA. SABATO 3 AGOSTO ORCHESTRA &#8220;RIFLESSO&#8221; E &#8220;GIANCARLO CON LA SANTA MONICA BAND&#8221;, DALLE CUCINE LE TROTE DEL MIS. DOMENICA 4 AGOSTO: NEL PIATTO LA TAGLIATA DI CAVALLO E IL BACCALA&#8217; PER CENA, SUL PALCO L&#8217;ORCHESTRA &#8220;ISSAM E CHIARA&#8230; A TEMPO DI SAMBA&#8221;, dalla CONSOLLE il DJ ARIZONA<\/p>\n<h2><\/h2>\n<div><\/div>\n<p>&nbsp;<\/p>\n<hr \/>\n<p>&nbsp;<\/p>\n<p><a class=\"dt-pswp-item\" href=\"https:\/\/www.radiopiu.net\/wordpress\/wp-content\/uploads\/2018\/09\/viabilita.jpeg\" data-dt-img-description=\"\" data-large_image_width=\"800\" data-large_image_height=\"100\"><img loading=\"lazy\" decoding=\"async\" class=\"aligncenter wp-image-61954 size-full\" src=\"https:\/\/www.radiopiu.net\/wordpress\/wp-content\/uploads\/2018\/09\/viabilita.jpeg\" alt=\"\" width=\"800\" height=\"100\" srcset=\"https:\/\/www.radiopiu.net\/wordpress\/wp-content\/uploads\/2018\/09\/viabilita.jpeg 800w, https:\/\/www.radiopiu.net\/wordpress\/wp-content\/uploads\/2018\/09\/viabilita-300x38.jpeg 300w, https:\/\/www.radiopiu.net\/wordpress\/wp-content\/uploads\/2018\/09\/viabilita-768x96.jpeg 768w\" sizes=\"auto, (max-width: 800px) 100vw, 800px\" \/><\/a><\/p>\n<p>&nbsp;<\/p>\n<p><a class=\"dt-pswp-item\" href=\"https:\/\/www.radiopiu.net\/wordpress\/wp-content\/uploads\/2023\/12\/botol-car-service.jpg\" data-dt-img-description=\"\" data-large_image_width=\"600\" data-large_image_height=\"600\"><img loading=\"lazy\" decoding=\"async\" class=\"size-medium wp-image-367044 aligncenter\" src=\"https:\/\/www.radiopiu.net\/wordpress\/wp-content\/uploads\/2023\/12\/botol-car-service-300x300.jpg\" alt=\"\" width=\"300\" height=\"300\" srcset=\"https:\/\/www.radiopiu.net\/wordpress\/wp-content\/uploads\/2023\/12\/botol-car-service-300x300.jpg 300w, https:\/\/www.radiopiu.net\/wordpress\/wp-content\/uploads\/2023\/12\/botol-car-service-150x150.jpg 150w, https:\/\/www.radiopiu.net\/wordpress\/wp-content\/uploads\/2023\/12\/botol-car-service.jpg 600w\" sizes=\"auto, (max-width: 300px) 100vw, 300px\" \/><\/a><\/p>\n<p>&nbsp;<\/p>\n<p>&nbsp;<\/p>\n<h1>BOLLETTINO QUOTIDIANO, CLICCA QUI<\/h1>\n<blockquote class=\"wp-embedded-content\" data-secret=\"ikQWHVTijJ\"><p><a href=\"https:\/\/www.radiopiu.net\/wordpress\/viabilita-2\/\">viabilita<\/a><\/p><\/blockquote>\n<p><iframe loading=\"lazy\" class=\"wp-embedded-content\" sandbox=\"allow-scripts\" security=\"restricted\" style=\"position: absolute; visibility: hidden;\" title=\"&#8220;viabilita&#8221; &#8212; Radio Pi\u00f9\" src=\"https:\/\/www.radiopiu.net\/wordpress\/viabilita-2\/embed\/#?secret=ZF9tWHc2nQ#?secret=ikQWHVTijJ\" data-secret=\"ikQWHVTijJ\" width=\"600\" height=\"338\" frameborder=\"0\" marginwidth=\"0\" marginheight=\"0\" scrolling=\"no\"><\/iframe><\/p>\n<p>&nbsp;<\/p>\n<p>&nbsp;<\/p>\n<hr \/>\n<p>&nbsp;<\/p>\n<p><a class=\"dt-pswp-item\" href=\"https:\/\/www.radiopiu.net\/wordpress\/wp-content\/uploads\/2018\/09\/WhatsApp-Image-2018-09-20-at-16.04.06.jpeg\" data-dt-img-description=\"\" data-large_image_width=\"800\" data-large_image_height=\"100\"><img loading=\"lazy\" decoding=\"async\" class=\"wp-image-61378 size-full aligncenter\" src=\"https:\/\/www.radiopiu.net\/wordpress\/wp-content\/uploads\/2018\/09\/WhatsApp-Image-2018-09-20-at-16.04.06.jpeg\" alt=\"\" width=\"800\" height=\"100\" srcset=\"https:\/\/www.radiopiu.net\/wordpress\/wp-content\/uploads\/2018\/09\/WhatsApp-Image-2018-09-20-at-16.04.06.jpeg 800w, https:\/\/www.radiopiu.net\/wordpress\/wp-content\/uploads\/2018\/09\/WhatsApp-Image-2018-09-20-at-16.04.06-300x38.jpeg 300w, https:\/\/www.radiopiu.net\/wordpress\/wp-content\/uploads\/2018\/09\/WhatsApp-Image-2018-09-20-at-16.04.06-768x96.jpeg 768w\" sizes=\"auto, (max-width: 800px) 100vw, 800px\" \/><\/a><\/p>\n<p><center><\/center><center><\/center><center><\/center><center><\/center><center><\/center><center><\/center>&nbsp;<\/p>\n<p><center><b>OGGI<\/b><\/center>Tempo ben soleggiato e cielo sereno al mattino, mentre ci sar\u00e0 una modesta attivit\u00e0 cumuliforme nelle ore pi\u00f9 calde, si tratter\u00e0 di innocui cumuli senza grandi effetti sulle ottime condizioni meteorologiche. Il caldo sar\u00e0 onnipresente, assieme al verificarsi di una prolungata mitezza in alta quota.<br \/>\n<b>Precipitazioni: <\/b>Assenti<br \/>\n<b>Temperature: <\/b>In generale aumento, salvo calo delle minime nelle valli, con valori ben superiori alle medie del periodo.<\/p>\n<hr \/>\n<p><center><b>DOMANI<\/b><\/center>Tempo ben soleggiato e cielo sereno al mattino. In seguito riduzione del soleggiamento per attivit\u00e0 cumuliforme inizialmente modesta, per\u00f2 anche moderata per addensamenti tra il tardo pomeriggio e la sera, quando non sar\u00e0 da escludere qualche focoliaio d&#8217;instabilit\u00e0 convettiva.<br \/>\n<b>Precipitazioni: <\/b>Assenti fino al tardo pomeriggio. Poi eventuale instabilit\u00e0 convettiva con qualche breve temporale di calore<br \/>\n<b>Temperature: <\/b>Nelle valli stazionarie o in ulteriore lieve aumento<\/p>\n<hr \/>\n<p><center><b>GIOVEDI<\/b><\/center>Sole e primi cumuli al mattino, prima di osservare una riduzione del soleggiamento per crescente nuvolosit\u00e0 cumuliforme pomeridiana, la quale tender\u00e0 a dar luogo a rovesci e temporali sparsi. Difficile ad oggi stabilire l&#8217;entit\u00e0 dei fenomeni. Il caldo si smorzer\u00e0 un po&#8217; sia per l&#8217;avvezione di aria meno calda che per il minore soleggiamento dalle ore centrali in poi.<\/p>\n<hr \/>\n<p><center><b>VENERDI<\/b><\/center>Maggiore nuvolosit\u00e0 e soleggiamento assai pi\u00f9 limitato rispetto al giorno precedente. L&#8217;instabilit\u00e0 dovrebbe essere pi\u00f9 marcata rispetto a gioved\u00ec con nuovi rovesci e temporali, magari anche pi\u00f9 frequenti e diffusi. Temperature in generale diminuzione, pi\u00f9 sensibile per le massime<\/p>\n<p>&nbsp;<\/p>\n<hr \/>\n<p>&nbsp;<\/p>\n<p><a class=\"dt-pswp-item\" href=\"https:\/\/www.radiopiu.net\/wordpress\/wp-content\/uploads\/2018\/09\/sport.jpg\" data-dt-img-description=\"\" data-large_image_width=\"800\" data-large_image_height=\"100\"><img loading=\"lazy\" decoding=\"async\" class=\"aligncenter wp-image-60761 size-full\" src=\"https:\/\/www.radiopiu.net\/wordpress\/wp-content\/uploads\/2018\/09\/sport.jpg\" alt=\"\" width=\"800\" height=\"100\" srcset=\"https:\/\/www.radiopiu.net\/wordpress\/wp-content\/uploads\/2018\/09\/sport.jpg 800w, https:\/\/www.radiopiu.net\/wordpress\/wp-content\/uploads\/2018\/09\/sport-300x38.jpg 300w, https:\/\/www.radiopiu.net\/wordpress\/wp-content\/uploads\/2018\/09\/sport-768x96.jpg 768w\" sizes=\"auto, (max-width: 800px) 100vw, 800px\" \/><\/a><\/p>\n<p>&nbsp;<\/p>\n<p><span style=\"color: #0000ff;\"><strong>CALCIO<\/strong><\/span><\/p>\n<blockquote>\n<h3>I TIFOSI DEL VALLADA SONO UN ESEMPIO DI SPORTIVITA&#8217;<\/h3>\n<\/blockquote>\n<p><strong><a class=\"dt-pswp-item\" href=\"https:\/\/www.radiopiu.net\/wordpress\/wp-content\/uploads\/2024\/07\/SCR-20240729-qwbp.jpeg\" data-dt-img-description=\"\" data-large_image_width=\"748\" data-large_image_height=\"486\"><img loading=\"lazy\" decoding=\"async\" class=\" wp-image-402185 alignleft\" src=\"https:\/\/www.radiopiu.net\/wordpress\/wp-content\/uploads\/2024\/07\/SCR-20240729-qwbp-300x195.jpeg\" alt=\"\" width=\"238\" height=\"155\" srcset=\"https:\/\/www.radiopiu.net\/wordpress\/wp-content\/uploads\/2024\/07\/SCR-20240729-qwbp-300x195.jpeg 300w, https:\/\/www.radiopiu.net\/wordpress\/wp-content\/uploads\/2024\/07\/SCR-20240729-qwbp.jpeg 748w\" sizes=\"auto, (max-width: 238px) 100vw, 238px\" \/><\/a>VALLADA\u00a0<\/strong><\/p>\n<p>DI GIANNI SANTOMASO<\/p>\n<audio class=\"wp-audio-shortcode\" id=\"audio-401928-18\" preload=\"none\" style=\"width: 100%;\" controls=\"controls\"><source type=\"audio\/mpeg\" src=\"https:\/\/www.radiopiu.net\/wordpress\/wp-content\/uploads\/2024\/07\/lezione-gruppo-tifosi-vallada-gianni.mp3?_=18\" \/><a href=\"https:\/\/www.radiopiu.net\/wordpress\/wp-content\/uploads\/2024\/07\/lezione-gruppo-tifosi-vallada-gianni.mp3\">https:\/\/www.radiopiu.net\/wordpress\/wp-content\/uploads\/2024\/07\/lezione-gruppo-tifosi-vallada-gianni.mp3<\/a><\/audio>\n<p>&nbsp;<\/p>\n<p><span style=\"color: #0000ff;\"><strong>NUOTO<\/strong><\/span><\/p>\n<blockquote>\n<h3><a class=\"dt-pswp-item\" href=\"https:\/\/www.radiopiu.net\/wordpress\/wp-content\/uploads\/2024\/07\/Tullio_Franceschini_alla_Coppa_Byron.jpg\" data-dt-img-description=\"\" data-large_image_width=\"1403\" data-large_image_height=\"1614\"><img loading=\"lazy\" decoding=\"async\" class=\" wp-image-402084 alignleft\" src=\"https:\/\/www.radiopiu.net\/wordpress\/wp-content\/uploads\/2024\/07\/Tullio_Franceschini_alla_Coppa_Byron-261x300.jpg\" alt=\"\" width=\"138\" height=\"159\" srcset=\"https:\/\/www.radiopiu.net\/wordpress\/wp-content\/uploads\/2024\/07\/Tullio_Franceschini_alla_Coppa_Byron-261x300.jpg 261w, https:\/\/www.radiopiu.net\/wordpress\/wp-content\/uploads\/2024\/07\/Tullio_Franceschini_alla_Coppa_Byron-890x1024.jpg 890w, https:\/\/www.radiopiu.net\/wordpress\/wp-content\/uploads\/2024\/07\/Tullio_Franceschini_alla_Coppa_Byron-768x884.jpg 768w, https:\/\/www.radiopiu.net\/wordpress\/wp-content\/uploads\/2024\/07\/Tullio_Franceschini_alla_Coppa_Byron-1335x1536.jpg 1335w, https:\/\/www.radiopiu.net\/wordpress\/wp-content\/uploads\/2024\/07\/Tullio_Franceschini_alla_Coppa_Byron.jpg 1403w\" sizes=\"auto, (max-width: 138px) 100vw, 138px\" \/><\/a>COPPA BYRON: TULLIO FRANCESCHINI PRIMEGGIA NELLA SUA CATEGORIA<\/h3>\n<\/blockquote>\n<p>Nella splendida cornice di Lerici e dintorni si \u00e8 svolta la quarantunesima Coppa Byron, in ricordo del poeta che si dice abbia nuotato gli 8 chilometri tra Porto Venere e Lerici. Circa 300 nuotatori, provenienti da tutta Italia e dall&#8217;estero, hanno partecipato alla traversata. Tra loro, Tullio Franceschini della Sportivamente Belluno, che ha primeggiato nella sua categoria. Franceschini ha elogiato l\u2019impegno della sua allenatrice, Maria Elena Canova, e l\u2019organizzazione dell&#8217;evento. La gara si \u00e8 svolta in un contesto paesaggistico e storico affascinante, dominato dal castello di Trebiano d\u2019Arcola. Franceschini ha espresso il desiderio di partecipare ancora negli anni a venire.<\/p>\n<p>&nbsp;<\/p>\n<p><span style=\"color: #0000ff;\"><strong>MOUNTAIN BIKE<\/strong><\/span><\/p>\n<blockquote>\n<h3>\u00a0IL TEAM RADICAL RACING REVOLUTION<\/h3>\n<\/blockquote>\n<p><strong>CANALE D&#8217;AGORDO<\/strong><\/p>\n<p>DI GIANNI SANTOMASO<\/p>\n<audio class=\"wp-audio-shortcode\" id=\"audio-401928-19\" preload=\"none\" style=\"width: 100%;\" controls=\"controls\"><source type=\"audio\/mpeg\" src=\"https:\/\/www.radiopiu.net\/wordpress\/wp-content\/uploads\/2024\/07\/radical-gianni.mp3?_=19\" \/><a href=\"https:\/\/www.radiopiu.net\/wordpress\/wp-content\/uploads\/2024\/07\/radical-gianni.mp3\">https:\/\/www.radiopiu.net\/wordpress\/wp-content\/uploads\/2024\/07\/radical-gianni.mp3<\/a><\/audio>\n<p>&nbsp;<\/p>\n\n\t\t\t<style type='text\/css'>\n\t\t\t\t#gallery-7 {\n\t\t\t\t\tmargin: auto;\n\t\t\t\t}\n\t\t\t\t#gallery-7 .gallery-item {\n\t\t\t\t\tfloat: left;\n\t\t\t\t\tmargin-top: 10px;\n\t\t\t\t\ttext-align: center;\n\t\t\t\t\twidth: 25%;\n\t\t\t\t}\n\t\t\t\t#gallery-7 img {\n\t\t\t\t\tborder: 2px solid #cfcfcf;\n\t\t\t\t}\n\t\t\t\t#gallery-7 .gallery-caption {\n\t\t\t\t\tmargin-left: 0;\n\t\t\t\t}\n\t\t\t\t\/* see gallery_shortcode() in wp-includes\/media.php *\/\n\t\t\t<\/style>\n\t\t<div id='gallery-7' class='dt-gallery-container gallery galleryid-401928 gallery-columns-4 gallery-size-thumbnail'><dl class='gallery-item'>\n\t\t\t\t<dt class='gallery-icon portrait'>\n\t\t\t\t\t<a class=\"rollover rollover-zoom dt-pswp-item\" title=\"ad17fc2d-1798-41cd-8e1d-4018ea29a14e\" data-dt-img-description=\"\" data-large_image_width=\"1155\" data-large_image_height=\"2048\"href='https:\/\/www.radiopiu.net\/wordpress\/wp-content\/uploads\/2024\/07\/ad17fc2d-1798-41cd-8e1d-4018ea29a14e.jpg'><img loading=\"lazy\" decoding=\"async\" width=\"150\" height=\"150\" src=\"https:\/\/www.radiopiu.net\/wordpress\/wp-content\/uploads\/2024\/07\/ad17fc2d-1798-41cd-8e1d-4018ea29a14e-150x150.jpg\" class=\"attachment-thumbnail size-thumbnail\" alt=\"\" \/><\/a>\n\t\t\t\t<\/dt><\/dl><dl class='gallery-item'>\n\t\t\t\t<dt class='gallery-icon portrait'>\n\t\t\t\t\t<a class=\"rollover rollover-zoom dt-pswp-item\" title=\"3fb05093-a4af-46f5-aa60-a1314ec94c41\" data-dt-img-description=\"\" data-large_image_width=\"902\" data-large_image_height=\"1600\"href='https:\/\/www.radiopiu.net\/wordpress\/wp-content\/uploads\/2024\/07\/3fb05093-a4af-46f5-aa60-a1314ec94c41.jpg'><img loading=\"lazy\" decoding=\"async\" width=\"150\" height=\"150\" src=\"https:\/\/www.radiopiu.net\/wordpress\/wp-content\/uploads\/2024\/07\/3fb05093-a4af-46f5-aa60-a1314ec94c41-150x150.jpg\" class=\"attachment-thumbnail size-thumbnail\" alt=\"\" \/><\/a>\n\t\t\t\t<\/dt><\/dl><dl class='gallery-item'>\n\t\t\t\t<dt class='gallery-icon portrait'>\n\t\t\t\t\t<a class=\"rollover rollover-zoom dt-pswp-item\" title=\"c5376208-c429-4564-971d-f7edda5b2f31\" data-dt-img-description=\"\" data-large_image_width=\"902\" data-large_image_height=\"1600\"href='https:\/\/www.radiopiu.net\/wordpress\/wp-content\/uploads\/2024\/07\/c5376208-c429-4564-971d-f7edda5b2f31.jpg'><img loading=\"lazy\" decoding=\"async\" width=\"150\" height=\"150\" src=\"https:\/\/www.radiopiu.net\/wordpress\/wp-content\/uploads\/2024\/07\/c5376208-c429-4564-971d-f7edda5b2f31-150x150.jpg\" class=\"attachment-thumbnail size-thumbnail\" alt=\"\" \/><\/a>\n\t\t\t\t<\/dt><\/dl><dl class='gallery-item'>\n\t\t\t\t<dt class='gallery-icon portrait'>\n\t\t\t\t\t<a class=\"rollover rollover-zoom dt-pswp-item\" title=\"579dac8a-3a2d-4efc-b8ae-5e6226848e35\" data-dt-img-description=\"\" data-large_image_width=\"1155\" data-large_image_height=\"2048\"href='https:\/\/www.radiopiu.net\/wordpress\/wp-content\/uploads\/2024\/07\/579dac8a-3a2d-4efc-b8ae-5e6226848e35.jpg'><img loading=\"lazy\" decoding=\"async\" width=\"150\" height=\"150\" src=\"https:\/\/www.radiopiu.net\/wordpress\/wp-content\/uploads\/2024\/07\/579dac8a-3a2d-4efc-b8ae-5e6226848e35-150x150.jpg\" class=\"attachment-thumbnail size-thumbnail\" alt=\"\" \/><\/a>\n\t\t\t\t<\/dt><\/dl><br style=\"clear: both\" \/>\n\t\t\t<\/div>\n\n<p>&nbsp;<\/p>\n<p><span style=\"color: #0000ff;\"><strong>EQUITAZIONE<\/strong><\/span><\/p>\n<blockquote>\n<h3>I RISULTATI PER IL PR RANCH DOLOMITI AD AREZZO<\/h3>\n<\/blockquote>\n<p><strong>LA VALLE<\/strong> Il PR Ranch Dolomiti Volteggio ha partecipato alle Ponyadi di Arezzo, rappresentando il Veneto. Margherita Stieven e Nicole Bernardini hanno vinto il bronzo nella squadra mista categoria L. Alessandro Oldrati si \u00e8 classificato decimo nella categoria Individuale D con una performance notevole per espressivit\u00e0 ed eleganza. L&#8217;evento \u00e8 stato intenso ed emozionante per atleti e genitori, che hanno sostenuto con entusiasmo i giovani atleti e i loro pony, nonostante il caldo torrido.<\/p>\n\n\t\t\t<style type='text\/css'>\n\t\t\t\t#gallery-8 {\n\t\t\t\t\tmargin: auto;\n\t\t\t\t}\n\t\t\t\t#gallery-8 .gallery-item {\n\t\t\t\t\tfloat: left;\n\t\t\t\t\tmargin-top: 10px;\n\t\t\t\t\ttext-align: center;\n\t\t\t\t\twidth: 16%;\n\t\t\t\t}\n\t\t\t\t#gallery-8 img {\n\t\t\t\t\tborder: 2px solid #cfcfcf;\n\t\t\t\t}\n\t\t\t\t#gallery-8 .gallery-caption {\n\t\t\t\t\tmargin-left: 0;\n\t\t\t\t}\n\t\t\t\t\/* see gallery_shortcode() in wp-includes\/media.php *\/\n\t\t\t<\/style>\n\t\t<div id='gallery-8' class='dt-gallery-container gallery galleryid-401928 gallery-columns-6 gallery-size-thumbnail'><dl class='gallery-item'>\n\t\t\t\t<dt class='gallery-icon landscape'>\n\t\t\t\t\t<a class=\"rollover rollover-zoom dt-pswp-item\" title=\"eafdd80c-14c3-406c-924d-d2045735943a\" data-dt-img-description=\"\" data-large_image_width=\"2040\" data-large_image_height=\"1536\"href='https:\/\/www.radiopiu.net\/wordpress\/wp-content\/uploads\/2024\/07\/eafdd80c-14c3-406c-924d-d2045735943a.jpg'><img loading=\"lazy\" decoding=\"async\" width=\"150\" height=\"150\" src=\"https:\/\/www.radiopiu.net\/wordpress\/wp-content\/uploads\/2024\/07\/eafdd80c-14c3-406c-924d-d2045735943a-150x150.jpg\" class=\"attachment-thumbnail size-thumbnail\" alt=\"\" \/><\/a>\n\t\t\t\t<\/dt><\/dl><dl class='gallery-item'>\n\t\t\t\t<dt class='gallery-icon landscape'>\n\t\t\t\t\t<a class=\"rollover rollover-zoom dt-pswp-item\" title=\"125f8a4b-863c-4c3a-ad5e-dab6139240e6\" data-dt-img-description=\"\" data-large_image_width=\"2040\" data-large_image_height=\"1530\"href='https:\/\/www.radiopiu.net\/wordpress\/wp-content\/uploads\/2024\/07\/125f8a4b-863c-4c3a-ad5e-dab6139240e6.jpg'><img loading=\"lazy\" decoding=\"async\" width=\"150\" height=\"150\" src=\"https:\/\/www.radiopiu.net\/wordpress\/wp-content\/uploads\/2024\/07\/125f8a4b-863c-4c3a-ad5e-dab6139240e6-150x150.jpg\" class=\"attachment-thumbnail size-thumbnail\" alt=\"\" \/><\/a>\n\t\t\t\t<\/dt><\/dl><dl class='gallery-item'>\n\t\t\t\t<dt class='gallery-icon portrait'>\n\t\t\t\t\t<a class=\"rollover rollover-zoom dt-pswp-item\" title=\"b7753635-efbd-4fdf-abbc-f680757d85cb\" data-dt-img-description=\"\" data-large_image_width=\"1530\" data-large_image_height=\"2040\"href='https:\/\/www.radiopiu.net\/wordpress\/wp-content\/uploads\/2024\/07\/b7753635-efbd-4fdf-abbc-f680757d85cb.jpg'><img loading=\"lazy\" decoding=\"async\" width=\"150\" height=\"150\" src=\"https:\/\/www.radiopiu.net\/wordpress\/wp-content\/uploads\/2024\/07\/b7753635-efbd-4fdf-abbc-f680757d85cb-150x150.jpg\" class=\"attachment-thumbnail size-thumbnail\" alt=\"\" \/><\/a>\n\t\t\t\t<\/dt><\/dl><dl class='gallery-item'>\n\t\t\t\t<dt class='gallery-icon landscape'>\n\t\t\t\t\t<a class=\"rollover rollover-zoom dt-pswp-item\" title=\"c93306ed-1455-48df-a928-a12d7cecef90\" data-dt-img-description=\"\" data-large_image_width=\"2040\" data-large_image_height=\"1536\"href='https:\/\/www.radiopiu.net\/wordpress\/wp-content\/uploads\/2024\/07\/c93306ed-1455-48df-a928-a12d7cecef90.jpg'><img loading=\"lazy\" decoding=\"async\" width=\"150\" height=\"150\" src=\"https:\/\/www.radiopiu.net\/wordpress\/wp-content\/uploads\/2024\/07\/c93306ed-1455-48df-a928-a12d7cecef90-150x150.jpg\" class=\"attachment-thumbnail size-thumbnail\" alt=\"\" \/><\/a>\n\t\t\t\t<\/dt><\/dl><dl class='gallery-item'>\n\t\t\t\t<dt class='gallery-icon portrait'>\n\t\t\t\t\t<a class=\"rollover rollover-zoom dt-pswp-item\" title=\"25c407ae-526c-4056-866a-8587e3c0f30e\" data-dt-img-description=\"\" data-large_image_width=\"720\" data-large_image_height=\"1600\"href='https:\/\/www.radiopiu.net\/wordpress\/wp-content\/uploads\/2024\/07\/25c407ae-526c-4056-866a-8587e3c0f30e.jpg'><img loading=\"lazy\" decoding=\"async\" width=\"150\" height=\"150\" src=\"https:\/\/www.radiopiu.net\/wordpress\/wp-content\/uploads\/2024\/07\/25c407ae-526c-4056-866a-8587e3c0f30e-150x150.jpg\" class=\"attachment-thumbnail size-thumbnail\" alt=\"\" \/><\/a>\n\t\t\t\t<\/dt><\/dl><dl class='gallery-item'>\n\t\t\t\t<dt class='gallery-icon portrait'>\n\t\t\t\t\t<a class=\"rollover rollover-zoom dt-pswp-item\" title=\"d3ca007b-ecf5-41cf-9984-aa708435d4c2\" data-dt-img-description=\"\" data-large_image_width=\"918\" data-large_image_height=\"2040\"href='https:\/\/www.radiopiu.net\/wordpress\/wp-content\/uploads\/2024\/07\/d3ca007b-ecf5-41cf-9984-aa708435d4c2.jpg'><img loading=\"lazy\" decoding=\"async\" width=\"150\" height=\"150\" src=\"https:\/\/www.radiopiu.net\/wordpress\/wp-content\/uploads\/2024\/07\/d3ca007b-ecf5-41cf-9984-aa708435d4c2-150x150.jpg\" class=\"attachment-thumbnail size-thumbnail\" alt=\"\" \/><\/a>\n\t\t\t\t<\/dt><\/dl><br style=\"clear: both\" \/>\n\t\t\t<\/div>\n\n<p>&nbsp;<\/p>\n<hr \/>\n<p>&nbsp;<\/p>\n<blockquote>\n<h3>Larch e De Silvestro sulla Vertikal Col di Lana<\/h3>\n<\/blockquote>\n<p><img loading=\"lazy\" decoding=\"async\" class=\"alignleft\" src=\"https:\/\/www.radiopiu.net\/wordpress\/wp-content\/uploads\/2024\/07\/vertica.png\" width=\"224\" height=\"138\" \/><strong>LIVINALLONGO\u00a0 <\/strong>Le classifiche: Assoluti M.\u00a01. Armin Larch 34,27&#8243;, 2. Alex Rigo 35&#8217;15&#8221;, 3. Luca Kovacic 35&#8217;27&#8221;.\u00a0Assoluti F.\u00a01. Alba De Silvestro 42&#8217;43&#8221;, 2. Dreier Sarah 44&#8217;14&#8221;, 3. Theockaris Maria Dimitra 44&#8217;58&#8221;.\u00a0Mini Vertikal. Ragazzi 8-12 F.\u00a01. De Toni Mattia 15&#8217;43&#8221;, 2. Alessandro Palla 16&#8217;18&#8221;, 3. Brenno Pol 19&#8217;30&#8221;.\u00a0Ragazzi 8-12 M.\u00a01. Emma Zanini 18&#8217;31&#8221;, 2. Alice Palla 19&#8217;33&#8221;, 3. Azzurra Deola \u2013 Thorpe 19&#8217;35&#8221;.\u00a0Allievi 13-16 F.\u00a01. Amelie Egitto 14&#8217;14&#8221;, 2. Nicole Pezzei 20&#8217;23&#8221;. 3. Martina Renon 30&#8217;42&#8221;.\u00a0Allievi 13-16 M.\u00a01. Simone Costa 15&#8217;28&#8221;, 2. Luca Davare.\u00a0\u2014<\/p>\n<p><strong>DI LORENZO SORATROI<\/strong><\/p>\n<audio class=\"wp-audio-shortcode\" id=\"audio-401928-20\" preload=\"none\" style=\"width: 100%;\" controls=\"controls\"><source type=\"audio\/mpeg\" src=\"https:\/\/www.radiopiu.net\/wordpress\/wp-content\/uploads\/2024\/07\/vertical-lorenzo.mp3?_=20\" \/><a href=\"https:\/\/www.radiopiu.net\/wordpress\/wp-content\/uploads\/2024\/07\/vertical-lorenzo.mp3\">https:\/\/www.radiopiu.net\/wordpress\/wp-content\/uploads\/2024\/07\/vertical-lorenzo.mp3<\/a><\/audio>\n<p>&nbsp;<\/p>\n<p>&nbsp;<\/p>\n<hr \/>\n<p>&nbsp;<\/p>\n<p>&nbsp;<\/p>\n","protected":false},"excerpt":{"rendered":"<p>****** &nbsp; ATTENZIONE: LA NUOVA APP PER IOS-IPHONE di Nicola Vettorello https:\/\/apps.apple.com\/it\/app\/radio-pi%C3%B9-emittente-agordina\/id1515939845 ATTENZIONE: LA NUOVA APP RADIO\u00a0 PER ANDROID di Nicola Vettorello https:\/\/play.google.com\/store\/apps\/details?id=net.radiopiu.iniko\u00a0\u00a0\u00a0 &nbsp; PROVINCIALE 563\u00a0 DA QUESTA SERA LUNEDI 29 LUGLIO fino a venerd\u00ec 2 agosto senso unico alternato con semaforo durante tutto l\u2019arco della giornata, senza pi\u00f9 l\u2019interruzione totale prevista nella prima parte&hellip;<\/p>\n","protected":false},"author":4,"featured_media":402176,"comment_status":"closed","ping_status":"closed","sticky":false,"template":"","format":"standard","meta":{"_monsterinsights_skip_tracking":false,"_monsterinsights_sitenote_active":false,"_monsterinsights_sitenote_note":"","_monsterinsights_sitenote_category":0,"footnotes":""},"categories":[51,86,49],"tags":[],"class_list":["post-401928","post","type-post","status-publish","format-standard","has-post-thumbnail","hentry","category-evidenza-top","category-gr","category-news-18","category-51","category-86","category-49","description-off"],"img_url":"https:\/\/www.radiopiu.net\/wordpress\/wp-content\/uploads\/2024\/07\/50938221-b731-46a9-8076-8845c4cb9490.jpg","_links":{"self":[{"href":"https:\/\/www.radiopiu.net\/wordpress\/wp-json\/wp\/v2\/posts\/401928","targetHints":{"allow":["GET"]}}],"collection":[{"href":"https:\/\/www.radiopiu.net\/wordpress\/wp-json\/wp\/v2\/posts"}],"about":[{"href":"https:\/\/www.radiopiu.net\/wordpress\/wp-json\/wp\/v2\/types\/post"}],"author":[{"embeddable":true,"href":"https:\/\/www.radiopiu.net\/wordpress\/wp-json\/wp\/v2\/users\/4"}],"replies":[{"embeddable":true,"href":"https:\/\/www.radiopiu.net\/wordpress\/wp-json\/wp\/v2\/comments?post=401928"}],"version-history":[{"count":21,"href":"https:\/\/www.radiopiu.net\/wordpress\/wp-json\/wp\/v2\/posts\/401928\/revisions"}],"predecessor-version":[{"id":402256,"href":"https:\/\/www.radiopiu.net\/wordpress\/wp-json\/wp\/v2\/posts\/401928\/revisions\/402256"}],"wp:featuredmedia":[{"embeddable":true,"href":"https:\/\/www.radiopiu.net\/wordpress\/wp-json\/wp\/v2\/media\/402176"}],"wp:attachment":[{"href":"https:\/\/www.radiopiu.net\/wordpress\/wp-json\/wp\/v2\/media?parent=401928"}],"wp:term":[{"taxonomy":"category","embeddable":true,"href":"https:\/\/www.radiopiu.net\/wordpress\/wp-json\/wp\/v2\/categories?post=401928"},{"taxonomy":"post_tag","embeddable":true,"href":"https:\/\/www.radiopiu.net\/wordpress\/wp-json\/wp\/v2\/tags?post=401928"}],"curies":[{"name":"wp","href":"https:\/\/api.w.org\/{rel}","templated":true}]}}