{"id":402003,"date":"2024-07-29T10:00:59","date_gmt":"2024-07-29T08:00:59","guid":{"rendered":"https:\/\/www.radiopiu.net\/wordpress\/?p=402003"},"modified":"2024-07-29T10:00:59","modified_gmt":"2024-07-29T08:00:59","slug":"essilorluxottica-annuncia-un-programma-di-acquisto-di-azioni-proprie-2","status":"publish","type":"post","link":"https:\/\/www.radiopiu.net\/wordpress\/essilorluxottica-annuncia-un-programma-di-acquisto-di-azioni-proprie-2\/","title":{"rendered":"ESSILORLUXOTTICA ANNUNCIA UN PROGRAMMA DI ACQUISTO DI AZIONI PROPRIE"},"content":{"rendered":"<p>******<\/p>\n<p>&nbsp;<\/p>\n<p><strong><a class=\"dt-pswp-item\" href=\"https:\/\/www.radiopiu.net\/wordpress\/wp-content\/uploads\/2024\/04\/essilorluxottica.png\" data-dt-img-description=\"\" data-large_image_width=\"400\" data-large_image_height=\"400\"><img loading=\"lazy\" decoding=\"async\" class=\" wp-image-386124 alignleft\" src=\"https:\/\/www.radiopiu.net\/wordpress\/wp-content\/uploads\/2024\/04\/essilorluxottica-300x300.png\" alt=\"\" width=\"179\" height=\"179\" srcset=\"https:\/\/www.radiopiu.net\/wordpress\/wp-content\/uploads\/2024\/04\/essilorluxottica-300x300.png 300w, https:\/\/www.radiopiu.net\/wordpress\/wp-content\/uploads\/2024\/04\/essilorluxottica-150x150.png 150w, https:\/\/www.radiopiu.net\/wordpress\/wp-content\/uploads\/2024\/04\/essilorluxottica.png 400w\" sizes=\"auto, (max-width: 179px) 100vw, 179px\" \/><\/a>PARIGI (FRANCIA)\u00a0<\/strong>\u2013 EssilorLuxottica annuncia il lancio di un programma di acquisto di azioni proprie che riflette la fiducia della Societ\u00e0 nella sua capacit\u00e0 di creare valore e nelle sue prospettive di lungo periodo. Per attuare il programma di acquisto, la Societ\u00e0 ha dato mandato a un intermediario specializzato per l\u2019acquisto di un massimo di 4.000.000 azioni EssilorLuxottica, da effettuare, a seconda delle condizioni di mercato, nel periodo che va dal 29 luglio 2024 fino alla data ultima del 29 ottobre 2025. Le azioni cos\u00ec acquisite sono destinate ad essere assegnate o trasferite ai dipendenti e ai dirigenti di EssilorLuxottica e societ\u00e0 controllate, in particolare nel contesto di piani di compartecipazione agli utili, bonus e premi di performance basati su azioni, piani di stock option e di azionariato diffuso dei dipendenti. EssilorLuxottica lancia questo programma di acquisto di azioni proprie in conformit\u00e0 alla ventiquattresima risoluzione deliberata dall&#8217;Assemblea Annuale degli Azionisti del 30 aprile 2024<\/p>\n<p>&nbsp;<\/p>\n<p>&nbsp;<\/p>\n<p>**********<\/p>\n","protected":false},"excerpt":{"rendered":"<p>****** &nbsp; PARIGI (FRANCIA)\u00a0\u2013 EssilorLuxottica annuncia il lancio di un programma di acquisto di azioni proprie che riflette la fiducia della Societ\u00e0 nella sua capacit\u00e0 di creare valore e nelle sue prospettive di lungo periodo. Per attuare il programma di acquisto, la Societ\u00e0 ha dato mandato a un intermediario specializzato per l\u2019acquisto di un massimo&hellip;<\/p>\n","protected":false},"author":4,"featured_media":386124,"comment_status":"closed","ping_status":"closed","sticky":false,"template":"","format":"standard","meta":{"_monsterinsights_skip_tracking":false,"_monsterinsights_sitenote_active":false,"_monsterinsights_sitenote_note":"","_monsterinsights_sitenote_category":0,"footnotes":""},"categories":[49],"tags":[],"class_list":["post-402003","post","type-post","status-publish","format-standard","has-post-thumbnail","hentry","category-news-18","category-49","description-off"],"img_url":"https:\/\/www.radiopiu.net\/wordpress\/wp-content\/uploads\/2024\/04\/essilorluxottica.png","_links":{"self":[{"href":"https:\/\/www.radiopiu.net\/wordpress\/wp-json\/wp\/v2\/posts\/402003","targetHints":{"allow":["GET"]}}],"collection":[{"href":"https:\/\/www.radiopiu.net\/wordpress\/wp-json\/wp\/v2\/posts"}],"about":[{"href":"https:\/\/www.radiopiu.net\/wordpress\/wp-json\/wp\/v2\/types\/post"}],"author":[{"embeddable":true,"href":"https:\/\/www.radiopiu.net\/wordpress\/wp-json\/wp\/v2\/users\/4"}],"replies":[{"embeddable":true,"href":"https:\/\/www.radiopiu.net\/wordpress\/wp-json\/wp\/v2\/comments?post=402003"}],"version-history":[{"count":0,"href":"https:\/\/www.radiopiu.net\/wordpress\/wp-json\/wp\/v2\/posts\/402003\/revisions"}],"wp:featuredmedia":[{"embeddable":true,"href":"https:\/\/www.radiopiu.net\/wordpress\/wp-json\/wp\/v2\/media\/386124"}],"wp:attachment":[{"href":"https:\/\/www.radiopiu.net\/wordpress\/wp-json\/wp\/v2\/media?parent=402003"}],"wp:term":[{"taxonomy":"category","embeddable":true,"href":"https:\/\/www.radiopiu.net\/wordpress\/wp-json\/wp\/v2\/categories?post=402003"},{"taxonomy":"post_tag","embeddable":true,"href":"https:\/\/www.radiopiu.net\/wordpress\/wp-json\/wp\/v2\/tags?post=402003"}],"curies":[{"name":"wp","href":"https:\/\/api.w.org\/{rel}","templated":true}]}}