{"id":402132,"date":"2024-07-30T05:30:34","date_gmt":"2024-07-30T03:30:34","guid":{"rendered":"https:\/\/www.radiopiu.net\/wordpress\/?p=402132"},"modified":"2024-07-30T05:59:14","modified_gmt":"2024-07-30T03:59:14","slug":"cantiere-scuole-verdi-belluno","status":"publish","type":"post","link":"https:\/\/www.radiopiu.net\/wordpress\/cantiere-scuole-verdi-belluno\/","title":{"rendered":"Cantiere Scuole Verdi Belluno"},"content":{"rendered":"<p>&nbsp;<\/p>\n<blockquote>\n<h2><\/h2>\n<\/blockquote>\n<p><strong><a class=\"dt-pswp-item\" href=\"https:\/\/www.radiopiu.net\/wordpress\/wp-content\/uploads\/2024\/07\/35d01f8c-94cb-4d65-9f48-9d808c61b0fd.jpg\" data-dt-img-description=\"\" data-large_image_width=\"2048\" data-large_image_height=\"1536\"><img loading=\"lazy\" decoding=\"async\" class=\" wp-image-402126 alignleft\" src=\"https:\/\/www.radiopiu.net\/wordpress\/wp-content\/uploads\/2024\/07\/35d01f8c-94cb-4d65-9f48-9d808c61b0fd-300x225.jpg\" alt=\"\" width=\"215\" height=\"161\" srcset=\"https:\/\/www.radiopiu.net\/wordpress\/wp-content\/uploads\/2024\/07\/35d01f8c-94cb-4d65-9f48-9d808c61b0fd-300x225.jpg 300w, https:\/\/www.radiopiu.net\/wordpress\/wp-content\/uploads\/2024\/07\/35d01f8c-94cb-4d65-9f48-9d808c61b0fd-1024x768.jpg 1024w, https:\/\/www.radiopiu.net\/wordpress\/wp-content\/uploads\/2024\/07\/35d01f8c-94cb-4d65-9f48-9d808c61b0fd-768x576.jpg 768w, https:\/\/www.radiopiu.net\/wordpress\/wp-content\/uploads\/2024\/07\/35d01f8c-94cb-4d65-9f48-9d808c61b0fd-1536x1152.jpg 1536w, https:\/\/www.radiopiu.net\/wordpress\/wp-content\/uploads\/2024\/07\/35d01f8c-94cb-4d65-9f48-9d808c61b0fd.jpg 2048w\" sizes=\"auto, (max-width: 215px) 100vw, 215px\" \/><\/a>BELLUNO<\/strong> La demolizione della scuola \u201cRomolo Dal Mas\u201d a Belluno \u00e8 imminente. Finanziata dal PNRR, la nuova struttura sar\u00e0 ad alta efficienza energetica e potr\u00e0 ospitare quasi 300 alunni. L&#8217;area di cantiere \u00e8 gi\u00e0 pronta, e i lavori inizieranno a breve. Anche l&#8217;area esterna sar\u00e0 riqualificata.<\/p>\n<p>&nbsp;<\/p>\n<p>&nbsp;<\/p>\n<p>&nbsp;<\/p>\n<p>&nbsp;<\/p>\n<p><strong>DI DANIELE DALVIT<\/strong><\/p>\n<audio class=\"wp-audio-shortcode\" id=\"audio-402132-1\" preload=\"none\" style=\"width: 100%;\" controls=\"controls\"><source type=\"audio\/mpeg\" src=\"https:\/\/www.radiopiu.net\/wordpress\/wp-content\/uploads\/2024\/07\/Servizio-Cantiere-scuole-verdi-Belluno.mp3?_=1\" \/><a href=\"https:\/\/www.radiopiu.net\/wordpress\/wp-content\/uploads\/2024\/07\/Servizio-Cantiere-scuole-verdi-Belluno.mp3\">https:\/\/www.radiopiu.net\/wordpress\/wp-content\/uploads\/2024\/07\/Servizio-Cantiere-scuole-verdi-Belluno.mp3<\/a><\/audio>\n<p>&nbsp;<\/p>\n<p>&nbsp;<\/p>\n<hr \/>\n<p>&nbsp;<\/p>\n","protected":false},"excerpt":{"rendered":"<p>&nbsp; BELLUNO La demolizione della scuola \u201cRomolo Dal Mas\u201d a Belluno \u00e8 imminente. Finanziata dal PNRR, la nuova struttura sar\u00e0 ad alta efficienza energetica e potr\u00e0 ospitare quasi 300 alunni. L&#8217;area di cantiere \u00e8 gi\u00e0 pronta, e i lavori inizieranno a breve. Anche l&#8217;area esterna sar\u00e0 riqualificata. &nbsp; &nbsp; &nbsp; &nbsp; DI DANIELE DALVIT &nbsp;&hellip;<\/p>\n","protected":false},"author":4,"featured_media":402125,"comment_status":"closed","ping_status":"closed","sticky":false,"template":"","format":"standard","meta":{"_monsterinsights_skip_tracking":false,"_monsterinsights_sitenote_active":false,"_monsterinsights_sitenote_note":"","_monsterinsights_sitenote_category":0,"footnotes":""},"categories":[51,49],"tags":[],"class_list":["post-402132","post","type-post","status-publish","format-standard","has-post-thumbnail","hentry","category-evidenza-top","category-news-18","category-51","category-49","description-off"],"img_url":"https:\/\/www.radiopiu.net\/wordpress\/wp-content\/uploads\/2024\/07\/a2a7f509-50e7-474b-8272-9895a5fd218c-1.jpg","_links":{"self":[{"href":"https:\/\/www.radiopiu.net\/wordpress\/wp-json\/wp\/v2\/posts\/402132","targetHints":{"allow":["GET"]}}],"collection":[{"href":"https:\/\/www.radiopiu.net\/wordpress\/wp-json\/wp\/v2\/posts"}],"about":[{"href":"https:\/\/www.radiopiu.net\/wordpress\/wp-json\/wp\/v2\/types\/post"}],"author":[{"embeddable":true,"href":"https:\/\/www.radiopiu.net\/wordpress\/wp-json\/wp\/v2\/users\/4"}],"replies":[{"embeddable":true,"href":"https:\/\/www.radiopiu.net\/wordpress\/wp-json\/wp\/v2\/comments?post=402132"}],"version-history":[{"count":1,"href":"https:\/\/www.radiopiu.net\/wordpress\/wp-json\/wp\/v2\/posts\/402132\/revisions"}],"predecessor-version":[{"id":402141,"href":"https:\/\/www.radiopiu.net\/wordpress\/wp-json\/wp\/v2\/posts\/402132\/revisions\/402141"}],"wp:featuredmedia":[{"embeddable":true,"href":"https:\/\/www.radiopiu.net\/wordpress\/wp-json\/wp\/v2\/media\/402125"}],"wp:attachment":[{"href":"https:\/\/www.radiopiu.net\/wordpress\/wp-json\/wp\/v2\/media?parent=402132"}],"wp:term":[{"taxonomy":"category","embeddable":true,"href":"https:\/\/www.radiopiu.net\/wordpress\/wp-json\/wp\/v2\/categories?post=402132"},{"taxonomy":"post_tag","embeddable":true,"href":"https:\/\/www.radiopiu.net\/wordpress\/wp-json\/wp\/v2\/tags?post=402132"}],"curies":[{"name":"wp","href":"https:\/\/api.w.org\/{rel}","templated":true}]}}