{"id":402143,"date":"2024-07-30T05:42:02","date_gmt":"2024-07-30T03:42:02","guid":{"rendered":"https:\/\/www.radiopiu.net\/wordpress\/?p=402143"},"modified":"2024-07-30T05:56:58","modified_gmt":"2024-07-30T03:56:58","slug":"falco-oggi-da-motta-di-livenza-al-lunelli","status":"publish","type":"post","link":"https:\/\/www.radiopiu.net\/wordpress\/falco-oggi-da-motta-di-livenza-al-lunelli\/","title":{"rendered":"FALCO: OGGI DA MOTTA DI LIVENZA AL LUNELLI"},"content":{"rendered":"<p>**<\/p>\n<p>Due interventi in poche ore per l&#8217;elicottero giallo. Alle 9.18 a Motta di Livenza per un incidente stradale, soccorsa una donna di nazionalit\u00e0 francese di 27 anni in condizioni di media gravit\u00e0, trasportata al C\u00e0 Foncello di Treviso<br \/>\nA mezzogiorno al Rifugio Lunelli allarme per un malore, l&#8217;uomo 75enne di Ancona (evidentemente non in condizioni gravi) \u00e8 stato controllato sul posto, l&#8217;elicottero \u00e8 rientrato poi alla base. L&#8217;ambulanza del ProntoSoccorso di Belluno sulla strada i Roncan, verso Quantin, ha prestato soccorso a un 69enne vittima di una caduta, \u00e8 stato medicato al San Martino di Belluno<\/p>\n<p>&nbsp;<\/p>\n<p>\u00b0_\u00b0__<\/p>\n","protected":false},"excerpt":{"rendered":"<p>** Due interventi in poche ore per l&#8217;elicottero giallo. Alle 9.18 a Motta di Livenza per un incidente stradale, soccorsa una donna di nazionalit\u00e0 francese di 27 anni in condizioni di media gravit\u00e0, trasportata al C\u00e0 Foncello di Treviso A mezzogiorno al Rifugio Lunelli allarme per un malore, l&#8217;uomo 75enne di Ancona (evidentemente non in&hellip;<\/p>\n","protected":false},"author":4,"featured_media":398172,"comment_status":"closed","ping_status":"closed","sticky":false,"template":"","format":"standard","meta":{"_monsterinsights_skip_tracking":false,"_monsterinsights_sitenote_active":false,"_monsterinsights_sitenote_note":"","_monsterinsights_sitenote_category":0,"footnotes":""},"categories":[51,49],"tags":[],"class_list":["post-402143","post","type-post","status-publish","format-standard","has-post-thumbnail","hentry","category-evidenza-top","category-news-18","category-51","category-49","description-off"],"img_url":"https:\/\/www.radiopiu.net\/wordpress\/wp-content\/uploads\/2024\/07\/SALT.jpeg","_links":{"self":[{"href":"https:\/\/www.radiopiu.net\/wordpress\/wp-json\/wp\/v2\/posts\/402143","targetHints":{"allow":["GET"]}}],"collection":[{"href":"https:\/\/www.radiopiu.net\/wordpress\/wp-json\/wp\/v2\/posts"}],"about":[{"href":"https:\/\/www.radiopiu.net\/wordpress\/wp-json\/wp\/v2\/types\/post"}],"author":[{"embeddable":true,"href":"https:\/\/www.radiopiu.net\/wordpress\/wp-json\/wp\/v2\/users\/4"}],"replies":[{"embeddable":true,"href":"https:\/\/www.radiopiu.net\/wordpress\/wp-json\/wp\/v2\/comments?post=402143"}],"version-history":[{"count":1,"href":"https:\/\/www.radiopiu.net\/wordpress\/wp-json\/wp\/v2\/posts\/402143\/revisions"}],"predecessor-version":[{"id":402144,"href":"https:\/\/www.radiopiu.net\/wordpress\/wp-json\/wp\/v2\/posts\/402143\/revisions\/402144"}],"wp:featuredmedia":[{"embeddable":true,"href":"https:\/\/www.radiopiu.net\/wordpress\/wp-json\/wp\/v2\/media\/398172"}],"wp:attachment":[{"href":"https:\/\/www.radiopiu.net\/wordpress\/wp-json\/wp\/v2\/media?parent=402143"}],"wp:term":[{"taxonomy":"category","embeddable":true,"href":"https:\/\/www.radiopiu.net\/wordpress\/wp-json\/wp\/v2\/categories?post=402143"},{"taxonomy":"post_tag","embeddable":true,"href":"https:\/\/www.radiopiu.net\/wordpress\/wp-json\/wp\/v2\/tags?post=402143"}],"curies":[{"name":"wp","href":"https:\/\/api.w.org\/{rel}","templated":true}]}}