{"id":402273,"date":"2024-07-30T07:55:50","date_gmt":"2024-07-30T05:55:50","guid":{"rendered":"https:\/\/www.radiopiu.net\/wordpress\/?p=402273"},"modified":"2024-07-30T07:58:53","modified_gmt":"2024-07-30T05:58:53","slug":"dal-1983-ogni-giorno-alle-otto-del-mattino-la-rassegna-stampa-locale-di-mirko-mezzacasa-6","status":"publish","type":"post","link":"https:\/\/www.radiopiu.net\/wordpress\/dal-1983-ogni-giorno-alle-otto-del-mattino-la-rassegna-stampa-locale-di-mirko-mezzacasa-6\/","title":{"rendered":"dal 1983 ogni giorno alle otto del mattino LA RASSEGNA STAMPA LOCALE di mirko mezzacasa"},"content":{"rendered":"<p><iframe loading=\"lazy\" title=\"DAL 1983 LA RASSEGNA STAMPA LOCALE di mirko mezzacasa. L&#039;ORIGINALE\" width=\"1200\" height=\"675\" src=\"https:\/\/www.youtube.com\/embed\/yJhyOznRNTY?feature=oembed\" frameborder=\"0\" allow=\"accelerometer; autoplay; clipboard-write; encrypted-media; gyroscope; picture-in-picture; web-share\" referrerpolicy=\"strict-origin-when-cross-origin\" allowfullscreen><\/iframe><\/p>\n<p>&nbsp;<\/p>\n<p>BUSCHE Il primo giorno del bollino nero sulla statale tra Feltre e Belluno ha superato ogni aspettativa negativa, causando disagi enormi. La chiusura del cavalcaferrovia tra Pont e Busche, con l\u2019apertura di una bretella temporanea, ha provocato code chilometriche e confusione. La situazione \u00e8 stata aggravata da un senso unico alternato e dal passaggio di camion oltre 7,5 tonnellate, nonostante le restrizioni. Il caos durer\u00e0 fino al completamento dell\u2019elettrificazione ferroviaria, previsto per il 15 ottobre, rendendo necessaria una gestione del traffico pi\u00f9 efficace.<br \/>\nSTRADE SECONDARIE<br \/>\nC\u2019\u00e8 chi sui sociale consiglia strade secondarie, ma dagli addetti ai soccorsi l\u2019invito a prestare attenzione. il messaggio dalla chat VPB \u2013 Viabilit\u00e0 Provincia Belluno: &#8230; lavoro per il pronto soccorso di Feltre, visto la colonna creatasi oggi sul cavalcavia di Busche, causa lavori e l\u2019impossibilit\u00e0 di varco coi mezzi di emergenza non \u00e8 meglio lasciare le strade secondarie libere per i mezzi di soccorso?<br \/>\nBELLUNO per lavori di manutenzione, sono previste chiusure stradali notturne. Fino a domani il tratto tra lo svincolo di Belluno e il bivio A27\/SS51 Alemagna sar\u00e0 chiuso dalle 22:00 alle 06:00. \u00c8 consigliata l\u2019uscita a Belluno Svincolo per chi proviene da Belluno. Un\u2019altra chiusura \u00e8 prevista tra il bivio A27\/SS51 Alemagna e lo svincolo di Belluno dalle 22:00 del 31 luglio alle 06:00 del 1 agosto 2024. L\u2019ingresso consigliato per Belluno \u00e8 Belluno Svincolo. Inoltre, l\u2019area di servizio Ponte nelle Alpi sar\u00e0 inaccessibile negli stessi orari dal 31 luglio al 1 agosto 2024. Gli automobilisti sono invitati a pianificare percorsi alternativi per evitare disagi durante questi periodi di chiusura.<br \/>\nLIVINALLONGO In localit\u00e0 Collaz l\u2019acqua erogata dall\u2019acquedotto \u00e8 di nuovo potabile e pu\u00f2 essere usata, quindi, per scopi alimentari<br \/>\nALLEGHE In seguito a degli accertamenti d parte dell\u2019ULSS 1 Dolomiti che hanno evidenziato una difformit\u00e0 dei parametri microbiologici si consiglia di non utilizzare l\u2019acqua per scopi alimentari<br \/>\nAGORDO nelle localit\u00e0 Piasent, Colvignas, Campon e Le Foche l\u2019acqua erogata dall\u2019acquedotto \u00e8 di nuovo potabile e pu\u00f2 essere usata, quindi, per scopi alimentari.<br \/>\nBELLUNO Il Consiglio Generale della Cisl Belluno Treviso si riunir\u00e0 gioved\u00ec 1\u00b0 agosto al Park Hotel di Villa Fiorita a Monastier di Treviso per eleggere il nuovo segretario generale dopo l\u2019elezione di Massimiliano Paglini a segretario generale della Cisl Veneto DOMANI ALLE 10.30 E 1900 MASSIMO PAGLINI IN DIRETTA SU RADIOPIU di mirko mezzacasa<\/p>\n<p>COMELICO Ieri l\u2019elicottero del Suem di Pieve di Cadore \u00e8 volato nei pressi del Rifugio Lunelli, per un escursionista che si era sentito poco bene, mentre si trovava in compagnia vicino ad un torrente. Sbarcati poco distante, tecnico di elisoccorso ed equipe medica hanno dato prima assistenza al 74enne di Jesi (AN) e ne hanno verificato le condizioni. Appurato che l\u2019uomo stava meglio e non aveva bisogno di ulteriori approfondimenti di carattere sanitario, l\u2019equipaggio \u00e8 rientrato in base.<br \/>\nBELLUNO Due interventi in poche ore per l\u2019elicottero giallo. Alle 9.18 di ieri a Motta di Livenza per un incidente stradale, soccorsa una donna di nazionalit\u00e0 francese di 27 anni in condizioni di media gravit\u00e0, trasportata al C\u00e0 Foncello di Treviso. A mezzogiorno al Rifugio Lunelli allarme per un malore, l\u2019uomo 75enne di Ancona (evidentemente non in condizioni gravi) \u00e8 stato controllato sul posto, l\u2019elicottero \u00e8 rientrato poi alla base. L\u2019ambulanza del ProntoSoccorso di Belluno sulla strada i Roncan, verso Quantin, ha prestato soccorso a un 69enne vittima di una caduta, \u00e8 stato medicato al San Martino di Belluno<br \/>\nPONTE NELLE ALPI Un uomo \u00e8 precipitato in un burrone mentre cercava di recuperare il suo cellulare a Ponte nelle Alpi. L\u2019incidente \u00e8 avvenuto durante una passeggiata in una zona collinare quando l\u2019uomo ha perso il telefono, che \u00e8 scivolato oltre il bordo del sentiero. Nel tentativo di recuperarlo, l\u2019uomo ha perso l\u2019equilibrio ed \u00e8 caduto in un burrone profondo circa 10 metri. Fortunatamente, i soccorritori sono intervenuti prontamente grazie all\u2019allarme dato da alcuni passanti che hanno assistito alla scena. Dopo un\u2019operazione di recupero complicata, l\u2019uomo \u00e8 stato eistratto dal burrone e trasportato all\u2019ospedale locale. Nonostante le ferite riportate, \u00e8 in condizioni stabili<br \/>\nPARIGI (FRANCIA) \u2013 EssilorLuxottica annuncia il lancio di un programma di acquisto di azioni proprie che riflette la fiducia della Societ\u00e0 nella sua capacit\u00e0 di creare valore e nelle sue prospettive di lungo periodo. Per attuare il programma di acquisto, la Societ\u00e0 ha dato mandato a un intermediario specializzato per l\u2019acquisto di un massimo di 4.000.000 azioni EssilorLuxottica, da effettuare, a seconda delle condizioni di mercato, nel periodo che va dal 29 luglio 2024 fino alla data ultima del 29 ottobre 2025.<\/p>\n","protected":false},"excerpt":{"rendered":"<p>&nbsp; BUSCHE Il primo giorno del bollino nero sulla statale tra Feltre e Belluno ha superato ogni aspettativa negativa, causando disagi enormi. La chiusura del cavalcaferrovia tra Pont e Busche, con l\u2019apertura di una bretella temporanea, ha provocato code chilometriche e confusione. La situazione \u00e8 stata aggravata da un senso unico alternato e dal passaggio&hellip;<\/p>\n","protected":false},"author":4,"featured_media":402248,"comment_status":"closed","ping_status":"closed","sticky":false,"template":"","format":"standard","meta":{"_monsterinsights_skip_tracking":false,"_monsterinsights_sitenote_active":false,"_monsterinsights_sitenote_note":"","_monsterinsights_sitenote_category":0,"footnotes":""},"categories":[49],"tags":[],"class_list":["post-402273","post","type-post","status-publish","format-standard","has-post-thumbnail","hentry","category-news-18","category-49","description-off"],"img_url":"https:\/\/www.radiopiu.net\/wordpress\/wp-content\/uploads\/2024\/07\/COPERTINA-4.png","_links":{"self":[{"href":"https:\/\/www.radiopiu.net\/wordpress\/wp-json\/wp\/v2\/posts\/402273","targetHints":{"allow":["GET"]}}],"collection":[{"href":"https:\/\/www.radiopiu.net\/wordpress\/wp-json\/wp\/v2\/posts"}],"about":[{"href":"https:\/\/www.radiopiu.net\/wordpress\/wp-json\/wp\/v2\/types\/post"}],"author":[{"embeddable":true,"href":"https:\/\/www.radiopiu.net\/wordpress\/wp-json\/wp\/v2\/users\/4"}],"replies":[{"embeddable":true,"href":"https:\/\/www.radiopiu.net\/wordpress\/wp-json\/wp\/v2\/comments?post=402273"}],"version-history":[{"count":2,"href":"https:\/\/www.radiopiu.net\/wordpress\/wp-json\/wp\/v2\/posts\/402273\/revisions"}],"predecessor-version":[{"id":402275,"href":"https:\/\/www.radiopiu.net\/wordpress\/wp-json\/wp\/v2\/posts\/402273\/revisions\/402275"}],"wp:featuredmedia":[{"embeddable":true,"href":"https:\/\/www.radiopiu.net\/wordpress\/wp-json\/wp\/v2\/media\/402248"}],"wp:attachment":[{"href":"https:\/\/www.radiopiu.net\/wordpress\/wp-json\/wp\/v2\/media?parent=402273"}],"wp:term":[{"taxonomy":"category","embeddable":true,"href":"https:\/\/www.radiopiu.net\/wordpress\/wp-json\/wp\/v2\/categories?post=402273"},{"taxonomy":"post_tag","embeddable":true,"href":"https:\/\/www.radiopiu.net\/wordpress\/wp-json\/wp\/v2\/tags?post=402273"}],"curies":[{"name":"wp","href":"https:\/\/api.w.org\/{rel}","templated":true}]}}