{"id":402302,"date":"2024-08-04T08:34:29","date_gmt":"2024-08-04T06:34:29","guid":{"rendered":"https:\/\/www.radiopiu.net\/wordpress\/?p=402302"},"modified":"2024-08-04T10:49:24","modified_gmt":"2024-08-04T08:49:24","slug":"dillo-a-radio-piu-un-c","status":"publish","type":"post","link":"https:\/\/www.radiopiu.net\/wordpress\/dillo-a-radio-piu-un-c\/","title":{"rendered":"IL CAPRIOLO E&#8217; SEMPRE &#8220;PRIGIONIERO&#8221; DEL PALALUXOTTICA,  DI NUOVO CHIESTO L&#8217;INTERVENTO DELLA POLIZIA PROVINCIALE"},"content":{"rendered":"<p>***<\/p>\n<p><strong>AGORDO<\/strong> Nonostante gli appelli di un cittadino e successivamente di un popolo &#8220;social&#8221; nessuno \u00e8 intervenuto a liberare il capriolo del Palaluxottica entrato da un cancello lasciato aperto. Eppure da Luxottica era arrivata una rassicurazione nei giorni scors<em>i &#8220;Guardate che il capriolo ha ritrovato la libert\u00e0&#8221;.<\/em> Pare che non sia andata proprio cos\u00ec. Infatti, ieri Fabio Rufus Bristot passando sulla tangenziale quel capriolo lo ha visto di nuovo, ha denunciato il fatto al 112 che lo ha invitato a chiamare la Polizia Provinciale che a sua volta ha riferito &#8220;Interverremo&#8221;<\/p>\n<p>DAL CORRIERE DELLE ALPI DI OGGI<\/p>\n<blockquote>\n<h2><a class=\"dt-pswp-item\" href=\"https:\/\/www.radiopiu.net\/wordpress\/wp-content\/uploads\/2024\/07\/Senza-nome-130.png\" data-dt-img-description=\"\" data-large_image_width=\"1038\" data-large_image_height=\"724\"><img loading=\"lazy\" decoding=\"async\" class=\"alignnone wp-image-403268 size-full\" src=\"https:\/\/www.radiopiu.net\/wordpress\/wp-content\/uploads\/2024\/07\/Senza-nome-130.png\" alt=\"\" width=\"1038\" height=\"724\" srcset=\"https:\/\/www.radiopiu.net\/wordpress\/wp-content\/uploads\/2024\/07\/Senza-nome-130.png 1038w, https:\/\/www.radiopiu.net\/wordpress\/wp-content\/uploads\/2024\/07\/Senza-nome-130-300x209.png 300w, https:\/\/www.radiopiu.net\/wordpress\/wp-content\/uploads\/2024\/07\/Senza-nome-130-1024x714.png 1024w, https:\/\/www.radiopiu.net\/wordpress\/wp-content\/uploads\/2024\/07\/Senza-nome-130-768x536.png 768w\" sizes=\"auto, (max-width: 1038px) 100vw, 1038px\" \/><\/a><\/h2>\n<h2><strong>ARCHIVIO RADIOPIU venerdi 30 luglio 2024<\/strong><\/h2>\n<hr \/>\n<p><em>Ad Agordo, un capriolo \u00e8\u00a0 intrappolato da giorni tra le recinzioni del PalaLuxottica. Gianni, residente locale, ha espresso il desiderio che qualcuno si occupi del povero animale, temendo che possa essere abbattuto o addirittura impazzire per via della vicinanza dell\u2019eliporto, utilizzato sia da Luxottica che dal Suem 118.<\/em><\/p><\/blockquote>\n<p><strong><a class=\"dt-pswp-item\" href=\"https:\/\/www.radiopiu.net\/wordpress\/wp-content\/uploads\/2024\/07\/DSCN0719-scaled.jpg\" data-dt-img-description=\"\" data-large_image_width=\"2560\" data-large_image_height=\"1920\"><img loading=\"lazy\" decoding=\"async\" class=\"size-medium wp-image-402312 alignleft\" src=\"https:\/\/www.radiopiu.net\/wordpress\/wp-content\/uploads\/2024\/07\/DSCN0719-300x225.jpg\" alt=\"\" width=\"300\" height=\"225\" srcset=\"https:\/\/www.radiopiu.net\/wordpress\/wp-content\/uploads\/2024\/07\/DSCN0719-300x225.jpg 300w, https:\/\/www.radiopiu.net\/wordpress\/wp-content\/uploads\/2024\/07\/DSCN0719-1024x768.jpg 1024w, https:\/\/www.radiopiu.net\/wordpress\/wp-content\/uploads\/2024\/07\/DSCN0719-768x576.jpg 768w, https:\/\/www.radiopiu.net\/wordpress\/wp-content\/uploads\/2024\/07\/DSCN0719-1536x1152.jpg 1536w, https:\/\/www.radiopiu.net\/wordpress\/wp-content\/uploads\/2024\/07\/DSCN0719-2048x1536.jpg 2048w\" sizes=\"auto, (max-width: 300px) 100vw, 300px\" \/><\/a>AGORDO<\/strong> &#8220;<em>Vorrei che qualcuno di prendesse cura di quel povero capriolo che da giorni \u00e8 prigioniero tra le reti del PalaLuxottica, con<\/em> la<em> speranza non venga abbattuto, o peggio impazzisca tra le eliche degli elicotteri visto che l\u00ec c&#8217;\u00e8 un eliporto, anzi l&#8217;eliporto di Agordo a servizio non solo di Luxottica ma anche del Suem 118&#8243;. <\/em>Inizia cos\u00ec in redazione la nostra chiacchierata con Gianni che da giorni, al mattino presto, non manca di andare a controllare se il capriolo ha riconquistato la libert\u00e0, ma fino a questa mattina era ancora l\u00ec, poi con il caldo, <a class=\"dt-pswp-item\" href=\"https:\/\/www.radiopiu.net\/wordpress\/wp-content\/uploads\/2024\/07\/DSCN0744-scaled.jpg\" data-dt-img-description=\"\" data-large_image_width=\"2560\" data-large_image_height=\"1920\"><img loading=\"lazy\" decoding=\"async\" class=\"size-medium wp-image-402315 alignright\" src=\"https:\/\/www.radiopiu.net\/wordpress\/wp-content\/uploads\/2024\/07\/DSCN0744-300x225.jpg\" alt=\"\" width=\"300\" height=\"225\" srcset=\"https:\/\/www.radiopiu.net\/wordpress\/wp-content\/uploads\/2024\/07\/DSCN0744-300x225.jpg 300w, https:\/\/www.radiopiu.net\/wordpress\/wp-content\/uploads\/2024\/07\/DSCN0744-1024x768.jpg 1024w, https:\/\/www.radiopiu.net\/wordpress\/wp-content\/uploads\/2024\/07\/DSCN0744-768x576.jpg 768w, https:\/\/www.radiopiu.net\/wordpress\/wp-content\/uploads\/2024\/07\/DSCN0744-1536x1152.jpg 1536w, https:\/\/www.radiopiu.net\/wordpress\/wp-content\/uploads\/2024\/07\/DSCN0744-2048x1536.jpg 2048w\" sizes=\"auto, (max-width: 300px) 100vw, 300px\" \/><\/a>con il sole, trova riparo da qualche parte, ma non nel vicino bosco perch\u00e9 da l\u00ec non pu\u00f2 uscire. Come vi sia entrato \u00e8 chiaro: da un cancello lasciato temporaneamente aperto. <em>&#8220;Ho chiamato la Polizia Provinciale &#8211; dice Gianni &#8211; avrei chiamato volentieri anche i Carabinieri Forestali,\u00a0 ma ad Agordo gli uffici sono aperti un giorno alla settimana per un&#8217;ora al giorno e non coincide con i miei orari&#8221;.<\/em> Dunque la PolIzia Provinciale \u00e8 informata, probabilmente anche i responsabili del PalaLuxottica edificato sulla verde piana di Mogn e sapientemente recintato per fermare ogni possibile intrusione, ma non del capriolo. <em>&#8220;Gli agenti della Polizia Provinciale mi hanno anche detto che sta bene li&#8217;, ma mi viene un dubbio: dove trova l&#8217;acqua visto che il Cordevole \u00e8 pi\u00f9 sotto e irraggiungibile?&#8221;\u00a0<\/em>Un caso che Gianni a preso a cuore e promette di volerso seguire fino a quando l&#8217;animale non sar\u00e0 restituito al bosco <em>&#8220;Speriamo non finisca prima in pentola&#8221; conclude Gianni ironicamente, ma neanche tanto&#8221;.<br \/>\n<\/em><\/p>\n<p>&nbsp;<\/p>\n<div style=\"width: 848px;\" class=\"wp-video\"><video class=\"wp-video-shortcode\" id=\"video-402302-1\" width=\"848\" height=\"480\" preload=\"metadata\" controls=\"controls\"><source type=\"video\/mp4\" src=\"https:\/\/www.radiopiu.net\/wordpress\/wp-content\/uploads\/2024\/07\/WhatsApp-Video-2024-07-30-at-10.24.14.mp4?_=1\" \/><a href=\"https:\/\/www.radiopiu.net\/wordpress\/wp-content\/uploads\/2024\/07\/WhatsApp-Video-2024-07-30-at-10.24.14.mp4\">https:\/\/www.radiopiu.net\/wordpress\/wp-content\/uploads\/2024\/07\/WhatsApp-Video-2024-07-30-at-10.24.14.mp4<\/a><\/video><\/div>\n<p><em>\u00a0<\/em><\/p>\n<p><em><br \/>\n___<\/em><\/p>\n<p>&nbsp;<\/p>\n","protected":false},"excerpt":{"rendered":"<p>*** AGORDO Nonostante gli appelli di un cittadino e successivamente di un popolo &#8220;social&#8221; nessuno \u00e8 intervenuto a liberare il capriolo del Palaluxottica entrato da un cancello lasciato aperto. Eppure da Luxottica era arrivata una rassicurazione nei giorni scorsi &#8220;Guardate che il capriolo ha ritrovato la libert\u00e0&#8221;. Pare che non sia andata proprio cos\u00ec. Infatti,&hellip;<\/p>\n","protected":false},"author":4,"featured_media":402309,"comment_status":"closed","ping_status":"closed","sticky":false,"template":"","format":"standard","meta":{"_monsterinsights_skip_tracking":false,"_monsterinsights_sitenote_active":false,"_monsterinsights_sitenote_note":"","_monsterinsights_sitenote_category":0,"footnotes":""},"categories":[51,49],"tags":[],"class_list":["post-402302","post","type-post","status-publish","format-standard","has-post-thumbnail","hentry","category-evidenza-top","category-news-18","category-51","category-49","description-off"],"img_url":"https:\/\/www.radiopiu.net\/wordpress\/wp-content\/uploads\/2024\/07\/DSCN0716-scaled.jpg","_links":{"self":[{"href":"https:\/\/www.radiopiu.net\/wordpress\/wp-json\/wp\/v2\/posts\/402302","targetHints":{"allow":["GET"]}}],"collection":[{"href":"https:\/\/www.radiopiu.net\/wordpress\/wp-json\/wp\/v2\/posts"}],"about":[{"href":"https:\/\/www.radiopiu.net\/wordpress\/wp-json\/wp\/v2\/types\/post"}],"author":[{"embeddable":true,"href":"https:\/\/www.radiopiu.net\/wordpress\/wp-json\/wp\/v2\/users\/4"}],"replies":[{"embeddable":true,"href":"https:\/\/www.radiopiu.net\/wordpress\/wp-json\/wp\/v2\/comments?post=402302"}],"version-history":[{"count":8,"href":"https:\/\/www.radiopiu.net\/wordpress\/wp-json\/wp\/v2\/posts\/402302\/revisions"}],"predecessor-version":[{"id":403295,"href":"https:\/\/www.radiopiu.net\/wordpress\/wp-json\/wp\/v2\/posts\/402302\/revisions\/403295"}],"wp:featuredmedia":[{"embeddable":true,"href":"https:\/\/www.radiopiu.net\/wordpress\/wp-json\/wp\/v2\/media\/402309"}],"wp:attachment":[{"href":"https:\/\/www.radiopiu.net\/wordpress\/wp-json\/wp\/v2\/media?parent=402302"}],"wp:term":[{"taxonomy":"category","embeddable":true,"href":"https:\/\/www.radiopiu.net\/wordpress\/wp-json\/wp\/v2\/categories?post=402302"},{"taxonomy":"post_tag","embeddable":true,"href":"https:\/\/www.radiopiu.net\/wordpress\/wp-json\/wp\/v2\/tags?post=402302"}],"curies":[{"name":"wp","href":"https:\/\/api.w.org\/{rel}","templated":true}]}}