{"id":402327,"date":"2024-07-30T11:27:54","date_gmt":"2024-07-30T09:27:54","guid":{"rendered":"https:\/\/www.radiopiu.net\/wordpress\/?p=402327"},"modified":"2024-07-30T11:27:54","modified_gmt":"2024-07-30T09:27:54","slug":"nuovo-gemellaggio-con-il-mountain-rescue-service-della-repubblica-ceca","status":"publish","type":"post","link":"https:\/\/www.radiopiu.net\/wordpress\/nuovo-gemellaggio-con-il-mountain-rescue-service-della-repubblica-ceca\/","title":{"rendered":"NUOVO GEMELLAGGIO CON IL MOUNTAIN RESCUE SERVICE DELLA REPUBBLICA CECA"},"content":{"rendered":"<p>******<\/p>\n<p>&nbsp;<\/p>\n<p><strong>PIEVE DI CADORE <\/strong>Tra i soccorsi di montagna internazionali si stringono nuovi legami. Nata lungo l\u2019impegnativo tracciato della Dolomiti Rescue Race &#8211; la manifestazione dedicata ai soccorritori del Cnsas e di tutti gli enti italiani ed esteri coinvolti nelle emergenze in alta quota &#8211; l\u2019amicizia tra il Soccorso alpino di Pieve di Cadore e il Mountain Rescue Service della Repubblica Ceca ha portato a una prima visita cadorina in terra ceca, che prelude sicuramente a un futuro scambio intenso di attivit\u00e0, come gi\u00e0 accade con altre nazioni. Dal 17 al 20 luglio, la Stazione di Pieve di Cadore ha infatti partecipato all&#8217;incontro organizzato a Loucna Nad Desnou, nel distretto di Sumperk, cui hanno preso parte, oltre ovviamente ai padroni di casa, le associazioni di soccorso di Polonia, Slovacchia, Italia e i rappresentanti della Polizia Nazionale della Repubblica Ceca. Ogni nazione ha presentato una propria attivit\u00e0 coinvolgendo i colleghi nelle operazioni, come ad esempio: recupero di infortunati in parete o ambiente impervio, tecniche alpinistiche e ricerca persona con l&#8217;ausilio di unit\u00e0 cinofile, droni ed elicotteri. La manifestazione si \u00e8 conclusa con un evento organizzato dalla Municipalit\u00e0 locale che ha coinvolto i cittadini, accogliendo circa 8.000 persone, e rivolto in particolare a bambini e adolescenti, che hanno potuto vedere e provare molte manovre legate al soccorso in montagna e al soccorso sanitario e altre attivit\u00e0 ludico sportive. All\u2019edizione 2024 della Dolomiti Rescue Race, che quest&#8217;anno si svolger\u00e0 il 4 e 5 ottobre alle pendici del monte Antelao tra Calalzo e Pieve di Cadore, sono gi\u00e0 iscritte due squadre del Mountain Rescue Service della Repubblica Ceca .<\/p>\n\n\t\t\t<style type='text\/css'>\n\t\t\t\t#gallery-1 {\n\t\t\t\t\tmargin: auto;\n\t\t\t\t}\n\t\t\t\t#gallery-1 .gallery-item {\n\t\t\t\t\tfloat: left;\n\t\t\t\t\tmargin-top: 10px;\n\t\t\t\t\ttext-align: center;\n\t\t\t\t\twidth: 50%;\n\t\t\t\t}\n\t\t\t\t#gallery-1 img {\n\t\t\t\t\tborder: 2px solid #cfcfcf;\n\t\t\t\t}\n\t\t\t\t#gallery-1 .gallery-caption {\n\t\t\t\t\tmargin-left: 0;\n\t\t\t\t}\n\t\t\t\t\/* see gallery_shortcode() in wp-includes\/media.php *\/\n\t\t\t<\/style>\n\t\t<div id='gallery-1' class='dt-gallery-container gallery galleryid-402327 gallery-columns-2 gallery-size-thumbnail'><dl class='gallery-item'>\n\t\t\t\t<dt class='gallery-icon portrait'>\n\t\t\t\t\t<a class=\"rollover rollover-zoom dt-pswp-item\" title=\"IMG_7867\" data-dt-img-description=\"\" data-large_image_width=\"1512\" data-large_image_height=\"2016\"href='https:\/\/www.radiopiu.net\/wordpress\/wp-content\/uploads\/2024\/07\/IMG_7867-rotated.jpg'><img loading=\"lazy\" decoding=\"async\" width=\"150\" height=\"150\" src=\"https:\/\/www.radiopiu.net\/wordpress\/wp-content\/uploads\/2024\/07\/IMG_7867-150x150.jpg\" class=\"attachment-thumbnail size-thumbnail\" alt=\"\" \/><\/a>\n\t\t\t\t<\/dt><\/dl><dl class='gallery-item'>\n\t\t\t\t<dt class='gallery-icon landscape'>\n\t\t\t\t\t<a class=\"rollover rollover-zoom dt-pswp-item\" title=\"2f99d94b-d8d5-4fd0-9621-e90127181721\" data-dt-img-description=\"\" data-large_image_width=\"2048\" data-large_image_height=\"923\"href='https:\/\/www.radiopiu.net\/wordpress\/wp-content\/uploads\/2024\/07\/2f99d94b-d8d5-4fd0-9621-e90127181721.jpg'><img loading=\"lazy\" decoding=\"async\" width=\"150\" height=\"150\" src=\"https:\/\/www.radiopiu.net\/wordpress\/wp-content\/uploads\/2024\/07\/2f99d94b-d8d5-4fd0-9621-e90127181721-150x150.jpg\" class=\"attachment-thumbnail size-thumbnail\" alt=\"\" \/><\/a>\n\t\t\t\t<\/dt><\/dl><br style=\"clear: both\" \/>\n\t\t\t<\/div>\n\n<p>&nbsp;<\/p>\n<p>&nbsp;<\/p>\n<p>**********<\/p>\n","protected":false},"excerpt":{"rendered":"<p>****** &nbsp; PIEVE DI CADORE Tra i soccorsi di montagna internazionali si stringono nuovi legami. Nata lungo l\u2019impegnativo tracciato della Dolomiti Rescue Race &#8211; la manifestazione dedicata ai soccorritori del Cnsas e di tutti gli enti italiani ed esteri coinvolti nelle emergenze in alta quota &#8211; l\u2019amicizia tra il Soccorso alpino di Pieve di Cadore&hellip;<\/p>\n","protected":false},"author":4,"featured_media":402329,"comment_status":"closed","ping_status":"closed","sticky":false,"template":"","format":"standard","meta":{"_monsterinsights_skip_tracking":false,"_monsterinsights_sitenote_active":false,"_monsterinsights_sitenote_note":"","_monsterinsights_sitenote_category":0,"footnotes":""},"categories":[49],"tags":[],"class_list":["post-402327","post","type-post","status-publish","format-standard","has-post-thumbnail","hentry","category-news-18","category-49","description-off"],"img_url":"https:\/\/www.radiopiu.net\/wordpress\/wp-content\/uploads\/2024\/07\/2f99d94b-d8d5-4fd0-9621-e90127181721.jpg","_links":{"self":[{"href":"https:\/\/www.radiopiu.net\/wordpress\/wp-json\/wp\/v2\/posts\/402327","targetHints":{"allow":["GET"]}}],"collection":[{"href":"https:\/\/www.radiopiu.net\/wordpress\/wp-json\/wp\/v2\/posts"}],"about":[{"href":"https:\/\/www.radiopiu.net\/wordpress\/wp-json\/wp\/v2\/types\/post"}],"author":[{"embeddable":true,"href":"https:\/\/www.radiopiu.net\/wordpress\/wp-json\/wp\/v2\/users\/4"}],"replies":[{"embeddable":true,"href":"https:\/\/www.radiopiu.net\/wordpress\/wp-json\/wp\/v2\/comments?post=402327"}],"version-history":[{"count":1,"href":"https:\/\/www.radiopiu.net\/wordpress\/wp-json\/wp\/v2\/posts\/402327\/revisions"}],"predecessor-version":[{"id":402330,"href":"https:\/\/www.radiopiu.net\/wordpress\/wp-json\/wp\/v2\/posts\/402327\/revisions\/402330"}],"wp:featuredmedia":[{"embeddable":true,"href":"https:\/\/www.radiopiu.net\/wordpress\/wp-json\/wp\/v2\/media\/402329"}],"wp:attachment":[{"href":"https:\/\/www.radiopiu.net\/wordpress\/wp-json\/wp\/v2\/media?parent=402327"}],"wp:term":[{"taxonomy":"category","embeddable":true,"href":"https:\/\/www.radiopiu.net\/wordpress\/wp-json\/wp\/v2\/categories?post=402327"},{"taxonomy":"post_tag","embeddable":true,"href":"https:\/\/www.radiopiu.net\/wordpress\/wp-json\/wp\/v2\/tags?post=402327"}],"curies":[{"name":"wp","href":"https:\/\/api.w.org\/{rel}","templated":true}]}}