{"id":402359,"date":"2024-07-30T15:42:37","date_gmt":"2024-07-30T13:42:37","guid":{"rendered":"https:\/\/www.radiopiu.net\/wordpress\/?p=402359"},"modified":"2024-07-30T15:42:37","modified_gmt":"2024-07-30T13:42:37","slug":"pastasciutta-antifascista-i-chiarimenti-di-oscar-de-pellegrin","status":"publish","type":"post","link":"https:\/\/www.radiopiu.net\/wordpress\/pastasciutta-antifascista-i-chiarimenti-di-oscar-de-pellegrin\/","title":{"rendered":"PASTASCIUTTA ANTIFASCISTA, I CHIARIMENTI DI OSCAR DE PELLEGRIN"},"content":{"rendered":"<p>**<\/p>\n<p><strong>BELLUNO Dal consiglio comunale<\/strong><\/p>\n<p><img loading=\"lazy\" decoding=\"async\" class=\"alignleft\" src=\"https:\/\/www.radiopiu.net\/wordpress\/wp-content\/uploads\/2024\/07\/PASTASCIUTTA-ANTIFASCISTA.webp\" width=\"239\" height=\"179\" \/>la risposta del Sindaco Oscar De Pellegrin alla domanda d\u2019attualit\u00e0 \u201cPastasciutta antifascista\u201d \u00a0presentata dai consiglieri di opposizione Lucia Olivotto, Marco Perale, Francesco Rasera Berna, Mirco Costa e Jacopo Massaro.<\/p>\n<p>\u201cIl tema ha tutta la nostra attenzione, ma inizialmente non era stata presentata interamente la cornice all\u2019interno della quale si sarebbe svolto il convegno e questo l\u2019abbiamo ritenuto non corretto\u201d, cos\u00ec il Sindaco nella risposta all\u2019interrogazione che chiede spiegazioni in merito alla sua mancata partecipazione alla giornata del 25 luglio a Busche.<\/p>\n<p>\u201cFin dall\u2019inizio \u2013 prosegue il Sindaco &#8211; la comunicazione non \u00e8 stata chiara e non sono stati considerati i contenuti delle e-mail inviate dalla mia Segreteria. Avevo infatti comunicato la mia impossibilit\u00e0 a partecipare per altri impegni precedentemente assunti, assicurando al contempo la presenza dell\u2019Assessore Dal Pont, pi\u00f9 che competente in materia. Tuttavia nella locandina successivamente arrivata e stampata \u00e8 stato indicato il mio nome come relatore alla tavola rotonda. Inoltre, la locandina \u00e8 stata inviata solo il 16 luglio e riportava il logo del Comune di Belluno sbagliato\u201d.<\/p>\n<p>\u201cAllora, vedete \u2013 prosegue il Sindaco -, qualsiasi argomento pu\u00f2 essere divisivo quando viene utilizzato in modo approssimativo e strumentale. Ed \u00e8 proprio quello che temevo io. Anche semplicemente difendere quello che \u00e8 stato un errore di comunicazione, voluto o meno non entro nel merito, pu\u00f2 essere considerato divisivo e strumentale.<\/p>\n<p>Ogni principio costituzionale, per quanto possa non trovare unanime consenso, avr\u00e0 comunque sempre, in questa Amministrazione, pieno appoggio e sostegno. Mi sono sempre detto convintamente contro ogni forma di violenza e di dittatura e non ho problemi a riconfermarmi tale. Cos\u00ec come sono certo che sui principi costituzionali e suo valori fondanti posti alla base della nostra Repubblica troveremo sempre pieno accordo\u201d.<\/p>\n<p>&nbsp;<\/p>\n<p>&nbsp;<\/p>\n<hr \/>\n<p>&nbsp;<\/p>\n","protected":false},"excerpt":{"rendered":"<p>** BELLUNO Dal consiglio comunale la risposta del Sindaco Oscar De Pellegrin alla domanda d\u2019attualit\u00e0 \u201cPastasciutta antifascista\u201d \u00a0presentata dai consiglieri di opposizione Lucia Olivotto, Marco Perale, Francesco Rasera Berna, Mirco Costa e Jacopo Massaro. \u201cIl tema ha tutta la nostra attenzione, ma inizialmente non era stata presentata interamente la cornice all\u2019interno della quale si sarebbe&hellip;<\/p>\n","protected":false},"author":4,"featured_media":399936,"comment_status":"closed","ping_status":"closed","sticky":false,"template":"","format":"standard","meta":{"_monsterinsights_skip_tracking":false,"_monsterinsights_sitenote_active":false,"_monsterinsights_sitenote_note":"","_monsterinsights_sitenote_category":0,"footnotes":""},"categories":[49],"tags":[],"class_list":["post-402359","post","type-post","status-publish","format-standard","has-post-thumbnail","hentry","category-news-18","category-49","description-off"],"img_url":"https:\/\/www.radiopiu.net\/wordpress\/wp-content\/uploads\/2024\/07\/PASTASCIUTTA-ANTIFASCISTA.webp","_links":{"self":[{"href":"https:\/\/www.radiopiu.net\/wordpress\/wp-json\/wp\/v2\/posts\/402359","targetHints":{"allow":["GET"]}}],"collection":[{"href":"https:\/\/www.radiopiu.net\/wordpress\/wp-json\/wp\/v2\/posts"}],"about":[{"href":"https:\/\/www.radiopiu.net\/wordpress\/wp-json\/wp\/v2\/types\/post"}],"author":[{"embeddable":true,"href":"https:\/\/www.radiopiu.net\/wordpress\/wp-json\/wp\/v2\/users\/4"}],"replies":[{"embeddable":true,"href":"https:\/\/www.radiopiu.net\/wordpress\/wp-json\/wp\/v2\/comments?post=402359"}],"version-history":[{"count":1,"href":"https:\/\/www.radiopiu.net\/wordpress\/wp-json\/wp\/v2\/posts\/402359\/revisions"}],"predecessor-version":[{"id":402360,"href":"https:\/\/www.radiopiu.net\/wordpress\/wp-json\/wp\/v2\/posts\/402359\/revisions\/402360"}],"wp:featuredmedia":[{"embeddable":true,"href":"https:\/\/www.radiopiu.net\/wordpress\/wp-json\/wp\/v2\/media\/399936"}],"wp:attachment":[{"href":"https:\/\/www.radiopiu.net\/wordpress\/wp-json\/wp\/v2\/media?parent=402359"}],"wp:term":[{"taxonomy":"category","embeddable":true,"href":"https:\/\/www.radiopiu.net\/wordpress\/wp-json\/wp\/v2\/categories?post=402359"},{"taxonomy":"post_tag","embeddable":true,"href":"https:\/\/www.radiopiu.net\/wordpress\/wp-json\/wp\/v2\/tags?post=402359"}],"curies":[{"name":"wp","href":"https:\/\/api.w.org\/{rel}","templated":true}]}}