{"id":402366,"date":"2024-07-30T16:00:22","date_gmt":"2024-07-30T14:00:22","guid":{"rendered":"https:\/\/www.radiopiu.net\/wordpress\/?p=402366"},"modified":"2024-07-30T16:03:17","modified_gmt":"2024-07-30T14:03:17","slug":"feltre-accoglie-leuropa-una-settimana-di-scambi-culturali-con-il-progetto-youth-for-europe","status":"publish","type":"post","link":"https:\/\/www.radiopiu.net\/wordpress\/feltre-accoglie-leuropa-una-settimana-di-scambi-culturali-con-il-progetto-youth-for-europe\/","title":{"rendered":"Feltre accoglie l\u2019Europa: una settimana di scambi culturali con il progetto Youth for Europe"},"content":{"rendered":"<p>***<\/p>\n<p>&nbsp;<\/p>\n<p><strong>DI ALESSIA DALL&#8217;O\u00a0\u00a0<\/strong><\/p>\n<blockquote><p><em>Youth for Europe non \u00e8 solo un evento, ma un ponte che unisce giovani di diverse nazioni, promuovendo la comprensione reciproca e la costruzione di un futuro comune pi\u00f9 coeso e solidale.<\/em><\/p><\/blockquote>\n<p><a class=\"dt-pswp-item\" href=\"https:\/\/www.radiopiu.net\/wordpress\/wp-content\/uploads\/2024\/07\/Il-gruppo-Giovani-Gemellaggi-e-lAssessore-Flavia-Colle-1-scaled.jpg\" data-dt-img-description=\"\" data-large_image_width=\"2560\" data-large_image_height=\"1920\"><img loading=\"lazy\" decoding=\"async\" class=\"size-medium wp-image-402367 alignleft\" src=\"https:\/\/www.radiopiu.net\/wordpress\/wp-content\/uploads\/2024\/07\/Il-gruppo-Giovani-Gemellaggi-e-lAssessore-Flavia-Colle-1-300x225.jpg\" alt=\"\" width=\"300\" height=\"225\" srcset=\"https:\/\/www.radiopiu.net\/wordpress\/wp-content\/uploads\/2024\/07\/Il-gruppo-Giovani-Gemellaggi-e-lAssessore-Flavia-Colle-1-300x225.jpg 300w, https:\/\/www.radiopiu.net\/wordpress\/wp-content\/uploads\/2024\/07\/Il-gruppo-Giovani-Gemellaggi-e-lAssessore-Flavia-Colle-1-1024x768.jpg 1024w, https:\/\/www.radiopiu.net\/wordpress\/wp-content\/uploads\/2024\/07\/Il-gruppo-Giovani-Gemellaggi-e-lAssessore-Flavia-Colle-1-768x576.jpg 768w, https:\/\/www.radiopiu.net\/wordpress\/wp-content\/uploads\/2024\/07\/Il-gruppo-Giovani-Gemellaggi-e-lAssessore-Flavia-Colle-1-1536x1152.jpg 1536w, https:\/\/www.radiopiu.net\/wordpress\/wp-content\/uploads\/2024\/07\/Il-gruppo-Giovani-Gemellaggi-e-lAssessore-Flavia-Colle-1-2048x1536.jpg 2048w\" sizes=\"auto, (max-width: 300px) 100vw, 300px\" \/><\/a>FELTRE Dal 1 all\u20198 agosto, la pittoresca cittadina di Feltre diventer\u00e0 il centro di un vivace incontro internazionale con l\u2019evento Youth for Europe, un progetto annuale promosso dal Gruppo Giovani del Comitato Gemellaggi di Feltre. Questo raduno rappresenta un\u2019occasione unica per i giovani di et\u00e0 fino a 27 anni provenienti da diverse citt\u00e0 gemellate con Feltre: Bagnols-sur-C\u00eaze (Francia), Braunfels (Germania), Carcaixent (Spagna), Eeklo (Belgio), Kiskunfelegyaza (Ungheria), Newbury (Regno Unito) e Zamosc (Polonia) ed \u00e8 stato presentato ieri presso la Sala Giunta del Palazzo Municipale di Feltre. L\u2019iniziativa, che dal 1960 promuove rapporti di amicizia e collaborazione tra queste comunit\u00e0, sar\u00e0 un\u2019opportunit\u00e0 imperdibile per scoprire Feltre e immergersi nella sua cultura locale. Durante la settimana, i partecipanti potranno esplorare la citt\u00e0 e i suoi dintorni attraverso escursioni, laboratori e visite alle aziende locali, vivendo un\u2019esperienza diretta della vita e delle tradizioni feltrine. Uno degli aspetti pi\u00f9 attesi dell\u2019evento saranno le cene internazionali, durante le quali i giovani ospiti prepareranno piatti tipici delle loro nazioni, creando cos\u00ec un ricco scambio gastronomico e culturale. Il Gruppo Giovani di Feltre, composto da otto membri di et\u00e0 compresa tra i 16 e i 22 anni, ha lavorato con impegno per quasi un anno per organizzare questo progetto in modo autonomo. Gli sforzi del gruppo hanno permesso di accogliere i partecipanti presso le \u201cex Caserme Zanetelli\u201d, ora gestite dalla protezione civile. Nonostante le risorse limitate, il progetto \u00e8 stato reso possibile grazie ai fondi europei e alle generose donazioni delle imprese locali.\u00a0 Per chi volesse contribuire ulteriormente a questo importante scambio culturale, \u00e8 possibile contattare il Comitato Gemellaggi all\u2019indirizzo email gemellaggi@comune.feltre.bl.it o fare una donazione tramite la pagina GoFundMe disponibile [qui](https:\/\/gofund.me\/dd4dbecb).<\/p>\n<p>&nbsp;<\/p>\n<p>&nbsp;<\/p>\n<p>___<\/p>\n<p>&nbsp;<\/p>\n<p>&nbsp;<\/p>\n<p>&nbsp;<\/p>\n","protected":false},"excerpt":{"rendered":"<p>*** &nbsp; DI ALESSIA DALL&#8217;O\u00a0\u00a0 Youth for Europe non \u00e8 solo un evento, ma un ponte che unisce giovani di diverse nazioni, promuovendo la comprensione reciproca e la costruzione di un futuro comune pi\u00f9 coeso e solidale. FELTRE Dal 1 all\u20198 agosto, la pittoresca cittadina di Feltre diventer\u00e0 il centro di un vivace incontro internazionale&hellip;<\/p>\n","protected":false},"author":4,"featured_media":402367,"comment_status":"closed","ping_status":"closed","sticky":false,"template":"","format":"standard","meta":{"_monsterinsights_skip_tracking":false,"_monsterinsights_sitenote_active":false,"_monsterinsights_sitenote_note":"","_monsterinsights_sitenote_category":0,"footnotes":""},"categories":[49],"tags":[],"class_list":["post-402366","post","type-post","status-publish","format-standard","has-post-thumbnail","hentry","category-news-18","category-49","description-off"],"img_url":"https:\/\/www.radiopiu.net\/wordpress\/wp-content\/uploads\/2024\/07\/Il-gruppo-Giovani-Gemellaggi-e-lAssessore-Flavia-Colle-1-scaled.jpg","_links":{"self":[{"href":"https:\/\/www.radiopiu.net\/wordpress\/wp-json\/wp\/v2\/posts\/402366","targetHints":{"allow":["GET"]}}],"collection":[{"href":"https:\/\/www.radiopiu.net\/wordpress\/wp-json\/wp\/v2\/posts"}],"about":[{"href":"https:\/\/www.radiopiu.net\/wordpress\/wp-json\/wp\/v2\/types\/post"}],"author":[{"embeddable":true,"href":"https:\/\/www.radiopiu.net\/wordpress\/wp-json\/wp\/v2\/users\/4"}],"replies":[{"embeddable":true,"href":"https:\/\/www.radiopiu.net\/wordpress\/wp-json\/wp\/v2\/comments?post=402366"}],"version-history":[{"count":3,"href":"https:\/\/www.radiopiu.net\/wordpress\/wp-json\/wp\/v2\/posts\/402366\/revisions"}],"predecessor-version":[{"id":402371,"href":"https:\/\/www.radiopiu.net\/wordpress\/wp-json\/wp\/v2\/posts\/402366\/revisions\/402371"}],"wp:featuredmedia":[{"embeddable":true,"href":"https:\/\/www.radiopiu.net\/wordpress\/wp-json\/wp\/v2\/media\/402367"}],"wp:attachment":[{"href":"https:\/\/www.radiopiu.net\/wordpress\/wp-json\/wp\/v2\/media?parent=402366"}],"wp:term":[{"taxonomy":"category","embeddable":true,"href":"https:\/\/www.radiopiu.net\/wordpress\/wp-json\/wp\/v2\/categories?post=402366"},{"taxonomy":"post_tag","embeddable":true,"href":"https:\/\/www.radiopiu.net\/wordpress\/wp-json\/wp\/v2\/tags?post=402366"}],"curies":[{"name":"wp","href":"https:\/\/api.w.org\/{rel}","templated":true}]}}