{"id":402373,"date":"2024-07-31T05:44:43","date_gmt":"2024-07-31T03:44:43","guid":{"rendered":"https:\/\/www.radiopiu.net\/wordpress\/?p=402373"},"modified":"2024-07-31T05:56:38","modified_gmt":"2024-07-31T03:56:38","slug":"la-giornata-del-suem-un-intervento-dietro-laltro","status":"publish","type":"post","link":"https:\/\/www.radiopiu.net\/wordpress\/la-giornata-del-suem-un-intervento-dietro-laltro\/","title":{"rendered":"LA GIORNATA DEL SUEM UN INTERVENTO&#8230; DIETRO L&#8217;ALTRO"},"content":{"rendered":"<p>***<\/p>\n<p><strong>REDAZIONE<\/strong> Un&#8217;altra giornata &#8220;calda&#8221; per le donne e gli uomini del Suem 118, che non \u00e8 solo elicottero.<\/p>\n<p><strong>ORA<\/strong> Mentre scriviamo alle 16 sono incorso due interventi, per un malore al rifugio Galassi (Falco 1 soccorre un 29enne), e a Cortina con un incrodato in difficolt\u00e0 sul Cristallo (Falco2)<\/p>\n<p><strong>QUESTA MATTINA<\/strong>\u00a0 alle 9 l&#8217;ambulanza dei volontari di Rocca Pietore ha soccorso un polacco 33enne per una reazione allergica, portato al Papa Luciani. Nello stesso tempo in Alpago ambulanza ed elicottero (Falco2) hanno portato in ospedale un 56enne in gravi condizioni per un problema cardiologico. I volontari dello zoldano hanno chiamato in aiuto Falco 1 per un 86enne caduto a Pecol, \u00e8 ricoverato ad Agordo.<\/p>\n<p><strong>POMERIGGIO<\/strong> Incidente stradale a Borgo Valbelluna, un giovane di 24 anni \u00e8 stato elitrasportato al C\u00e0 Foncello di Treviso (Falco2) mentre Falco1 \u00e8 volato al Vandelli per un incidente occorso a una donna bresciana di 56 anni senza conseguenze gravi. Altra caduta sul sentiero 115 ad Auronzo, il 68enne di Pordenone con lievi ferite \u00e8 stato soccorso dall&#8217;elicottero Falco1 diretto all&#8217;ospedale di Cortina.<\/p>\n<p><span style=\"color: #ff0000;\"><strong>e la giornata&#8230; continua<\/strong><\/span><\/p>\n<p>_<\/p>\n<p>&nbsp;<\/p>\n","protected":false},"excerpt":{"rendered":"<p>*** REDAZIONE Un&#8217;altra giornata &#8220;calda&#8221; per le donne e gli uomini del Suem 118, che non \u00e8 solo elicottero. ORA Mentre scriviamo alle 16 sono incorso due interventi, per un malore al rifugio Galassi (Falco 1 soccorre un 29enne), e a Cortina con un incrodato in difficolt\u00e0 sul Cristallo (Falco2) QUESTA MATTINA\u00a0 alle 9 l&#8217;ambulanza&hellip;<\/p>\n","protected":false},"author":4,"featured_media":86183,"comment_status":"closed","ping_status":"closed","sticky":false,"template":"","format":"standard","meta":{"_monsterinsights_skip_tracking":false,"_monsterinsights_sitenote_active":false,"_monsterinsights_sitenote_note":"","_monsterinsights_sitenote_category":0,"footnotes":""},"categories":[51,49],"tags":[],"class_list":["post-402373","post","type-post","status-publish","format-standard","has-post-thumbnail","hentry","category-evidenza-top","category-news-18","category-51","category-49","description-off"],"img_url":"https:\/\/www.radiopiu.net\/wordpress\/wp-content\/uploads\/2019\/05\/ELI-SUEM-SOCC-5.jpg","_links":{"self":[{"href":"https:\/\/www.radiopiu.net\/wordpress\/wp-json\/wp\/v2\/posts\/402373","targetHints":{"allow":["GET"]}}],"collection":[{"href":"https:\/\/www.radiopiu.net\/wordpress\/wp-json\/wp\/v2\/posts"}],"about":[{"href":"https:\/\/www.radiopiu.net\/wordpress\/wp-json\/wp\/v2\/types\/post"}],"author":[{"embeddable":true,"href":"https:\/\/www.radiopiu.net\/wordpress\/wp-json\/wp\/v2\/users\/4"}],"replies":[{"embeddable":true,"href":"https:\/\/www.radiopiu.net\/wordpress\/wp-json\/wp\/v2\/comments?post=402373"}],"version-history":[{"count":2,"href":"https:\/\/www.radiopiu.net\/wordpress\/wp-json\/wp\/v2\/posts\/402373\/revisions"}],"predecessor-version":[{"id":402375,"href":"https:\/\/www.radiopiu.net\/wordpress\/wp-json\/wp\/v2\/posts\/402373\/revisions\/402375"}],"wp:featuredmedia":[{"embeddable":true,"href":"https:\/\/www.radiopiu.net\/wordpress\/wp-json\/wp\/v2\/media\/86183"}],"wp:attachment":[{"href":"https:\/\/www.radiopiu.net\/wordpress\/wp-json\/wp\/v2\/media?parent=402373"}],"wp:term":[{"taxonomy":"category","embeddable":true,"href":"https:\/\/www.radiopiu.net\/wordpress\/wp-json\/wp\/v2\/categories?post=402373"},{"taxonomy":"post_tag","embeddable":true,"href":"https:\/\/www.radiopiu.net\/wordpress\/wp-json\/wp\/v2\/tags?post=402373"}],"curies":[{"name":"wp","href":"https:\/\/api.w.org\/{rel}","templated":true}]}}