{"id":402404,"date":"2024-07-30T18:29:06","date_gmt":"2024-07-30T16:29:06","guid":{"rendered":"https:\/\/www.radiopiu.net\/wordpress\/?p=402404"},"modified":"2024-07-31T05:59:25","modified_gmt":"2024-07-31T03:59:25","slug":"montagne-in-frana-sul-focobon-a-falcade-e-ad-auronzo","status":"publish","type":"post","link":"https:\/\/www.radiopiu.net\/wordpress\/montagne-in-frana-sul-focobon-a-falcade-e-ad-auronzo\/","title":{"rendered":"MONTAGNE IN FRANA,  SUL FOCOBON A FALCADE E AD AURONZO"},"content":{"rendered":"<p>***<\/p>\n<p><a class=\"dt-pswp-item\" href=\"https:\/\/www.radiopiu.net\/wordpress\/wp-content\/uploads\/2024\/07\/e62d0d05-31b5-46df-8ee5-1ea450ee95fa.jpg\" data-dt-img-description=\"\" data-large_image_width=\"1125\" data-large_image_height=\"2000\"><img loading=\"lazy\" decoding=\"async\" class=\"size-medium wp-image-402260 alignleft\" src=\"https:\/\/www.radiopiu.net\/wordpress\/wp-content\/uploads\/2024\/07\/e62d0d05-31b5-46df-8ee5-1ea450ee95fa-169x300.jpg\" alt=\"\" width=\"169\" height=\"300\" srcset=\"https:\/\/www.radiopiu.net\/wordpress\/wp-content\/uploads\/2024\/07\/e62d0d05-31b5-46df-8ee5-1ea450ee95fa-169x300.jpg 169w, https:\/\/www.radiopiu.net\/wordpress\/wp-content\/uploads\/2024\/07\/e62d0d05-31b5-46df-8ee5-1ea450ee95fa-576x1024.jpg 576w, https:\/\/www.radiopiu.net\/wordpress\/wp-content\/uploads\/2024\/07\/e62d0d05-31b5-46df-8ee5-1ea450ee95fa-768x1365.jpg 768w, https:\/\/www.radiopiu.net\/wordpress\/wp-content\/uploads\/2024\/07\/e62d0d05-31b5-46df-8ee5-1ea450ee95fa-864x1536.jpg 864w, https:\/\/www.radiopiu.net\/wordpress\/wp-content\/uploads\/2024\/07\/e62d0d05-31b5-46df-8ee5-1ea450ee95fa.jpg 1125w\" sizes=\"auto, (max-width: 169px) 100vw, 169px\" \/><\/a>REDAZIONE Come gi\u00e0 riportato nei notiziari del mattino le ultine ore sono state caratterizzate da \u00a0boati e\u00a0 nubi di polvere. Una frana rovinosa si \u00e8 staccata dal gruppo della Croda dei Toni sul sentiero 101 che, attraverso la Forcella Giralba, collega il Rifugio Comici nel Comune di Sesto Pusteria con il Rifugio Carducci nel Comune di Auronzo di Cadore. Un altro episodio segnalato da Dario all&#8217;emittente RADIOPIU ieri sul Focobon, la nuvola di fumo \u00e8 stata notata da Falcade (foto a lato)<\/p>\n<div class=\"flex flex-grow flex-col max-w-full\">\n<div class=\"min-h-[20px] text-message flex w-full flex-col items-end gap-2 whitespace-pre-wrap break-words [.text-message+&amp;]:mt-5 overflow-x-auto\" dir=\"auto\" data-message-author-role=\"assistant\" data-message-id=\"f1f8d93b-f398-4801-84cd-11f6ece1c024\">\n<div class=\"flex w-full flex-col gap-1 empty:hidden first:pt-[3px]\">\n<div class=\"markdown prose w-full break-words dark:prose-invert dark\">\n<p><strong>AURONZO<\/strong>\u00a0 frana spettacolare\u00a0 scesa dalla Croda dei Toni lungo il sentiero 101 tra Rifugio Comici e Rifugio Carducci. L&#8217;evento si \u00e8 verificato verso le 2.1 Fortunatamente, non ci sono state vittime, grazie all&#8217;ora tarda. La percorribilit\u00e0 del sentiero per la &#8220;Camignada poi si\u00e8 Refuge&#8221; di domenica \u00e8 ora incerta. &#8220;Ero passata su quel sentiero poche ore prima, in compagnia di alcune amiche&#8221; ci ha raccontato con voce tremante un&#8217;ascoltatrice di RADIOPIU che non ha mancato di segnalare il video comparso sui social fin dalla giornata di ieri e che riportiamo (foto sentiero copertina)<\/p>\n<\/div>\n<\/div>\n<\/div>\n<\/div>\n<p>&nbsp;<\/p>\n<p><iframe loading=\"lazy\" title=\"la frana sul sentiero per il rifugio carducci\" width=\"1200\" height=\"675\" src=\"https:\/\/www.youtube.com\/embed\/Kbq3gv7LBBM?feature=oembed\" frameborder=\"0\" allow=\"accelerometer; autoplay; clipboard-write; encrypted-media; gyroscope; picture-in-picture; web-share\" referrerpolicy=\"strict-origin-when-cross-origin\" allowfullscreen><\/iframe><\/p>\n<p>&nbsp;<\/p>\n<p>&nbsp;<\/p>\n<div class=\"flex flex-grow flex-col max-w-full\">\n<div class=\"min-h-[20px] text-message flex w-full flex-col items-end gap-2 whitespace-pre-wrap break-words [.text-message+&amp;]:mt-5 overflow-x-auto\" dir=\"auto\" data-message-author-role=\"assistant\" data-message-id=\"f1f8d93b-f398-4801-84cd-11f6ece1c024\">\n<div class=\"flex w-full flex-col gap-1 empty:hidden first:pt-[3px]\">\n<div class=\"markdown prose w-full break-words dark:prose-invert dark\">\n<p>&nbsp;<\/p>\n<\/div>\n<\/div>\n<\/div>\n<\/div>\n<div class=\"mt-1 flex gap-3 empty:hidden -ml-2\">\n<div class=\"items-center justify-start rounded-xl p-1 flex\">\n<div class=\"flex items-center\">\n<div class=\"flex\"><\/div>\n<div class=\"flex items-center pb-0\">\n<div class=\"[&amp;_svg]:h-full [&amp;_svg]:w-full icon-md h-4 w-4\"><\/div>\n<\/div>\n<\/div>\n<\/div>\n<\/div>\n","protected":false},"excerpt":{"rendered":"<p>*** REDAZIONE Come gi\u00e0 riportato nei notiziari del mattino le ultine ore sono state caratterizzate da \u00a0boati e\u00a0 nubi di polvere. Una frana rovinosa si \u00e8 staccata dal gruppo della Croda dei Toni sul sentiero 101 che, attraverso la Forcella Giralba, collega il Rifugio Comici nel Comune di Sesto Pusteria con il Rifugio Carducci nel&hellip;<\/p>\n","protected":false},"author":4,"featured_media":402238,"comment_status":"closed","ping_status":"closed","sticky":false,"template":"","format":"standard","meta":{"_monsterinsights_skip_tracking":false,"_monsterinsights_sitenote_active":false,"_monsterinsights_sitenote_note":"","_monsterinsights_sitenote_category":0,"footnotes":""},"categories":[51,49],"tags":[],"class_list":["post-402404","post","type-post","status-publish","format-standard","has-post-thumbnail","hentry","category-evidenza-top","category-news-18","category-51","category-49","description-off"],"img_url":"https:\/\/www.radiopiu.net\/wordpress\/wp-content\/uploads\/2024\/07\/Senza-nome-121.png","_links":{"self":[{"href":"https:\/\/www.radiopiu.net\/wordpress\/wp-json\/wp\/v2\/posts\/402404","targetHints":{"allow":["GET"]}}],"collection":[{"href":"https:\/\/www.radiopiu.net\/wordpress\/wp-json\/wp\/v2\/posts"}],"about":[{"href":"https:\/\/www.radiopiu.net\/wordpress\/wp-json\/wp\/v2\/types\/post"}],"author":[{"embeddable":true,"href":"https:\/\/www.radiopiu.net\/wordpress\/wp-json\/wp\/v2\/users\/4"}],"replies":[{"embeddable":true,"href":"https:\/\/www.radiopiu.net\/wordpress\/wp-json\/wp\/v2\/comments?post=402404"}],"version-history":[{"count":1,"href":"https:\/\/www.radiopiu.net\/wordpress\/wp-json\/wp\/v2\/posts\/402404\/revisions"}],"predecessor-version":[{"id":402405,"href":"https:\/\/www.radiopiu.net\/wordpress\/wp-json\/wp\/v2\/posts\/402404\/revisions\/402405"}],"wp:featuredmedia":[{"embeddable":true,"href":"https:\/\/www.radiopiu.net\/wordpress\/wp-json\/wp\/v2\/media\/402238"}],"wp:attachment":[{"href":"https:\/\/www.radiopiu.net\/wordpress\/wp-json\/wp\/v2\/media?parent=402404"}],"wp:term":[{"taxonomy":"category","embeddable":true,"href":"https:\/\/www.radiopiu.net\/wordpress\/wp-json\/wp\/v2\/categories?post=402404"},{"taxonomy":"post_tag","embeddable":true,"href":"https:\/\/www.radiopiu.net\/wordpress\/wp-json\/wp\/v2\/tags?post=402404"}],"curies":[{"name":"wp","href":"https:\/\/api.w.org\/{rel}","templated":true}]}}