{"id":402416,"date":"2024-07-31T05:46:41","date_gmt":"2024-07-31T03:46:41","guid":{"rendered":"https:\/\/www.radiopiu.net\/wordpress\/?p=402416"},"modified":"2024-07-31T06:02:06","modified_gmt":"2024-07-31T04:02:06","slug":"dal-radiogiornale-delle-12-30-limana-in-lutto-per-la-scomparsa-di-elvi-sommacal","status":"publish","type":"post","link":"https:\/\/www.radiopiu.net\/wordpress\/dal-radiogiornale-delle-12-30-limana-in-lutto-per-la-scomparsa-di-elvi-sommacal\/","title":{"rendered":"DAL RADIOGIORNALE DELLE 12.30 Limana in Lutto per la Scomparsa di Elvi Sommacal"},"content":{"rendered":"<p>**<\/p>\n<p>&nbsp;<\/p>\n<div dir=\"auto\">\n<blockquote>\n<h3><strong><a class=\"dt-pswp-item\" href=\"https:\/\/www.radiopiu.net\/wordpress\/wp-content\/uploads\/2024\/07\/Senza-nome-122.png\" data-dt-img-description=\"\" data-large_image_width=\"263\" data-large_image_height=\"298\"><img loading=\"lazy\" decoding=\"async\" class=\"wp-image-402244 alignleft\" src=\"https:\/\/www.radiopiu.net\/wordpress\/wp-content\/uploads\/2024\/07\/Senza-nome-122.png\" alt=\"\" width=\"113\" height=\"128\" \/><\/a><\/strong><\/h3>\n<h3><strong style=\"font-size: 14px;\">LIMANA<\/strong><span style=\"font-size: 14px; font-weight: normal;\"> Elvi Sommacal, stimato elettricista di Limana, \u00e8 morto improvvisamente a 55 anni, lasciando la comunit\u00e0 sconvolta. Probabile causa del decesso un infarto, ma l&#8217;autopsia chiarir\u00e0. Sommacal era noto per il suo volontariato nella Pro Loco locale, sempre disponibile e attivo nella comunit\u00e0. Lascia moglie e due figli piccoli.<\/span><\/h3>\n<\/blockquote>\n<div class=\"mt-1 flex gap-3 empty:hidden -ml-2\">\n<div class=\"items-center justify-start rounded-xl p-1 flex\">\n<div class=\"flex items-center\">\n<div class=\"flex\"><\/div>\n<div><\/div>\n<\/div>\n<\/div>\n<\/div>\n<\/div>\n<div dir=\"auto\">APPIA CNA Belluno, per voce del Presidente Massimo Sposato e del Direttore Cristian Sacchet, esprime le pi\u00f9 sentite condoglianze alla famiglia per la prematura scomparsa di Elvi Sommacal di Limana, gi\u00e0 dirigente dell\u2019Associazione nella categoria degli impiantisti. Proprio nel maggio scorso, Elvi aveva aderito alla campagna &#8220;Io sono APPIA CNA perch\u00e9&#8230;&#8221; mostrando il suo volto sui social dell&#8217;Associazione, ribadendo l&#8217;importanza &#8211; per la sua ditta e per la categoria rappresentata &#8211; degli aggiornamenti normativi e tecnici e dei corsi di formazione organizzati. Una grande perdita per l&#8217;Associazione, che si stringe ai famigliari di Elvi in questo doloroso momento.<\/div>\n<div dir=\"auto\"><\/div>\n<div dir=\"auto\"><\/div>\n<div dir=\"auto\"><\/div>\n<div dir=\"auto\"><\/div>\n<div dir=\"auto\">\n<blockquote>\n<h3>IL MONDO DEL LAVORO E SINDACALE PIANGE RENATO SCARTON<\/h3>\n<\/blockquote>\n<h3><a class=\"dt-pswp-item\" href=\"https:\/\/www.radiopiu.net\/wordpress\/wp-content\/uploads\/2024\/07\/RENATO.png\" data-dt-img-description=\"\" data-large_image_width=\"385\" data-large_image_height=\"283\"><img loading=\"lazy\" decoding=\"async\" class=\"wp-image-402414 alignleft\" src=\"https:\/\/www.radiopiu.net\/wordpress\/wp-content\/uploads\/2024\/07\/RENATO-300x221.png\" alt=\"\" width=\"204\" height=\"150\" srcset=\"https:\/\/www.radiopiu.net\/wordpress\/wp-content\/uploads\/2024\/07\/RENATO-300x221.png 300w, https:\/\/www.radiopiu.net\/wordpress\/wp-content\/uploads\/2024\/07\/RENATO.png 385w\" sizes=\"auto, (max-width: 204px) 100vw, 204px\" \/><\/a>BORGO VALBELLUNA\u00a0 Lavoratore, sindacalista, artista, classe 1952, ha sempre vissuto a Mel. Faceva parte del gruppo artistico \u201cLa Meridiana\u201d, che opera da decenni nell\u2019ambito culturale e artistico veneto. Operaio all\u2019ex Zanussi (diventata poi Electrolux e ancora Acc) di Mel, si era impegnato anche a livello sindacale. \u00c8 stato delegato della Fim per una decina di anni<\/h3>\n<\/div>\n<p>&nbsp;<\/p>\n<p>&nbsp;<\/p>\n<p>&nbsp;<\/p>\n<p>&nbsp;<\/p>\n<hr \/>\n<div dir=\"auto\"><\/div>\n<div dir=\"auto\"><\/div>\n<div dir=\"auto\"><\/div>\n","protected":false},"excerpt":{"rendered":"<p>** &nbsp; LIMANA Elvi Sommacal, stimato elettricista di Limana, \u00e8 morto improvvisamente a 55 anni, lasciando la comunit\u00e0 sconvolta. Probabile causa del decesso un infarto, ma l&#8217;autopsia chiarir\u00e0. Sommacal era noto per il suo volontariato nella Pro Loco locale, sempre disponibile e attivo nella comunit\u00e0. Lascia moglie e due figli piccoli. APPIA CNA Belluno, per&hellip;<\/p>\n","protected":false},"author":4,"featured_media":402244,"comment_status":"closed","ping_status":"closed","sticky":false,"template":"","format":"standard","meta":{"_monsterinsights_skip_tracking":false,"_monsterinsights_sitenote_active":false,"_monsterinsights_sitenote_note":"","_monsterinsights_sitenote_category":0,"footnotes":""},"categories":[51,49],"tags":[],"class_list":["post-402416","post","type-post","status-publish","format-standard","has-post-thumbnail","hentry","category-evidenza-top","category-news-18","category-51","category-49","description-off"],"img_url":"https:\/\/www.radiopiu.net\/wordpress\/wp-content\/uploads\/2024\/07\/Senza-nome-122.png","_links":{"self":[{"href":"https:\/\/www.radiopiu.net\/wordpress\/wp-json\/wp\/v2\/posts\/402416","targetHints":{"allow":["GET"]}}],"collection":[{"href":"https:\/\/www.radiopiu.net\/wordpress\/wp-json\/wp\/v2\/posts"}],"about":[{"href":"https:\/\/www.radiopiu.net\/wordpress\/wp-json\/wp\/v2\/types\/post"}],"author":[{"embeddable":true,"href":"https:\/\/www.radiopiu.net\/wordpress\/wp-json\/wp\/v2\/users\/4"}],"replies":[{"embeddable":true,"href":"https:\/\/www.radiopiu.net\/wordpress\/wp-json\/wp\/v2\/comments?post=402416"}],"version-history":[{"count":2,"href":"https:\/\/www.radiopiu.net\/wordpress\/wp-json\/wp\/v2\/posts\/402416\/revisions"}],"predecessor-version":[{"id":402418,"href":"https:\/\/www.radiopiu.net\/wordpress\/wp-json\/wp\/v2\/posts\/402416\/revisions\/402418"}],"wp:featuredmedia":[{"embeddable":true,"href":"https:\/\/www.radiopiu.net\/wordpress\/wp-json\/wp\/v2\/media\/402244"}],"wp:attachment":[{"href":"https:\/\/www.radiopiu.net\/wordpress\/wp-json\/wp\/v2\/media?parent=402416"}],"wp:term":[{"taxonomy":"category","embeddable":true,"href":"https:\/\/www.radiopiu.net\/wordpress\/wp-json\/wp\/v2\/categories?post=402416"},{"taxonomy":"post_tag","embeddable":true,"href":"https:\/\/www.radiopiu.net\/wordpress\/wp-json\/wp\/v2\/tags?post=402416"}],"curies":[{"name":"wp","href":"https:\/\/api.w.org\/{rel}","templated":true}]}}