{"id":402449,"date":"2024-07-31T05:24:35","date_gmt":"2024-07-31T03:24:35","guid":{"rendered":"https:\/\/www.radiopiu.net\/wordpress\/?p=402449"},"modified":"2024-07-31T05:25:08","modified_gmt":"2024-07-31T03:25:08","slug":"patrimonio-ladino-digitale-su-radio-piu-il-ladino-digitale-lo-e-ormai-da-anni-con-3-rubriche","status":"publish","type":"post","link":"https:\/\/www.radiopiu.net\/wordpress\/patrimonio-ladino-digitale-su-radio-piu-il-ladino-digitale-lo-e-ormai-da-anni-con-3-rubriche\/","title":{"rendered":"PATRIMONIO LADINO DIGITALE. su radio pi\u00f9 il ladino digitale lo \u00e8 ormai da anni con 5 rubriche"},"content":{"rendered":"<p>&nbsp;<\/p>\n<blockquote>\n<h3>IL PATRIMONIO LINGUISTICO E CULTURALE LADINO DIVENTA DIGITALE<\/h3>\n<\/blockquote>\n<p><strong>BELLUNO<\/strong> Il progetto Fil\u00f2 Ladin, promosso dal Museo Dolom con il sostegno della Provincia di Belluno, ha digitalizzato oltre 70 parole ladine per preservare e diffondere il patrimonio linguistico e culturale ladino. Coinvolgendo 13 musei, unioni ladine e istituzioni del territorio, il progetto racconta tradizioni, lavori, piatti e eventi atmosferici delle vallate dell&#8217;Alto Bellunese. Il sito <a href=\"https:\/\/museodolom.it\/filo-ladin\/\" target=\"_new\" rel=\"noreferrer noopener\">https:\/\/museodolom.it\/filo-ladin\/<\/a> e le pagine social del museo diffondono queste storie. Fil\u00f2 Ladin nasce per mantenere vive le tradizioni e la lingua ladina, riflettendo l&#8217;atmosfera di condivisione del fil\u00f2, momento comunitario attorno al lar\u00ecn. Il progetto, finanziato dalla legge 482\/1999, mira a trasmettere alle nuove generazioni la ricchezza culturale e linguistica della regione.<\/p>\n<p><strong>DI GIANNI SANTOMASO<\/strong><\/p>\n<audio class=\"wp-audio-shortcode\" id=\"audio-402449-1\" preload=\"none\" style=\"width: 100%;\" controls=\"controls\"><source type=\"audio\/wav\" src=\"https:\/\/www.radiopiu.net\/wordpress\/wp-content\/uploads\/2024\/07\/DOLOM-GIANNI.wav?_=1\" \/><a href=\"https:\/\/www.radiopiu.net\/wordpress\/wp-content\/uploads\/2024\/07\/DOLOM-GIANNI.wav\">https:\/\/www.radiopiu.net\/wordpress\/wp-content\/uploads\/2024\/07\/DOLOM-GIANNI.wav<\/a><\/audio>\n<p>&nbsp;<\/p>\n<p><strong>RADIO PIU&#8217;&#8230; UN&#8217; &#8220;ONDA&#8221; PIU&#8217; AVANTI<\/strong><\/p>\n<p><em>Da qualche anno RADIOPIU&#8217; ha aperto le porte digitalizzandolo al mondo ladino. In collaborazione con L&#8217;Istituto Ladino \u00e8 andato in onda l&#8217;Almanacco Ladino, dallo scorso anno Ncontonse, con il Musla le due importanti rubriche Dintorn e Fora via e La Parola del d\u00ec con Giuliana Da Ronch El Bal del Fior che riproponiamo con i fortunati podcast da tempo cliccati quotidianamente in tutto il mondo dal sito di RADIOPIU www.radiopiu.net sempre pi\u00f9 biblioteca storica di vallata.\u00a0 \u00a0<\/em><\/p>\n<p>&nbsp;<\/p>\n<blockquote class=\"wp-embedded-content\" data-secret=\"jic6CvlNLW\"><p><a href=\"https:\/\/www.radiopiu.net\/wordpress\/pirole-de-lenga-la-parola-del-giorno-a-cura-del-musla-raccolta-completa\/\">PIROLE DE LENGA&#8230; LA PAROLA DEL GIORNO A CURA DEL MUSLA -raccolta completa &#8211;<\/a><\/p><\/blockquote>\n<p><iframe loading=\"lazy\" class=\"wp-embedded-content\" sandbox=\"allow-scripts\" security=\"restricted\" style=\"position: absolute; visibility: hidden;\" title=\"&#8220;PIROLE DE LENGA&#8230; LA PAROLA DEL GIORNO A CURA DEL MUSLA -raccolta completa &#8211;&#8221; &#8212; Radio Pi\u00f9\" src=\"https:\/\/www.radiopiu.net\/wordpress\/pirole-de-lenga-la-parola-del-giorno-a-cura-del-musla-raccolta-completa\/embed\/#?secret=SpDPeY1LBY#?secret=jic6CvlNLW\" data-secret=\"jic6CvlNLW\" width=\"600\" height=\"338\" frameborder=\"0\" marginwidth=\"0\" marginheight=\"0\" scrolling=\"no\"><\/iframe><\/p>\n<p>&nbsp;<\/p>\n<blockquote class=\"wp-embedded-content\" data-secret=\"CypybSY1NF\"><p><a href=\"https:\/\/www.radiopiu.net\/wordpress\/dintorn-e-fora-via-il-programma-a-cura-del-musla-19-luglio-2024\/\">&#8220;DINTORN E FORA VIA&#8221;\u00a0 IL PROGRAMMA\u00a0 A CURA DEL MUSLA &#8211; 19 LUGLIO 2024<\/a><\/p><\/blockquote>\n<p><iframe loading=\"lazy\" class=\"wp-embedded-content\" sandbox=\"allow-scripts\" security=\"restricted\" style=\"position: absolute; visibility: hidden;\" title=\"&#8220;&#8220;DINTORN E FORA VIA&#8221;\u00a0 IL PROGRAMMA\u00a0 A CURA DEL MUSLA &#8211; 19 LUGLIO 2024&#8221; &#8212; Radio Pi\u00f9\" src=\"https:\/\/www.radiopiu.net\/wordpress\/dintorn-e-fora-via-il-programma-a-cura-del-musla-19-luglio-2024\/embed\/#?secret=kuR6sGQaGC#?secret=CypybSY1NF\" data-secret=\"CypybSY1NF\" width=\"600\" height=\"338\" frameborder=\"0\" marginwidth=\"0\" marginheight=\"0\" scrolling=\"no\"><\/iframe><\/p>\n<blockquote class=\"wp-embedded-content\" data-secret=\"1WFBtKe5Ce\"><p><a href=\"https:\/\/www.radiopiu.net\/wordpress\/set3a\/\">EL BAL DEL FIOR, DETTI E MODI DI DIRE  LA RACCOLTA COMPLETA<\/a><\/p><\/blockquote>\n<p><iframe loading=\"lazy\" class=\"wp-embedded-content\" sandbox=\"allow-scripts\" security=\"restricted\" style=\"position: absolute; visibility: hidden;\" title=\"&#8220;EL BAL DEL FIOR, DETTI E MODI DI DIRE  LA RACCOLTA COMPLETA&#8221; &#8212; Radio Pi\u00f9\" src=\"https:\/\/www.radiopiu.net\/wordpress\/set3a\/embed\/#?secret=4OFlyzrF2C#?secret=1WFBtKe5Ce\" data-secret=\"1WFBtKe5Ce\" width=\"600\" height=\"338\" frameborder=\"0\" marginwidth=\"0\" marginheight=\"0\" scrolling=\"no\"><\/iframe><\/p>\n<blockquote class=\"wp-embedded-content\" data-secret=\"0vUcGVzi2T\"><p><a href=\"https:\/\/www.radiopiu.net\/wordpress\/lad08aaaa\/\">&#8220;NCONTONSE&#8221; IN LADINO SU RADIO PI\u00d9<\/a><\/p><\/blockquote>\n<p><iframe loading=\"lazy\" class=\"wp-embedded-content\" sandbox=\"allow-scripts\" security=\"restricted\" style=\"position: absolute; visibility: hidden;\" title=\"&#8220;&#8220;NCONTONSE&#8221; IN LADINO SU RADIO PI\u00d9&#8221; &#8212; Radio Pi\u00f9\" src=\"https:\/\/www.radiopiu.net\/wordpress\/lad08aaaa\/embed\/#?secret=yEkcM0JhtU#?secret=0vUcGVzi2T\" data-secret=\"0vUcGVzi2T\" width=\"600\" height=\"338\" frameborder=\"0\" marginwidth=\"0\" marginheight=\"0\" scrolling=\"no\"><\/iframe><\/p>\n<blockquote class=\"wp-embedded-content\" data-secret=\"ykXQEtLp7v\"><p><a href=\"https:\/\/www.radiopiu.net\/wordpress\/almanacco-ladino\/\">Almanacco Ladino<\/a><\/p><\/blockquote>\n<p><iframe loading=\"lazy\" class=\"wp-embedded-content\" sandbox=\"allow-scripts\" security=\"restricted\" style=\"position: absolute; visibility: hidden;\" title=\"&#8220;Almanacco Ladino&#8221; &#8212; Radio Pi\u00f9\" src=\"https:\/\/www.radiopiu.net\/wordpress\/almanacco-ladino\/embed\/#?secret=57CxNxbNRe#?secret=ykXQEtLp7v\" data-secret=\"ykXQEtLp7v\" width=\"600\" height=\"338\" frameborder=\"0\" marginwidth=\"0\" marginheight=\"0\" scrolling=\"no\"><\/iframe><\/p>\n<p>&nbsp;<\/p>\n<p>&nbsp;<\/p>\n<p>&nbsp;<\/p>\n","protected":false},"excerpt":{"rendered":"<p>&nbsp; IL PATRIMONIO LINGUISTICO E CULTURALE LADINO DIVENTA DIGITALE BELLUNO Il progetto Fil\u00f2 Ladin, promosso dal Museo Dolom con il sostegno della Provincia di Belluno, ha digitalizzato oltre 70 parole ladine per preservare e diffondere il patrimonio linguistico e culturale ladino. Coinvolgendo 13 musei, unioni ladine e istituzioni del territorio, il progetto racconta tradizioni, lavori,&hellip;<\/p>\n","protected":false},"author":4,"featured_media":402451,"comment_status":"closed","ping_status":"closed","sticky":false,"template":"","format":"standard","meta":{"_monsterinsights_skip_tracking":false,"_monsterinsights_sitenote_active":false,"_monsterinsights_sitenote_note":"","_monsterinsights_sitenote_category":0,"footnotes":""},"categories":[104,49],"tags":[],"class_list":["post-402449","post","type-post","status-publish","format-standard","has-post-thumbnail","hentry","category-evidenza_3","category-news-18","category-104","category-49","description-off"],"img_url":"https:\/\/www.radiopiu.net\/wordpress\/wp-content\/uploads\/2024\/07\/linda-podcast-300x300-1.png","_links":{"self":[{"href":"https:\/\/www.radiopiu.net\/wordpress\/wp-json\/wp\/v2\/posts\/402449","targetHints":{"allow":["GET"]}}],"collection":[{"href":"https:\/\/www.radiopiu.net\/wordpress\/wp-json\/wp\/v2\/posts"}],"about":[{"href":"https:\/\/www.radiopiu.net\/wordpress\/wp-json\/wp\/v2\/types\/post"}],"author":[{"embeddable":true,"href":"https:\/\/www.radiopiu.net\/wordpress\/wp-json\/wp\/v2\/users\/4"}],"replies":[{"embeddable":true,"href":"https:\/\/www.radiopiu.net\/wordpress\/wp-json\/wp\/v2\/comments?post=402449"}],"version-history":[{"count":2,"href":"https:\/\/www.radiopiu.net\/wordpress\/wp-json\/wp\/v2\/posts\/402449\/revisions"}],"predecessor-version":[{"id":402454,"href":"https:\/\/www.radiopiu.net\/wordpress\/wp-json\/wp\/v2\/posts\/402449\/revisions\/402454"}],"wp:featuredmedia":[{"embeddable":true,"href":"https:\/\/www.radiopiu.net\/wordpress\/wp-json\/wp\/v2\/media\/402451"}],"wp:attachment":[{"href":"https:\/\/www.radiopiu.net\/wordpress\/wp-json\/wp\/v2\/media?parent=402449"}],"wp:term":[{"taxonomy":"category","embeddable":true,"href":"https:\/\/www.radiopiu.net\/wordpress\/wp-json\/wp\/v2\/categories?post=402449"},{"taxonomy":"post_tag","embeddable":true,"href":"https:\/\/www.radiopiu.net\/wordpress\/wp-json\/wp\/v2\/tags?post=402449"}],"curies":[{"name":"wp","href":"https:\/\/api.w.org\/{rel}","templated":true}]}}