{"id":402455,"date":"2024-07-31T05:49:12","date_gmt":"2024-07-31T03:49:12","guid":{"rendered":"https:\/\/www.radiopiu.net\/wordpress\/?p=402455"},"modified":"2024-07-31T05:54:32","modified_gmt":"2024-07-31T03:54:32","slug":"cortina-incassa-oltre-2-milioni-dalla-tassa-di-soggiorno-che-si-paghi-la-manutenzione-della-pista-da-bob-senza-danneggiare-il-resto-dellla-provincia","status":"publish","type":"post","link":"https:\/\/www.radiopiu.net\/wordpress\/cortina-incassa-oltre-2-milioni-dalla-tassa-di-soggiorno-che-si-paghi-la-manutenzione-della-pista-da-bob-senza-danneggiare-il-resto-dellla-provincia\/","title":{"rendered":"CORTINA INCASSA OLTRE 2 MILIONI DALLA TASSA DI SOGGIORNO &#8220;CHE SI PAGHI LA MANUTENZIONE DELLA PISTA DA BOB SENZA DANNEGGIARE IL RESTO DELLLA PROVINCIA&#8221;"},"content":{"rendered":"<blockquote>\n<h3><em><span style=\"color: #ff0000;\">la provincia a due velocit\u00e0, e c&#8217;\u00e8 chi non \u00e8 disposto a cedere i propri benefici (fondi di confine) a Cortina. Sono molti i sindaci pronti ad alzare la barricate\u00a0<\/span><\/em><\/h3>\n<blockquote><p><span style=\"font-size: large;\">SULLA PISTA DA BOB LA PROVINCIA SI SMARCA Padrin &#8220;DECIDANO I SINDACI&#8221;\u00a0<\/span><\/p><\/blockquote>\n<p><span style=\"font-size: large;\">\u00a0<\/span><span style=\"font-size: large;\">\u00abLe Olimpiadi sono una ricchezza per il territorio e la Legacy \u00e8 tema quanto mai importante. La Provincia ha gi\u00e0 detto che non \u00e8 disposta a finanziare il mantenimento della pista da bob, ma la questione \u00e8 complessa: sono convinto che la decisione spetti al territorio. E proprio per questo sono sovrani i sindaci\u00bb ha detto Padrin.\u00a0<\/span><\/p>\n<p>&nbsp;<\/p>\n<p>&nbsp;<\/p>\n<h3>CRESCE L&#8217;IMPOSTA DI SOGGIORNO IN VENETO<\/h3>\n<\/blockquote>\n<p><strong><a class=\"dt-pswp-item\" href=\"https:\/\/www.radiopiu.net\/wordpress\/wp-content\/uploads\/2021\/03\/THINK-THANK-NORD-EST.png\" data-dt-img-description=\"\" data-large_image_width=\"340\" data-large_image_height=\"292\"><img loading=\"lazy\" decoding=\"async\" class=\" wp-image-197788 alignleft\" src=\"https:\/\/www.radiopiu.net\/wordpress\/wp-content\/uploads\/2021\/03\/THINK-THANK-NORD-EST-300x258.png\" alt=\"\" width=\"139\" height=\"120\" srcset=\"https:\/\/www.radiopiu.net\/wordpress\/wp-content\/uploads\/2021\/03\/THINK-THANK-NORD-EST-300x258.png 300w, https:\/\/www.radiopiu.net\/wordpress\/wp-content\/uploads\/2021\/03\/THINK-THANK-NORD-EST.png 340w\" sizes=\"auto, (max-width: 139px) 100vw, 139px\" \/><\/a>VENEZIA<\/strong> Nel 2024, l&#8217;imposta di soggiorno nei Comuni veneti dovrebbe avvicinarsi ai 100 milioni di euro, superando i 96,7 milioni del 2023, come rilevato dalla Fondazione Think Tank Nord Est. Questo aumento \u00e8 dovuto alla crescita del turismo e all&#8217;incremento delle tariffe, oltre all&#8217;aumento dei Comuni che applicano l&#8217;imposta, passati da 125 nel 2019 a 148. La Citt\u00e0 Metropolitana di Venezia registrer\u00e0 gli incassi maggiori con 60 milioni previsti, di cui 37 milioni a Venezia. Altre aree con alti introiti includono Verona con oltre 21 milioni, Padova con 8,5 milioni e Belluno con 4,6 milioni. L&#8217;imposta finanzia servizi turistici e di accoglienza, migliorando la sostenibilit\u00e0 e l&#8217;attrattivit\u00e0 delle destinazioni.<\/p>\n<p>&nbsp;<\/p>\n<div class=\"flex flex-grow flex-col max-w-full\">\n<div class=\"min-h-[20px] text-message flex w-full flex-col items-end gap-2 whitespace-pre-wrap break-words [.text-message+&amp;]:mt-5 overflow-x-auto\" dir=\"auto\" data-message-author-role=\"assistant\" data-message-id=\"4fa1f2da-2575-4a57-87b3-73f4bd4b5363\">\n<div class=\"flex w-full flex-col gap-1 empty:hidden first:pt-[3px]\">\n<div class=\"markdown prose w-full break-words dark:prose-invert dark\">\n<p>di Mirko Mezzacasa<\/p>\n<table>\n<thead>\n<tr>\n<th><strong>Comuni\/Entit\u00e0<\/strong><\/th>\n<th><strong>Incasso Stimato (2024)<\/strong><\/th>\n<th><strong>Incasso 2019<\/strong><\/th>\n<th><strong>Incasso 2022<\/strong><\/th>\n<th><strong>Variazione % 2019-2022<\/strong><\/th>\n<th><strong>Variazione % 2022-2023<\/strong><\/th>\n<th><strong>Note<\/strong><\/th>\n<\/tr>\n<\/thead>\n<tbody>\n<tr>\n<td><strong>Veneto (Totale)<\/strong><\/td>\n<td>98,6 milioni di euro<\/td>\n<td>&#8211;<\/td>\n<td>&#8211;<\/td>\n<td>&#8211;<\/td>\n<td>&#8211;<\/td>\n<td>148 comuni applicano la tassa<\/td>\n<\/tr>\n<tr>\n<td><strong>Veneziano<\/strong><\/td>\n<td>60 milioni di euro<\/td>\n<td>&#8211;<\/td>\n<td>&#8211;<\/td>\n<td>&#8211;<\/td>\n<td>&#8211;<\/td>\n<td>Maggior incasso previsto nel 2024<\/td>\n<\/tr>\n<tr>\n<td><strong>Belluno (Totale)<\/strong><\/td>\n<td>4,6 milioni di euro<\/td>\n<td>3,17 milioni di euro<\/td>\n<td>&#8211;<\/td>\n<td>11,9%<\/td>\n<td>35,7%<\/td>\n<td>&#8211;<\/td>\n<\/tr>\n<tr>\n<td><strong>Cortina d&#8217;Ampezzo<\/strong><\/td>\n<td>2,2 milioni di euro<\/td>\n<td>&#8211;<\/td>\n<td>&#8211;<\/td>\n<td>&#8211;<\/td>\n<td>&#8211;<\/td>\n<td>Comune bellunese con il maggior incasso<\/td>\n<\/tr>\n<tr>\n<td><strong>Livinallongo<\/strong><\/td>\n<td>0,5 milioni di euro<\/td>\n<td>&#8211;<\/td>\n<td>&#8211;<\/td>\n<td>&#8211;<\/td>\n<td>105%<\/td>\n<td>Notevole aumento degli incassi<\/td>\n<\/tr>\n<tr>\n<td><strong>Falcade<\/strong><\/td>\n<td>260.000 euro<\/td>\n<td>&#8211;<\/td>\n<td>&#8211;<\/td>\n<td>&#8211;<\/td>\n<td>&#8211;<\/td>\n<td>&#8211;<\/td>\n<\/tr>\n<tr>\n<td><strong>Auronzo<\/strong><\/td>\n<td>250.000 euro<\/td>\n<td>&#8211;<\/td>\n<td>&#8211;<\/td>\n<td>&#8211;<\/td>\n<td>&#8211;<\/td>\n<td>&#8211;<\/td>\n<\/tr>\n<tr>\n<td><strong>Rocca Pietore<\/strong><\/td>\n<td>230.000 euro<\/td>\n<td>&#8211;<\/td>\n<td>&#8211;<\/td>\n<td>&#8211;<\/td>\n<td>&#8211;<\/td>\n<td>&#8211;<\/td>\n<\/tr>\n<tr>\n<td><strong>Belluno (Citt\u00e0)<\/strong><\/td>\n<td>221.000 euro<\/td>\n<td>&#8211;<\/td>\n<td>&#8211;<\/td>\n<td>&#8211;<\/td>\n<td>&#8211;<\/td>\n<td>&#8211;<\/td>\n<\/tr>\n<tr>\n<td><strong>San Gregorio delle Alpi<\/strong><\/td>\n<td>2.300 euro<\/td>\n<td>&#8211;<\/td>\n<td>&#8211;<\/td>\n<td>&#8211;<\/td>\n<td>&#8211;<\/td>\n<td>Minimo incasso registrato<\/td>\n<\/tr>\n<tr>\n<td><strong>Unione Montana del Comelico<\/strong><\/td>\n<td>100.000 euro<\/td>\n<td>&#8211;<\/td>\n<td>&#8211;<\/td>\n<td>&#8211;<\/td>\n<td>&#8211;<\/td>\n<td>Gestisce la tassa per i Comuni della valle<\/td>\n<\/tr>\n<tr>\n<td><strong>Cesiomaggiore<\/strong><\/td>\n<td>&#8211;<\/td>\n<td>&#8211;<\/td>\n<td>&#8211;<\/td>\n<td>-33%<\/td>\n<td>&#8211;<\/td>\n<td>Riduzione della tassa applicata<\/td>\n<\/tr>\n<\/tbody>\n<\/table>\n<h3>Ulteriori Dettagli e Note:<\/h3>\n<ul>\n<li><strong>Aumento Comuni Applicanti:<\/strong> Dal 2019 al 2024, il numero di Comuni che applicano l&#8217;imposta di soggiorno in Veneto \u00e8 passato da 125 a 148, contribuendo all&#8217;aumento complessivo degli introiti.<\/li>\n<li><strong>Cortina d&#8217;Ampezzo:<\/strong> I fondi raccolti vengono destinati alla promozione turistica e al sostegno degli eventi, con un contributo di 1 milione di euro assegnato a Cortina Marketing per la promozione. L&#8217;amministrazione locale auspica di poter utilizzare in futuro questi fondi anche per opere tangibili.<\/li>\n<li><strong>Agordo:<\/strong> Nonostante sia un Comune turistico, Agordo non ha ancora introdotto la tassa di soggiorno a causa del limitato numero di strutture alberghiere e del loro uso frequente da parte di lavoratori piuttosto che turisti. Tuttavia, l&#8217;aumento delle strutture ricettive potrebbe portare all&#8217;introduzione della tassa.<\/li>\n<li><strong>Unione Montana del Comelico:<\/strong> Unica realt\u00e0 in cui i Comuni hanno delegato la gestione della tassa a un&#8217;unione montana, i proventi vengono utilizzati per sostenere le strutture di promozione turistica.<\/li>\n<li><strong>Alpago:<\/strong> L&#8217;imposta di soggiorno \u00e8 considerata essenziale per la promozione e il mantenimento dell&#8217;attrattivit\u00e0 locale, in particolare per la spiaggia sul Lago di Santa Croce.<\/li>\n<li><strong>Val Zoldana (Pecol):<\/strong> La tassa contribuisce a finanziare progetti locali, come l&#8217;illuminazione di un cammino turistico, evidenziando l&#8217;accettazione della tassa da parte degli ospiti per il miglioramento dell&#8217;accoglienza.<\/li>\n<\/ul>\n<h3>Conclusioni:<\/h3>\n<ul>\n<li><strong>Trend Positivo del Turismo:<\/strong> L&#8217;aumento degli introiti \u00e8 attribuito a un trend positivo del turismo e all&#8217;innalzamento delle tariffe nei Comuni veneti.<\/li>\n<li><strong>Possibili Aggiornamenti Normativi:<\/strong> Vi sono speranze per un aggiornamento della legislazione sull&#8217;imposta di soggiorno, che potrebbe consentire un utilizzo pi\u00f9 ampio dei fondi raccolti per progetti visibili e tangibili, rendendo pi\u00f9 evidente l&#8217;impatto positivo della tassa sui turisti.<\/li>\n<\/ul>\n<\/div>\n<\/div>\n<\/div>\n<\/div>\n<div class=\"mt-1 flex gap-3 empty:hidden -ml-2\">\n<div class=\"items-center justify-start rounded-xl p-1 flex\"><\/div>\n<\/div>\n<p>&nbsp;<\/p>\n<p>&nbsp;<\/p>\n<p>&nbsp;<\/p>\n","protected":false},"excerpt":{"rendered":"<p>la provincia a due velocit\u00e0, e c&#8217;\u00e8 chi non \u00e8 disposto a cedere i propri benefici (fondi di confine) a Cortina. Sono molti i sindaci pronti ad alzare la barricate\u00a0 SULLA PISTA DA BOB LA PROVINCIA SI SMARCA Padrin &#8220;DECIDANO I SINDACI&#8221;\u00a0 \u00a0\u00abLe Olimpiadi sono una ricchezza per il territorio e la Legacy \u00e8 tema&hellip;<\/p>\n","protected":false},"author":4,"featured_media":402456,"comment_status":"closed","ping_status":"closed","sticky":false,"template":"","format":"standard","meta":{"_monsterinsights_skip_tracking":false,"_monsterinsights_sitenote_active":false,"_monsterinsights_sitenote_note":"","_monsterinsights_sitenote_category":0,"footnotes":""},"categories":[51,49],"tags":[],"class_list":["post-402455","post","type-post","status-publish","format-standard","has-post-thumbnail","hentry","category-evidenza-top","category-news-18","category-51","category-49","description-off"],"img_url":"https:\/\/www.radiopiu.net\/wordpress\/wp-content\/uploads\/2024\/07\/th-18.jpg","_links":{"self":[{"href":"https:\/\/www.radiopiu.net\/wordpress\/wp-json\/wp\/v2\/posts\/402455","targetHints":{"allow":["GET"]}}],"collection":[{"href":"https:\/\/www.radiopiu.net\/wordpress\/wp-json\/wp\/v2\/posts"}],"about":[{"href":"https:\/\/www.radiopiu.net\/wordpress\/wp-json\/wp\/v2\/types\/post"}],"author":[{"embeddable":true,"href":"https:\/\/www.radiopiu.net\/wordpress\/wp-json\/wp\/v2\/users\/4"}],"replies":[{"embeddable":true,"href":"https:\/\/www.radiopiu.net\/wordpress\/wp-json\/wp\/v2\/comments?post=402455"}],"version-history":[{"count":5,"href":"https:\/\/www.radiopiu.net\/wordpress\/wp-json\/wp\/v2\/posts\/402455\/revisions"}],"predecessor-version":[{"id":402461,"href":"https:\/\/www.radiopiu.net\/wordpress\/wp-json\/wp\/v2\/posts\/402455\/revisions\/402461"}],"wp:featuredmedia":[{"embeddable":true,"href":"https:\/\/www.radiopiu.net\/wordpress\/wp-json\/wp\/v2\/media\/402456"}],"wp:attachment":[{"href":"https:\/\/www.radiopiu.net\/wordpress\/wp-json\/wp\/v2\/media?parent=402455"}],"wp:term":[{"taxonomy":"category","embeddable":true,"href":"https:\/\/www.radiopiu.net\/wordpress\/wp-json\/wp\/v2\/categories?post=402455"},{"taxonomy":"post_tag","embeddable":true,"href":"https:\/\/www.radiopiu.net\/wordpress\/wp-json\/wp\/v2\/tags?post=402455"}],"curies":[{"name":"wp","href":"https:\/\/api.w.org\/{rel}","templated":true}]}}