{"id":402633,"date":"2024-07-31T23:09:20","date_gmt":"2024-07-31T21:09:20","guid":{"rendered":"https:\/\/www.radiopiu.net\/wordpress\/?p=402633"},"modified":"2024-07-31T23:09:20","modified_gmt":"2024-07-31T21:09:20","slug":"il-concerto-di-musica-etnica-a-palazzo-crotta-de-manzoni-un-successo","status":"publish","type":"post","link":"https:\/\/www.radiopiu.net\/wordpress\/il-concerto-di-musica-etnica-a-palazzo-crotta-de-manzoni-un-successo\/","title":{"rendered":"IL CONCERTO DI MUSICA ETNICA A PALAZZO CROTTA DE MANZONI, UN SUCCESSO"},"content":{"rendered":"<p>*******<\/p>\n<p>&nbsp;<\/p>\n<p><strong><a class=\"dt-pswp-item\" href=\"https:\/\/www.radiopiu.net\/wordpress\/wp-content\/uploads\/2024\/07\/Agordo-musica-28-luglio-1.jpg\" data-dt-img-description=\"\" data-large_image_width=\"1200\" data-large_image_height=\"1600\"><img loading=\"lazy\" decoding=\"async\" class=\" wp-image-402634 alignleft\" src=\"https:\/\/www.radiopiu.net\/wordpress\/wp-content\/uploads\/2024\/07\/Agordo-musica-28-luglio-1-225x300.jpg\" alt=\"\" width=\"137\" height=\"183\" srcset=\"https:\/\/www.radiopiu.net\/wordpress\/wp-content\/uploads\/2024\/07\/Agordo-musica-28-luglio-1-225x300.jpg 225w, https:\/\/www.radiopiu.net\/wordpress\/wp-content\/uploads\/2024\/07\/Agordo-musica-28-luglio-1-768x1024.jpg 768w, https:\/\/www.radiopiu.net\/wordpress\/wp-content\/uploads\/2024\/07\/Agordo-musica-28-luglio-1-1152x1536.jpg 1152w, https:\/\/www.radiopiu.net\/wordpress\/wp-content\/uploads\/2024\/07\/Agordo-musica-28-luglio-1.jpg 1200w\" sizes=\"auto, (max-width: 137px) 100vw, 137px\" \/><\/a>AGORDO <\/strong>E\u2019 stato davvero un bel pomeriggio di musica e di sole quello svoltosi domenica scorsa 28 luglio nel magnifico giardino di Villa Crotta de\u2019 Manzoni. All\u2019ombra di magnifici alberi, circondati dallo splendore delle tante ortensie bianche che attorniano il bel prato, tanti appassionati di musica etnica folk hanno potuto godere di tre concerti in un unico pomeriggio. Ad aprire le danze, \u00e8 proprio il caso di dire cos\u00ec, \u00e8 stato il gruppo Paver Soner, quattro suonatori in lingua Bretone, che hanno proposto canti e danze provenienti proprio da questa regione della Francia, accompagnate da spiegazioni e qualche traduzione dei testi, il tutto per far apprezzare appieno il repertorio proposto. A seguire il gruppo Ta Psichoula ha offerto agli ascoltatori una serie di brani interamente cantati ora in greco ora in arabo. E\u2019 stato molto apprezzata la voce e il ritorno sulle scene di Giulia Zovi, esperta conoscitrice della lingua greca e delicata cantante, accompagnata da Sandro Del Duca, Nelso Salton. Ha partecipato al concerto anche Soukaina Bahenni proponendo brani in arabo e in greco. Giunti quasi al termine di questo pomeriggio musicale, dopo una breve e gradita pausa per bere qualcosa di fresco, hanno preso il via i Rolling Around scatenando gli appassionati di danza folk e animando sul bel prato una vasta schiera di ballerini, incuranti del caldo e felici della bella occasione di ascolto e condivisione. Degna di nota la bella fontana circolare all\u2019ingresso del cortile, presa d\u2019assalto da tutti per un sorso d\u2019acqua fresca e deliziosa. Dieci e lode dunque a questa bella proposta all\u2019interno della rassegna Agordo Musica, un plauso a chi si \u00e8 speso per organizzare, allestire prima e smontare al termine del concerto, a chi ha presentato, cucinato per i musici e offerto da bere<\/p>\n<p>&nbsp;<\/p>\n<p>&nbsp;<\/p>\n<p>*******<\/p>\n","protected":false},"excerpt":{"rendered":"<p>******* &nbsp; AGORDO E\u2019 stato davvero un bel pomeriggio di musica e di sole quello svoltosi domenica scorsa 28 luglio nel magnifico giardino di Villa Crotta de\u2019 Manzoni. All\u2019ombra di magnifici alberi, circondati dallo splendore delle tante ortensie bianche che attorniano il bel prato, tanti appassionati di musica etnica folk hanno potuto godere di tre&hellip;<\/p>\n","protected":false},"author":4,"featured_media":402635,"comment_status":"closed","ping_status":"closed","sticky":false,"template":"","format":"standard","meta":{"_monsterinsights_skip_tracking":false,"_monsterinsights_sitenote_active":false,"_monsterinsights_sitenote_note":"","_monsterinsights_sitenote_category":0,"footnotes":""},"categories":[49],"tags":[],"class_list":["post-402633","post","type-post","status-publish","format-standard","has-post-thumbnail","hentry","category-news-18","category-49","description-off"],"img_url":"https:\/\/www.radiopiu.net\/wordpress\/wp-content\/uploads\/2024\/07\/SCR-20240731-tzeb.jpeg","_links":{"self":[{"href":"https:\/\/www.radiopiu.net\/wordpress\/wp-json\/wp\/v2\/posts\/402633","targetHints":{"allow":["GET"]}}],"collection":[{"href":"https:\/\/www.radiopiu.net\/wordpress\/wp-json\/wp\/v2\/posts"}],"about":[{"href":"https:\/\/www.radiopiu.net\/wordpress\/wp-json\/wp\/v2\/types\/post"}],"author":[{"embeddable":true,"href":"https:\/\/www.radiopiu.net\/wordpress\/wp-json\/wp\/v2\/users\/4"}],"replies":[{"embeddable":true,"href":"https:\/\/www.radiopiu.net\/wordpress\/wp-json\/wp\/v2\/comments?post=402633"}],"version-history":[{"count":1,"href":"https:\/\/www.radiopiu.net\/wordpress\/wp-json\/wp\/v2\/posts\/402633\/revisions"}],"predecessor-version":[{"id":402636,"href":"https:\/\/www.radiopiu.net\/wordpress\/wp-json\/wp\/v2\/posts\/402633\/revisions\/402636"}],"wp:featuredmedia":[{"embeddable":true,"href":"https:\/\/www.radiopiu.net\/wordpress\/wp-json\/wp\/v2\/media\/402635"}],"wp:attachment":[{"href":"https:\/\/www.radiopiu.net\/wordpress\/wp-json\/wp\/v2\/media?parent=402633"}],"wp:term":[{"taxonomy":"category","embeddable":true,"href":"https:\/\/www.radiopiu.net\/wordpress\/wp-json\/wp\/v2\/categories?post=402633"},{"taxonomy":"post_tag","embeddable":true,"href":"https:\/\/www.radiopiu.net\/wordpress\/wp-json\/wp\/v2\/tags?post=402633"}],"curies":[{"name":"wp","href":"https:\/\/api.w.org\/{rel}","templated":true}]}}