{"id":402702,"date":"2024-08-01T10:00:16","date_gmt":"2024-08-01T08:00:16","guid":{"rendered":"https:\/\/www.radiopiu.net\/wordpress\/?p=402702"},"modified":"2024-08-01T08:36:29","modified_gmt":"2024-08-01T06:36:29","slug":"davide-testori-resta-in-biancorosso","status":"publish","type":"post","link":"https:\/\/www.radiopiu.net\/wordpress\/davide-testori-resta-in-biancorosso\/","title":{"rendered":"DAVIDE TESTORI RESTA IN BIANCOROSSO"},"content":{"rendered":"<p>*******<\/p>\n<p>&nbsp;<\/p>\n<p><strong><a class=\"dt-pswp-item\" href=\"https:\/\/www.radiopiu.net\/wordpress\/wp-content\/uploads\/2024\/08\/d630d002-126b-42bd-ab11-c55b441689ac.jpg\" data-dt-img-description=\"\" data-large_image_width=\"915\" data-large_image_height=\"510\"><img loading=\"lazy\" decoding=\"async\" class=\" wp-image-402703 alignleft\" src=\"https:\/\/www.radiopiu.net\/wordpress\/wp-content\/uploads\/2024\/08\/d630d002-126b-42bd-ab11-c55b441689ac-300x167.jpg\" alt=\"\" width=\"205\" height=\"114\" srcset=\"https:\/\/www.radiopiu.net\/wordpress\/wp-content\/uploads\/2024\/08\/d630d002-126b-42bd-ab11-c55b441689ac-300x167.jpg 300w, https:\/\/www.radiopiu.net\/wordpress\/wp-content\/uploads\/2024\/08\/d630d002-126b-42bd-ab11-c55b441689ac-768x428.jpg 768w, https:\/\/www.radiopiu.net\/wordpress\/wp-content\/uploads\/2024\/08\/d630d002-126b-42bd-ab11-c55b441689ac.jpg 915w\" sizes=\"auto, (max-width: 205px) 100vw, 205px\" \/><\/a>DI ROBERTO MIANA, PORTAVOCE DELL&#8217;ALLEGHE HOCKEY<\/strong><\/p>\n<p>Continua il lavoro di costruzione della squadra per la prossima stagione dell\u2019Alleghe Hockey che annuncia con piacere la conferma di Davide Testori. Attaccante classe 1994 (30 anni compiuti il 26 gennaio) di Caviola, frazione di Falcade, lavora in Luxottica e tra computer e macchine a controllo numerico si occupa della realizzazione di componenti per occhiali. Per passione, durante il periodo estivo quando non \u00e8 impegnato con l\u2019hockey, allena i ragazzi della squadra di calcio del Canale, partecipante al torneo giovanile agordino di calcio. Con la casacca dell\u2019Alleghe ha esordito in serie A nella stagione 2010\/2011 collezionando 114 gare nel massimo campionato. In totale, nella squadra senior biancorossa, ha fatto registrare 324 presenze impreziosite da 76 reti e 85 assist. \u201cDabo\u201d, cos\u00ec chiamato dagli amici, \u00e8 un giocatore molto utile al gioco di squadra, nonch\u00e9 importante uomo spogliatoio. Le parole di un Dabo gi\u00e0 carico per la nuova stagione: \u201cNon nascondo di aver avuto pi\u00f9 di qualche dubbio e di averci pensato bene prima di confermare la mia presenza in squadra per la prossima stagione. Mio figlio Ryan compir\u00e0 1 anno e 5 mesi fra pochi giorni e non \u00e8 per niente facile conciliare lavoro, famiglia e hockey. Se indosser\u00f2 ancora la maglia delle Civette lo devo alla mia famiglia che mi sopporta e supporta e per questo ringrazio di cuore la mia ragazza e i miei genitori. Parlando della squadra devo dire che mi trovo molto bene con tutto il gruppo, sono legato con ognuno di loro, chi per un motivo chi per l\u2019altro e adesso ci sar\u00e0 la curiosit\u00e0 di conoscere i nuovi arrivi e di fare quindi nuove amicizie! La prossima stagione si prospetta pi\u00f9 competitiva rispetto alle precedenti, ormai \u00e8 qualche anno che il livello si continua ad alzare e con Fassa ed Aosta che si sono aggiunte il campionato sar\u00e0 ancora pi\u00f9 avvincente. Noi, come sempre, ce la metteremo tutta e daremo il nostro 110% per arrivare il pi\u00f9 in alto possibile e regalare grandi emozioni ai nostri tifosi e a tutti coloro che decideranno di seguire la squadra allo stadio. Il lavoro della Societ\u00e0 \u00e8 pi\u00f9 che ottimo, stanno creando un gruppo di qualit\u00e0 che sicuramente sapr\u00e0 essere molto competitivo\u201d.<\/p>\n<p>&nbsp;<\/p>\n<p>&nbsp;<\/p>\n<p>********<\/p>\n","protected":false},"excerpt":{"rendered":"<p>******* &nbsp; DI ROBERTO MIANA, PORTAVOCE DELL&#8217;ALLEGHE HOCKEY Continua il lavoro di costruzione della squadra per la prossima stagione dell\u2019Alleghe Hockey che annuncia con piacere la conferma di Davide Testori. Attaccante classe 1994 (30 anni compiuti il 26 gennaio) di Caviola, frazione di Falcade, lavora in Luxottica e tra computer e macchine a controllo numerico&hellip;<\/p>\n","protected":false},"author":4,"featured_media":402703,"comment_status":"closed","ping_status":"closed","sticky":false,"template":"","format":"standard","meta":{"_monsterinsights_skip_tracking":false,"_monsterinsights_sitenote_active":false,"_monsterinsights_sitenote_note":"","_monsterinsights_sitenote_category":0,"footnotes":""},"categories":[49],"tags":[],"class_list":["post-402702","post","type-post","status-publish","format-standard","has-post-thumbnail","hentry","category-news-18","category-49","description-off"],"img_url":"https:\/\/www.radiopiu.net\/wordpress\/wp-content\/uploads\/2024\/08\/d630d002-126b-42bd-ab11-c55b441689ac.jpg","_links":{"self":[{"href":"https:\/\/www.radiopiu.net\/wordpress\/wp-json\/wp\/v2\/posts\/402702","targetHints":{"allow":["GET"]}}],"collection":[{"href":"https:\/\/www.radiopiu.net\/wordpress\/wp-json\/wp\/v2\/posts"}],"about":[{"href":"https:\/\/www.radiopiu.net\/wordpress\/wp-json\/wp\/v2\/types\/post"}],"author":[{"embeddable":true,"href":"https:\/\/www.radiopiu.net\/wordpress\/wp-json\/wp\/v2\/users\/4"}],"replies":[{"embeddable":true,"href":"https:\/\/www.radiopiu.net\/wordpress\/wp-json\/wp\/v2\/comments?post=402702"}],"version-history":[{"count":1,"href":"https:\/\/www.radiopiu.net\/wordpress\/wp-json\/wp\/v2\/posts\/402702\/revisions"}],"predecessor-version":[{"id":402704,"href":"https:\/\/www.radiopiu.net\/wordpress\/wp-json\/wp\/v2\/posts\/402702\/revisions\/402704"}],"wp:featuredmedia":[{"embeddable":true,"href":"https:\/\/www.radiopiu.net\/wordpress\/wp-json\/wp\/v2\/media\/402703"}],"wp:attachment":[{"href":"https:\/\/www.radiopiu.net\/wordpress\/wp-json\/wp\/v2\/media?parent=402702"}],"wp:term":[{"taxonomy":"category","embeddable":true,"href":"https:\/\/www.radiopiu.net\/wordpress\/wp-json\/wp\/v2\/categories?post=402702"},{"taxonomy":"post_tag","embeddable":true,"href":"https:\/\/www.radiopiu.net\/wordpress\/wp-json\/wp\/v2\/tags?post=402702"}],"curies":[{"name":"wp","href":"https:\/\/api.w.org\/{rel}","templated":true}]}}