{"id":402792,"date":"2024-08-01T15:05:07","date_gmt":"2024-08-01T13:05:07","guid":{"rendered":"https:\/\/www.radiopiu.net\/wordpress\/?p=402792"},"modified":"2024-08-02T07:08:13","modified_gmt":"2024-08-02T05:08:13","slug":"francesco-orru-nuovo-segretario-generale-della-cisl-belluno-treviso","status":"publish","type":"post","link":"https:\/\/www.radiopiu.net\/wordpress\/francesco-orru-nuovo-segretario-generale-della-cisl-belluno-treviso\/","title":{"rendered":"Francesco Orr\u00f9 Nuovo Segretario Generale della Cisl Belluno Treviso"},"content":{"rendered":"<p>***<\/p>\n<p><a class=\"dt-pswp-item\" href=\"https:\/\/www.radiopiu.net\/wordpress\/wp-content\/uploads\/2024\/08\/Orru-scaled.jpeg\" data-dt-img-description=\"\" data-large_image_width=\"2560\" data-large_image_height=\"2093\"><img loading=\"lazy\" decoding=\"async\" class=\"wp-image-402795 alignright\" src=\"https:\/\/www.radiopiu.net\/wordpress\/wp-content\/uploads\/2024\/08\/Orru-300x245.jpeg\" alt=\"\" width=\"181\" height=\"148\" srcset=\"https:\/\/www.radiopiu.net\/wordpress\/wp-content\/uploads\/2024\/08\/Orru-300x245.jpeg 300w, https:\/\/www.radiopiu.net\/wordpress\/wp-content\/uploads\/2024\/08\/Orru-1024x837.jpeg 1024w, https:\/\/www.radiopiu.net\/wordpress\/wp-content\/uploads\/2024\/08\/Orru-768x628.jpeg 768w, https:\/\/www.radiopiu.net\/wordpress\/wp-content\/uploads\/2024\/08\/Orru-1536x1256.jpeg 1536w, https:\/\/www.radiopiu.net\/wordpress\/wp-content\/uploads\/2024\/08\/Orru-2048x1674.jpeg 2048w\" sizes=\"auto, (max-width: 181px) 100vw, 181px\" \/><\/a>Francesco Orr\u00f9 \u00e8 stato eletto nuovo segretario generale della Cisl Belluno Treviso. La sua nomina \u00e8 avvenuta a Monastier di Treviso, durante il Consiglio generale della Cisl, dopo che Massimiliano Paglini ha lasciato il posto per assumere il ruolo di segretario generale della Cisl Veneto. Orr\u00f9, con 83 voti su 104, guider\u00e0 la <a class=\"dt-pswp-item\" href=\"https:\/\/www.radiopiu.net\/wordpress\/wp-content\/uploads\/2024\/08\/segreteria-scaled.jpeg\" data-dt-img-description=\"\" data-large_image_width=\"2560\" data-large_image_height=\"1920\"><img loading=\"lazy\" decoding=\"async\" class=\"size-medium wp-image-402793 alignleft\" src=\"https:\/\/www.radiopiu.net\/wordpress\/wp-content\/uploads\/2024\/08\/segreteria-300x225.jpeg\" alt=\"\" width=\"300\" height=\"225\" srcset=\"https:\/\/www.radiopiu.net\/wordpress\/wp-content\/uploads\/2024\/08\/segreteria-300x225.jpeg 300w, https:\/\/www.radiopiu.net\/wordpress\/wp-content\/uploads\/2024\/08\/segreteria-1024x768.jpeg 1024w, https:\/\/www.radiopiu.net\/wordpress\/wp-content\/uploads\/2024\/08\/segreteria-768x576.jpeg 768w, https:\/\/www.radiopiu.net\/wordpress\/wp-content\/uploads\/2024\/08\/segreteria-1536x1152.jpeg 1536w, https:\/\/www.radiopiu.net\/wordpress\/wp-content\/uploads\/2024\/08\/segreteria-2048x1536.jpeg 2048w\" sizes=\"auto, (max-width: 300px) 100vw, 300px\" \/><\/a>nuova segreteria insieme a Edoardo Dorella e Roberta Barbieri.<\/p>\n<p>Francesco Orr\u00f9, 54 anni, ha una lunga carriera sindacale, iniziata nei primi anni Novanta con la Filca, la Federazione delle costruzioni e del legno della Cisl. Ha ricoperto il ruolo di segretario generale della Filca del Veneto, guidando l&#8217;organizzazione attraverso la crisi dell&#8217;edilizia dal 2008 al 2018. Con la sua leadership, la Cisl Belluno Treviso, che conta 90.029 iscritti e 27 sedi nelle province, si concentra su questioni come la lotta all&#8217;evasione fiscale, la sicurezza sul lavoro e la qualit\u00e0 dell&#8217;occupazione.<\/p>\n<p>Orr\u00f9 punta a migliorare i servizi socio-sanitari e l&#8217;attrattivit\u00e0 territoriale, contrastando l&#8217;emorragia di giovani dal Bellunese. Con la nuova segreteria, intende promuovere una contrattazione efficace e un&#8217;adeguata politica di accoglienza per un mercato del lavoro pi\u00f9 sano e inclusivo.<\/p>\n<p><strong>ai microfoni di RADIOPIU<\/strong><\/p>\n<audio class=\"wp-audio-shortcode\" id=\"audio-402792-1\" preload=\"none\" style=\"width: 100%;\" controls=\"controls\"><source type=\"audio\/mpeg\" src=\"https:\/\/www.radiopiu.net\/wordpress\/wp-content\/uploads\/2024\/08\/NUOVO-CISL.mp3?_=1\" \/><a href=\"https:\/\/www.radiopiu.net\/wordpress\/wp-content\/uploads\/2024\/08\/NUOVO-CISL.mp3\">https:\/\/www.radiopiu.net\/wordpress\/wp-content\/uploads\/2024\/08\/NUOVO-CISL.mp3<\/a><\/audio>\n<p>&nbsp;<\/p>\n<hr \/>\n<p>&nbsp;<\/p>\n","protected":false},"excerpt":{"rendered":"<p>*** Francesco Orr\u00f9 \u00e8 stato eletto nuovo segretario generale della Cisl Belluno Treviso. La sua nomina \u00e8 avvenuta a Monastier di Treviso, durante il Consiglio generale della Cisl, dopo che Massimiliano Paglini ha lasciato il posto per assumere il ruolo di segretario generale della Cisl Veneto. Orr\u00f9, con 83 voti su 104, guider\u00e0 la nuova&hellip;<\/p>\n","protected":false},"author":4,"featured_media":402795,"comment_status":"closed","ping_status":"closed","sticky":false,"template":"","format":"standard","meta":{"_monsterinsights_skip_tracking":false,"_monsterinsights_sitenote_active":false,"_monsterinsights_sitenote_note":"","_monsterinsights_sitenote_category":0,"footnotes":""},"categories":[51,49],"tags":[],"class_list":["post-402792","post","type-post","status-publish","format-standard","has-post-thumbnail","hentry","category-evidenza-top","category-news-18","category-51","category-49","description-off"],"img_url":"https:\/\/www.radiopiu.net\/wordpress\/wp-content\/uploads\/2024\/08\/Orru-scaled.jpeg","_links":{"self":[{"href":"https:\/\/www.radiopiu.net\/wordpress\/wp-json\/wp\/v2\/posts\/402792","targetHints":{"allow":["GET"]}}],"collection":[{"href":"https:\/\/www.radiopiu.net\/wordpress\/wp-json\/wp\/v2\/posts"}],"about":[{"href":"https:\/\/www.radiopiu.net\/wordpress\/wp-json\/wp\/v2\/types\/post"}],"author":[{"embeddable":true,"href":"https:\/\/www.radiopiu.net\/wordpress\/wp-json\/wp\/v2\/users\/4"}],"replies":[{"embeddable":true,"href":"https:\/\/www.radiopiu.net\/wordpress\/wp-json\/wp\/v2\/comments?post=402792"}],"version-history":[{"count":1,"href":"https:\/\/www.radiopiu.net\/wordpress\/wp-json\/wp\/v2\/posts\/402792\/revisions"}],"predecessor-version":[{"id":402798,"href":"https:\/\/www.radiopiu.net\/wordpress\/wp-json\/wp\/v2\/posts\/402792\/revisions\/402798"}],"wp:featuredmedia":[{"embeddable":true,"href":"https:\/\/www.radiopiu.net\/wordpress\/wp-json\/wp\/v2\/media\/402795"}],"wp:attachment":[{"href":"https:\/\/www.radiopiu.net\/wordpress\/wp-json\/wp\/v2\/media?parent=402792"}],"wp:term":[{"taxonomy":"category","embeddable":true,"href":"https:\/\/www.radiopiu.net\/wordpress\/wp-json\/wp\/v2\/categories?post=402792"},{"taxonomy":"post_tag","embeddable":true,"href":"https:\/\/www.radiopiu.net\/wordpress\/wp-json\/wp\/v2\/tags?post=402792"}],"curies":[{"name":"wp","href":"https:\/\/api.w.org\/{rel}","templated":true}]}}