{"id":402817,"date":"2024-08-01T23:59:44","date_gmt":"2024-08-01T21:59:44","guid":{"rendered":"https:\/\/www.radiopiu.net\/wordpress\/?p=402817"},"modified":"2024-08-01T17:33:08","modified_gmt":"2024-08-01T15:33:08","slug":"dai-comuni-ladini-il-no-a-cortina-i-fondi-di-confine-mai-per-la-manutenzione-della-pista-da-bob","status":"publish","type":"post","link":"https:\/\/www.radiopiu.net\/wordpress\/dai-comuni-ladini-il-no-a-cortina-i-fondi-di-confine-mai-per-la-manutenzione-della-pista-da-bob\/","title":{"rendered":"DAI COMUNI LADINI IL NO A CORTINA &#8220;I FONDI DI CONFINE MAI PER LA MANUTENZIONE DELLA PISTA DA BOB&#8221;"},"content":{"rendered":"<p>***<\/p>\n<div class=\"flex flex-grow flex-col max-w-full\">\n<div class=\"min-h-[20px] text-message flex w-full flex-col items-end gap-2 whitespace-pre-wrap break-words [.text-message+&amp;]:mt-5 overflow-x-auto\" dir=\"auto\" data-message-author-role=\"assistant\" data-message-id=\"d9a3b174-5c2b-4aa9-8cf2-a8c76e50f10f\">\n<div class=\"flex w-full flex-col gap-1 empty:hidden first:pt-[3px]\">\n<div class=\"markdown prose w-full break-words dark:prose-invert dark\">\n<blockquote><p><em>Le amministrazioni dei comuni ladini criticano gli accordi segreti per finanziare la pista di Bob di Cortina con fondi di confine, destinati originariamente a sostenere i bisogni delle terre di confine. Richiedono rispetto degli obiettivi originari di sostegno economico<\/em><\/p><\/blockquote>\n<p><strong>IL COMUNICATO A FIRMA DEL SINDACO DI LIVINALLONGO OSCAR NAGLER, COLLE SANTA LUCIA PAOLO FRENA, PRESIDENTE UNION DEI LADIS DE ANPEZO ELSA ZARDINI, PRESIDENTE UNION DEI LADIGN DA COL CARLO AGOSTINI, PRESIDENTE UNION DEI LADINS DA FODOM MANUELA LADURNER<\/strong><\/p>\n<p><img loading=\"lazy\" decoding=\"async\" class=\"alignleft\" src=\"https:\/\/www.radiopiu.net\/wordpress\/wp-content\/uploads\/2020\/05\/BANDIERA-LADINA.png\" width=\"252\" height=\"151\" \/>Le amministrazioni comunali di Livinallongo del Col di Lana, di Colle S. Lucia, l\u2019 Union de i Ladis de Anpezo e l\u2019 Union de i Ladins da Fodom e l\u2019 union dei ladign da Col prendono le distanze con decisione dagli accordi che stanno per essere stretti con indifferenza nel pi\u00f9 imbarazzante segreto. Anche il nuovo Sindaco di Cortina d\u2019 Ampezzo si \u00e8 trovato davanti ad una situazione determinata da accordi gi\u00e0 stretti nell\u2019 anno 2019. Invitiamo tutti a tenere in considerazione che l\u2019 abbondanza di fondi a cui oggi abbiamo accesso attraverso i Fondi dei Comuni Confinanti sono disponibili esclusivamente per merito dei referendum che si sono tenuti nella prima d\u00e8cade del 2000 in particolare di quello che i tre comuni ladini del Veneto avevano voluto per separarsi da una Regione che mai aveva ascoltato le loro necessit\u00e0 e che i fatti dimostrano essere ancora sorda a questo riguardo. I fondi dei Comuni di Confine erano nati con l\u2019 intento di sostenere le popolazioni di confine nei loro bisogni e per offrire un aiuto economico per superare alcune difficolt\u00e0. Sono sempre stati erogati per la realizzazione di opere di investimento, senza mai lasciare uno spiraglio per il loro utilizzo per finanziare le spese correnti di cui molti Comuni avrebbero avuto effettivamente bisogno. Dopo innumerevoli battaglie, il finanziamento della spesa corrente sembra essere in procinto di essere concesso non tanto perch\u00e9 sia stato preso a cuore il bisogno di sostegno che hanno le terre alte di confine: le popolazioni che hanno ottenuto con le loro battaglie questo importante traguardo, ma piuttosto per finanziare il mantenimento di un capriccio del Presidente della Regione: la fantomatica pista di Bob di Cortina d\u2019 Ampezzo che, con questa richiesta di finanziamento, pari a diverse centinaia di migliaia di euro annuali, si vedano a tal riguardo le dichiarazioni degli ultimi mesi, il Presidente riconosce essere un\u2019 opera insostenibile per necessitare di un simile finanziamento pubblico ricorrente. La nostra gente, i nostri avi sono stati i testimoni di una rivendicazione identitaria che viene sostenuta da pi\u00f9 di un secolo, con le difficolt\u00e0 amplificate da una guerra mondiale, dalla separazione amministrativa forzata dalla Patria millenaria, dall\u2019 incomprensione delle popolazioni a cui eravamo stati annessi senza alcuna possibilit\u00e0 di autodeterminazione. La nostra stessa Identit\u00e0 Ladina \u00e8 stata utilizzata per forzare il raggiungimento di un obiettivo politico per ammissione nientemeno che dell\u2019 ex Presidente della Provincia di Belluno, sotto la cui guida met\u00e0 dei comuni della Provincia sono stati spinti a dichiararsi \u201cladini\u201d senza che neppure sapessero che cosa stavano deliberando. Oltre a questa strumentalizzazione si sono concretizzati diversi provvedimenti che hanno avuto per effetto, ci auguriamo non per obiettivo, un graduale svilimento e confondimento della nostra realt\u00e0: ultimo fra questi il tentativo di svincolare una parte dei fondi di confine per destinarli al finanziamento della spesa corrente. Questo sarebbe un buon epilogo se solo il motivo di questo provvedimento fosse quello di sostenere le terre di confine nelle difficolt\u00e0 che evidenziano da tempo ormai immemorabile: istruzione, trasporti, servizi, contributi alle famiglie, ma purtroppo questa modifica si propone di portarla a termine per finanziare un\u2019 opera dichiaratamente insostenibile con i soldi dei comuni di confine. Invitiamo gli organi deputati a prendere decisioni in questo ambito a tenere in considerazione il motivo virtuoso per cui i Fondi dei Comuni Confinanti sono nati: si valuti pure in futuro lo svincolo di detti fondi per il finanziamento della spesa corrente, ma lo si faccia interpellando i comuni confinanti, tra i quali i tre comuni ladini del Veneto di Cortina d\u2019 Ampezzo, Colle Santa Lucia e Livinallongo del Col di Lana vantano come si \u00e8 detto un merito particolare. Le difficolt\u00e0 affrontate dai comuni di confine devono essere tenute in somma considerazione nel caso si decida di procedere in tal senso. Ribadiamo la nostra contrariet\u00e0 a che i Fondi di Confine siano utilizzati per mantenere una struttura non voluta dalla Popolazione, ma desiderata fortemente dalla sola Regione.<\/p>\n<p>___<\/p>\n<p>&nbsp;<\/p>\n<p align=\"left\">\n<p align=\"left\">\n<p align=\"left\">\n<p align=\"left\">\n<\/div>\n<\/div>\n<\/div>\n<\/div>\n","protected":false},"excerpt":{"rendered":"<p>*** Le amministrazioni dei comuni ladini criticano gli accordi segreti per finanziare la pista di Bob di Cortina con fondi di confine, destinati originariamente a sostenere i bisogni delle terre di confine. Richiedono rispetto degli obiettivi originari di sostegno economico IL COMUNICATO A FIRMA DEL SINDACO DI LIVINALLONGO OSCAR NAGLER, COLLE SANTA LUCIA PAOLO FRENA,&hellip;<\/p>\n","protected":false},"author":4,"featured_media":135145,"comment_status":"closed","ping_status":"closed","sticky":false,"template":"","format":"standard","meta":{"_monsterinsights_skip_tracking":false,"_monsterinsights_sitenote_active":false,"_monsterinsights_sitenote_note":"","_monsterinsights_sitenote_category":0,"footnotes":""},"categories":[51,49],"tags":[],"class_list":["post-402817","post","type-post","status-publish","format-standard","has-post-thumbnail","hentry","category-evidenza-top","category-news-18","category-51","category-49","description-off"],"img_url":"https:\/\/www.radiopiu.net\/wordpress\/wp-content\/uploads\/2020\/05\/BANDIERA-LADINA.png","_links":{"self":[{"href":"https:\/\/www.radiopiu.net\/wordpress\/wp-json\/wp\/v2\/posts\/402817","targetHints":{"allow":["GET"]}}],"collection":[{"href":"https:\/\/www.radiopiu.net\/wordpress\/wp-json\/wp\/v2\/posts"}],"about":[{"href":"https:\/\/www.radiopiu.net\/wordpress\/wp-json\/wp\/v2\/types\/post"}],"author":[{"embeddable":true,"href":"https:\/\/www.radiopiu.net\/wordpress\/wp-json\/wp\/v2\/users\/4"}],"replies":[{"embeddable":true,"href":"https:\/\/www.radiopiu.net\/wordpress\/wp-json\/wp\/v2\/comments?post=402817"}],"version-history":[{"count":1,"href":"https:\/\/www.radiopiu.net\/wordpress\/wp-json\/wp\/v2\/posts\/402817\/revisions"}],"predecessor-version":[{"id":402818,"href":"https:\/\/www.radiopiu.net\/wordpress\/wp-json\/wp\/v2\/posts\/402817\/revisions\/402818"}],"wp:featuredmedia":[{"embeddable":true,"href":"https:\/\/www.radiopiu.net\/wordpress\/wp-json\/wp\/v2\/media\/135145"}],"wp:attachment":[{"href":"https:\/\/www.radiopiu.net\/wordpress\/wp-json\/wp\/v2\/media?parent=402817"}],"wp:term":[{"taxonomy":"category","embeddable":true,"href":"https:\/\/www.radiopiu.net\/wordpress\/wp-json\/wp\/v2\/categories?post=402817"},{"taxonomy":"post_tag","embeddable":true,"href":"https:\/\/www.radiopiu.net\/wordpress\/wp-json\/wp\/v2\/tags?post=402817"}],"curies":[{"name":"wp","href":"https:\/\/api.w.org\/{rel}","templated":true}]}}