{"id":402921,"date":"2024-08-02T11:01:05","date_gmt":"2024-08-02T09:01:05","guid":{"rendered":"https:\/\/www.radiopiu.net\/wordpress\/?p=402921"},"modified":"2024-08-03T06:13:45","modified_gmt":"2024-08-03T04:13:45","slug":"la-val-da-incornisa-la-mostra-fotografica-a-la-valle-agordina","status":"publish","type":"post","link":"https:\/\/www.radiopiu.net\/wordpress\/la-val-da-incornisa-la-mostra-fotografica-a-la-valle-agordina\/","title":{"rendered":"LA VAL DA INCORNISA&#8217;, LA MOSTRA FOTOGRAFICA A LA VALLE AGORDINA"},"content":{"rendered":"<p>******<\/p>\n<p>&nbsp;<\/p>\n<p><strong>LA VALLE <\/strong>Ci sar\u00e0 tempo fino al 31 agosto (&#8230;e oltre!) per visitare la particolare rassegna di fotografie d\u2019epoca presentata lungo le\u00a0<em>burele<\/em>\u00a0(viuzze tipiche tra le case) della frazione Gaidon a La Valle Agordina. La Pro Loco La Val ha deciso di riproporre per il terzo anno la mostra \u201c<em>La Val da Incornis\u00e0 &#8211; vite e ricordi nel cassetto<\/em>\u201d, la quale riscopre il passato delle<em>\u00a0vile<\/em> (frazioni) di La Valle Agordina, raccontando preziosi stralci di vita quotidiana e mettendo in moto uno splendido spirito di comunit\u00e0.\u00a0 Quest\u2019anno la mostra si \u00e8 spostata verso le frazioni basse del paese e far\u00e0 riscoprire\u2026 la <em>vila <\/em>de Gaidon! Saranno esposte proprio sui <em>talv\u00e0 <\/em>e sulle case della piccola frazione circa cinquanta foto inedite d\u2019epoca, che ripercorrono pi\u00f9 di mezzo secolo di storia di una piccola frazione di montagna: l&#8217;arco temporale delle foto esposte copre il periodo che va dal 1901 al 1967.\u00a0 L&#8217;abitato di Gaidon si trova sul versante destro della valle ai piedi dell&#8217;imponente<em> Cadeina del San Sebastian, <\/em>a due passi dai pendii boscosi del Monte Zelo. Tuttora, la vita scorre lenta in questa frazione che fa da spartiacque tra le<em> vile alte<\/em> e le <em>vile base, <\/em>caratterizzata da un disegno intricato di <em>burele<\/em> e <em>piazete<\/em>, nelle quali tante mani, occhi e sorrisi hanno amato e accarezzato con semplicit\u00e0. Il lavoro di preparazione della mostra \u00e8 particolarmente articolato, ma porta con s\u00e9 grande soddisfazione. Fondamentale \u00e8 l\u2019incontro con i frazionisti e il continuo scambio di suggerimenti, idee, punti di vista per presentare al meglio la frazione e gli ingrandimenti fotografici. Quest&#8217;anno, come successo gli anni precedenti con le frazioni di Conaggia (2022) e Fades (2023), anche gli abitanti di Gaidon hanno risposto con infinito entusiasmo all\u2019iniziativa e con forte spirito di collaborazione hanno cercato nei cassetti le foto, sistemato e abbellito oltre l\u2019immaginazione la frazione, contagiando tutti con la loro passione che hanno dimostrato. Non finiremo mai di ringraziarli abbastanza.\u00a0 Alcuni elementi ci emozionano ogni anno di pi\u00f9: il rinascere di un interesse comune, il quale ha smosso le persone e ha messo in moto tutti i frazionisti per cercare le foto, abbellire e far risplendere ancora di pi\u00f9 la propria <em>vila<\/em>, e di seguito (e in maniera naturale) la voglia delle persone di stare e gioire insieme. La mostra \u00e8 perfettamente calata nel contesto, permettendo di scoprire le magnifiche particolarit\u00e0 architettoniche e della tradizione delle nostre valli dolomitiche.\u00a0 Il\u00a0rapporto che si crea tra il luogo in cui viene esposta la fotografia, la fotografia stessa e il visitatore che la guarda \u00e8 qualcosa di speciale: le foto, scelte e descritte con particolare cura, consentono un fantastico balzo in punta di piedi nella storia di <em>La Val<\/em>, attraverso le persone che hanno sorriso, amato e vissuto in questo piccolo paese di montagna.<\/p>\n\n\t\t\t<style type='text\/css'>\n\t\t\t\t#gallery-1 {\n\t\t\t\t\tmargin: auto;\n\t\t\t\t}\n\t\t\t\t#gallery-1 .gallery-item {\n\t\t\t\t\tfloat: left;\n\t\t\t\t\tmargin-top: 10px;\n\t\t\t\t\ttext-align: center;\n\t\t\t\t\twidth: 16%;\n\t\t\t\t}\n\t\t\t\t#gallery-1 img {\n\t\t\t\t\tborder: 2px solid #cfcfcf;\n\t\t\t\t}\n\t\t\t\t#gallery-1 .gallery-caption {\n\t\t\t\t\tmargin-left: 0;\n\t\t\t\t}\n\t\t\t\t\/* see gallery_shortcode() in wp-includes\/media.php *\/\n\t\t\t<\/style>\n\t\t<div id='gallery-1' class='dt-gallery-container gallery galleryid-402921 gallery-columns-6 gallery-size-thumbnail'><dl class='gallery-item'>\n\t\t\t\t<dt class='gallery-icon portrait'>\n\t\t\t\t\t<a class=\"rollover rollover-zoom dt-pswp-item\" title=\"00_INTRO\" data-dt-img-description=\"\" data-large_image_width=\"1200\" data-large_image_height=\"1600\"href='https:\/\/www.radiopiu.net\/wordpress\/wp-content\/uploads\/2024\/08\/00_INTRO.jpg'><img loading=\"lazy\" decoding=\"async\" width=\"150\" height=\"150\" src=\"https:\/\/www.radiopiu.net\/wordpress\/wp-content\/uploads\/2024\/08\/00_INTRO-150x150.jpg\" class=\"attachment-thumbnail size-thumbnail\" alt=\"\" \/><\/a>\n\t\t\t\t<\/dt><\/dl><dl class='gallery-item'>\n\t\t\t\t<dt class='gallery-icon portrait'>\n\t\t\t\t\t<a class=\"rollover rollover-zoom dt-pswp-item\" title=\"01_GAIDON_02\" data-dt-img-description=\"\" data-large_image_width=\"1200\" data-large_image_height=\"1600\"href='https:\/\/www.radiopiu.net\/wordpress\/wp-content\/uploads\/2024\/08\/01_GAIDON_02.jpg'><img loading=\"lazy\" decoding=\"async\" width=\"150\" height=\"150\" src=\"https:\/\/www.radiopiu.net\/wordpress\/wp-content\/uploads\/2024\/08\/01_GAIDON_02-150x150.jpg\" class=\"attachment-thumbnail size-thumbnail\" alt=\"\" \/><\/a>\n\t\t\t\t<\/dt><\/dl><dl class='gallery-item'>\n\t\t\t\t<dt class='gallery-icon portrait'>\n\t\t\t\t\t<a class=\"rollover rollover-zoom dt-pswp-item\" title=\"01_GAIDON_03\" data-dt-img-description=\"\" data-large_image_width=\"1536\" data-large_image_height=\"2048\"href='https:\/\/www.radiopiu.net\/wordpress\/wp-content\/uploads\/2024\/08\/01_GAIDON_03.jpg'><img loading=\"lazy\" decoding=\"async\" width=\"150\" height=\"150\" src=\"https:\/\/www.radiopiu.net\/wordpress\/wp-content\/uploads\/2024\/08\/01_GAIDON_03-150x150.jpg\" class=\"attachment-thumbnail size-thumbnail\" alt=\"\" \/><\/a>\n\t\t\t\t<\/dt><\/dl><dl class='gallery-item'>\n\t\t\t\t<dt class='gallery-icon portrait'>\n\t\t\t\t\t<a class=\"rollover rollover-zoom dt-pswp-item\" title=\"02_TALVA&#039;\" data-dt-img-description=\"\" data-large_image_width=\"1079\" data-large_image_height=\"1351\"href='https:\/\/www.radiopiu.net\/wordpress\/wp-content\/uploads\/2024\/08\/02_TALVA.jpg'><img loading=\"lazy\" decoding=\"async\" width=\"150\" height=\"150\" src=\"https:\/\/www.radiopiu.net\/wordpress\/wp-content\/uploads\/2024\/08\/02_TALVA-150x150.jpg\" class=\"attachment-thumbnail size-thumbnail\" alt=\"\" \/><\/a>\n\t\t\t\t<\/dt><\/dl><dl class='gallery-item'>\n\t\t\t\t<dt class='gallery-icon portrait'>\n\t\t\t\t\t<a class=\"rollover rollover-zoom dt-pswp-item\" title=\"03_QUOTIDIANITA&#039;\" data-dt-img-description=\"\" data-large_image_width=\"1536\" data-large_image_height=\"2048\"href='https:\/\/www.radiopiu.net\/wordpress\/wp-content\/uploads\/2024\/08\/03_QUOTIDIANITA.jpg'><img loading=\"lazy\" decoding=\"async\" width=\"150\" height=\"150\" src=\"https:\/\/www.radiopiu.net\/wordpress\/wp-content\/uploads\/2024\/08\/03_QUOTIDIANITA-150x150.jpg\" class=\"attachment-thumbnail size-thumbnail\" alt=\"\" \/><\/a>\n\t\t\t\t<\/dt><\/dl><dl class='gallery-item'>\n\t\t\t\t<dt class='gallery-icon portrait'>\n\t\t\t\t\t<a class=\"rollover rollover-zoom dt-pswp-item\" title=\"05_NOSTALGIA\" data-dt-img-description=\"\" data-large_image_width=\"1200\" data-large_image_height=\"1600\"href='https:\/\/www.radiopiu.net\/wordpress\/wp-content\/uploads\/2024\/08\/05_NOSTALGIA.jpg'><img loading=\"lazy\" decoding=\"async\" width=\"150\" height=\"150\" src=\"https:\/\/www.radiopiu.net\/wordpress\/wp-content\/uploads\/2024\/08\/05_NOSTALGIA-150x150.jpg\" class=\"attachment-thumbnail size-thumbnail\" alt=\"\" \/><\/a>\n\t\t\t\t<\/dt><\/dl><br style=\"clear: both\" \/><dl class='gallery-item'>\n\t\t\t\t<dt class='gallery-icon portrait'>\n\t\t\t\t\t<a class=\"rollover rollover-zoom dt-pswp-item\" title=\"06_NOSTALGIA\" data-dt-img-description=\"\" data-large_image_width=\"1200\" data-large_image_height=\"1600\"href='https:\/\/www.radiopiu.net\/wordpress\/wp-content\/uploads\/2024\/08\/06_NOSTALGIA.jpg'><img loading=\"lazy\" decoding=\"async\" width=\"150\" height=\"150\" src=\"https:\/\/www.radiopiu.net\/wordpress\/wp-content\/uploads\/2024\/08\/06_NOSTALGIA-150x150.jpg\" class=\"attachment-thumbnail size-thumbnail\" alt=\"\" \/><\/a>\n\t\t\t\t<\/dt><\/dl><dl class='gallery-item'>\n\t\t\t\t<dt class='gallery-icon portrait'>\n\t\t\t\t\t<a class=\"rollover rollover-zoom dt-pswp-item\" title=\"06_NOSTALGIA_01\" data-dt-img-description=\"\" data-large_image_width=\"1200\" data-large_image_height=\"1600\"href='https:\/\/www.radiopiu.net\/wordpress\/wp-content\/uploads\/2024\/08\/06_NOSTALGIA_01.jpg'><img loading=\"lazy\" decoding=\"async\" width=\"150\" height=\"150\" src=\"https:\/\/www.radiopiu.net\/wordpress\/wp-content\/uploads\/2024\/08\/06_NOSTALGIA_01-150x150.jpg\" class=\"attachment-thumbnail size-thumbnail\" alt=\"\" \/><\/a>\n\t\t\t\t<\/dt><\/dl><dl class='gallery-item'>\n\t\t\t\t<dt class='gallery-icon portrait'>\n\t\t\t\t\t<a class=\"rollover rollover-zoom dt-pswp-item\" title=\"07_MOSTRA_01\" data-dt-img-description=\"\" data-large_image_width=\"1536\" data-large_image_height=\"2048\"href='https:\/\/www.radiopiu.net\/wordpress\/wp-content\/uploads\/2024\/08\/07_MOSTRA_01.jpg'><img loading=\"lazy\" decoding=\"async\" width=\"150\" height=\"150\" src=\"https:\/\/www.radiopiu.net\/wordpress\/wp-content\/uploads\/2024\/08\/07_MOSTRA_01-150x150.jpg\" class=\"attachment-thumbnail size-thumbnail\" alt=\"\" \/><\/a>\n\t\t\t\t<\/dt><\/dl><dl class='gallery-item'>\n\t\t\t\t<dt class='gallery-icon portrait'>\n\t\t\t\t\t<a class=\"rollover rollover-zoom dt-pswp-item\" title=\"07_MOSTRA_02\" data-dt-img-description=\"\" data-large_image_width=\"1536\" data-large_image_height=\"2048\"href='https:\/\/www.radiopiu.net\/wordpress\/wp-content\/uploads\/2024\/08\/07_MOSTRA_02.jpg'><img loading=\"lazy\" decoding=\"async\" width=\"150\" height=\"150\" src=\"https:\/\/www.radiopiu.net\/wordpress\/wp-content\/uploads\/2024\/08\/07_MOSTRA_02-150x150.jpg\" class=\"attachment-thumbnail size-thumbnail\" alt=\"\" \/><\/a>\n\t\t\t\t<\/dt><\/dl><dl class='gallery-item'>\n\t\t\t\t<dt class='gallery-icon portrait'>\n\t\t\t\t\t<a class=\"rollover rollover-zoom dt-pswp-item\" title=\"07_MOSTRA_03\" data-dt-img-description=\"\" data-large_image_width=\"1080\" data-large_image_height=\"1351\"href='https:\/\/www.radiopiu.net\/wordpress\/wp-content\/uploads\/2024\/08\/07_MOSTRA_03.jpg'><img loading=\"lazy\" decoding=\"async\" width=\"150\" height=\"150\" src=\"https:\/\/www.radiopiu.net\/wordpress\/wp-content\/uploads\/2024\/08\/07_MOSTRA_03-150x150.jpg\" class=\"attachment-thumbnail size-thumbnail\" alt=\"\" \/><\/a>\n\t\t\t\t<\/dt><\/dl><dl class='gallery-item'>\n\t\t\t\t<dt class='gallery-icon portrait'>\n\t\t\t\t\t<a class=\"rollover rollover-zoom dt-pswp-item\" title=\"08_SALUTI\" data-dt-img-description=\"\" data-large_image_width=\"1200\" data-large_image_height=\"1600\"href='https:\/\/www.radiopiu.net\/wordpress\/wp-content\/uploads\/2024\/08\/08_SALUTI.jpg'><img loading=\"lazy\" decoding=\"async\" width=\"150\" height=\"150\" src=\"https:\/\/www.radiopiu.net\/wordpress\/wp-content\/uploads\/2024\/08\/08_SALUTI-150x150.jpg\" class=\"attachment-thumbnail size-thumbnail\" alt=\"\" \/><\/a>\n\t\t\t\t<\/dt><\/dl><br style=\"clear: both\" \/>\n\t\t\t<\/div>\n\n<p>&nbsp;<\/p>\n<p>&nbsp;<\/p>\n<p>*********<\/p>\n","protected":false},"excerpt":{"rendered":"<p>****** &nbsp; LA VALLE Ci sar\u00e0 tempo fino al 31 agosto (&#8230;e oltre!) per visitare la particolare rassegna di fotografie d\u2019epoca presentata lungo le\u00a0burele\u00a0(viuzze tipiche tra le case) della frazione Gaidon a La Valle Agordina. La Pro Loco La Val ha deciso di riproporre per il terzo anno la mostra \u201cLa Val da Incornis\u00e0 &#8211;&hellip;<\/p>\n","protected":false},"author":4,"featured_media":402947,"comment_status":"closed","ping_status":"closed","sticky":false,"template":"","format":"standard","meta":{"_monsterinsights_skip_tracking":false,"_monsterinsights_sitenote_active":false,"_monsterinsights_sitenote_note":"","_monsterinsights_sitenote_category":0,"footnotes":""},"categories":[51,49],"tags":[],"class_list":["post-402921","post","type-post","status-publish","format-standard","has-post-thumbnail","hentry","category-evidenza-top","category-news-18","category-51","category-49","description-off"],"img_url":"https:\/\/www.radiopiu.net\/wordpress\/wp-content\/uploads\/2024\/08\/KLGABVAUOBRUHBVP.jpg","_links":{"self":[{"href":"https:\/\/www.radiopiu.net\/wordpress\/wp-json\/wp\/v2\/posts\/402921","targetHints":{"allow":["GET"]}}],"collection":[{"href":"https:\/\/www.radiopiu.net\/wordpress\/wp-json\/wp\/v2\/posts"}],"about":[{"href":"https:\/\/www.radiopiu.net\/wordpress\/wp-json\/wp\/v2\/types\/post"}],"author":[{"embeddable":true,"href":"https:\/\/www.radiopiu.net\/wordpress\/wp-json\/wp\/v2\/users\/4"}],"replies":[{"embeddable":true,"href":"https:\/\/www.radiopiu.net\/wordpress\/wp-json\/wp\/v2\/comments?post=402921"}],"version-history":[{"count":1,"href":"https:\/\/www.radiopiu.net\/wordpress\/wp-json\/wp\/v2\/posts\/402921\/revisions"}],"predecessor-version":[{"id":402948,"href":"https:\/\/www.radiopiu.net\/wordpress\/wp-json\/wp\/v2\/posts\/402921\/revisions\/402948"}],"wp:featuredmedia":[{"embeddable":true,"href":"https:\/\/www.radiopiu.net\/wordpress\/wp-json\/wp\/v2\/media\/402947"}],"wp:attachment":[{"href":"https:\/\/www.radiopiu.net\/wordpress\/wp-json\/wp\/v2\/media?parent=402921"}],"wp:term":[{"taxonomy":"category","embeddable":true,"href":"https:\/\/www.radiopiu.net\/wordpress\/wp-json\/wp\/v2\/categories?post=402921"},{"taxonomy":"post_tag","embeddable":true,"href":"https:\/\/www.radiopiu.net\/wordpress\/wp-json\/wp\/v2\/tags?post=402921"}],"curies":[{"name":"wp","href":"https:\/\/api.w.org\/{rel}","templated":true}]}}