{"id":402993,"date":"2024-08-02T15:53:03","date_gmt":"2024-08-02T13:53:03","guid":{"rendered":"https:\/\/www.radiopiu.net\/wordpress\/?p=402993"},"modified":"2024-08-03T06:12:34","modified_gmt":"2024-08-03T04:12:34","slug":"agosto-ad-arabba-un-mese-di-cultura-tra-libri-arte-e-montagne","status":"publish","type":"post","link":"https:\/\/www.radiopiu.net\/wordpress\/agosto-ad-arabba-un-mese-di-cultura-tra-libri-arte-e-montagne\/","title":{"rendered":"Agosto ad Arabba: Un Mese di Cultura tra Libri, Arte e Montagne"},"content":{"rendered":"<p>***<\/p>\n<blockquote><p><em><strong>Appuntamenti Letterari e Artistici con Autori e Relatori di Spicco alla Sala Congressi di Arabba\u00a0<\/strong><\/em><\/p><\/blockquote>\n<p><strong>LIVINALLONGO <\/strong>Arabba si prepara a un agosto ricco di eventi culturali presso la Sala Congressi, con una serie di incontri che spaziano dalla letteratura all&#8217;arte, offrendo al pubblico l&#8217;occasione di esplorare la bellezza delle Dolomiti attraverso storie, racconti, e visioni. Tutti gli eventi sono a ingresso libero e saranno moderati da Gianpaolo Soratroi.<\/p>\n<p>&nbsp;<\/p>\n<p><img decoding=\"async\" src=\"https:\/\/www.radiopiu.net\/wordpress\/wp-content\/uploads\/2024\/08\/top-arabba-2024.jpg\" \/><\/p>\n<div class=\"flex flex-grow flex-col max-w-full\">\n<div class=\"min-h-[20px] text-message flex w-full flex-col items-end gap-2 whitespace-pre-wrap break-words [.text-message+&amp;]:mt-5 overflow-x-auto\" dir=\"auto\" data-message-author-role=\"assistant\" data-message-id=\"1c257bd9-274a-478a-a1ed-c080af743465\">\n<div class=\"flex w-full flex-col gap-1 empty:hidden first:pt-[3px]\">\n<div class=\"markdown prose w-full break-words dark:prose-invert dark\">\n<h3><\/h3>\n<h3><span style=\"color: #0000ff;\"><strong>Luned\u00ec 5 Agosto, ore 20:45 &#8211; Presentazione del Libro &#8220;Il Sentiero Selvatico&#8221; di Matteo Righetto<\/strong><\/span><\/h3>\n<p><strong>Relatore: Gianpaolo Soratroi<\/strong><\/p>\n<p>Matteo Righetto presenta il suo nuovo romanzo &#8220;Il Sentiero Selvatico&#8221;, ambientato nel piccolo villaggio di Larzonei durante il tumultuoso periodo della Grande Guerra. Il libro racconta di foreste devastate, fauna selvatica in pericolo e un\u2019identit\u00e0 ladina in crisi, intrecciando eventi storici cupi con un linguaggio poetico che esplora fenomeni paranormali, antiche tradizioni locali e un profondo legame con la natura. Righetto riesce a evocare un mondo dove il passato \u00e8 ancora vivo e pulsante, offrendo al lettore un viaggio emozionante e immersivo.<\/p>\n<blockquote><p><strong>Citazione dal libro:<\/strong> &#8220;In quei tempi bui, quando gli alberi cadevano e gli uomini lottavano, il vero legame era tra la terra e l&#8217;uomo, in un abbraccio eterno.&#8221;<\/p><\/blockquote>\n<hr \/>\n<h3><span style=\"color: #0000ff;\"><strong>Marted\u00ec 13 Agosto, ore 20:45 &#8211; Conferenza &#8220;Il Cielo Pi\u00f9 Vicino&#8221; con Vittorio Sgarbi<\/strong><\/span><\/h3>\n<p><strong>Relatore: Gianpaolo Soratroi<\/strong><\/p>\n<p>Lo storico e critico d&#8217;arte di fama internazionale, Vittorio Sgarbi, terr\u00e0 una conferenza intitolata &#8220;Il Cielo Pi\u00f9 Vicino&#8221;, dedicata alla visione artistica delle montagne, in particolare delle Dolomiti. Sgarbi esplorer\u00e0 come questi paesaggi mozzafiato abbiano ispirato artisti di ogni epoca, offrendo un&#8217;interpretazione brillante e sorprendente della montagna attraverso l\u2019arte. Con la sua inimitabile capacit\u00e0 oratoria, Sgarbi guider\u00e0 il pubblico in un viaggio tra le vette pi\u00f9 alte, mostrando come l\u2019arte riesca a catturare l\u2019essenza delle montagne.<\/p>\n<blockquote><p><strong>Tema centrale:<\/strong> &#8220;Le Dolomiti non sono solo un luogo fisico, ma un simbolo artistico di maestosit\u00e0 e bellezza.&#8221;<\/p><\/blockquote>\n<hr \/>\n<h3><span style=\"color: #0000ff;\"><strong>Luned\u00ec 19 Agosto, ore 20:45 &#8211; Presentazione del Libro &#8220;Radici&#8221; di Vanessa Bassot<\/strong><\/span><\/h3>\n<p><strong>Relatore: Gianpaolo Soratroi<\/strong><\/p>\n<p>Vanessa Bassot, con il suo primo libro &#8220;Radici&#8221;, porta il pubblico a riscoprire la voce delle montagne e delle generazioni passate. Attraverso una serie di racconti brevi, l&#8217;autrice dipinge un affresco di famiglia, tradizione e resilienza, unendo le storie dei nonni, dei nipoti e delle madri con i suoni naturali delle Dolomiti. I suoi scritti, alcuni premiati a livello nazionale, riflettono una profonda connessione con il territorio e le persone che lo abitano, offrendo una lettura che \u00e8 tanto un ritorno alle origini quanto un&#8217;esplorazione del presente.<\/p>\n<blockquote><p><strong>Estrapolazione:<\/strong> &#8220;Ogni racconto \u00e8 un eco del passato che si fonde con il presente, una melodia che sussurra la storia della nostra terra.&#8221;<\/p><\/blockquote>\n<hr \/>\n<h3><span style=\"color: #0000ff;\"><strong>Gioved\u00ec 22 Agosto, ore 20:30 &#8211; Proiezione del Documentario di Manrico Dell\u2019Agnola<\/strong><\/span><\/h3>\n<p><strong>Relatore: Gianpaolo Soratroi<\/strong><\/p>\n<p>Il cortometraggio di 21 minuti scritto e diretto da Manrico Dell\u2019Agnola offre una spettacolare visione della Torre Trieste, una delle pi\u00f9 belle strutture rocciose delle Dolomiti. Il documentario, che \u00e8 stato selezionato per la 67^ edizione del prestigioso Trento Film Festival, segue l&#8217;emozionante arrampicata libera di Sara Avoscan e Omar Genuin, riportando in vita una delle pi\u00f9 iconiche vie moderne nelle Dolomiti. Attraverso immagini mozzafiato e racconti avvincenti, il regista presenta la storia e la bellezza di questa leggendaria vetta.<\/p>\n<blockquote><p><strong>Impressioni:<\/strong> &#8220;La Torre Trieste non \u00e8 solo una roccia; \u00e8 un simbolo di conquista e bellezza, un richiamo per ogni amante della montagna.&#8221;<\/p><\/blockquote>\n<hr \/>\n<p>&nbsp;<\/p>\n<\/div>\n<\/div>\n<\/div>\n<\/div>\n<div class=\"mt-1 flex gap-3 empty:hidden -ml-2\">\n<div class=\"items-center justify-start rounded-xl p-1 flex\">\n<div class=\"flex items-center\"><\/div>\n<\/div>\n<\/div>\n<p>&nbsp;<\/p>\n","protected":false},"excerpt":{"rendered":"<p>*** Appuntamenti Letterari e Artistici con Autori e Relatori di Spicco alla Sala Congressi di Arabba\u00a0 LIVINALLONGO Arabba si prepara a un agosto ricco di eventi culturali presso la Sala Congressi, con una serie di incontri che spaziano dalla letteratura all&#8217;arte, offrendo al pubblico l&#8217;occasione di esplorare la bellezza delle Dolomiti attraverso storie, racconti, e&hellip;<\/p>\n","protected":false},"author":4,"featured_media":402994,"comment_status":"closed","ping_status":"closed","sticky":false,"template":"","format":"standard","meta":{"_monsterinsights_skip_tracking":false,"_monsterinsights_sitenote_active":false,"_monsterinsights_sitenote_note":"","_monsterinsights_sitenote_category":0,"footnotes":""},"categories":[51,49],"tags":[],"class_list":["post-402993","post","type-post","status-publish","format-standard","has-post-thumbnail","hentry","category-evidenza-top","category-news-18","category-51","category-49","description-off"],"img_url":"https:\/\/www.radiopiu.net\/wordpress\/wp-content\/uploads\/2024\/08\/top-arabba-2024.jpg","_links":{"self":[{"href":"https:\/\/www.radiopiu.net\/wordpress\/wp-json\/wp\/v2\/posts\/402993","targetHints":{"allow":["GET"]}}],"collection":[{"href":"https:\/\/www.radiopiu.net\/wordpress\/wp-json\/wp\/v2\/posts"}],"about":[{"href":"https:\/\/www.radiopiu.net\/wordpress\/wp-json\/wp\/v2\/types\/post"}],"author":[{"embeddable":true,"href":"https:\/\/www.radiopiu.net\/wordpress\/wp-json\/wp\/v2\/users\/4"}],"replies":[{"embeddable":true,"href":"https:\/\/www.radiopiu.net\/wordpress\/wp-json\/wp\/v2\/comments?post=402993"}],"version-history":[{"count":1,"href":"https:\/\/www.radiopiu.net\/wordpress\/wp-json\/wp\/v2\/posts\/402993\/revisions"}],"predecessor-version":[{"id":402995,"href":"https:\/\/www.radiopiu.net\/wordpress\/wp-json\/wp\/v2\/posts\/402993\/revisions\/402995"}],"wp:featuredmedia":[{"embeddable":true,"href":"https:\/\/www.radiopiu.net\/wordpress\/wp-json\/wp\/v2\/media\/402994"}],"wp:attachment":[{"href":"https:\/\/www.radiopiu.net\/wordpress\/wp-json\/wp\/v2\/media?parent=402993"}],"wp:term":[{"taxonomy":"category","embeddable":true,"href":"https:\/\/www.radiopiu.net\/wordpress\/wp-json\/wp\/v2\/categories?post=402993"},{"taxonomy":"post_tag","embeddable":true,"href":"https:\/\/www.radiopiu.net\/wordpress\/wp-json\/wp\/v2\/tags?post=402993"}],"curies":[{"name":"wp","href":"https:\/\/api.w.org\/{rel}","templated":true}]}}