{"id":403026,"date":"2024-08-02T17:37:14","date_gmt":"2024-08-02T15:37:14","guid":{"rendered":"https:\/\/www.radiopiu.net\/wordpress\/?p=403026"},"modified":"2024-08-03T06:12:08","modified_gmt":"2024-08-03T04:12:08","slug":"laura-ballis-apre-a-masare-di-alleghe-il-suo-studio-darte-con-novita-per-tutti","status":"publish","type":"post","link":"https:\/\/www.radiopiu.net\/wordpress\/laura-ballis-apre-a-masare-di-alleghe-il-suo-studio-darte-con-novita-per-tutti\/","title":{"rendered":"Laura Ballis: Apre a Masar\u00e8 di Alleghe il Suo Studio d\u2019Arte con Novit\u00e0 per Tutti"},"content":{"rendered":"<p>***<\/p>\n<p>&nbsp;<\/p>\n<p>DI MARINA DONA&#8217;<\/p>\n<p><strong>ALLEGHE<\/strong> Lo studio d\u2019arte di <strong>Laura Ballis<\/strong> sar\u00e0 aperto a Masar\u00e8 di Alleghe per tutto il mese di agosto con orari pomeridiani dalle 17:00 alle 19:00, tutti i giorni eccetto il luned\u00ec e il gioved\u00ec. L\u2019ingresso \u00e8 libero, permettendo ai visitatori di ammirare le opere d\u2019arte dell\u2019artista. Quest\u2019anno c\u2019\u00e8 una novit\u00e0: Laura Ballis offre un\u2019opportunit\u00e0 unica per valligiani e turisti. Sar\u00e0 possibile partecipare a un corso di due ore, al mattino dalle 10:00 alle 12:00 oppure al pomeriggio dalle 17:00 alle 19:00, in una delle quattro giornate disponibili: l\u20198, il 9, il 12 e il 13 agosto 2024. In collaborazione con Giancarlo Busato, maestro e artista della storica stamperia d\u2019arte Busato di Vicenza, Laura Ballis guider\u00e0 i partecipanti nella realizzazione di un\u2019incisione su plexiglass utilizzando la tecnica della punta secca, che sar\u00e0 poi stampata a mano con il torchio a Stella. La stamperia Busato \u00e8 tramandata da tre generazioni, rendendo l\u2019evento un\u2019occasione speciale per apprendere una tecnica d\u2019arte direttamente dagli esperti. Laura Ballis commenta:<em> \u201cCredo che questo evento rappresenti un\u2019importante opportunit\u00e0 per l\u2019Agordino. Normalmente, chi desidera apprendere la tecnica della punta secca deve recarsi a Vicenza presso la storica stamperia Busato. Io e Giancarlo abbiamo voluto portare questa esperienza qui nell&#8217;Agordino. Inoltre, voglio sottolineare che l\u2019esperienza \u00e8 aperta a tutti, sia adulti che bambini.\u201d<\/em> Mercoled\u00ec 7 agosto alle ore 21:00 si terr\u00e0 una serata di presentazione con ingresso libero. Durante l\u2019evento, Laura Ballis e Giancarlo Busato saranno a disposizione per rispondere a domande e curiosit\u00e0. Le prenotazioni possono essere effettuate al numero 349 5233421 o direttamente durante la serata di presentazione.<\/p>\n<p><strong>FOTO DA LAURA<\/strong><\/p>\n\n\t\t\t<style type='text\/css'>\n\t\t\t\t#gallery-1 {\n\t\t\t\t\tmargin: auto;\n\t\t\t\t}\n\t\t\t\t#gallery-1 .gallery-item {\n\t\t\t\t\tfloat: left;\n\t\t\t\t\tmargin-top: 10px;\n\t\t\t\t\ttext-align: center;\n\t\t\t\t\twidth: 25%;\n\t\t\t\t}\n\t\t\t\t#gallery-1 img {\n\t\t\t\t\tborder: 2px solid #cfcfcf;\n\t\t\t\t}\n\t\t\t\t#gallery-1 .gallery-caption {\n\t\t\t\t\tmargin-left: 0;\n\t\t\t\t}\n\t\t\t\t\/* see gallery_shortcode() in wp-includes\/media.php *\/\n\t\t\t<\/style>\n\t\t<div id='gallery-1' class='dt-gallery-container gallery galleryid-403026 gallery-columns-4 gallery-size-thumbnail'><dl class='gallery-item'>\n\t\t\t\t<dt class='gallery-icon landscape'>\n\t\t\t\t\t<a class=\"rollover rollover-zoom dt-pswp-item\" title=\"d24ba97e-d7b6-445f-b683-488c033b9e2c\" data-dt-img-description=\"\" data-large_image_width=\"2048\" data-large_image_height=\"1300\"href='https:\/\/www.radiopiu.net\/wordpress\/wp-content\/uploads\/2024\/08\/d24ba97e-d7b6-445f-b683-488c033b9e2c.jpg'><img loading=\"lazy\" decoding=\"async\" width=\"150\" height=\"150\" src=\"https:\/\/www.radiopiu.net\/wordpress\/wp-content\/uploads\/2024\/08\/d24ba97e-d7b6-445f-b683-488c033b9e2c-150x150.jpg\" class=\"attachment-thumbnail size-thumbnail\" alt=\"\" \/><\/a>\n\t\t\t\t<\/dt><\/dl><dl class='gallery-item'>\n\t\t\t\t<dt class='gallery-icon landscape'>\n\t\t\t\t\t<a class=\"rollover rollover-zoom dt-pswp-item\" title=\"379eda01-e1ee-4c6b-8ea0-b6a6408b230f\" data-dt-img-description=\"\" data-large_image_width=\"2048\" data-large_image_height=\"1536\"href='https:\/\/www.radiopiu.net\/wordpress\/wp-content\/uploads\/2024\/08\/379eda01-e1ee-4c6b-8ea0-b6a6408b230f.jpg'><img loading=\"lazy\" decoding=\"async\" width=\"150\" height=\"150\" src=\"https:\/\/www.radiopiu.net\/wordpress\/wp-content\/uploads\/2024\/08\/379eda01-e1ee-4c6b-8ea0-b6a6408b230f-150x150.jpg\" class=\"attachment-thumbnail size-thumbnail\" alt=\"\" \/><\/a>\n\t\t\t\t<\/dt><\/dl><dl class='gallery-item'>\n\t\t\t\t<dt class='gallery-icon landscape'>\n\t\t\t\t\t<a class=\"rollover rollover-zoom dt-pswp-item\" title=\"a92f42ab-ce23-459a-88a3-7b6774f5fe18\" data-dt-img-description=\"\" data-large_image_width=\"2048\" data-large_image_height=\"1536\"href='https:\/\/www.radiopiu.net\/wordpress\/wp-content\/uploads\/2024\/08\/a92f42ab-ce23-459a-88a3-7b6774f5fe18.jpg'><img loading=\"lazy\" decoding=\"async\" width=\"150\" height=\"150\" src=\"https:\/\/www.radiopiu.net\/wordpress\/wp-content\/uploads\/2024\/08\/a92f42ab-ce23-459a-88a3-7b6774f5fe18-150x150.jpg\" class=\"attachment-thumbnail size-thumbnail\" alt=\"\" \/><\/a>\n\t\t\t\t<\/dt><\/dl><dl class='gallery-item'>\n\t\t\t\t<dt class='gallery-icon landscape'>\n\t\t\t\t\t<a class=\"rollover rollover-zoom dt-pswp-item\" title=\"cf079ef1-f6eb-48d0-9daa-765fcb635504\" data-dt-img-description=\"\" data-large_image_width=\"2048\" data-large_image_height=\"1536\"href='https:\/\/www.radiopiu.net\/wordpress\/wp-content\/uploads\/2024\/08\/cf079ef1-f6eb-48d0-9daa-765fcb635504.jpg'><img loading=\"lazy\" decoding=\"async\" width=\"150\" height=\"150\" src=\"https:\/\/www.radiopiu.net\/wordpress\/wp-content\/uploads\/2024\/08\/cf079ef1-f6eb-48d0-9daa-765fcb635504-150x150.jpg\" class=\"attachment-thumbnail size-thumbnail\" alt=\"\" \/><\/a>\n\t\t\t\t<\/dt><\/dl><br style=\"clear: both\" \/>\n\t\t\t<\/div>\n\n<p>FOTO TIPOGRAFIA BUSATO<\/p>\n\n\t\t\t<style type='text\/css'>\n\t\t\t\t#gallery-2 {\n\t\t\t\t\tmargin: auto;\n\t\t\t\t}\n\t\t\t\t#gallery-2 .gallery-item {\n\t\t\t\t\tfloat: left;\n\t\t\t\t\tmargin-top: 10px;\n\t\t\t\t\ttext-align: center;\n\t\t\t\t\twidth: 33%;\n\t\t\t\t}\n\t\t\t\t#gallery-2 img {\n\t\t\t\t\tborder: 2px solid #cfcfcf;\n\t\t\t\t}\n\t\t\t\t#gallery-2 .gallery-caption {\n\t\t\t\t\tmargin-left: 0;\n\t\t\t\t}\n\t\t\t\t\/* see gallery_shortcode() in wp-includes\/media.php *\/\n\t\t\t<\/style>\n\t\t<div id='gallery-2' class='dt-gallery-container gallery galleryid-403026 gallery-columns-3 gallery-size-thumbnail'><dl class='gallery-item'>\n\t\t\t\t<dt class='gallery-icon portrait'>\n\t\t\t\t\t<a class=\"rollover rollover-zoom dt-pswp-item\" title=\"1fe9152e-07ad-4244-b7b3-92a59013d453\" data-dt-img-description=\"\" data-large_image_width=\"1354\" data-large_image_height=\"2048\"href='https:\/\/www.radiopiu.net\/wordpress\/wp-content\/uploads\/2024\/08\/1fe9152e-07ad-4244-b7b3-92a59013d453-1.jpg'><img loading=\"lazy\" decoding=\"async\" width=\"150\" height=\"150\" src=\"https:\/\/www.radiopiu.net\/wordpress\/wp-content\/uploads\/2024\/08\/1fe9152e-07ad-4244-b7b3-92a59013d453-1-150x150.jpg\" class=\"attachment-thumbnail size-thumbnail\" alt=\"\" \/><\/a>\n\t\t\t\t<\/dt><\/dl><dl class='gallery-item'>\n\t\t\t\t<dt class='gallery-icon portrait'>\n\t\t\t\t\t<a class=\"rollover rollover-zoom dt-pswp-item\" title=\"02f500c3-571b-496b-93b8-fa958a7c5115\" data-dt-img-description=\"\" data-large_image_width=\"1444\" data-large_image_height=\"2048\"href='https:\/\/www.radiopiu.net\/wordpress\/wp-content\/uploads\/2024\/08\/02f500c3-571b-496b-93b8-fa958a7c5115.jpg'><img loading=\"lazy\" decoding=\"async\" width=\"150\" height=\"150\" src=\"https:\/\/www.radiopiu.net\/wordpress\/wp-content\/uploads\/2024\/08\/02f500c3-571b-496b-93b8-fa958a7c5115-150x150.jpg\" class=\"attachment-thumbnail size-thumbnail\" alt=\"\" \/><\/a>\n\t\t\t\t<\/dt><\/dl><dl class='gallery-item'>\n\t\t\t\t<dt class='gallery-icon portrait'>\n\t\t\t\t\t<a class=\"rollover rollover-zoom dt-pswp-item\" title=\"04ef195d-a812-4e21-a20f-3bb0c35e69dc\" data-dt-img-description=\"\" data-large_image_width=\"1580\" data-large_image_height=\"2048\"href='https:\/\/www.radiopiu.net\/wordpress\/wp-content\/uploads\/2024\/08\/04ef195d-a812-4e21-a20f-3bb0c35e69dc.jpg'><img loading=\"lazy\" decoding=\"async\" width=\"150\" height=\"150\" src=\"https:\/\/www.radiopiu.net\/wordpress\/wp-content\/uploads\/2024\/08\/04ef195d-a812-4e21-a20f-3bb0c35e69dc-150x150.jpg\" class=\"attachment-thumbnail size-thumbnail\" alt=\"\" \/><\/a>\n\t\t\t\t<\/dt><\/dl><br style=\"clear: both\" \/>\n\t\t\t<\/div>\n\n","protected":false},"excerpt":{"rendered":"<p>*** &nbsp; DI MARINA DONA&#8217; ALLEGHE Lo studio d\u2019arte di Laura Ballis sar\u00e0 aperto a Masar\u00e8 di Alleghe per tutto il mese di agosto con orari pomeridiani dalle 17:00 alle 19:00, tutti i giorni eccetto il luned\u00ec e il gioved\u00ec. L\u2019ingresso \u00e8 libero, permettendo ai visitatori di ammirare le opere d\u2019arte dell\u2019artista. Quest\u2019anno c\u2019\u00e8 una&hellip;<\/p>\n","protected":false},"author":4,"featured_media":403031,"comment_status":"closed","ping_status":"closed","sticky":false,"template":"","format":"standard","meta":{"_monsterinsights_skip_tracking":false,"_monsterinsights_sitenote_active":false,"_monsterinsights_sitenote_note":"","_monsterinsights_sitenote_category":0,"footnotes":""},"categories":[51,49],"tags":[],"class_list":["post-403026","post","type-post","status-publish","format-standard","has-post-thumbnail","hentry","category-evidenza-top","category-news-18","category-51","category-49","description-off"],"img_url":"https:\/\/www.radiopiu.net\/wordpress\/wp-content\/uploads\/2024\/08\/cf079ef1-f6eb-48d0-9daa-765fcb635504.jpg","_links":{"self":[{"href":"https:\/\/www.radiopiu.net\/wordpress\/wp-json\/wp\/v2\/posts\/403026","targetHints":{"allow":["GET"]}}],"collection":[{"href":"https:\/\/www.radiopiu.net\/wordpress\/wp-json\/wp\/v2\/posts"}],"about":[{"href":"https:\/\/www.radiopiu.net\/wordpress\/wp-json\/wp\/v2\/types\/post"}],"author":[{"embeddable":true,"href":"https:\/\/www.radiopiu.net\/wordpress\/wp-json\/wp\/v2\/users\/4"}],"replies":[{"embeddable":true,"href":"https:\/\/www.radiopiu.net\/wordpress\/wp-json\/wp\/v2\/comments?post=403026"}],"version-history":[{"count":3,"href":"https:\/\/www.radiopiu.net\/wordpress\/wp-json\/wp\/v2\/posts\/403026\/revisions"}],"predecessor-version":[{"id":403051,"href":"https:\/\/www.radiopiu.net\/wordpress\/wp-json\/wp\/v2\/posts\/403026\/revisions\/403051"}],"wp:featuredmedia":[{"embeddable":true,"href":"https:\/\/www.radiopiu.net\/wordpress\/wp-json\/wp\/v2\/media\/403031"}],"wp:attachment":[{"href":"https:\/\/www.radiopiu.net\/wordpress\/wp-json\/wp\/v2\/media?parent=403026"}],"wp:term":[{"taxonomy":"category","embeddable":true,"href":"https:\/\/www.radiopiu.net\/wordpress\/wp-json\/wp\/v2\/categories?post=403026"},{"taxonomy":"post_tag","embeddable":true,"href":"https:\/\/www.radiopiu.net\/wordpress\/wp-json\/wp\/v2\/tags?post=403026"}],"curies":[{"name":"wp","href":"https:\/\/api.w.org\/{rel}","templated":true}]}}