{"id":403037,"date":"2024-08-04T20:45:46","date_gmt":"2024-08-04T18:45:46","guid":{"rendered":"https:\/\/www.radiopiu.net\/wordpress\/?p=403037"},"modified":"2024-09-25T13:17:34","modified_gmt":"2024-09-25T11:17:34","slug":"otto-feriti-uno-grave-agordoeaa","status":"publish","type":"post","link":"https:\/\/www.radiopiu.net\/wordpress\/otto-feriti-uno-grave-agordoeaa\/","title":{"rendered":"INCIDENTE SULLA 203 AGORDINA AGGIORNAMENTO IMPORTANTE:  FUORI PERICOLO IL FERITO PIU&#8217; GRAVE"},"content":{"rendered":"<p>***<\/p>\n<p>&nbsp;<\/p>\n<p><strong>REDAZIONE<\/strong> Poco fa alle 10, abbiamo ricevuto dai parenti del ferito pi\u00f9 grave dell&#8217;incidente, un uomo della Valle del Biois: non \u00e8 pi\u00f9 in terapia intensiva, ma in medicina d&#8217;urgenza, non \u00e8 in pericolo di vita e le sue condizioni non sono PIU&#8217; GRAVI.<\/p>\n<p>&nbsp;<\/p>\n<p>Gli altri sette feriti coinvolti, trasportati agli ospedali Papa Luciani di Agordo e San Martino di Belluno, sono stati dimessi con prognosi limitate. L&#8217;incidente \u00e8 avvenuto alle 16:15, coinvolgendo due auto, una Volkswagen e<\/p>\n<div class=\"flex flex-grow flex-col max-w-full\">\n<div class=\"min-h-[20px] text-message flex w-full flex-col items-end gap-2 whitespace-pre-wrap break-words [.text-message+&amp;]:mt-5 overflow-x-auto\" dir=\"auto\" data-message-author-role=\"assistant\" data-message-id=\"5253790a-7f65-496f-9c16-5cec5f0e19cb\">\n<div class=\"flex w-full flex-col gap-1 empty:hidden first:pt-[3px]\">\n<div class=\"markdown prose w-full break-words dark:prose-invert dark\">\n<p><strong>TREVISO<\/strong> il ciclista veneziano caduto a Passo Falzarego resta in condizioni gravissime.<\/p>\n<p>&nbsp;<\/p>\n<\/div>\n<\/div>\n<\/div>\n<\/div>\n<div class=\"mt-1 flex gap-3 empty:hidden -ml-2\">\n<div class=\"items-center justify-start rounded-xl p-1 flex\">\n<div class=\"flex items-center\">\n<div class=\"flex\"><\/div>\n<\/div>\n<div class=\"[&amp;_svg]:h-full [&amp;_svg]:w-full icon-md h-4 w-4\">\n<hr \/>\n<\/div>\n<\/div>\n<\/div>\n<p>&nbsp;<\/p>\n<p>&nbsp;<\/p>\n<p>&nbsp;<\/p>\n<p>&nbsp;<\/p>\n<p>DOVE FINISCE LA TANGENZIALE INIZIA IL PONTE DELLA MISSIAGA:\u00a0L&#8217;autista del furgone ha perso il controllo del mezzo invadendo cos\u00ec la corsia dove sopraggiungevano le due auto coinvolte nell&#8217;incidente. Lo scontro ha coinvolto sia italiani (della Valle del Biois) che stranieri. Le auto coinvolte sono una Volkswagen, una Hyundai Kona, mentre il camion \u00e8 un Iveco eurocargo.<\/p>\n<p>&nbsp;<\/p>\n<p><a class=\"dt-pswp-item\" href=\"https:\/\/www.radiopiu.net\/wordpress\/wp-content\/uploads\/2024\/08\/Senza-nome-11.png\" data-dt-img-description=\"\" data-large_image_width=\"927\" data-large_image_height=\"267\"><img loading=\"lazy\" decoding=\"async\" class=\"wp-image-403046 size-full alignnone\" src=\"https:\/\/www.radiopiu.net\/wordpress\/wp-content\/uploads\/2024\/08\/Senza-nome-11.png\" alt=\"\" width=\"927\" height=\"267\" srcset=\"https:\/\/www.radiopiu.net\/wordpress\/wp-content\/uploads\/2024\/08\/Senza-nome-11.png 927w, https:\/\/www.radiopiu.net\/wordpress\/wp-content\/uploads\/2024\/08\/Senza-nome-11-300x86.png 300w, https:\/\/www.radiopiu.net\/wordpress\/wp-content\/uploads\/2024\/08\/Senza-nome-11-768x221.png 768w, https:\/\/www.radiopiu.net\/wordpress\/wp-content\/uploads\/2024\/08\/Senza-nome-11-350x100.png 350w\" sizes=\"auto, (max-width: 927px) 100vw, 927px\" \/><\/a><\/p>\n<p>&nbsp;<\/p>\n<p><a class=\"dt-pswp-item\" href=\"https:\/\/www.radiopiu.net\/wordpress\/wp-content\/uploads\/2024\/08\/eac21efc-d866-4713-a1b5-385c1d26c41d-1.jpg\" data-dt-img-description=\"\" data-large_image_width=\"2048\" data-large_image_height=\"1152\"><img loading=\"lazy\" decoding=\"async\" class=\" wp-image-403024 alignleft\" src=\"https:\/\/www.radiopiu.net\/wordpress\/wp-content\/uploads\/2024\/08\/eac21efc-d866-4713-a1b5-385c1d26c41d-1-300x169.jpg\" alt=\"\" width=\"250\" height=\"141\" srcset=\"https:\/\/www.radiopiu.net\/wordpress\/wp-content\/uploads\/2024\/08\/eac21efc-d866-4713-a1b5-385c1d26c41d-1-300x169.jpg 300w, https:\/\/www.radiopiu.net\/wordpress\/wp-content\/uploads\/2024\/08\/eac21efc-d866-4713-a1b5-385c1d26c41d-1-1024x576.jpg 1024w, https:\/\/www.radiopiu.net\/wordpress\/wp-content\/uploads\/2024\/08\/eac21efc-d866-4713-a1b5-385c1d26c41d-1-768x432.jpg 768w, https:\/\/www.radiopiu.net\/wordpress\/wp-content\/uploads\/2024\/08\/eac21efc-d866-4713-a1b5-385c1d26c41d-1-1536x864.jpg 1536w, https:\/\/www.radiopiu.net\/wordpress\/wp-content\/uploads\/2024\/08\/eac21efc-d866-4713-a1b5-385c1d26c41d-1.jpg 2048w\" sizes=\"auto, (max-width: 250px) 100vw, 250px\" \/><\/a><strong>AGORDO<\/strong> Dalle 16.15 del pomeriggio la 203 agordina \u00e8 bloccata in entrambe le direzioni, per un grave incidente al Ponte della Missiaga, dove finisce la tangenziale. Un camion \u00e8 sbandato sulla sinistra schiacciando una wolswaghen contro il muro sul torrente <a class=\"dt-pswp-item\" href=\"https:\/\/www.radiopiu.net\/wordpress\/wp-content\/uploads\/2024\/08\/cc287ad2-f96a-43a6-9c18-4a59b7b3ff30-2.jpg\" data-dt-img-description=\"\" data-large_image_width=\"2048\" data-large_image_height=\"1152\"><img loading=\"lazy\" decoding=\"async\" class=\"size-medium wp-image-403039 alignright\" src=\"https:\/\/www.radiopiu.net\/wordpress\/wp-content\/uploads\/2024\/08\/cc287ad2-f96a-43a6-9c18-4a59b7b3ff30-2-300x169.jpg\" alt=\"\" width=\"300\" height=\"169\" srcset=\"https:\/\/www.radiopiu.net\/wordpress\/wp-content\/uploads\/2024\/08\/cc287ad2-f96a-43a6-9c18-4a59b7b3ff30-2-300x169.jpg 300w, https:\/\/www.radiopiu.net\/wordpress\/wp-content\/uploads\/2024\/08\/cc287ad2-f96a-43a6-9c18-4a59b7b3ff30-2-1024x576.jpg 1024w, https:\/\/www.radiopiu.net\/wordpress\/wp-content\/uploads\/2024\/08\/cc287ad2-f96a-43a6-9c18-4a59b7b3ff30-2-768x432.jpg 768w, https:\/\/www.radiopiu.net\/wordpress\/wp-content\/uploads\/2024\/08\/cc287ad2-f96a-43a6-9c18-4a59b7b3ff30-2-1536x864.jpg 1536w, https:\/\/www.radiopiu.net\/wordpress\/wp-content\/uploads\/2024\/08\/cc287ad2-f96a-43a6-9c18-4a59b7b3ff30-2.jpg 2048w\" sizes=\"auto, (max-width: 300px) 100vw, 300px\" \/><\/a>Missiaga, coinvolta una terza auto di turisti stranieri che non \u00e8 riuscita ad evitare l&#8217;impatto. Entrambe le auto viaggiavano in direzione Belluno Agordo.<br \/>\nOtto i feriti, uno in gravi condizioni elitrasportato al C\u00e0 Foncello di Treviso, un codice 2 trasferito al nosocomio di Belluno e sei pazienti (5 con ferite lievi e uno con ferite di media gravit\u00e0) rivoverati ad Agordo. Intervento dell&#8217;elicottero, ambulanza del Pronto Soccorso di Agordo, Croce Verde Alleghe\u00a0 Vigili del Fuoco. Rilievi in corso da parte dei Carabinieri giunti da pi\u00f9 stazioni (ore 17.52). Degli otto feriti uno risulta in condizioni gravi (codice 3) gli altri ospedalizzati con codici di media gravit\u00e0 e ferite leggere. Forti disagi al traffico con la 203 bloccata dalle 16.15 alle 18.45 . Intasata la viabilit\u00e0 comunale per Noach (La Valle) e lungo la Valle del Mis.<\/p>\n<p>&nbsp;<\/p>\n<p><a class=\"dt-pswp-item\" href=\"https:\/\/www.radiopiu.net\/wordpress\/wp-content\/uploads\/2024\/08\/42f71abf-1b36-4b38-b82f-da7e736a7775-1.jpg\" data-dt-img-description=\"\" data-large_image_width=\"2048\" data-large_image_height=\"1152\"><img loading=\"lazy\" decoding=\"async\" class=\"size-medium wp-image-403023 aligncenter\" src=\"https:\/\/www.radiopiu.net\/wordpress\/wp-content\/uploads\/2024\/08\/42f71abf-1b36-4b38-b82f-da7e736a7775-1-300x169.jpg\" alt=\"\" width=\"300\" height=\"169\" srcset=\"https:\/\/www.radiopiu.net\/wordpress\/wp-content\/uploads\/2024\/08\/42f71abf-1b36-4b38-b82f-da7e736a7775-1-300x169.jpg 300w, https:\/\/www.radiopiu.net\/wordpress\/wp-content\/uploads\/2024\/08\/42f71abf-1b36-4b38-b82f-da7e736a7775-1-1024x576.jpg 1024w, https:\/\/www.radiopiu.net\/wordpress\/wp-content\/uploads\/2024\/08\/42f71abf-1b36-4b38-b82f-da7e736a7775-1-768x432.jpg 768w, https:\/\/www.radiopiu.net\/wordpress\/wp-content\/uploads\/2024\/08\/42f71abf-1b36-4b38-b82f-da7e736a7775-1-1536x864.jpg 1536w, https:\/\/www.radiopiu.net\/wordpress\/wp-content\/uploads\/2024\/08\/42f71abf-1b36-4b38-b82f-da7e736a7775-1.jpg 2048w\" sizes=\"auto, (max-width: 300px) 100vw, 300px\" \/><\/a><\/p>\n<p><span style=\"color: #ff0000;\">\u00a0<\/span><\/p>\n\n\t\t\t<style type='text\/css'>\n\t\t\t\t#gallery-1 {\n\t\t\t\t\tmargin: auto;\n\t\t\t\t}\n\t\t\t\t#gallery-1 .gallery-item {\n\t\t\t\t\tfloat: left;\n\t\t\t\t\tmargin-top: 10px;\n\t\t\t\t\ttext-align: center;\n\t\t\t\t\twidth: 25%;\n\t\t\t\t}\n\t\t\t\t#gallery-1 img {\n\t\t\t\t\tborder: 2px solid #cfcfcf;\n\t\t\t\t}\n\t\t\t\t#gallery-1 .gallery-caption {\n\t\t\t\t\tmargin-left: 0;\n\t\t\t\t}\n\t\t\t\t\/* see gallery_shortcode() in wp-includes\/media.php *\/\n\t\t\t<\/style>\n\t\t<div id='gallery-1' class='dt-gallery-container gallery galleryid-403037 gallery-columns-4 gallery-size-medium'><dl class='gallery-item'>\n\t\t\t\t<dt class='gallery-icon landscape'>\n\t\t\t\t\t<a class=\"rollover rollover-zoom dt-pswp-item\" title=\"c6e62cf4-2c55-4bc8-abf6-f89bb168fae6\" data-dt-img-description=\"\" data-large_image_width=\"960\" data-large_image_height=\"732\"href='https:\/\/www.radiopiu.net\/wordpress\/wp-content\/uploads\/2024\/08\/c6e62cf4-2c55-4bc8-abf6-f89bb168fae6.jpeg'><img loading=\"lazy\" decoding=\"async\" width=\"300\" height=\"229\" src=\"https:\/\/www.radiopiu.net\/wordpress\/wp-content\/uploads\/2024\/08\/c6e62cf4-2c55-4bc8-abf6-f89bb168fae6-300x229.jpeg\" class=\"attachment-medium size-medium\" alt=\"\" srcset=\"https:\/\/www.radiopiu.net\/wordpress\/wp-content\/uploads\/2024\/08\/c6e62cf4-2c55-4bc8-abf6-f89bb168fae6-300x229.jpeg 300w, https:\/\/www.radiopiu.net\/wordpress\/wp-content\/uploads\/2024\/08\/c6e62cf4-2c55-4bc8-abf6-f89bb168fae6-768x586.jpeg 768w, https:\/\/www.radiopiu.net\/wordpress\/wp-content\/uploads\/2024\/08\/c6e62cf4-2c55-4bc8-abf6-f89bb168fae6.jpeg 960w\" sizes=\"auto, (max-width: 300px) 100vw, 300px\" \/><\/a>\n\t\t\t\t<\/dt><\/dl><dl class='gallery-item'>\n\t\t\t\t<dt class='gallery-icon portrait'>\n\t\t\t\t\t<a class=\"rollover rollover-zoom dt-pswp-item\" title=\"4f1ec81e-5564-4e69-ade6-f20e54604a19\" data-dt-img-description=\"\" data-large_image_width=\"960\" data-large_image_height=\"1280\"href='https:\/\/www.radiopiu.net\/wordpress\/wp-content\/uploads\/2024\/08\/4f1ec81e-5564-4e69-ade6-f20e54604a19.jpeg'><img loading=\"lazy\" decoding=\"async\" width=\"225\" height=\"300\" src=\"https:\/\/www.radiopiu.net\/wordpress\/wp-content\/uploads\/2024\/08\/4f1ec81e-5564-4e69-ade6-f20e54604a19-225x300.jpeg\" class=\"attachment-medium size-medium\" alt=\"\" srcset=\"https:\/\/www.radiopiu.net\/wordpress\/wp-content\/uploads\/2024\/08\/4f1ec81e-5564-4e69-ade6-f20e54604a19-225x300.jpeg 225w, https:\/\/www.radiopiu.net\/wordpress\/wp-content\/uploads\/2024\/08\/4f1ec81e-5564-4e69-ade6-f20e54604a19-768x1024.jpeg 768w, https:\/\/www.radiopiu.net\/wordpress\/wp-content\/uploads\/2024\/08\/4f1ec81e-5564-4e69-ade6-f20e54604a19.jpeg 960w\" sizes=\"auto, (max-width: 225px) 100vw, 225px\" \/><\/a>\n\t\t\t\t<\/dt><\/dl><dl class='gallery-item'>\n\t\t\t\t<dt class='gallery-icon landscape'>\n\t\t\t\t\t<a class=\"rollover rollover-zoom dt-pswp-item\" title=\"e186f52c-fea8-4b56-945f-d99bf4fc1194\" data-dt-img-description=\"\" data-large_image_width=\"1022\" data-large_image_height=\"735\"href='https:\/\/www.radiopiu.net\/wordpress\/wp-content\/uploads\/2024\/08\/e186f52c-fea8-4b56-945f-d99bf4fc1194.jpeg'><img loading=\"lazy\" decoding=\"async\" width=\"300\" height=\"216\" src=\"https:\/\/www.radiopiu.net\/wordpress\/wp-content\/uploads\/2024\/08\/e186f52c-fea8-4b56-945f-d99bf4fc1194-300x216.jpeg\" class=\"attachment-medium size-medium\" alt=\"\" srcset=\"https:\/\/www.radiopiu.net\/wordpress\/wp-content\/uploads\/2024\/08\/e186f52c-fea8-4b56-945f-d99bf4fc1194-300x216.jpeg 300w, https:\/\/www.radiopiu.net\/wordpress\/wp-content\/uploads\/2024\/08\/e186f52c-fea8-4b56-945f-d99bf4fc1194-768x552.jpeg 768w, https:\/\/www.radiopiu.net\/wordpress\/wp-content\/uploads\/2024\/08\/e186f52c-fea8-4b56-945f-d99bf4fc1194.jpeg 1022w\" sizes=\"auto, (max-width: 300px) 100vw, 300px\" \/><\/a>\n\t\t\t\t<\/dt><\/dl><dl class='gallery-item'>\n\t\t\t\t<dt class='gallery-icon landscape'>\n\t\t\t\t\t<a class=\"rollover rollover-zoom dt-pswp-item\" title=\"d8cb5981-3205-478b-b3ab-e0cdd9573548\" data-dt-img-description=\"\" data-large_image_width=\"1280\" data-large_image_height=\"960\"href='https:\/\/www.radiopiu.net\/wordpress\/wp-content\/uploads\/2024\/08\/d8cb5981-3205-478b-b3ab-e0cdd9573548.jpeg'><img loading=\"lazy\" decoding=\"async\" width=\"300\" height=\"225\" src=\"https:\/\/www.radiopiu.net\/wordpress\/wp-content\/uploads\/2024\/08\/d8cb5981-3205-478b-b3ab-e0cdd9573548-300x225.jpeg\" class=\"attachment-medium size-medium\" alt=\"\" srcset=\"https:\/\/www.radiopiu.net\/wordpress\/wp-content\/uploads\/2024\/08\/d8cb5981-3205-478b-b3ab-e0cdd9573548-300x225.jpeg 300w, https:\/\/www.radiopiu.net\/wordpress\/wp-content\/uploads\/2024\/08\/d8cb5981-3205-478b-b3ab-e0cdd9573548-1024x768.jpeg 1024w, https:\/\/www.radiopiu.net\/wordpress\/wp-content\/uploads\/2024\/08\/d8cb5981-3205-478b-b3ab-e0cdd9573548-768x576.jpeg 768w, https:\/\/www.radiopiu.net\/wordpress\/wp-content\/uploads\/2024\/08\/d8cb5981-3205-478b-b3ab-e0cdd9573548.jpeg 1280w\" sizes=\"auto, (max-width: 300px) 100vw, 300px\" \/><\/a>\n\t\t\t\t<\/dt><\/dl><br style=\"clear: both\" \/>\n\t\t\t<\/div>\n\n<p><span style=\"color: #ff0000;\">\u00a0<\/span><\/p>\n<p><strong><a class=\"dt-pswp-item\" href=\"https:\/\/www.radiopiu.net\/wordpress\/wp-content\/uploads\/2024\/08\/1080e7f1-40d0-4f5d-832d-7a88d99c9107.jpeg\" data-dt-img-description=\"\" data-large_image_width=\"1280\" data-large_image_height=\"591\"><img loading=\"lazy\" decoding=\"async\" class=\" wp-image-403062 alignleft\" src=\"https:\/\/www.radiopiu.net\/wordpress\/wp-content\/uploads\/2024\/08\/1080e7f1-40d0-4f5d-832d-7a88d99c9107-300x139.jpeg\" alt=\"\" width=\"183\" height=\"85\" srcset=\"https:\/\/www.radiopiu.net\/wordpress\/wp-content\/uploads\/2024\/08\/1080e7f1-40d0-4f5d-832d-7a88d99c9107-300x139.jpeg 300w, https:\/\/www.radiopiu.net\/wordpress\/wp-content\/uploads\/2024\/08\/1080e7f1-40d0-4f5d-832d-7a88d99c9107-1024x473.jpeg 1024w, https:\/\/www.radiopiu.net\/wordpress\/wp-content\/uploads\/2024\/08\/1080e7f1-40d0-4f5d-832d-7a88d99c9107-768x355.jpeg 768w, https:\/\/www.radiopiu.net\/wordpress\/wp-content\/uploads\/2024\/08\/1080e7f1-40d0-4f5d-832d-7a88d99c9107.jpeg 1280w\" sizes=\"auto, (max-width: 183px) 100vw, 183px\" \/><\/a>AGORDO, INCIDENTE TRA DUE AUTO E UN CAMION DI MEDIE DIMENSIONI: OTTO FERITI<\/strong><\/p>\n<p>Dalle 16:15, di venerd\u00ec 2 agosto, i vigili del fuoco stanno operando in localit\u00e0 ponte Alto nel comune di Agordo per un incidente stradale tra due auto e un camion di medie dimensioni: otto persone ferite.<br \/>\nLe squadre dei vigili del fuoco accorse dal distaccamento permanente e volontario del posto e da Belluno, hanno messo in sicurezza i mezzi ed estratto le persone incastrate coadiuvando i soccorsi sanitari. Due feriti sono stati stabilizzati e trasferiti in elicottero negli ospedali di Belluno e Treviso. Gli altri feriti dopo le prime cure sono stati trasferiti in ambulanza nel locale ospedale.<br \/>\nI carabinieri hanno deviato il traffico ed eseguito i rilievi del sinistro. Ancora in corso il recupero del camion da parte dell\u2019autogr\u00f9 dei vigili del fuoco.<\/p>\n<p><span style=\"color: #ff0000;\">\u00a0<\/span><\/p>\n<blockquote>\n<h1><strong>Ciclista Veneziano in Gravi Condizioni Dopo Incidente a Passo Falzarego<\/strong><\/h1>\n<\/blockquote>\n<p>&nbsp;<\/p>\n<p><strong>LIVINALLONGO <\/strong> Un ciclista settantenne di Venezia \u00e8 ricoverato in gravi condizioni all&#8217;ospedale Ca&#8217; Foncello. L&#8217;incidente \u00e8 avvenuto ieri pomeriggio Il ciclista, stabilizzato e intubato dai medici del Suem, \u00e8 stato trasportato in elicottero all&#8217;ospedale di Treviso, dove si trova ora in prognosi riservata. Le sue condizioni sono critiche .<\/p>\n<p><strong>LIVINALLONGO<\/strong>\u00a0Il due agosto scorso le cronache riportano un incidente stradale, a Passo Falzarego, che ha coinvolto una biciclietta ed un\u2019auto. M.C., persona informata sui fatti, probabilmente perch\u00e9 presente ci scrive\u00a0<em>\u201cContrariamente a quanto riportato, non vi \u00e8 stata alcuna manovra da parte del veicolo coinvolto. La persona in questione stava procedendo normalmente lungo la sua strada in bicicletta ed \u00e8 stata colpita da una vettura, che non era in fase di manovra, ma in fase di sorpasso che ha causato l\u2019impatto. \u00c8 questa la ricostruzione corretta dell\u2019accaduto\u201d.<\/em><\/p>\n<p><strong>redazione<\/strong>\u00a0Prendiamo atto della ricostruzione e ringraziamo per la precisazione<\/p>\n<blockquote>\n<h1>Incidenti Stradali: Efficienza nei Soccorsi ma Disorganizzazione nella Gestione del Traffico<\/h1>\n<\/blockquote>\n<p><strong>PARALISI TOTALE DEL TRAFFICO (foto tangenziale ore 18), GALLERIA INTASATA TRA IMPRECAZIONI E URLA DEI PIU&#8217; PICCOLI RIMASTI AL BUIO E NELLO SMOG. CINQUE ORE PER SPOSTARE UN CAMION. UNICHE INFORMAZIONI SU RADIO PIU&#8217;, CHAT VIABILITA&#8217; PROVINCIA DI BELLUNO, PAGINA FACEBOOK VENETO STRADE.\u00a0<\/strong><\/p>\n<p>&nbsp;<\/p>\n<p><img decoding=\"async\" src=\"https:\/\/www.radiopiu.net\/wordpress\/wp-content\/uploads\/2024\/08\/Senza-nome-11.png\" \/><\/p>\n<p><strong><a class=\"dt-pswp-item\" href=\"https:\/\/www.radiopiu.net\/wordpress\/wp-content\/uploads\/2024\/08\/453746971_916305813871425_992817220034858448_n.jpg\" data-dt-img-description=\"\" data-large_image_width=\"526\" data-large_image_height=\"701\"><img loading=\"lazy\" decoding=\"async\" class=\"size-medium wp-image-403089 alignleft\" src=\"https:\/\/www.radiopiu.net\/wordpress\/wp-content\/uploads\/2024\/08\/453746971_916305813871425_992817220034858448_n-225x300.jpg\" alt=\"\" width=\"225\" height=\"300\" srcset=\"https:\/\/www.radiopiu.net\/wordpress\/wp-content\/uploads\/2024\/08\/453746971_916305813871425_992817220034858448_n-225x300.jpg 225w, https:\/\/www.radiopiu.net\/wordpress\/wp-content\/uploads\/2024\/08\/453746971_916305813871425_992817220034858448_n.jpg 526w\" sizes=\"auto, (max-width: 225px) 100vw, 225px\" \/><\/a>Agordo<\/strong> &#8211; Un grave incidente al Ponte della Missiaga, alle porte di Agordo, ha sollevato una serie di preoccupazioni riguardo alla gestione delle emergenze stradali. L&#8217;episodio, avvenuto alle 16.15, ha visto il coinvolgimento di un camion e ha provocato il ferimento di otto persone. L&#8217;intervento immediato e professionale delle unit\u00e0 del Suem, dei Vigili del Fuoco di Agordo e delle ambulanze \u00e8 stato encomiabile. I soccorsi sono stati tempestivi: l&#8217;elicottero \u00e8 arrivato rapidamente sul Col di Foglia, mentre le ambulanze hanno trasportato i feriti verso gli ospedali di Agordo, Belluno e Treviso.<\/p>\n<p>Tuttavia, le critiche si concentrano sulla gestione del traffico post-incidente. La strada \u00e8 rimasta chiusa dalle 16.15 alle 21, con qualche finestra di apertura ma solo verso le 19 (a 3 ore dall&#8217;incidente) causando disagi considerevoli agli automobilisti bloccati sotto il sole per cinque ore, senza ricevere alcuna comunicazione ufficiale dalle Istituzioni in divisa. Radio Pi\u00f9 ha fatto di tutto per ottenere informazioni, ma non ha ricevuto alcun comunicato da parte delle autorit\u00e0 competenti, anzi abbiamo incassato un paio di richiami perch\u00e8 eravamo sul posto e abbiamo pure rischiato di essere cacciati e quasi insultati a voce alta\u00a0 <em>&#8220;Siete qui per fare fotografie?&#8221;..<\/em>. No caro Carabiniere in divisa,\u00a0 eravamo l\u00ec per informare perch\u00e9 nessuno di Voi ha pensato a farlo. <span style=\"color: #0000ff;\"><strong>Solo Veneto Strade<\/strong> <\/span>sulla pagina facebook (foto) ha aggiornato in tempo reale sulla situazione, ma non tutti (soprattutto dall&#8217;auto) hanno a disposizione il canale facebook. tantomeno mentre sono alla guida, le norme di sicurezza non lo permettono nemmeno.<\/p>\n<p><strong>ORE 21.00, CINQUE ORE DOPO L&#8217;INCIDENTE<\/strong><\/p>\n<div class=\"html-div xdj266r x11i5rnm xat24cr x1mh8g0r xexx8yu x4uap5 x18d9i69 xkhd6sd\">\n<div class=\"html-div xdj266r x11i5rnm xat24cr x1mh8g0r xexx8yu x4uap5 x18d9i69 xkhd6sd\" dir=\"auto\">\n<div id=\":r1l1:\" class=\"x1iorvi4 x1pi30zi x1swvt13 xjkvuk6\" data-ad-comet-preview=\"message\" data-ad-preview=\"message\">\n<div class=\"x78zum5 xdt5ytf xz62fqu x16ldp7u\">\n<div class=\"xu06os2 x1ok221b\">\n<div class=\"xdj266r x11i5rnm xat24cr x1mh8g0r x1vvkbs x126k92a\">\n<div dir=\"auto\"><span class=\"html-span xexx8yu x4uap5 x18d9i69 xkhd6sd x1hl2dhg x16tdsg8 x1vvkbs x3nfvp2 x1j61x8r x1fcty0u xdj266r xat24cr xgzva0m xhhsvwb xxymvpz xlup9mm x1kky2od\"><img loading=\"lazy\" decoding=\"async\" class=\"xz74otr\" src=\"https:\/\/static.xx.fbcdn.net\/images\/emoji.php\/v9\/tfc\/1\/16\/1f7e2.png\" alt=\"&#x1f7e2;\" width=\"16\" height=\"16\" \/><\/span>ATTENZIONE <span class=\"html-span xexx8yu x4uap5 x18d9i69 xkhd6sd x1hl2dhg x16tdsg8 x1vvkbs x3nfvp2 x1j61x8r x1fcty0u xdj266r xat24cr xgzva0m xhhsvwb xxymvpz xlup9mm x1kky2od\"><img loading=\"lazy\" decoding=\"async\" class=\"xz74otr\" src=\"https:\/\/static.xx.fbcdn.net\/images\/emoji.php\/v9\/tfc\/1\/16\/1f7e2.png\" alt=\"&#x1f7e2;\" width=\"16\" height=\"16\" \/><\/span><\/div>\n<div dir=\"auto\">SR 203 \u201cAgordina\u201d riaperta in entrambi i sensi di marcia dopo un incidente in localit\u00e0 Ponte Missiaga alle porte di Agordo, avvenuto questo pomeriggio.<\/div>\n<\/div>\n<\/div>\n<\/div>\n<\/div>\n<\/div>\n<\/div>\n<div>\n<div class=\"x168nmei x13lgxp2 x30kzoy x9jhf4c x6ikm8r x10wlt62\" data-visualcompletion=\"ignore-dynamic\">\n<div>\n<div>\n<div>\n<div class=\"x1n2onr6\">\n<div class=\"x6s0dn4 xi81zsa x78zum5 x6prxxf x13a6bvl xvq8zen xdj266r xat24cr x1d52u69 xktsk01 x889kno x1a8lsjc xkhd6sd x4uap5 x80vd3b x1q0q8m5 xso031l\">\n<div class=\"x6s0dn4 x78zum5 x1iyjqo2 x6ikm8r x10wlt62\">\n<div class=\"\">\n<div class=\"x1i10hfl xjbqb8w x1ejq31n xd10rxx x1sy0etr x17r0tee x972fbf xcfux6l x1qhh985 xm0m39n x9f619 x1ypdohk xe8uvvx xdj266r x11i5rnm xat24cr x1mh8g0r xexx8yu x4uap5 x18d9i69 xkhd6sd x16tdsg8 x1hl2dhg xggy1nq x1o1ewxj x3x9cwd x1e5q0jg x13rtm0m x1n2onr6 x87ps6o x1lku1pv x1a2a7pz x1heor9g xnl1qt8 x6ikm8r x10wlt62 x1vjfegm x1lliihq\" tabindex=\"0\" role=\"button\"><\/div>\n<\/div>\n<\/div>\n<div class=\"x9f619 x1n2onr6 x1ja2u2z x78zum5 x2lah0s x1qughib x1qjc9v5 xozqiw3 x1q0g3np xykv574 xbmpl8g x4cne27 xifccgj\"><a class=\"dt-pswp-item\" href=\"https:\/\/www.radiopiu.net\/wordpress\/wp-content\/uploads\/2024\/08\/453417189_916327633869243_4122773375598448965_n.jpg\" data-dt-img-description=\"\" data-large_image_width=\"160\" data-large_image_height=\"213\"><img loading=\"lazy\" decoding=\"async\" class=\"size-full wp-image-403091 alignleft\" src=\"https:\/\/www.radiopiu.net\/wordpress\/wp-content\/uploads\/2024\/08\/453417189_916327633869243_4122773375598448965_n.jpg\" alt=\"\" width=\"160\" height=\"213\" \/><\/a>Le informazioni sono state raccolte solo grazie agli sforzi di alcuni giornalisti, costretti a percorrere due chilometri a piedi pi\u00f9 volte nel pomeriggio per ottenere aggiornamenti. Questo ha portato a domande legittime: perch\u00e9 le istituzioni non hanno comunicato adeguatamente con il pubblico? Perch\u00e9 la Protezione Civile non ha deviato il traffico attraverso percorsi alternativi come la Valle del Mis o Passo Staulanza? Eppure sul luogo dell&#8217;incidente di Carabinieri ne abbiamo visti tanti, ma tutti li&#8217; sul Ponte della Missiaga, non nei punti nevralgici della 203 agordina.<\/div>\n<\/div>\n<\/div>\n<\/div>\n<\/div>\n<\/div>\n<\/div>\n<\/div>\n<p>L&#8217;assenza di un piano di emergenza efficace \u00e8 stato evidente. Molti automobilisti, compresi bambini, sono rimasti bloccati nella galleria dei Castei per ore senza nessuna assistenza. La Polizia Locale e le Forze dell&#8217;Ordine non hanno nemmeno pensato a coordinare un piano di deviazione sulla tangenziale di Agordo. Le uniche informazioni in tempo reale durante l&#8217;emergenza erano disponibili tramite la chat &#8220;Viabilit\u00e0 Provincia di Belluno&#8221; e Radio Pi\u00f9, ma questo non \u00e8 sufficiente.<\/p>\n<p>\u00c8 chiaro che ci sono stati gravi difetti nella gestione di questa emergenza. Ci si aspetta che il nuovo Prefetto intervenga per chiarire e risolvere le lacune organizzative che sono emerse, il giorno prima la stessa situazione lungo la 346 del San Pellegrino con traffico bloccato per tutta la 203 agordina nel centro nevralgico dell&#8217;Agordino: Cencenighe.<\/p>\n<div class=\"flex flex-grow flex-col max-w-full\">\n<div class=\"min-h-[20px] text-message flex w-full flex-col items-end gap-2 whitespace-pre-wrap break-words [.text-message+&amp;]:mt-5 overflow-x-auto\" dir=\"auto\" data-message-author-role=\"assistant\" data-message-id=\"4997c01b-11b9-48c8-9284-82d2ab9cc2b3\">\n<div class=\"flex w-full flex-col gap-1 empty:hidden first:pt-[3px]\">\n<div class=\"markdown prose w-full break-words dark:prose-invert dark\">\n<p>Radio Pi\u00f9, sottolinea l&#8217;urgenza di risolvere questi problemi per evitare che simili disagi si ripetano in futuro: &#8220;Cinque ore per spostare un camion dal Ponte della Missiaga non sono accettabili. Speriamo che il Prefetto faccia chiarezza su come non \u00e8 stata gestita l&#8217;emergenza&#8221;.<\/p>\n<p>Ultima annotazione: la regionale 203 agordina \u00e8 quotidianamente un circuito automobilistico con continui sorpassi in linea continua, motociclisti indisciplinati che salgono dalla pianura per provare il brivido delle &#8220;pieghe alla Schettino sui Passi Dolomtici&#8221;, percorriamo spesso la 203, terrorizzati e pochissime volte notiamo posti di blocco, controlli con autovelox da parte di persone in divisa e competenti, forse \u00e8 il caso di intervenire prima che sia troppo tardi. Ergo: \u00e8 troppo tardi!<\/p>\n<p>di Mirko Mezzacasa<\/p>\n<\/div>\n<\/div>\n<\/div>\n<\/div>\n<div class=\"mt-1 flex gap-3 empty:hidden -ml-2\">\n<div class=\"items-center justify-start rounded-xl p-1 flex\">\n<div class=\"flex items-center\">\n<p>&nbsp;<\/p>\n<div class=\"flex\">\n<hr \/>\n<\/div>\n<div class=\"flex items-center pb-0\">\n<div class=\"[&amp;_svg]:h-full [&amp;_svg]:w-full icon-md h-4 w-4\"><\/div>\n<\/div>\n<\/div>\n<\/div>\n<\/div>\n<p>&nbsp;<\/p>\n<p>&nbsp;<\/p>\n<p>&nbsp;<\/p>\n<p>&nbsp;<\/p>\n<p>___<\/p>\n","protected":false},"excerpt":{"rendered":"<p>*** &nbsp; REDAZIONE Poco fa alle 10, abbiamo ricevuto dai parenti del ferito pi\u00f9 grave dell&#8217;incidente, un uomo della Valle del Biois: non \u00e8 pi\u00f9 in terapia intensiva, ma in medicina d&#8217;urgenza, non \u00e8 in pericolo di vita e le sue condizioni non sono PIU&#8217; GRAVI. &nbsp; Gli altri sette feriti coinvolti, trasportati agli ospedali&hellip;<\/p>\n","protected":false},"author":4,"featured_media":403056,"comment_status":"closed","ping_status":"closed","sticky":false,"template":"","format":"standard","meta":{"_monsterinsights_skip_tracking":false,"_monsterinsights_sitenote_active":false,"_monsterinsights_sitenote_note":"","_monsterinsights_sitenote_category":0,"footnotes":""},"categories":[51,49],"tags":[],"class_list":["post-403037","post","type-post","status-publish","format-standard","has-post-thumbnail","hentry","category-evidenza-top","category-news-18","category-51","category-49","description-off"],"img_url":"https:\/\/www.radiopiu.net\/wordpress\/wp-content\/uploads\/2024\/08\/c6e62cf4-2c55-4bc8-abf6-f89bb168fae6.jpeg","_links":{"self":[{"href":"https:\/\/www.radiopiu.net\/wordpress\/wp-json\/wp\/v2\/posts\/403037","targetHints":{"allow":["GET"]}}],"collection":[{"href":"https:\/\/www.radiopiu.net\/wordpress\/wp-json\/wp\/v2\/posts"}],"about":[{"href":"https:\/\/www.radiopiu.net\/wordpress\/wp-json\/wp\/v2\/types\/post"}],"author":[{"embeddable":true,"href":"https:\/\/www.radiopiu.net\/wordpress\/wp-json\/wp\/v2\/users\/4"}],"replies":[{"embeddable":true,"href":"https:\/\/www.radiopiu.net\/wordpress\/wp-json\/wp\/v2\/comments?post=403037"}],"version-history":[{"count":26,"href":"https:\/\/www.radiopiu.net\/wordpress\/wp-json\/wp\/v2\/posts\/403037\/revisions"}],"predecessor-version":[{"id":411039,"href":"https:\/\/www.radiopiu.net\/wordpress\/wp-json\/wp\/v2\/posts\/403037\/revisions\/411039"}],"wp:featuredmedia":[{"embeddable":true,"href":"https:\/\/www.radiopiu.net\/wordpress\/wp-json\/wp\/v2\/media\/403056"}],"wp:attachment":[{"href":"https:\/\/www.radiopiu.net\/wordpress\/wp-json\/wp\/v2\/media?parent=403037"}],"wp:term":[{"taxonomy":"category","embeddable":true,"href":"https:\/\/www.radiopiu.net\/wordpress\/wp-json\/wp\/v2\/categories?post=403037"},{"taxonomy":"post_tag","embeddable":true,"href":"https:\/\/www.radiopiu.net\/wordpress\/wp-json\/wp\/v2\/tags?post=403037"}],"curies":[{"name":"wp","href":"https:\/\/api.w.org\/{rel}","templated":true}]}}