{"id":403203,"date":"2024-08-03T20:11:38","date_gmt":"2024-08-03T18:11:38","guid":{"rendered":"https:\/\/www.radiopiu.net\/wordpress\/?p=403203"},"modified":"2024-08-03T20:11:38","modified_gmt":"2024-08-03T18:11:38","slug":"alexia-a-lignano-e-moreno-in-prima-linea","status":"publish","type":"post","link":"https:\/\/www.radiopiu.net\/wordpress\/alexia-a-lignano-e-moreno-in-prima-linea\/","title":{"rendered":"ALEXIA A LIGNANO&#8230;E MORENO IN PRIMA LINEA"},"content":{"rendered":"<p>********<\/p>\n<p>&nbsp;<\/p>\n<p><strong>LIGNANO SABBIADORO<\/strong> Si \u00e8 svolto venerd\u00ec sera alla Beach Arena di Lignano Sabbiadoro il concerto di Alexia, una tra le artiste italiane pi\u00f9 famose a livello internazionale. Ha debuttato nel 1995 con il singolo &#8220;Me and You&#8221;, che \u00e8 diventato un successo in Italia e in Spagna. Da allora, ha venduto oltre 5 milioni di dischi in tutto il mondo, conquistando numerosi premi, tra cui 8 Dischi d\u2019Oro e 2 di Platino. Tra il pubblico anche Moreno Tocchetto che in questi gironi si trova con la famiglia nella localit\u00e0 balneare del Friuli Venezia Giulia. Un concerto gratuito che ha attirato molto pubblico. &#8220;Essere in vacanza a Lignano e vedere Alexia gratis dal vivo. Bravissima e sempre una voce strepitosa&#8221; ci ha detto Moreno. Moreno Tocchetto e Stefano Conte avevano avuto l&#8217;occasione di intervistare l&#8217;artista della provincia di La Spezia nel 1997 a Radio Piu&#8217; come ci ricorda un articolo dell&#8217;epoca.<\/p>\n\n\t\t\t<style type='text\/css'>\n\t\t\t\t#gallery-1 {\n\t\t\t\t\tmargin: auto;\n\t\t\t\t}\n\t\t\t\t#gallery-1 .gallery-item {\n\t\t\t\t\tfloat: left;\n\t\t\t\t\tmargin-top: 10px;\n\t\t\t\t\ttext-align: center;\n\t\t\t\t\twidth: 100%;\n\t\t\t\t}\n\t\t\t\t#gallery-1 img {\n\t\t\t\t\tborder: 2px solid #cfcfcf;\n\t\t\t\t}\n\t\t\t\t#gallery-1 .gallery-caption {\n\t\t\t\t\tmargin-left: 0;\n\t\t\t\t}\n\t\t\t\t\/* see gallery_shortcode() in wp-includes\/media.php *\/\n\t\t\t<\/style>\n\t\t<div id='gallery-1' class='dt-gallery-container gallery galleryid-403203 gallery-columns-1 gallery-size-medium'><dl class='gallery-item'>\n\t\t\t\t<dt class='gallery-icon portrait'>\n\t\t\t\t\t<a class=\"rollover rollover-zoom dt-pswp-item\" title=\"2331a0e9-6135-4bc4-b463-1a0be29a3f3c\" data-dt-img-description=\"\" data-large_image_width=\"453\" data-large_image_height=\"604\"href='https:\/\/www.radiopiu.net\/wordpress\/wp-content\/uploads\/2024\/08\/2331a0e9-6135-4bc4-b463-1a0be29a3f3c.jpg'><img loading=\"lazy\" decoding=\"async\" width=\"225\" height=\"300\" src=\"https:\/\/www.radiopiu.net\/wordpress\/wp-content\/uploads\/2024\/08\/2331a0e9-6135-4bc4-b463-1a0be29a3f3c-225x300.jpg\" class=\"attachment-medium size-medium\" alt=\"\" aria-describedby=\"gallery-1-403204\" srcset=\"https:\/\/www.radiopiu.net\/wordpress\/wp-content\/uploads\/2024\/08\/2331a0e9-6135-4bc4-b463-1a0be29a3f3c-225x300.jpg 225w, https:\/\/www.radiopiu.net\/wordpress\/wp-content\/uploads\/2024\/08\/2331a0e9-6135-4bc4-b463-1a0be29a3f3c.jpg 453w\" sizes=\"auto, (max-width: 225px) 100vw, 225px\" \/><\/a>\n\t\t\t\t<\/dt>\n\t\t\t\t\t<dd class='wp-caption-text gallery-caption' id='gallery-1-403204'>\n\t\t\t\t\tL&#8217;ARTICOLO DEL CORRIERE DELLE ALPI 1997\n\t\t\t\t\t<\/dd><\/dl><br style=\"clear: both\" \/>\n\t\t\t<\/div>\n\n<p>&nbsp;<\/p>\n<p><strong>IL VIDEO<\/strong><\/p>\n<div style=\"width: 848px;\" class=\"wp-video\"><video class=\"wp-video-shortcode\" id=\"video-403203-1\" width=\"848\" height=\"480\" preload=\"metadata\" controls=\"controls\"><source type=\"video\/mp4\" src=\"https:\/\/www.radiopiu.net\/wordpress\/wp-content\/uploads\/2024\/08\/WhatsApp-Video-2024-08-03-at-20.02.20.mp4?_=1\" \/><a href=\"https:\/\/www.radiopiu.net\/wordpress\/wp-content\/uploads\/2024\/08\/WhatsApp-Video-2024-08-03-at-20.02.20.mp4\">https:\/\/www.radiopiu.net\/wordpress\/wp-content\/uploads\/2024\/08\/WhatsApp-Video-2024-08-03-at-20.02.20.mp4<\/a><\/video><\/div>\n<p>&nbsp;<\/p>\n<p>&nbsp;<\/p>\n<p>*********<\/p>\n","protected":false},"excerpt":{"rendered":"<p>******** &nbsp; LIGNANO SABBIADORO Si \u00e8 svolto venerd\u00ec sera alla Beach Arena di Lignano Sabbiadoro il concerto di Alexia, una tra le artiste italiane pi\u00f9 famose a livello internazionale. Ha debuttato nel 1995 con il singolo &#8220;Me and You&#8221;, che \u00e8 diventato un successo in Italia e in Spagna. Da allora, ha venduto oltre 5&hellip;<\/p>\n","protected":false},"author":4,"featured_media":403206,"comment_status":"closed","ping_status":"closed","sticky":false,"template":"","format":"standard","meta":{"_monsterinsights_skip_tracking":false,"_monsterinsights_sitenote_active":false,"_monsterinsights_sitenote_note":"","_monsterinsights_sitenote_category":0,"footnotes":""},"categories":[49],"tags":[],"class_list":["post-403203","post","type-post","status-publish","format-standard","has-post-thumbnail","hentry","category-news-18","category-49","description-off"],"img_url":"https:\/\/www.radiopiu.net\/wordpress\/wp-content\/uploads\/2024\/08\/SCR-20240803-rnsp.jpeg","_links":{"self":[{"href":"https:\/\/www.radiopiu.net\/wordpress\/wp-json\/wp\/v2\/posts\/403203","targetHints":{"allow":["GET"]}}],"collection":[{"href":"https:\/\/www.radiopiu.net\/wordpress\/wp-json\/wp\/v2\/posts"}],"about":[{"href":"https:\/\/www.radiopiu.net\/wordpress\/wp-json\/wp\/v2\/types\/post"}],"author":[{"embeddable":true,"href":"https:\/\/www.radiopiu.net\/wordpress\/wp-json\/wp\/v2\/users\/4"}],"replies":[{"embeddable":true,"href":"https:\/\/www.radiopiu.net\/wordpress\/wp-json\/wp\/v2\/comments?post=403203"}],"version-history":[{"count":1,"href":"https:\/\/www.radiopiu.net\/wordpress\/wp-json\/wp\/v2\/posts\/403203\/revisions"}],"predecessor-version":[{"id":403207,"href":"https:\/\/www.radiopiu.net\/wordpress\/wp-json\/wp\/v2\/posts\/403203\/revisions\/403207"}],"wp:featuredmedia":[{"embeddable":true,"href":"https:\/\/www.radiopiu.net\/wordpress\/wp-json\/wp\/v2\/media\/403206"}],"wp:attachment":[{"href":"https:\/\/www.radiopiu.net\/wordpress\/wp-json\/wp\/v2\/media?parent=403203"}],"wp:term":[{"taxonomy":"category","embeddable":true,"href":"https:\/\/www.radiopiu.net\/wordpress\/wp-json\/wp\/v2\/categories?post=403203"},{"taxonomy":"post_tag","embeddable":true,"href":"https:\/\/www.radiopiu.net\/wordpress\/wp-json\/wp\/v2\/tags?post=403203"}],"curies":[{"name":"wp","href":"https:\/\/api.w.org\/{rel}","templated":true}]}}