{"id":403312,"date":"2024-08-04T20:47:20","date_gmt":"2024-08-04T18:47:20","guid":{"rendered":"https:\/\/www.radiopiu.net\/wordpress\/?p=403312"},"modified":"2024-08-05T05:26:07","modified_gmt":"2024-08-05T03:26:07","slug":"raffica-di-interventi-per-il-soccorso-alpino","status":"publish","type":"post","link":"https:\/\/www.radiopiu.net\/wordpress\/raffica-di-interventi-per-il-soccorso-alpino\/","title":{"rendered":"RAFFICA DI INTERVENTI PER IL SOCCORSO ALPINO"},"content":{"rendered":"<p>******<\/p>\n<p>&nbsp;<\/p>\n<p><strong><a class=\"dt-pswp-item\" href=\"https:\/\/www.radiopiu.net\/wordpress\/wp-content\/uploads\/2024\/08\/Watermark_20240804_174127_673.jpg\" data-dt-img-description=\"\" data-large_image_width=\"2364\" data-large_image_height=\"1773\"><img loading=\"lazy\" decoding=\"async\" class=\"size-medium wp-image-403314 alignleft\" src=\"https:\/\/www.radiopiu.net\/wordpress\/wp-content\/uploads\/2024\/08\/Watermark_20240804_174127_673-300x225.jpg\" alt=\"\" width=\"300\" height=\"225\" srcset=\"https:\/\/www.radiopiu.net\/wordpress\/wp-content\/uploads\/2024\/08\/Watermark_20240804_174127_673-300x225.jpg 300w, https:\/\/www.radiopiu.net\/wordpress\/wp-content\/uploads\/2024\/08\/Watermark_20240804_174127_673-1024x768.jpg 1024w, https:\/\/www.radiopiu.net\/wordpress\/wp-content\/uploads\/2024\/08\/Watermark_20240804_174127_673-768x576.jpg 768w, https:\/\/www.radiopiu.net\/wordpress\/wp-content\/uploads\/2024\/08\/Watermark_20240804_174127_673-1536x1152.jpg 1536w, https:\/\/www.radiopiu.net\/wordpress\/wp-content\/uploads\/2024\/08\/Watermark_20240804_174127_673-2048x1536.jpg 2048w\" sizes=\"auto, (max-width: 300px) 100vw, 300px\" \/><\/a>FALCADE <\/strong>Questa mattina attorno alle 10 la Centrale del 118 \u00e8 stata attivata per un 85enne di Falcade (BL), che aveva sbattuto la testa dopo essere caduto in localit\u00e0 Cioit a Cencenighe Agordino. Immediatamente raggiunto da una squadra del Soccorso alpino di Agordo, che stava prestando assistenza alla manifestazione in corso, l&#8217;anziano \u00e8 stato poi preso in carico dal personale medico dell&#8217;elicottero del Suem di Pieve di Cadore, imbarellato, recuperato con il verricello e trasportato all&#8217;ospedale di Belluno per un sospetto trauma cranico.<\/p>\n<p><strong>LIVINALLONGO <\/strong>Falco \u00e8 poi volato nella zona del Padon, sul Sentiero geologico di Arabba, numero 680, dove un 66enne di Gubbio era scivolato, riportando un trauma al ginocchio. L&#8217;uomo \u00e8 stato accompagnato ad Agordo. Una squadra del Soccorso alpino di Livinallongo \u00e8 stata inviata in una Baita in localit\u00e0 Ciamp, zona Contrin, poich\u00e9 una 75enne del posto era caduta da una panca e aveva sbattuto la testa. La donna \u00e8 stata portata al rendez vous con l&#8217;ambulanza della Croce Bianca, partita in direzione\u00a0 dell&#8217;ospedale agordino.<\/p>\n<p><strong>CORTRINA <\/strong>Passate le 14, Falco \u00e8 intervenuto lungo la normale al Sass de Stria, per un&#8217;escursionista 73enne di Roma che, mentre stava salendo assieme ai familiari, aveva messo male un piede, con conseguente probabile frattura della caviglia. Sbarcati in hovering, i soccorritori l&#8217;hanno caricata a bordo con il verricello per portarla all&#8217;ospedale di Belluno. Una squadra del Soccorso alpino di Cortina della Guardia di finanza si \u00e8 poi diretta alle Cascate di Fanes, perch\u00e9 un 29enne di San Miniato (PI) si era sentito poco bene, mentre percorreva il sentiero numero 10. Trasferito in ambulanza,\u00a0 il ragazzo \u00e8 stato accompagnato per accertamenti al Codivilla.<\/p>\n<p><strong>TAMBRE\u00a0 <\/strong>Attorno alle 15.30 la Centrale del 118 \u00e8 stata attivata per un&#8217;escursionista, che aveva riportato un probabile trauma al piede, appena sopra Malga Pradosan. La 63enne di Vigonza (PD), che stava percorrendo assieme al marito il sentiero numero 926 quando si era fatta male, \u00e8 stata raggiunta da una squadra del Soccorso alpino dell&#8217;Alpago, che le ha immobilizzato la gamba e l&#8217;ha caricata sulla barella. L&#8217;infortunata \u00e8 stata trasportata fino al fuoristrada e da l\u00ec alla propria macchina, con cui si \u00e8 allontanata autonomamente.<\/p>\n<p>&nbsp;<\/p>\n<p>&nbsp;<\/p>\n<p>*********<\/p>\n<p>&nbsp;<\/p>\n","protected":false},"excerpt":{"rendered":"<p>****** &nbsp; FALCADE Questa mattina attorno alle 10 la Centrale del 118 \u00e8 stata attivata per un 85enne di Falcade (BL), che aveva sbattuto la testa dopo essere caduto in localit\u00e0 Cioit a Cencenighe Agordino. Immediatamente raggiunto da una squadra del Soccorso alpino di Agordo, che stava prestando assistenza alla manifestazione in corso, l&#8217;anziano \u00e8&hellip;<\/p>\n","protected":false},"author":4,"featured_media":403314,"comment_status":"closed","ping_status":"closed","sticky":false,"template":"","format":"standard","meta":{"_monsterinsights_skip_tracking":false,"_monsterinsights_sitenote_active":false,"_monsterinsights_sitenote_note":"","_monsterinsights_sitenote_category":0,"footnotes":""},"categories":[51,49],"tags":[],"class_list":["post-403312","post","type-post","status-publish","format-standard","has-post-thumbnail","hentry","category-evidenza-top","category-news-18","category-51","category-49","description-off"],"img_url":"https:\/\/www.radiopiu.net\/wordpress\/wp-content\/uploads\/2024\/08\/Watermark_20240804_174127_673.jpg","_links":{"self":[{"href":"https:\/\/www.radiopiu.net\/wordpress\/wp-json\/wp\/v2\/posts\/403312","targetHints":{"allow":["GET"]}}],"collection":[{"href":"https:\/\/www.radiopiu.net\/wordpress\/wp-json\/wp\/v2\/posts"}],"about":[{"href":"https:\/\/www.radiopiu.net\/wordpress\/wp-json\/wp\/v2\/types\/post"}],"author":[{"embeddable":true,"href":"https:\/\/www.radiopiu.net\/wordpress\/wp-json\/wp\/v2\/users\/4"}],"replies":[{"embeddable":true,"href":"https:\/\/www.radiopiu.net\/wordpress\/wp-json\/wp\/v2\/comments?post=403312"}],"version-history":[{"count":1,"href":"https:\/\/www.radiopiu.net\/wordpress\/wp-json\/wp\/v2\/posts\/403312\/revisions"}],"predecessor-version":[{"id":403315,"href":"https:\/\/www.radiopiu.net\/wordpress\/wp-json\/wp\/v2\/posts\/403312\/revisions\/403315"}],"wp:featuredmedia":[{"embeddable":true,"href":"https:\/\/www.radiopiu.net\/wordpress\/wp-json\/wp\/v2\/media\/403314"}],"wp:attachment":[{"href":"https:\/\/www.radiopiu.net\/wordpress\/wp-json\/wp\/v2\/media?parent=403312"}],"wp:term":[{"taxonomy":"category","embeddable":true,"href":"https:\/\/www.radiopiu.net\/wordpress\/wp-json\/wp\/v2\/categories?post=403312"},{"taxonomy":"post_tag","embeddable":true,"href":"https:\/\/www.radiopiu.net\/wordpress\/wp-json\/wp\/v2\/tags?post=403312"}],"curies":[{"name":"wp","href":"https:\/\/api.w.org\/{rel}","templated":true}]}}