{"id":403423,"date":"2024-08-05T07:59:02","date_gmt":"2024-08-05T05:59:02","guid":{"rendered":"https:\/\/www.radiopiu.net\/wordpress\/?p=403423"},"modified":"2024-08-05T08:01:52","modified_gmt":"2024-08-05T06:01:52","slug":"dal-1983-alle-otto-del-mattino-la-rassegna-stampa-dai-giornali-e-sito-radiopiu","status":"publish","type":"post","link":"https:\/\/www.radiopiu.net\/wordpress\/dal-1983-alle-otto-del-mattino-la-rassegna-stampa-dai-giornali-e-sito-radiopiu\/","title":{"rendered":"DAL 1983 ALLE OTTO DEL MATTINO, LA RASSEGNA STAMPA DAI GIORNALI E SITO RADIOPIU"},"content":{"rendered":"<p>&nbsp;<\/p>\n<p>&nbsp;<\/p>\n<p><iframe loading=\"lazy\" title=\"DAL 1983 LA RASSEGNA STAMPA LOCALE di mirko mezzacasa. L&#039;ORIGINALE\" width=\"1200\" height=\"675\" src=\"https:\/\/www.youtube.com\/embed\/cj2wMpA4Ws8?feature=oembed\" frameborder=\"0\" allow=\"accelerometer; autoplay; clipboard-write; encrypted-media; gyroscope; picture-in-picture; web-share\" referrerpolicy=\"strict-origin-when-cross-origin\" allowfullscreen><\/iframe><\/p>\n<p>&nbsp;<\/p>\n<p>TAIBON La chiusura della strada comunale di Taier, prevista per la settimana dal 29 luglio al 3 agosto, \u00e8 stata posticipata come segue: Divieto di transito per tutti i veicoli dal 5 agosto alle 7 fino al 10 agosto alle 18. Senso unico alternato regolato a vista e\/o da movieri dal 10 agosto alle 18 fino al 27 settembre alle 18.00.<br \/>\nAuto contro moto: Quattro feriti in tre scontri<br \/>\nQuattro persone hanno riportato ferite lievi in tre incidenti stradali tra auto e moto, avvenuti ieri a Sant\u2019Antonio Tortal, Sedico, e Santa Giustina. Nel primo incidente, una vecchia Y10 si \u00e8 scontrata con una moto a Borgo Valbelluna, ferendo due centauri vicentini. Alle 11:45, a Sedico, un 52enne \u00e8 stato coinvolto in uno scontro tra una nuova Y10 e una Vespa. Nel pomeriggio, un altro incidente simile \u00e8 avvenuto a Santa Giustina. Tutti i feriti sono stati portati in ospedale.<br \/>\nINCIDENTE SULLA 203 AGORDINA AGGIORNAMENTO IMPORTANTE: FUORI PERICOLO IL FERITO PIU&#8217; GRAVE<br \/>\nREDAZIONE il ferito pi\u00f9 grave dell&#8217;incidente, un uomo della Valle del Biois: non \u00e8 pi\u00f9 in terapia intensiva, ma in medicina d&#8217;urgenza, non \u00e8 in pericolo di vita e le sue condizioni non sono PIU&#8217; GRAVI. Gli altri sette feriti coinvolti, trasportati agli ospedali Papa Luciani di Agordo e San Martino di Belluno, sono stati dimessi con prognosi limitate.<br \/>\nTREVISO il ciclista veneziano caduto a Passo Falzarego resta in condizioni gravissime.<br \/>\nBELLUNO L&#8217;Ulss 1 Dolomiti ha avviato un&#8217;indagine interna sulla morte di Elvi Sommacal, 55enne elettricista di Limana, mentre la Procura della Repubblica prosegue la sua inchiesta. Il commissario sanitario Giuseppe Dal Ben ha confermato che l&#8217;indagine verificher\u00e0 il percorso clinico di Sommacal, morto cinque giorni dopo un ricovero ospedaliero. Tre medici del Pronto Soccorso sono indagati per presunto omicidio colposo. L&#8217;autopsia, condotta dal medico legale Antonello Cirnelli, chiarir\u00e0 se Sommacal sia deceduto per infarto o embolia polmonare dovuta alla mancata somministrazione di eparina. I risultati autoptici, previsti per domani, saranno cruciali per accertare eventuali responsabilit\u00e0 mediche.<\/p>\n<p>Ferrate e Incidenti: Recuperi e Soccorsi in Montagna<br \/>\nUn turista di 52 anni di Sant&#8217;Ambrogio di Valpolicella si \u00e8 infortunato alla spalla sulla Ferrata degli Alleghesi sabato. Il maltempo ha impedito il recupero immediato, costringendolo a passare la notte al Rifugio Torrani. Durante la giornata, altri incidenti hanno richiesto l&#8217;intervento del Soccorso Alpino: un 85enne a Cioit di Cencenighe per un trauma cranico, un 66enne a Padon per un trauma al ginocchio, e una 73enne sul Sass de Stria per una probabile frattura alla caviglia. Infine, quattro escursionisti emiliani bloccati sulle Marmarole sono stati recuperati con successo dal Soccorso Alpino.<br \/>\nVENEZIA Il Presidente della Regione Veneto, Luca Zaia, ha evidenziato dati significativi dal &#8220;Bollettino socio economico del Veneto&#8221; di luglio 2024. La crescita del PIL del Veneto per il 2024 \u00e8 stimata a +1,1%, superiore alla previsione nazionale dello 0,9%. Questo risultato \u00e8 principalmente attribuito al turismo, con un aumento delle presenze straniere del 8,4% nei primi cinque mesi del 2024 rispetto all&#8217;anno precedente.<br \/>\nBELLUNO La Provincia di Belluno, con il finanziamento di 290mila euro dalla Fondazione Cariverona, ha lanciato il progetto &#8220;Pascoli delle terre alte: patrimonio da salvaguardare e rigenerare&#8221;. Il progetto, della durata triennale, mira a riqualificare i pascoli abbandonati e invasi<br \/>\nBELLUNO Anche quest\u2019anno, l\u2019Ulss Dolomiti, in collaborazione con l\u2019Associazione Micologica Bresadola \u2013 gruppo di Belluno, ha attivato uno sportello con esperti micologi per la verifica della commestibilit\u00e0 dei funghi. Il servizio \u00e8 attivo dalle 17.00 alle 18.00, nell&#8217;area coperta in prossimit\u00e0 dell&#8217;ingresso del Prefabbricato adiacente al blocco F dell&#8217;Ospedale di Belluno (ex punto tamponi), su appuntamento<br \/>\nBELLUNO Confartigianato Imprese Belluno apprezza l&#8217;emendamento al DDL montagna proposto dal senatore Luca De Carlo, che mira a semplificare la burocrazia per le aziende. La presidente Claudia Scarzanella sottolinea che la semplificazione burocratica offre opportunit\u00e0 di crescita alle imprese locali, in particolare nel settore forestale, cruciale per l&#8217;economia provinciale.<br \/>\nAGORDO Alla stazione di Agordo \u00e8 stata installata una nuova biglietteria automatica, rendendo l&#8217;acquisto dei biglietti per i passeggeri di Dolomiti Bus pi\u00f9 semplice e comodo. \u00c8 possibile pagare con contanti o carte di pagamento, garantendo massima flessibilit\u00e0. Questa iniziativa risponde a una specifica esigenza dei viaggiatori. Attualmente, si possono acquistare solo biglietti singoli.<br \/>\nROCCA PIETORE Consiglio comunale oggi alle 20. Si discuter\u00e0 dell&#8217;assestamento generale del bilancio e salvaguardia degli equilibri<br \/>\nLIVINALLONGO\u00a0Consiglio comunale marted\u00ec alle 20:30 in sala Taulac. Tra gli argomenti da discutere l&#8217;accordo per la custodia e manutenzione del sacrario di Pian di Salesei, l&#8217;assestamento generale del bilancio e salvaguardia degli equilibri, l&#8217;ampliamneto dell&#8217;hotel Mesd\u00ec e il rinnovo del rappresentate comunale in seguito al referendum del 2007<br \/>\nRIVAMONTE Il Centro Minerario di Valle Imperina nel cuore delle Dolomiti Bellunesi ha ospitato un evento dedicato alle esperienze positive delle Bandiere Verdi di Carovana delle Alpi. La giornata \u00e8 iniziata con un breve convegno, seguito da una visita ai forni fusori del Centro minerario di Valle Imperina: uno dei siti storici pi\u00f9 rilevanti a livello europeo per l\u2019estrazione delle materie prime minerali.<\/p>\n","protected":false},"excerpt":{"rendered":"<p>&nbsp; &nbsp; &nbsp; TAIBON La chiusura della strada comunale di Taier, prevista per la settimana dal 29 luglio al 3 agosto, \u00e8 stata posticipata come segue: Divieto di transito per tutti i veicoli dal 5 agosto alle 7 fino al 10 agosto alle 18. Senso unico alternato regolato a vista e\/o da movieri dal 10&hellip;<\/p>\n","protected":false},"author":4,"featured_media":403379,"comment_status":"closed","ping_status":"closed","sticky":false,"template":"","format":"standard","meta":{"_monsterinsights_skip_tracking":false,"_monsterinsights_sitenote_active":false,"_monsterinsights_sitenote_note":"","_monsterinsights_sitenote_category":0,"footnotes":""},"categories":[104,49,142],"tags":[],"class_list":["post-403423","post","type-post","status-publish","format-standard","has-post-thumbnail","hentry","category-evidenza_3","category-news-18","category-rassegna-stampa","category-104","category-49","category-142","description-off"],"img_url":"https:\/\/www.radiopiu.net\/wordpress\/wp-content\/uploads\/2024\/08\/COPERTINA.png","_links":{"self":[{"href":"https:\/\/www.radiopiu.net\/wordpress\/wp-json\/wp\/v2\/posts\/403423","targetHints":{"allow":["GET"]}}],"collection":[{"href":"https:\/\/www.radiopiu.net\/wordpress\/wp-json\/wp\/v2\/posts"}],"about":[{"href":"https:\/\/www.radiopiu.net\/wordpress\/wp-json\/wp\/v2\/types\/post"}],"author":[{"embeddable":true,"href":"https:\/\/www.radiopiu.net\/wordpress\/wp-json\/wp\/v2\/users\/4"}],"replies":[{"embeddable":true,"href":"https:\/\/www.radiopiu.net\/wordpress\/wp-json\/wp\/v2\/comments?post=403423"}],"version-history":[{"count":2,"href":"https:\/\/www.radiopiu.net\/wordpress\/wp-json\/wp\/v2\/posts\/403423\/revisions"}],"predecessor-version":[{"id":403425,"href":"https:\/\/www.radiopiu.net\/wordpress\/wp-json\/wp\/v2\/posts\/403423\/revisions\/403425"}],"wp:featuredmedia":[{"embeddable":true,"href":"https:\/\/www.radiopiu.net\/wordpress\/wp-json\/wp\/v2\/media\/403379"}],"wp:attachment":[{"href":"https:\/\/www.radiopiu.net\/wordpress\/wp-json\/wp\/v2\/media?parent=403423"}],"wp:term":[{"taxonomy":"category","embeddable":true,"href":"https:\/\/www.radiopiu.net\/wordpress\/wp-json\/wp\/v2\/categories?post=403423"},{"taxonomy":"post_tag","embeddable":true,"href":"https:\/\/www.radiopiu.net\/wordpress\/wp-json\/wp\/v2\/tags?post=403423"}],"curies":[{"name":"wp","href":"https:\/\/api.w.org\/{rel}","templated":true}]}}