{"id":403475,"date":"2024-08-04T18:16:04","date_gmt":"2024-08-04T16:16:04","guid":{"rendered":"https:\/\/www.radiopiu.net\/wordpress\/?p=403475"},"modified":"2024-08-06T04:56:18","modified_gmt":"2024-08-06T02:56:18","slug":"ricerche-in-corso-in-comelico-si-cerca-un-uomo-di-77-anni","status":"publish","type":"post","link":"https:\/\/www.radiopiu.net\/wordpress\/ricerche-in-corso-in-comelico-si-cerca-un-uomo-di-77-anni\/","title":{"rendered":"SAN NICOLO COMELICO, RITROVATO VIVO L\u2019ANZIANO DI CUI NON SI AVEVANO PIU\u2019 NOTIZIE DAL POMERIGGIO"},"content":{"rendered":"<p>*******<\/p>\n<p>&nbsp;<\/p>\n<p><a class=\"dt-pswp-item\" href=\"https:\/\/www.radiopiu.net\/wordpress\/wp-content\/uploads\/2024\/08\/SCR-20240805-pytq.jpeg\" data-dt-img-description=\"Screenshot\" data-large_image_width=\"1374\" data-large_image_height=\"962\"><img loading=\"lazy\" decoding=\"async\" class=\"alignleft wp-image-403541 \" src=\"https:\/\/www.radiopiu.net\/wordpress\/wp-content\/uploads\/2024\/08\/SCR-20240805-pytq-300x210.jpeg\" alt=\"\" width=\"164\" height=\"115\" srcset=\"https:\/\/www.radiopiu.net\/wordpress\/wp-content\/uploads\/2024\/08\/SCR-20240805-pytq-300x210.jpeg 300w, https:\/\/www.radiopiu.net\/wordpress\/wp-content\/uploads\/2024\/08\/SCR-20240805-pytq-1024x717.jpeg 1024w, https:\/\/www.radiopiu.net\/wordpress\/wp-content\/uploads\/2024\/08\/SCR-20240805-pytq-768x538.jpeg 768w, https:\/\/www.radiopiu.net\/wordpress\/wp-content\/uploads\/2024\/08\/SCR-20240805-pytq.jpeg 1374w\" sizes=\"auto, (max-width: 164px) 100vw, 164px\" \/><\/a><strong>SAN NICOLO&#8217; COMELICO<\/strong> \u00c8 stato trovato dai vigili del fuoco in buone condizioni di salute, ma disorientato l\u2019anziano straniero di cui non si avevano pi\u00f9 notizie dal primo pomeriggio di luned\u00ec 4 agosto. Il 75enne in vacanza a San Nicol\u00f2 Comelico con la famiglia si era allontanato nel primo pomeriggio di oggi per una passeggiata, senza pi\u00f9 fare rientro.<br \/>\nL\u2019uomo \u00e8 stato trovato dai soccorritori poco dopo le 21:00 nei pressi della cappella Tamai. Dopo la prima assistenza \u00e8 stato portato dai familiari, da dove ha poi proseguito con i propri cari per un controllo medico.<br \/>\nI vigili del fuoco hanno coordinato le ricerche dall\u2019unita di comando locale con personale TAS (Topografia Applicata al Soccorso), cinofili, e oltre 30 unit\u00e0 tra personale permanente e volontario. Intervento anche dell\u2019elicottero Drago 154 del reparto volo di Venezia che ha sorvolato la zona. Ricerche anche con i droni del nucleo regionale dei vigili del fuoco. Alle ricerche hanno preso parte anche personale del soccorso alpino della guardia di finanza, personale del CNASAS e carabinieri.<\/p>\n<p>&nbsp;<\/p>\n<p>&nbsp;<\/p>\n<p>&nbsp;<\/p>\n<p>*********<\/p>\n","protected":false},"excerpt":{"rendered":"<p>******* &nbsp; SAN NICOLO&#8217; COMELICO \u00c8 stato trovato dai vigili del fuoco in buone condizioni di salute, ma disorientato l\u2019anziano straniero di cui non si avevano pi\u00f9 notizie dal primo pomeriggio di luned\u00ec 4 agosto. Il 75enne in vacanza a San Nicol\u00f2 Comelico con la famiglia si era allontanato nel primo pomeriggio di oggi per&hellip;<\/p>\n","protected":false},"author":4,"featured_media":403541,"comment_status":"closed","ping_status":"closed","sticky":false,"template":"","format":"standard","meta":{"_monsterinsights_skip_tracking":false,"_monsterinsights_sitenote_active":false,"_monsterinsights_sitenote_note":"","_monsterinsights_sitenote_category":0,"footnotes":""},"categories":[51,49],"tags":[],"class_list":["post-403475","post","type-post","status-publish","format-standard","has-post-thumbnail","hentry","category-evidenza-top","category-news-18","category-51","category-49","description-off"],"img_url":"https:\/\/www.radiopiu.net\/wordpress\/wp-content\/uploads\/2024\/08\/SCR-20240805-pytq.jpeg","_links":{"self":[{"href":"https:\/\/www.radiopiu.net\/wordpress\/wp-json\/wp\/v2\/posts\/403475","targetHints":{"allow":["GET"]}}],"collection":[{"href":"https:\/\/www.radiopiu.net\/wordpress\/wp-json\/wp\/v2\/posts"}],"about":[{"href":"https:\/\/www.radiopiu.net\/wordpress\/wp-json\/wp\/v2\/types\/post"}],"author":[{"embeddable":true,"href":"https:\/\/www.radiopiu.net\/wordpress\/wp-json\/wp\/v2\/users\/4"}],"replies":[{"embeddable":true,"href":"https:\/\/www.radiopiu.net\/wordpress\/wp-json\/wp\/v2\/comments?post=403475"}],"version-history":[{"count":5,"href":"https:\/\/www.radiopiu.net\/wordpress\/wp-json\/wp\/v2\/posts\/403475\/revisions"}],"predecessor-version":[{"id":403599,"href":"https:\/\/www.radiopiu.net\/wordpress\/wp-json\/wp\/v2\/posts\/403475\/revisions\/403599"}],"wp:featuredmedia":[{"embeddable":true,"href":"https:\/\/www.radiopiu.net\/wordpress\/wp-json\/wp\/v2\/media\/403541"}],"wp:attachment":[{"href":"https:\/\/www.radiopiu.net\/wordpress\/wp-json\/wp\/v2\/media?parent=403475"}],"wp:term":[{"taxonomy":"category","embeddable":true,"href":"https:\/\/www.radiopiu.net\/wordpress\/wp-json\/wp\/v2\/categories?post=403475"},{"taxonomy":"post_tag","embeddable":true,"href":"https:\/\/www.radiopiu.net\/wordpress\/wp-json\/wp\/v2\/tags?post=403475"}],"curies":[{"name":"wp","href":"https:\/\/api.w.org\/{rel}","templated":true}]}}