{"id":403516,"date":"2024-08-06T05:53:53","date_gmt":"2024-08-06T03:53:53","guid":{"rendered":"https:\/\/www.radiopiu.net\/wordpress\/?p=403516"},"modified":"2024-08-06T06:23:39","modified_gmt":"2024-08-06T04:23:39","slug":"tre-interventi-del-suem-nella-mattinata-di-oggi","status":"publish","type":"post","link":"https:\/\/www.radiopiu.net\/wordpress\/tre-interventi-del-suem-nella-mattinata-di-oggi\/","title":{"rendered":"TRE INTERVENTI DEL SUEM"},"content":{"rendered":"<p>******<\/p>\n<p>&nbsp;<\/p>\n<p><strong>REDAZIONE<\/strong> Sono tre le chiamate al 118 della mattinata odierna per chiedere l&#8217;intervento del Suem. La prima poco prima delle 10 per soccorrere un uomo di 64 anni di Firenze che si era infortunato alla caviglia e trasportato al Codivilla di Cortina. Alle 10:11 l&#8217;ambulanza di della Croce Verde Val Biois \u00e8 stata inviata a Falcade per soccorrere una 69enne del luogo dopo uno scontro avvenuto con una bicicletta. La donna \u00e8 stata trasferita al Papa Luciani di Agordo con ferite lievi. Alle 11 un pedone \u00e8 stato investito a Ponte Nelle Alpi: il 68enne di belluno \u00e8 stato portato al San Martino con ferite lievi.<\/p>\n<p>&nbsp;<\/p>\n<p>&nbsp;<\/p>\n<p>********<\/p>\n","protected":false},"excerpt":{"rendered":"<p>****** &nbsp; REDAZIONE Sono tre le chiamate al 118 della mattinata odierna per chiedere l&#8217;intervento del Suem. La prima poco prima delle 10 per soccorrere un uomo di 64 anni di Firenze che si era infortunato alla caviglia e trasportato al Codivilla di Cortina. Alle 10:11 l&#8217;ambulanza di della Croce Verde Val Biois \u00e8 stata&hellip;<\/p>\n","protected":false},"author":4,"featured_media":348787,"comment_status":"closed","ping_status":"closed","sticky":false,"template":"","format":"standard","meta":{"_monsterinsights_skip_tracking":false,"_monsterinsights_sitenote_active":false,"_monsterinsights_sitenote_note":"","_monsterinsights_sitenote_category":0,"footnotes":""},"categories":[51,49],"tags":[],"class_list":["post-403516","post","type-post","status-publish","format-standard","has-post-thumbnail","hentry","category-evidenza-top","category-news-18","category-51","category-49","description-off"],"img_url":"https:\/\/www.radiopiu.net\/wordpress\/wp-content\/uploads\/2023\/08\/ambulanza-ulss-1.jpg","_links":{"self":[{"href":"https:\/\/www.radiopiu.net\/wordpress\/wp-json\/wp\/v2\/posts\/403516","targetHints":{"allow":["GET"]}}],"collection":[{"href":"https:\/\/www.radiopiu.net\/wordpress\/wp-json\/wp\/v2\/posts"}],"about":[{"href":"https:\/\/www.radiopiu.net\/wordpress\/wp-json\/wp\/v2\/types\/post"}],"author":[{"embeddable":true,"href":"https:\/\/www.radiopiu.net\/wordpress\/wp-json\/wp\/v2\/users\/4"}],"replies":[{"embeddable":true,"href":"https:\/\/www.radiopiu.net\/wordpress\/wp-json\/wp\/v2\/comments?post=403516"}],"version-history":[{"count":2,"href":"https:\/\/www.radiopiu.net\/wordpress\/wp-json\/wp\/v2\/posts\/403516\/revisions"}],"predecessor-version":[{"id":403636,"href":"https:\/\/www.radiopiu.net\/wordpress\/wp-json\/wp\/v2\/posts\/403516\/revisions\/403636"}],"wp:featuredmedia":[{"embeddable":true,"href":"https:\/\/www.radiopiu.net\/wordpress\/wp-json\/wp\/v2\/media\/348787"}],"wp:attachment":[{"href":"https:\/\/www.radiopiu.net\/wordpress\/wp-json\/wp\/v2\/media?parent=403516"}],"wp:term":[{"taxonomy":"category","embeddable":true,"href":"https:\/\/www.radiopiu.net\/wordpress\/wp-json\/wp\/v2\/categories?post=403516"},{"taxonomy":"post_tag","embeddable":true,"href":"https:\/\/www.radiopiu.net\/wordpress\/wp-json\/wp\/v2\/tags?post=403516"}],"curies":[{"name":"wp","href":"https:\/\/api.w.org\/{rel}","templated":true}]}}