{"id":403578,"date":"2024-08-07T05:28:29","date_gmt":"2024-08-07T03:28:29","guid":{"rendered":"https:\/\/www.radiopiu.net\/wordpress\/?p=403578"},"modified":"2024-08-07T15:18:42","modified_gmt":"2024-08-07T13:18:42","slug":"giornale-radiopiu-07-agosto-2024-direttore-mirko-mezzacasada-41-anni-25-giugno-1983-25-giugno-2024","status":"publish","type":"post","link":"https:\/\/www.radiopiu.net\/wordpress\/giornale-radiopiu-07-agosto-2024-direttore-mirko-mezzacasada-41-anni-25-giugno-1983-25-giugno-2024\/","title":{"rendered":"GIORNALE RADIOPIU 07 AGOSTO 2024 DIRETTORE MIRKO MEZZACASA\u2026DA 41 ANNI 25 GIUGNO 1983-25 GIUGNO 2024"},"content":{"rendered":"<p>*******<\/p>\n<p>&nbsp;<\/p>\n<p><em><span style=\"color: #ff0000;\">ATTENZIONE: LA NUOVA APP PER IOS-IPHONE di Nicola Vettorello <\/span><\/em><a href=\"https:\/\/apps.apple.com\/it\/app\/radio-pi%C3%B9-emittente-agordina\/id1515939845\">https:\/\/apps.apple.com\/it\/app\/radio-pi%C3%B9-emittente-agordina\/id1515939845<\/a><\/p>\n<p><em style=\"color: #ff0000;\">ATTENZIONE: LA NUOVA APP RADIO\u00a0 PER ANDROID di Nicola Vettorello<\/em><\/p>\n<p><a href=\"https:\/\/play.google.com\/store\/apps\/details?id=net.radiopiu.iniko\" target=\"_blank\" rel=\"noopener noreferrer\">https:\/\/play.google.com\/store\/apps\/details?id=net.radiopiu.iniko\u00a0\u00a0\u00a0<\/a><\/p>\n<p>&nbsp;<\/p>\n<hr \/>\n<p>&nbsp;<\/p>\n<p><strong><a class=\"dt-pswp-item\" href=\"https:\/\/www.radiopiu.net\/wordpress\/wp-content\/uploads\/2024\/08\/453730651_892765706218434_811561520489596124_n.jpg\" data-dt-img-description=\"MOSE' ANDRICH IN CONCERTO\" data-large_image_width=\"509\" data-large_image_height=\"720\"><img loading=\"lazy\" decoding=\"async\" class=\"size-medium wp-image-403663 alignright\" src=\"https:\/\/www.radiopiu.net\/wordpress\/wp-content\/uploads\/2024\/08\/453730651_892765706218434_811561520489596124_n-212x300.jpg\" alt=\"\" width=\"212\" height=\"300\" srcset=\"https:\/\/www.radiopiu.net\/wordpress\/wp-content\/uploads\/2024\/08\/453730651_892765706218434_811561520489596124_n-212x300.jpg 212w, https:\/\/www.radiopiu.net\/wordpress\/wp-content\/uploads\/2024\/08\/453730651_892765706218434_811561520489596124_n.jpg 509w\" sizes=\"auto, (max-width: 212px) 100vw, 212px\" \/><\/a>OGGI ALLA RADIO&#8230;.<\/strong> <span style=\"color: #ff0000;\">ALLE 4 E ALLE 6<\/span> LE NOTIZIE DALL&#8217;ITALIA E DAL MONDO<span style=\"color: #ff0000;\"> 6.15<\/span> PIROLE DE LENGA A CURA DEL MUSLA<span style=\"color: #ff0000;\"> 7.20<\/span> EL BAL DEL FIORI, DETTI E TRADIZIONI DI GIULIANA DA RONCH <span style=\"color: #ff0000;\">8.05<\/span> LA RASSEGNA STAMPA LOCALE<span style=\"color: #ff0000;\"> 8.30<\/span> PIU SIAMO IL PROGRAMMA DI MARINA DONA&#8217;\u00a0<span style=\"color: #ff0000;\"> 9.00\u00a0<\/span> EGIDIO PASUCH PRESENTA IL SUO LIBRO AL NOF FILO&#8217; DI CENCENIGHE di LUISA MANFROI <span style=\"color: #ff0000;\">9.30<\/span> VIABILITA&#8217; CON BOTOL CAR SERVICE (AGORDO-SEDICO-FELTRE) \u00a0<span style=\"color: #ff0000;\">10.30 <span style=\"color: #000000;\">LETTURE E CULTURE ESTATE 24 DAL BORGO PALUE MARINA DONA&#8217;-LUISA ALCHINI<\/span><\/span>\u00a0<span style=\"color: #ff0000;\">11.10<\/span> LA STORIA DEL FESTIVALBAR DI MIRCO BENCIVENNI <span style=\"color: #ff0000;\">12.00<\/span> VA TUTTO LISCIO\u00a0 <span style=\"color: #ff0000;\">12.30<\/span> GIORNALE RADIO PRINCIPALE\u00a0 <span style=\"color: #ff0000;\">\u00a013.10<\/span> SPECIALE AGORDO MUSICA&#8230; A RIVAMONTE\u00a0 DI PINA SABATINI <span style=\"color: #ff0000;\">13.20<\/span> TRE PEZZI DI MARINA DONA&#8217;<span style=\"color: #ff0000;\"> 14.00<\/span>\u00a0 LA CLASSIFICA UFFICIALE DI RADIOPIU DI MARCO GAZ \u00a0<span style=\"color: #ff0000;\">15.00<\/span> PIU&#8217; MUSICA IL PROGRAMMA ESTIVO DI MARINA\u00a0 \u00a0<span style=\"color: #ff0000;\">16<\/span> IL ROCK DI MARCO COSTANTINI <span style=\"color: #ff0000;\">1645<\/span> LE HIT DI MIRCO BENCIVENNI <span style=\"color: #ff0000;\">18.00<\/span> PIU&#8217; DANCE LE SELEZIONI CHE FANNO SALTARE DI DJ JACK, JACOPO DEL TEDESCO\u00a0 <span style=\"color: #ff0000;\">19<\/span> LE ANTICIPAZIONI DAL TG DI ANTENNA 3 DI TIZIANA BOLOGNANI <span style=\"color: #ff0000;\">19.30 <span style=\"color: #000000;\">MOSTRA MAN DE ORO A CANALE D&#8217;AGORDO CON LORIS SERAFINI E LUCIO RIZIERI\u00a0<\/span><\/span><\/p>\n<p>&nbsp;<\/p>\n<p><strong>ALLE 20.30 DIRETTA RADIO, CON ALESSIA DALL&#8217;O &#8211; REGIA MARCO GAZ &#8211; OSPITI IN DIRETTA I TIRATAIE.<br \/>\n<\/strong><\/p>\n<p>PROMO1<\/p>\n<audio class=\"wp-audio-shortcode\" id=\"audio-403578-1\" preload=\"none\" style=\"width: 100%;\" controls=\"controls\"><source type=\"audio\/mpeg\" src=\"https:\/\/www.radiopiu.net\/wordpress\/wp-content\/uploads\/2024\/08\/PROMO-TIRATAIE-2.mp3?_=1\" \/><a href=\"https:\/\/www.radiopiu.net\/wordpress\/wp-content\/uploads\/2024\/08\/PROMO-TIRATAIE-2.mp3\">https:\/\/www.radiopiu.net\/wordpress\/wp-content\/uploads\/2024\/08\/PROMO-TIRATAIE-2.mp3<\/a><\/audio>\n<p>PROMO2<\/p>\n<audio class=\"wp-audio-shortcode\" id=\"audio-403578-2\" preload=\"none\" style=\"width: 100%;\" controls=\"controls\"><source type=\"audio\/mpeg\" src=\"https:\/\/www.radiopiu.net\/wordpress\/wp-content\/uploads\/2024\/08\/PROMO-TIRATAIE-1.mp3?_=2\" \/><a href=\"https:\/\/www.radiopiu.net\/wordpress\/wp-content\/uploads\/2024\/08\/PROMO-TIRATAIE-1.mp3\">https:\/\/www.radiopiu.net\/wordpress\/wp-content\/uploads\/2024\/08\/PROMO-TIRATAIE-1.mp3<\/a><\/audio>\n<p>PROMO3<\/p>\n<audio class=\"wp-audio-shortcode\" id=\"audio-403578-3\" preload=\"none\" style=\"width: 100%;\" controls=\"controls\"><source type=\"audio\/mpeg\" src=\"https:\/\/www.radiopiu.net\/wordpress\/wp-content\/uploads\/2024\/08\/ongia.mp3?_=3\" \/><a href=\"https:\/\/www.radiopiu.net\/wordpress\/wp-content\/uploads\/2024\/08\/ongia.mp3\">https:\/\/www.radiopiu.net\/wordpress\/wp-content\/uploads\/2024\/08\/ongia.mp3<\/a><\/audio>\n<p><strong>\u00a0<\/strong><\/p>\n<p>&nbsp;<\/p>\n<p>rassegna stampa nazionale, ogni giorno alle 5 e alle 6 del mattino<br \/>\ngiornali locali 7 rassegna stampa flash, 8 rassegna stampa, gr flash alle 10 e alle 11, principale 12.30. Informazione pomerIggio alle 15 (speciale) 16, 17, 18. Giornale radio nazionale: ogni ora dalle 5 del mattino, alle 20 della sera.<\/p>\n<p>&nbsp;<\/p>\n<p>&nbsp;<\/p>\n<p>&nbsp;<\/p>\n<blockquote class=\"wp-embedded-content\" data-secret=\"X7LX4frLvZ\"><p><a href=\"https:\/\/www.radiopiu.net\/wordpress\/a-moreno-ringraziamento-di-john-francis-della-pietra\/\">a Moreno, ringraziamento DI John Francis Della Pietra<\/a><\/p><\/blockquote>\n<p><iframe loading=\"lazy\" class=\"wp-embedded-content\" sandbox=\"allow-scripts\" security=\"restricted\" style=\"position: absolute; visibility: hidden;\" title=\"&#8220;a Moreno, ringraziamento DI John Francis Della Pietra&#8221; &#8212; Radio Pi\u00f9\" src=\"https:\/\/www.radiopiu.net\/wordpress\/a-moreno-ringraziamento-di-john-francis-della-pietra\/embed\/#?secret=kOp82QMQGz#?secret=X7LX4frLvZ\" data-secret=\"X7LX4frLvZ\" width=\"600\" height=\"338\" frameborder=\"0\" marginwidth=\"0\" marginheight=\"0\" scrolling=\"no\"><\/iframe><\/p>\n<p>&nbsp;<\/p>\n<p>&nbsp;<\/p>\n<p>&nbsp;<\/p>\n<p>&nbsp;<\/p>\n<div class=\"mceTemp\">\n<hr \/>\n<blockquote>\n<h2><\/h2>\n<h2>ULTIM&#8217;ORA 1.00 chiusura sr355<\/h2>\n<\/blockquote>\n<p><img loading=\"lazy\" decoding=\"async\" class=\"alignleft\" src=\"https:\/\/www.radiopiu.net\/wordpress\/wp-content\/uploads\/2024\/08\/th.jpg\" width=\"220\" height=\"122\" \/>Situazione strade provinciali e regionali in Provincia di Belluno in gestione a Veneto Strade S.p.A. nel Bellunese. Aggiornamento del 07\/08\/2024 ore 1:00<\/p>\n<p>Chiusura del seguente tratto stradale per colata detritica: &#8211; S.R. 355 \u201cdella Val Degano\u201d dal km 39+600 (loc. Acquatona) a confine Provincia nel Comune di San Pietro di Cadore<\/p>\n<p>&nbsp;<\/p>\n<p>&nbsp;<\/p>\n<hr \/>\n<p>&nbsp;<\/p>\n<div class=\"x11i5rnm xat24cr x1mh8g0r x1vvkbs xtlvy1s x126k92a\">\n<div dir=\"auto\">\n<div dir=\"auto\">\n<p><strong><a class=\"dt-pswp-item\" href=\"https:\/\/www.radiopiu.net\/wordpress\/wp-content\/uploads\/2024\/02\/2d44e751-d8a8-461b-8e22-d8e4e853b032.jpg\" data-dt-img-description=\"\" data-large_image_width=\"1600\" data-large_image_height=\"1200\"><img loading=\"lazy\" decoding=\"async\" class=\"wp-image-373307 alignleft\" src=\"https:\/\/www.radiopiu.net\/wordpress\/wp-content\/uploads\/2024\/02\/2d44e751-d8a8-461b-8e22-d8e4e853b032-300x225.jpg\" alt=\"\" width=\"105\" height=\"79\" srcset=\"https:\/\/www.radiopiu.net\/wordpress\/wp-content\/uploads\/2024\/02\/2d44e751-d8a8-461b-8e22-d8e4e853b032-300x225.jpg 300w, https:\/\/www.radiopiu.net\/wordpress\/wp-content\/uploads\/2024\/02\/2d44e751-d8a8-461b-8e22-d8e4e853b032-1024x768.jpg 1024w, https:\/\/www.radiopiu.net\/wordpress\/wp-content\/uploads\/2024\/02\/2d44e751-d8a8-461b-8e22-d8e4e853b032-768x576.jpg 768w, https:\/\/www.radiopiu.net\/wordpress\/wp-content\/uploads\/2024\/02\/2d44e751-d8a8-461b-8e22-d8e4e853b032-1536x1152.jpg 1536w, https:\/\/www.radiopiu.net\/wordpress\/wp-content\/uploads\/2024\/02\/2d44e751-d8a8-461b-8e22-d8e4e853b032.jpg 1600w\" sizes=\"auto, (max-width: 105px) 100vw, 105px\" \/><\/a>EL BAL DEL FIOR, DI GIULIANA DA RONCH, 07 AGOSTO<\/strong><strong>\u00a02024<em>\u00a0<\/em><\/strong><\/p>\n<audio class=\"wp-audio-shortcode\" id=\"audio-403578-4\" preload=\"none\" style=\"width: 100%;\" controls=\"controls\"><source type=\"audio\/mpeg\" src=\"https:\/\/www.radiopiu.net\/wordpress\/wp-content\/uploads\/2024\/08\/GME.mp3?_=4\" \/><a href=\"https:\/\/www.radiopiu.net\/wordpress\/wp-content\/uploads\/2024\/08\/GME.mp3\">https:\/\/www.radiopiu.net\/wordpress\/wp-content\/uploads\/2024\/08\/GME.mp3<\/a><\/audio>\n<p>&nbsp;<\/p>\n<\/div>\n<\/div>\n<hr \/>\n<p>&nbsp;<\/p>\n<p>&nbsp;<\/p>\n<h1><span style=\"color: #ff0000;\"><a class=\"dt-pswp-item\" href=\"https:\/\/www.radiopiu.net\/wordpress\/wp-content\/uploads\/2024\/06\/th-5.jpg\" data-dt-img-description=\"\" data-large_image_width=\"326\" data-large_image_height=\"180\"><img loading=\"lazy\" decoding=\"async\" class=\"size-medium wp-image-395881 alignleft\" src=\"https:\/\/www.radiopiu.net\/wordpress\/wp-content\/uploads\/2024\/06\/th-5-300x166.jpg\" alt=\"\" width=\"300\" height=\"166\" srcset=\"https:\/\/www.radiopiu.net\/wordpress\/wp-content\/uploads\/2024\/06\/th-5-300x166.jpg 300w, https:\/\/www.radiopiu.net\/wordpress\/wp-content\/uploads\/2024\/06\/th-5.jpg 326w\" sizes=\"auto, (max-width: 300px) 100vw, 300px\" \/><\/a><\/span><\/h1>\n<h1><\/h1>\n<h1><\/h1>\n<h1><span style=\"color: #000000;\">07 agosto&#8230; alla radio l&#8217;almanacco\u00a0<\/span><\/h1>\n<audio class=\"wp-audio-shortcode\" id=\"audio-403578-5\" preload=\"none\" style=\"width: 100%;\" controls=\"controls\"><source type=\"audio\/mpeg\" src=\"https:\/\/www.radiopiu.net\/wordpress\/wp-content\/uploads\/2024\/08\/ALMANACCONEW-5.mp3?_=5\" \/><a href=\"https:\/\/www.radiopiu.net\/wordpress\/wp-content\/uploads\/2024\/08\/ALMANACCONEW-5.mp3\">https:\/\/www.radiopiu.net\/wordpress\/wp-content\/uploads\/2024\/08\/ALMANACCONEW-5.mp3<\/a><\/audio>\n<p>&nbsp;<\/p>\n<p>&nbsp;<\/p>\n<div dir=\"auto\">\n<hr \/>\n<\/div>\n<\/div>\n<blockquote>\n<blockquote>\n<h1><span style=\"color: #ff0000;\">\u00a0<\/span><\/h1>\n<h1><span style=\"color: #ff0000;\">I podcast informativi del mattino &#8211; audio &#8211;\u00a0\u00a0<\/span><\/h1>\n<\/blockquote>\n<p><strong><a class=\"dt-pswp-item\" href=\"https:\/\/www.radiopiu.net\/wordpress\/wp-content\/uploads\/2023\/11\/th-10.jpg\" data-dt-img-description=\"\" data-large_image_width=\"320\" data-large_image_height=\"180\"><img loading=\"lazy\" decoding=\"async\" class=\"wp-image-362866 alignleft\" src=\"https:\/\/www.radiopiu.net\/wordpress\/wp-content\/uploads\/2023\/11\/th-10-300x169.jpg\" alt=\"\" width=\"185\" height=\"104\" srcset=\"https:\/\/www.radiopiu.net\/wordpress\/wp-content\/uploads\/2023\/11\/th-10-300x169.jpg 300w, https:\/\/www.radiopiu.net\/wordpress\/wp-content\/uploads\/2023\/11\/th-10.jpg 320w\" sizes=\"auto, (max-width: 185px) 100vw, 185px\" \/><\/a>LA RASSEGNA STAMPA NAZIONALE ALLA RADIO, OGNI GIORNO ALLE 5 E ALLE 6 DEL MATTINO <span style=\"color: #0000ff;\">viene pubblicata alle 6.00 <span style=\"color: #ff0000;\">DIRETTA RADIO\u00a0 \u00a0\u00a0<\/span><\/span><\/strong><\/p><\/blockquote>\n<p>&nbsp;<\/p>\n<p><strong>NOTIZIE DELLA NOTTE\u00a0 \u00a0<\/strong><\/p>\n<p><strong>Milan batte Barcellona<\/strong> ai rigori e chiude tourn\u00e9e negli Usa <strong>Attacco ucraino<\/strong> nella regione di Kursk, cinque morti <strong>Conte<\/strong>, &#8220;Grillo? Costituente in perfetta linea coi principi&#8221; <strong>Musica<\/strong>, Gilberto Gil annuncia ultimo tour nel 2025 <strong>Harris<\/strong>, &#8216;siamo sfavoriti nella corsa ma abbiamo lo slancio&#8217; <strong>Blinken,<\/strong> &#8216;sta a Sinwar decidere sulla tregua&#8217;<\/p>\n<h2>AUDIO dalle 6 del mattino<\/h2>\n<audio class=\"wp-audio-shortcode\" id=\"audio-403578-6\" preload=\"none\" style=\"width: 100%;\" controls=\"controls\"><source type=\"audio\/mpeg\" src=\"https:\/\/www.radiopiu.net\/wordpress\/wp-content\/uploads\/2024\/08\/GIORNALEDELLESEI-5.mp3?_=6\" \/><a href=\"https:\/\/www.radiopiu.net\/wordpress\/wp-content\/uploads\/2024\/08\/GIORNALEDELLESEI-5.mp3\">https:\/\/www.radiopiu.net\/wordpress\/wp-content\/uploads\/2024\/08\/GIORNALEDELLESEI-5.mp3<\/a><\/audio>\n<p>&nbsp;<\/p>\n<p>&nbsp;<\/p>\n<hr \/>\n<p>&nbsp;<\/p>\n<h1 style=\"text-align: center;\"><span style=\"color: #ff0000;\">I podcast informativi del mattino &#8211; audio &#8211;\u00a0<\/span><\/h1>\n<p><strong><a class=\"dt-pswp-item\" href=\"https:\/\/www.radiopiu.net\/wordpress\/wp-content\/uploads\/2023\/12\/images.png\" data-dt-img-description=\"\" data-large_image_width=\"316\" data-large_image_height=\"160\"><img loading=\"lazy\" decoding=\"async\" class=\"wp-image-367008 alignleft\" src=\"https:\/\/www.radiopiu.net\/wordpress\/wp-content\/uploads\/2023\/12\/images-300x152.png\" alt=\"\" width=\"235\" height=\"119\" srcset=\"https:\/\/www.radiopiu.net\/wordpress\/wp-content\/uploads\/2023\/12\/images-300x152.png 300w, https:\/\/www.radiopiu.net\/wordpress\/wp-content\/uploads\/2023\/12\/images.png 316w\" sizes=\"auto, (max-width: 235px) 100vw, 235px\" \/><\/a>OGNI GIORNO ALLE SETTE DEL MATTINO, LA RASSEGNA STAMPA LOCALE FLASH&#8230; PER CHI VA IN FRETTA. I TITOLI DAI GIORNALI E DAL SITO WWW.RADIOPIU.NET <span style=\"color: #0000ff;\">viene pubblicato alle 7.00<\/span> <span style=\"color: #ff0000;\">DIRETTA RADIO\u00a0<\/span><\/strong><\/p>\n<p><em><span style=\"color: #ff0000;\">per chi va in fretta&#8230; tante notizie in pochi minuti. L&#8217;informazione locale alla radio, ogni ora dalle 7 del mattino alle 19 della sera.\u00a0 <\/span><\/em><\/p>\n<p>BELLUNO Il Compartimento Polizia Stradale per il \u201cTrentino Alto Adige e Belluno\u201d ha organizzato, tramite la Sezione Polizia Stradale di Belluno, controlli mirati nell&#8217;ambito dell&#8217;iniziativa nazionale &#8220;Stragi del Sabato Sera&#8221; durante l&#8217;ultimo fine settimana. I controlli hanno portato alla verifica di 38 persone e 37 veicoli, con due patenti ritirate per guida in stato di ebbrezza e due veicoli sequestrati, uno per mancanza di assicurazione.<br \/>\nGOSALDO 1 milione 600 mila euro per l&#8217;invaso di Forcella Aurine. Finalmente ci siamo, il finanziamento garantito dai Fondi dei Comuni confinanti. Non solo neve, ovvero garantire l&#8217;acqua per l&#8217;innevamento, ma anche diventare un bacino importante in caso di emergenza, non ultima quella legata agli incendi.<br \/>\nProteste dei Residenti di Valle di Cadore sul Cantiere della Galleria &#8220;Siamo residenti di Valle di Cadore, preoccupati dal cantiere sulla SS 51. Chiediamo rispetto degli orari per ridurre i rumori notturni e dialogo col Comune. L&#8217;ingresso alla galleria vicino alle scuole crea rischi evidenti&#8221;. I residenti di Valle di Cadore chiedono al Comune di regolamentare i lavori notturni del cantiere sulla SS 51, che causano gravi disagi. La galleria uscir\u00e0 vicino alle scuole, aumentando i rischi per studenti e cittadini. LA LETTERA SUL SITO INTERNET WWW.RADIOPIU.NET NEL GIORNALE RADIOPIU DI OGGI<\/p>\n<h1>AUDIO dalle 7 del mattino<\/h1>\n<p>&nbsp;<\/p>\n<hr \/>\n<p>&nbsp;<\/p>\n<h1><\/h1>\n<h1 style=\"text-align: center;\"><span style=\"color: #ff0000;\"><a class=\"dt-pswp-item\" href=\"https:\/\/www.radiopiu.net\/wordpress\/wp-content\/uploads\/2022\/01\/026c3f9d-dae9-4040-a3c1-a6530231bcc3.jpg\" data-dt-img-description=\"\" data-large_image_width=\"1152\" data-large_image_height=\"2048\"><img loading=\"lazy\" decoding=\"async\" class=\"wp-image-251839 alignleft\" src=\"https:\/\/www.radiopiu.net\/wordpress\/wp-content\/uploads\/2022\/01\/026c3f9d-dae9-4040-a3c1-a6530231bcc3-169x300.jpg\" alt=\"\" width=\"100\" height=\"177\" srcset=\"https:\/\/www.radiopiu.net\/wordpress\/wp-content\/uploads\/2022\/01\/026c3f9d-dae9-4040-a3c1-a6530231bcc3-169x300.jpg 169w, https:\/\/www.radiopiu.net\/wordpress\/wp-content\/uploads\/2022\/01\/026c3f9d-dae9-4040-a3c1-a6530231bcc3-576x1024.jpg 576w, https:\/\/www.radiopiu.net\/wordpress\/wp-content\/uploads\/2022\/01\/026c3f9d-dae9-4040-a3c1-a6530231bcc3-768x1365.jpg 768w, https:\/\/www.radiopiu.net\/wordpress\/wp-content\/uploads\/2022\/01\/026c3f9d-dae9-4040-a3c1-a6530231bcc3-864x1536.jpg 864w, https:\/\/www.radiopiu.net\/wordpress\/wp-content\/uploads\/2022\/01\/026c3f9d-dae9-4040-a3c1-a6530231bcc3.jpg 1152w\" sizes=\"auto, (max-width: 100px) 100vw, 100px\" \/><\/a>I podcast informativi del mattino &#8211; audio &#8211;\u00a0<\/span><\/h1>\n<blockquote><p><strong>GIORNALE RADIO NAZIONALE, EDIZIONE DELLE SETTE <span style=\"color: #0000ff;\">viene pubblicato alle 7.05 <span style=\"color: #ff0000;\">DIRETTA RADIO\u00a0<\/span><\/span><\/strong><\/p><\/blockquote>\n<p><strong>il giornale radionazionale e&#8217; in onda ogni ora, dalle sette del mattino alle venti della sera\u00a0 \u00a0<\/strong><strong>\u00a0<\/strong><\/p>\n<p><strong>POTENZA<\/strong> Giovane morto in un Cpr, il procuratore: &#8216;Non \u00e8 escluso l&#8217;omicidio&#8217;<br \/>\n<strong>TERNI<\/strong> Affare ricongiungimenti, 4mila euro per permessi falsi <strong>BIELLA<\/strong> Detenuto si impicca, 61 suicidi in carcere da inizio anno <strong>BOLZANO<\/strong> Si lancia dal Piz da Lech, base jumper muore in Val Badia L&#8217;uomo \u00e8 un lombardo di 36 anni, da chiarire la dinamica <strong>TARANTO<\/strong> Esplosione in casa, crolla una parte del ponteggio.\u00a0 Ustionato un ragazzo,elettricista muore folgorato\u00a0 <strong>VERONA<\/strong> Aggredisce la compagna con un coltello, arrestato La donna \u00e8 ricoverata in gravi condizioni<\/p>\n<h2>AUDIO dalle sette del mattino, ogni ora alla radio<\/h2>\n<p>&nbsp;<\/p>\n<p>&nbsp;<\/p>\n<hr \/>\n<p>&nbsp;<\/p>\n<p>&nbsp;<\/p>\n<h1><span style=\"color: #ff0000;\">I podcast informativi del mattino &#8211; video &#8211;\u00a0<\/span><\/h1>\n<h2><strong><a class=\"dt-pswp-item\" href=\"https:\/\/www.radiopiu.net\/wordpress\/wp-content\/uploads\/2023\/12\/th-10.jpg\" data-dt-img-description=\"\" data-large_image_width=\"245\" data-large_image_height=\"180\"><img loading=\"lazy\" decoding=\"async\" class=\" wp-image-367395 alignleft\" src=\"https:\/\/www.radiopiu.net\/wordpress\/wp-content\/uploads\/2023\/12\/th-10.jpg\" alt=\"\" width=\"166\" height=\"122\" \/><\/a>RASSEGNA STAMPA LOCALE, ORE OTTO 05<\/strong><\/h2>\n<h2><strong> <span style=\"color: #0000ff;\">viene\u00a0 <\/span><\/strong><strong><span style=\"color: #0000ff;\">pubblicata alle 8.05 <span style=\"color: #ff0000;\">DIRETTA RADIO\u00a0\u00a0<\/span><\/span><\/strong><\/h2>\n<p><strong>DI MIRKO MEZZACASA\u00a0 \u00a0<\/strong><button class=\"rounded-lg text-token-text-secondary hover:bg-token-main-surface-secondary\"><\/button><\/p>\n<p><strong>OGGI SUL Corriere delle Alpi E NOTIZIARI DI Radio Pi\u00f9<\/strong><\/p>\n<p>DOLOMITIBUS, CERTEZZE E SPERANZE Possiamo paragonare il servizio del trasporto pubblico a un carciofo, al quale, togliendo foglia dopo foglia, non rimarr\u00e0 pi\u00f9 nulla BELLUNO Denise Casanova denuncia la riduzione progressiva del trasporto pubblico, evidenziando le problematiche della linea 42 di Dolomiti Bus.<br \/>\nTpl, Provincia al lavoro per la ripresa della scuola. Bortoluzzi: \u00abNon si ripetano i disservizi dello scorso anno\u00bb Il trasporto pubblico \u00e8 in crisi, ma garantire un servizio efficiente, specialmente in montagna, \u00e8 cruciale, afferma Massimo Bortoluzzi, consigliere provinciale ai trasporti. Lo scorso anno, la carenza di autisti ha causato molti disservizi, con diverse corse cancellate, soprattutto negli orari meno frequentati.<br \/>\nREDAZIONE Una nostra ascoltatrice ci segnala che luned\u00ec, con l&#8217;entrata in vigore del nuovo orario per le corse extraurbane dal 5 al 25 agosto, \u00e8 rimasta a piedi alla stazione di Belluno. Doveva salire sulla corriera per Agordo delle 15:05, come da orario segnalato sul sito di Dolomiti Bus, ma l&#8217;autobus non \u00e8 mai arrivato. Chiedendo informazioni alla biglietteria di Belluno, l&#8217;impiegata di turno ha subito verificato l&#8217;orario con l&#8217;ufficio preposto scoprendo un errore sull&#8217;orario pubblicato sul sito istituzionale dell&#8217;azienda.<\/p>\n<h2><span style=\"color: #ff0000;\"><strong>VIDEO\u00a0 \u00a0in diretta dalle 8 del mattino\u00a0<\/strong><\/span><\/h2>\n<p><strong>DALLA RASSEGNA STAMPA DI RADIO PIU&#8217;, PRIMA EDIZIONE ALLE SETTE DEL MATTINO (ANTICIPAZIONI) SECONDA EDIZIONE ALLE 8.05\u00a0<\/strong><\/p>\n<p><a class=\"dt-pswp-item\" href=\"https:\/\/www.radiopiu.net\/wordpress\/wp-content\/uploads\/2024\/08\/Senza-nome-18.png\" data-dt-img-description=\"\" data-large_image_width=\"464\" data-large_image_height=\"300\"><img loading=\"lazy\" decoding=\"async\" class=\" wp-image-403815 alignleft\" src=\"https:\/\/www.radiopiu.net\/wordpress\/wp-content\/uploads\/2024\/08\/Senza-nome-18-300x194.png\" alt=\"\" width=\"246\" height=\"159\" srcset=\"https:\/\/www.radiopiu.net\/wordpress\/wp-content\/uploads\/2024\/08\/Senza-nome-18-300x194.png 300w, https:\/\/www.radiopiu.net\/wordpress\/wp-content\/uploads\/2024\/08\/Senza-nome-18.png 464w\" sizes=\"auto, (max-width: 246px) 100vw, 246px\" \/><\/a>Dal <strong>Corriere delle Alpi<\/strong>\u00a0 di\u00a0 Cristina Contento: un\u2019embolia polmonare avrebbe stroncato la vita di Elvi Sommacal, un 55enne di Limana, morto improvvisamente sotto la doccia. L\u2019autopsia ha confermato che un embolo proveniente dalla gamba sinistra ha causato il decesso. Sommacal, un elettricista attivo e in buona salute, aveva recentemente subito una rottura del tendine di Achille. Dopo la visita al pronto soccorso di Belluno, potrebbe non essere stato prescritto l&#8217;anticoagulante eparina, essenziale in questi casi per prevenire embolie. Tre medici del reparto emergenza e ortopedia sono indagati per omicidio colposo e responsabilit\u00e0 colposa per morte, mentre l&#8217;ULSS 1 Dolomiti ha aperto un&#8217;inchiesta interna. L\u2019anatomopatologo Antonello Cirnelli, assieme a consulenti delle parti, conferma l&#8217;ipotesi di embolia. La famiglia Sommacal, assistita dall\u2019avvocato Cipolotti, attende chiarezza sulla potenziale responsabilit\u00e0 medica nella tragica scomparsa.<\/p>\n<p>&nbsp;<\/p>\n<p>&nbsp;<\/p>\n<p>&nbsp;<\/p>\n<hr \/>\n<p>&nbsp;<\/p>\n<p>&nbsp;<\/p>\n<p><strong><a class=\"dt-pswp-item\" href=\"https:\/\/www.radiopiu.net\/wordpress\/wp-content\/uploads\/2023\/12\/ANTENNA.png\" data-dt-img-description=\"\" data-large_image_width=\"300\" data-large_image_height=\"166\"><img loading=\"lazy\" decoding=\"async\" class=\" wp-image-366306 alignleft\" src=\"https:\/\/www.radiopiu.net\/wordpress\/wp-content\/uploads\/2023\/12\/ANTENNA.png\" alt=\"\" width=\"175\" height=\"97\" \/><\/a>IERI SERA, DAL TG DI ANTENNA 3, ogni sera alle 19 le anticipazioni alla radio, quello che poi seguirete nel TELEGIORNALE BELLUNESE\u00a0 in onda alle 19.30 sul CANALE 10 del digitale terrestre.\u00a0\u00a0<\/strong><\/p>\n<p>&nbsp;<\/p>\n<p><span style=\"color: #ff0000;\"><strong>\u00a0IERI SERA ALLA RADIO&#8230; LE ANTICIPAZIONI DI\u00a0 tiziana bolognani<\/strong><\/span><\/p>\n<audio class=\"wp-audio-shortcode\" id=\"audio-403578-7\" preload=\"none\" style=\"width: 100%;\" controls=\"controls\"><source type=\"audio\/mpeg\" src=\"https:\/\/www.radiopiu.net\/wordpress\/wp-content\/uploads\/2024\/08\/ANTENNA3-4.mp3?_=7\" \/><a href=\"https:\/\/www.radiopiu.net\/wordpress\/wp-content\/uploads\/2024\/08\/ANTENNA3-4.mp3\">https:\/\/www.radiopiu.net\/wordpress\/wp-content\/uploads\/2024\/08\/ANTENNA3-4.mp3<\/a><\/audio>\n<p><span style=\"color: #ff0000;\"><strong>\u00a0\u00a0<\/strong><\/span><\/p>\n<hr \/>\n<p>&nbsp;<\/p>\n<blockquote>\n<h3>DOMANI LAVORI PROGRAMMATI ALLA RETE IDRICA DI AGORDO<\/h3>\n<\/blockquote>\n<p>Causa lavori alla rete idrica di Agordo, nelle vie Teto Piciol, Costa, Bries, V.lo 4 Novembre, Toccol, Cal De Le Mule e Pacifico Soccol \u00e8 prevista la chiusura dell&#8217;acqua acqua domani dalle 8 alle 17 e comunque fino a FINE LAVORI<\/p>\n<p>&nbsp;<\/p>\n<p>&nbsp;<\/p>\n<hr \/>\n<p>&nbsp;<\/p>\n<blockquote>\n<h3>\u00a0I LAVORI SULLA STRADA DI TAIER A TAIBON<\/h3>\n<\/blockquote>\n<p><strong>TAIBON <\/strong>La chiusura della strada comunale di Taier: Divieto di transito per tutti i veicoli fino al 10 agosto alle 18. Senso unico alternato regolato a vista e\/o da movieri dal 10 agosto alle 18 fino al 27 settembre alle 18.00.<\/p>\n<p>&nbsp;<\/p>\n<p>&nbsp;<\/p>\n<hr \/>\n<p>&nbsp;<\/p>\n<blockquote>\n<h3>OGGI L&#8217;ULTIMO SALUTO A MORENO VALT<\/h3>\n<\/blockquote>\n<p><strong>FALCADE<\/strong>\u00a0 Alle 14.30 la comunit\u00e0 di Falcade stringer\u00e0 in un solidale abbraccio con la famiglia Valt nel ricordo di Moreno. Il funerale in chiesa a Falcade, sar\u00e0 preceduto alle 14.30 dal Rosario. L&#8217;annuncio della scomparsa di Moreno, &#8220;Giostro&#8221; \u00e8 stato dato dalla moglie Antonia, mamma Anna, fratelli Graziella e Silvio, nipoti e parenti.<\/p>\n<p><strong>IL RICORDO<\/strong><\/p>\n<p><strong><em><a class=\"dt-pswp-item\" href=\"https:\/\/www.radiopiu.net\/wordpress\/wp-content\/uploads\/2024\/08\/Senza-nome-17.png\" data-dt-img-description=\"\" data-large_image_width=\"221\" data-large_image_height=\"167\"><img loading=\"lazy\" decoding=\"async\" class=\"size-full wp-image-403714 alignleft\" src=\"https:\/\/www.radiopiu.net\/wordpress\/wp-content\/uploads\/2024\/08\/Senza-nome-17.png\" alt=\"\" width=\"221\" height=\"167\" \/><\/a>Stamane ci siamo svegliati tutti con la triste notizia della morte di Moreno. Era una persona di una bont\u00e0 e disponibilit\u00e0 rara. Ricordo un aneddoto. Io prestavo servizio presso la Brigata della Guardia di Finanza di Agordo. Moreno a quel tempo \u00a0avr\u00e0 avuto 15 anni o poco pi\u00f9.<\/em><\/strong><\/p>\n<p><strong><em>Avevo fatto tagliare del legname in un bosco sopra Molino in una zona inaccessibile con qualsiasi mezzo. Un mio amico mi disse che l\u2019unico che poteva essere in grado di portare il legname in zona accessibile era Moreno che si era costruito un \u201ctrabiccolo\u201d a motore che poteva transitare anche nei sentieri pi\u00f9 stretti. Ricordo che andai a casa sua ( in divisa) e sua mamma mi disse che aveva saputo da un amico che la \u201cFinanza \u201c lo cercava e allora era andato a nascondersi. Dopo alcuni giorni tramite un suo amico sono finalmente riuscito a contattarlo e in poco tempo mi port\u00f2 sul piazzale a Molino tutto il legname. Da\u00a0 allora siamo stati sempre amici e lui era sempre disponibile per tutto e per tutti. A Falcade mancher\u00e0 la sua figura e sar\u00e0 ricordato da tutti. Da non dimenticare la sfortuna che lo ha purtroppo colpito per la perdita di due figli. Sono vicino alla moglie Antonia e a tutti familiari.<\/em><\/strong><\/p>\n<p><strong><em>Rodolfo Pellegrinon <\/em><\/strong><\/p>\n<p>foto Cassol_Cencenighe<\/p>\n<p>&nbsp;<\/p>\n<hr \/>\n<p>&nbsp;<\/p>\n<blockquote>\n<h3>INFORTUNIO SUL COL DI LANA E MALORE A MALGA FEDERA<\/h3>\n<\/blockquote>\n<p><strong><a class=\"dt-pswp-item\" href=\"https:\/\/www.radiopiu.net\/wordpress\/wp-content\/uploads\/2020\/06\/ELICOTTERO-SUEM.jpg\" data-dt-img-description=\"\" data-large_image_width=\"1368\" data-large_image_height=\"765\"><img loading=\"lazy\" decoding=\"async\" class=\" wp-image-142190 alignleft\" src=\"https:\/\/www.radiopiu.net\/wordpress\/wp-content\/uploads\/2020\/06\/ELICOTTERO-SUEM-300x168.jpg\" alt=\"\" width=\"178\" height=\"100\" srcset=\"https:\/\/www.radiopiu.net\/wordpress\/wp-content\/uploads\/2020\/06\/ELICOTTERO-SUEM-300x168.jpg 300w, https:\/\/www.radiopiu.net\/wordpress\/wp-content\/uploads\/2020\/06\/ELICOTTERO-SUEM-1024x573.jpg 1024w, https:\/\/www.radiopiu.net\/wordpress\/wp-content\/uploads\/2020\/06\/ELICOTTERO-SUEM-768x429.jpg 768w, https:\/\/www.radiopiu.net\/wordpress\/wp-content\/uploads\/2020\/06\/ELICOTTERO-SUEM.jpg 1368w\" sizes=\"auto, (max-width: 178px) 100vw, 178px\" \/><\/a>LIVINALLONGO<\/strong> Ieri alle 12.30 circa la Centrale del Suem \u00e8 stata allertata tramite GeoResQ, per un escursionista che si era fatto male in cima al Col di Lana. Il 65enne di Istrana (TV), che si trovava in compagnia di altre persone, aveva riportato uno strappo muscolare alla gamba e non era pi\u00f9 in grado di restare in piedi. Sbarcati in hovering, equipe medica e tecnico di elisoccorso hanno valutato le sue condizioni per poi caricarlo a bordo con il verricello e trasportarlo all&#8217;ospedale di Agordo.<\/p>\n<p><strong>CORTINA <\/strong>Falco 2 attorno alle 13 \u00e8 decollato in direzione di Malga Federa nei cui pressi, uscendo dal sentiero a un centinaio di metri di distanza, un 70enne di Treviso era stato colto da grave malore. Prima di atterrare nelle vicinanze, l&#8217;elicottero ha fatto scendere in hovering personale sanitario e tecnico di elisoccorso, che hanno prestato le prime cure all&#8217;uomo, che era assieme alla moglie. Imbarcato, l&#8217;escursionista \u00e8 stato portato all&#8217;ospedale di Belluno.<\/p>\n<p>&nbsp;<\/p>\n<p>&nbsp;<\/p>\n<hr \/>\n<p>&nbsp;<\/p>\n<blockquote>\n<h3>SOCCORSI DUE MINORENNI TEDESCHI IN ALTRETTANTI INTERVENTI<\/h3>\n<\/blockquote>\n<p><strong><a class=\"dt-pswp-item\" href=\"https:\/\/www.radiopiu.net\/wordpress\/wp-content\/uploads\/2024\/08\/Watermark_20240806_190903_512.jpg\" data-dt-img-description=\"\" data-large_image_width=\"1773\" data-large_image_height=\"2364\"><img loading=\"lazy\" decoding=\"async\" class=\" wp-image-403778 alignleft\" src=\"https:\/\/www.radiopiu.net\/wordpress\/wp-content\/uploads\/2024\/08\/Watermark_20240806_190903_512-225x300.jpg\" alt=\"\" width=\"121\" height=\"161\" srcset=\"https:\/\/www.radiopiu.net\/wordpress\/wp-content\/uploads\/2024\/08\/Watermark_20240806_190903_512-225x300.jpg 225w, https:\/\/www.radiopiu.net\/wordpress\/wp-content\/uploads\/2024\/08\/Watermark_20240806_190903_512-768x1024.jpg 768w, https:\/\/www.radiopiu.net\/wordpress\/wp-content\/uploads\/2024\/08\/Watermark_20240806_190903_512-1152x1536.jpg 1152w, https:\/\/www.radiopiu.net\/wordpress\/wp-content\/uploads\/2024\/08\/Watermark_20240806_190903_512-1536x2048.jpg 1536w, https:\/\/www.radiopiu.net\/wordpress\/wp-content\/uploads\/2024\/08\/Watermark_20240806_190903_512.jpg 1773w\" sizes=\"auto, (max-width: 121px) 100vw, 121px\" \/><\/a>CORTINA \u00a0<\/strong>Un giovane escursionista tedesco \u00e8 caduto dal sentiero che scende dal Col Ros\u00e0. Il quattordicenne, che si trovava con il padre e il fratello, perso l&#8217;equilibrio sulla serpentina fuori dal bosco \u00e8 ruzzolato per alcuni metri per poi cadere da un salto di un paio di metri. Con probabili traumi alla gamba e a un braccio, il quattordicenne \u00e8 stato trasportato all&#8217;ospedale di Cortina. Con lui il pap\u00e0, mentre il fratello \u00e8 rientrato autonomamente.\u00a0<strong><br \/>\n<\/strong><\/p>\n<p><strong>CORTINA<\/strong>\u00a0 il Soccorso alpino\u00a0 \u00e8 stato attivato per un diciassettenne tedesco che lamentava un malessere nei pressi del Rifugio Son Forca. Una squadra della Guardi di finanza \u00e8 salita in fuoristrada e lo ha accompagnato al rendez vous con l&#8217;ambulanza, partita in direzione del Codivilla per accertamenti.<\/p>\n<p>&nbsp;<\/p>\n<hr \/>\n<p>&nbsp;<\/p>\n<blockquote>\n<h3>IL POMERIGGIO DEL SUEM 118 INIZIA CON QUATTRO INTERVENTI<\/h3>\n<\/blockquote>\n<p><strong><a class=\"dt-pswp-item\" href=\"https:\/\/www.radiopiu.net\/wordpress\/wp-content\/uploads\/2024\/07\/SALT.jpeg\" data-dt-img-description=\"\" data-large_image_width=\"1600\" data-large_image_height=\"900\"><img loading=\"lazy\" decoding=\"async\" class=\" wp-image-398172 alignleft\" src=\"https:\/\/www.radiopiu.net\/wordpress\/wp-content\/uploads\/2024\/07\/SALT-300x169.jpeg\" alt=\"\" width=\"167\" height=\"94\" srcset=\"https:\/\/www.radiopiu.net\/wordpress\/wp-content\/uploads\/2024\/07\/SALT-300x169.jpeg 300w, https:\/\/www.radiopiu.net\/wordpress\/wp-content\/uploads\/2024\/07\/SALT-1024x576.jpeg 1024w, https:\/\/www.radiopiu.net\/wordpress\/wp-content\/uploads\/2024\/07\/SALT-768x432.jpeg 768w, https:\/\/www.radiopiu.net\/wordpress\/wp-content\/uploads\/2024\/07\/SALT-1536x864.jpeg 1536w, https:\/\/www.radiopiu.net\/wordpress\/wp-content\/uploads\/2024\/07\/SALT.jpeg 1600w\" sizes=\"auto, (max-width: 167px) 100vw, 167px\" \/><\/a>REDAZIONE \u00a0<\/strong>quattro soccorsi nel pomeriggio di ieri.\u00a0 A Livinallongo un uomo di 65 anni di Istrana si \u00e8 fatto male agli arti inferiori. Elitrasportato all&#8217;ospedale di Agordo.\u00a0 A Malga Federa di Cortina\u00a0 un 70enne di Treviso ha\u00a0 accusato un malore, elitrasportato a Belluno in gravi condizioni.\u00a0 Un ragazzo di 20 anni \u00e8 stato soccorso in Comelico a seguito di una caduta in bicicletta, \u00e8 stato portato all&#8217;ospedale di Pieve di Cadore.\u00a0 A cortina un uomo \u00e8 caduto da un sentiero.<\/p>\n<p>&nbsp;<\/p>\n<blockquote>\n<h3>IERI SERA ALTRI DUE INTERVENTI DEL SUEM<\/h3>\n<\/blockquote>\n<p>L&#8217;ambulanza si \u00e8 recata a Longarone per un incidente stradale e per soccorrere un uomo che\u00a0 ferito.\u00a0 A Cima Sappada per un 80enne ha\u00a0 accusato un malore.<\/p>\n<p>&nbsp;<\/p>\n<hr \/>\n<p>&nbsp;<\/p>\n<blockquote>\n<h3>CONTROLLI ESTIVI DELLA POLIZIA: RITIRATE DUE PATENTI PER GUIDA IN STATO DI EBREZZA<\/h3>\n<\/blockquote>\n<p><strong><a class=\"dt-pswp-item\" href=\"https:\/\/www.radiopiu.net\/wordpress\/wp-content\/uploads\/2022\/05\/POLIZIA-2.jpg\" data-dt-img-description=\"\" data-large_image_width=\"1920\" data-large_image_height=\"1080\"><img loading=\"lazy\" decoding=\"async\" class=\" wp-image-278033 alignleft\" src=\"https:\/\/www.radiopiu.net\/wordpress\/wp-content\/uploads\/2022\/05\/POLIZIA-2-300x169.jpg\" alt=\"\" width=\"172\" height=\"97\" srcset=\"https:\/\/www.radiopiu.net\/wordpress\/wp-content\/uploads\/2022\/05\/POLIZIA-2-300x169.jpg 300w, https:\/\/www.radiopiu.net\/wordpress\/wp-content\/uploads\/2022\/05\/POLIZIA-2-1024x576.jpg 1024w, https:\/\/www.radiopiu.net\/wordpress\/wp-content\/uploads\/2022\/05\/POLIZIA-2-768x432.jpg 768w, https:\/\/www.radiopiu.net\/wordpress\/wp-content\/uploads\/2022\/05\/POLIZIA-2-1536x864.jpg 1536w, https:\/\/www.radiopiu.net\/wordpress\/wp-content\/uploads\/2022\/05\/POLIZIA-2.jpg 1920w\" sizes=\"auto, (max-width: 172px) 100vw, 172px\" \/><\/a>BELLUNO<\/strong> Il Compartimento Polizia Stradale per il \u201cTrentino Alto Adige e Belluno\u201d ha organizzato, tramite la Sezione Polizia Stradale di Belluno, controlli mirati nell&#8217;ambito dell&#8217;iniziativa nazionale &#8220;Stragi del Sabato Sera&#8221; durante l&#8217;ultimo fine settimana. Questi controlli, finalizzati alla sicurezza stradale e alla verifica dell&#8217;assunzione di alcol e droghe da parte dei conducenti, sono stati svolti dalla Polizia Stradale di Belluno e dalla Polizia Locale di Belluno, coinvolgendo nove operatori, tre pattuglie e un furgone attrezzato. I controlli hanno portato alla verifica di 38 persone e 37 veicoli, con due patenti ritirate per guida in stato di ebbrezza e due veicoli sequestrati, uno per mancanza di assicurazione. La Polizia Stradale di Belluno continuer\u00e0 a impegnarsi per ridurre la mortalit\u00e0 stradale come previsto a livello comunitario.<\/p>\n<p>&nbsp;<\/p>\n<p>&nbsp;<\/p>\n<p>&nbsp;<\/p>\n<hr \/>\n<p>&nbsp;<\/p>\n<blockquote>\n<h2>DI QUA&#8217; E DI LA&#8217; DEL CONFINE, IL VERO SENSO DEI FONDI: PER FORCELLA AURINE<\/h2>\n<\/blockquote>\n<blockquote><p><em><strong>Un nuovo bacino di accumulo per l\u2019innevamento programmato e l&#8217;antincendio boschivo a Forcella Aurine: al via il progetto da 1,6 milioni di euro interamente finanziato dal Fondo dei Comuni Confinanti.<\/strong><\/em><\/p><\/blockquote>\n<p>&nbsp;<\/p>\n<p><strong>DI GIANNI SANTOMASO<\/strong><\/p>\n<audio class=\"wp-audio-shortcode\" id=\"audio-403578-8\" preload=\"none\" style=\"width: 100%;\" controls=\"controls\"><source type=\"audio\/mpeg\" src=\"https:\/\/www.radiopiu.net\/wordpress\/wp-content\/uploads\/2024\/08\/GIANNI-BACINO-IDRICO-FORCELLA-AURINE.mp3?_=8\" \/><a href=\"https:\/\/www.radiopiu.net\/wordpress\/wp-content\/uploads\/2024\/08\/GIANNI-BACINO-IDRICO-FORCELLA-AURINE.mp3\">https:\/\/www.radiopiu.net\/wordpress\/wp-content\/uploads\/2024\/08\/GIANNI-BACINO-IDRICO-FORCELLA-AURINE.mp3<\/a><\/audio>\n<p>&nbsp;<\/p>\n<p><strong><img loading=\"lazy\" decoding=\"async\" class=\"alignleft\" src=\"https:\/\/www.radiopiu.net\/wordpress\/wp-content\/uploads\/2021\/11\/FORCELLA-AURINE.jpg\" width=\"191\" height=\"143\" \/>GOSALDO<\/strong> 1 milione 600 mila euro per l&#8217;invaso di Forcella Aurine. Finalmente ci siamo, il finanziamento garantito dai Fondi dei Comuni confinanti. Non solo neve, ovvero garantire l&#8217;acqua per l&#8217;innevamento, ma anche diventare un bacino importante in caso di emergenza, non ultima quella legata agli incendi.<\/p>\n<p>Dare un futuro a turistico all\u2019area di Forcella Aurine, in Agordino, realizzando un nuovo bacino di accumulo idrico multifunzionale e le relative infrastrutture. Va in questa direzione la convenzione appena firmata dal presidente del Comitato di Gestione del FCC, Dario Bond, e dal presidente dell\u2019Unione Montana Agordina, che \u00e8 soggetto attuatore dell\u2019iniziativa.<\/p>\n<p><strong>IL PRESIDENTE DEI FONDI DI CONFINE, DARIO BOND<\/strong><\/p>\n<audio class=\"wp-audio-shortcode\" id=\"audio-403578-9\" preload=\"none\" style=\"width: 100%;\" controls=\"controls\"><source type=\"audio\/mpeg\" src=\"https:\/\/www.radiopiu.net\/wordpress\/wp-content\/uploads\/2024\/08\/Audio-Bond-su-Forcella-Aurine.mp3?_=9\" \/><a href=\"https:\/\/www.radiopiu.net\/wordpress\/wp-content\/uploads\/2024\/08\/Audio-Bond-su-Forcella-Aurine.mp3\">https:\/\/www.radiopiu.net\/wordpress\/wp-content\/uploads\/2024\/08\/Audio-Bond-su-Forcella-Aurine.mp3<\/a><\/audio>\n<p>&nbsp;<\/p>\n<p>&nbsp;<\/p>\n<hr \/>\n<p>&nbsp;<\/p>\n<blockquote>\n<h3 class=\"entry-title\">Proteste dei Residenti di Valle di Cadore sul Cantiere della Galleria<\/h3>\n<p><em><a class=\"dt-pswp-item\" href=\"https:\/\/www.radiopiu.net\/wordpress\/wp-content\/uploads\/2024\/08\/20240806_154915-scaled.jpg\" data-dt-img-description=\"\" data-large_image_width=\"2560\" data-large_image_height=\"1440\"><img loading=\"lazy\" decoding=\"async\" class=\" wp-image-403766 alignleft\" src=\"https:\/\/www.radiopiu.net\/wordpress\/wp-content\/uploads\/2024\/08\/20240806_154915-300x169.jpg\" alt=\"\" width=\"206\" height=\"116\" srcset=\"https:\/\/www.radiopiu.net\/wordpress\/wp-content\/uploads\/2024\/08\/20240806_154915-300x169.jpg 300w, https:\/\/www.radiopiu.net\/wordpress\/wp-content\/uploads\/2024\/08\/20240806_154915-1024x576.jpg 1024w, https:\/\/www.radiopiu.net\/wordpress\/wp-content\/uploads\/2024\/08\/20240806_154915-768x432.jpg 768w, https:\/\/www.radiopiu.net\/wordpress\/wp-content\/uploads\/2024\/08\/20240806_154915-1536x864.jpg 1536w, https:\/\/www.radiopiu.net\/wordpress\/wp-content\/uploads\/2024\/08\/20240806_154915-2048x1152.jpg 2048w\" sizes=\"auto, (max-width: 206px) 100vw, 206px\" \/><\/a>&#8220;Siamo residenti di Valle di Cadore, preoccupati dal cantiere sulla SS 51. Chiediamo rispetto degli orari per ridurre i rumori notturni e dialogo col Comune. L&#8217;ingresso alla galleria vicino alle scuole crea rischi evidenti&#8221;.<\/em><\/p><\/blockquote>\n<p>Sono le tre righe che hanno attirato la nostra attenzione quando abbiamo ricevuto la mail da Valle di Cadore e la cronaca ci ha ricordato anche un recente episodio, a proposito di trivelle e cantiere. Indimenticabili le foto della gru finita nel giardino delle scuole elementari proprio dove ci sar\u00e0 l&#8217;uscita della galleria.<br \/>\n<em>I residenti di Valle di Cadore chiedono al Comune di regolamentare i lavori notturni del cantiere sulla SS 51, che causano gravi disagi. La galleria uscir\u00e0 vicino alle scuole, aumentando i rischi per studenti e cittadini.<\/em><\/p>\n<p><strong>Ecco la lettera arrivata alla nostra mail<\/strong><\/p>\n<p><a class=\"dt-pswp-item\" href=\"https:\/\/www.radiopiu.net\/wordpress\/wp-content\/uploads\/2024\/08\/20240806_131612-scaled.jpg\" data-dt-img-description=\"\" data-large_image_width=\"2560\" data-large_image_height=\"1440\"><img loading=\"lazy\" decoding=\"async\" class=\"size-medium wp-image-403768 alignright\" src=\"https:\/\/www.radiopiu.net\/wordpress\/wp-content\/uploads\/2024\/08\/20240806_131612-300x169.jpg\" alt=\"\" width=\"300\" height=\"169\" srcset=\"https:\/\/www.radiopiu.net\/wordpress\/wp-content\/uploads\/2024\/08\/20240806_131612-300x169.jpg 300w, https:\/\/www.radiopiu.net\/wordpress\/wp-content\/uploads\/2024\/08\/20240806_131612-1024x576.jpg 1024w, https:\/\/www.radiopiu.net\/wordpress\/wp-content\/uploads\/2024\/08\/20240806_131612-768x432.jpg 768w, https:\/\/www.radiopiu.net\/wordpress\/wp-content\/uploads\/2024\/08\/20240806_131612-1536x864.jpg 1536w, https:\/\/www.radiopiu.net\/wordpress\/wp-content\/uploads\/2024\/08\/20240806_131612-2048x1152.jpg 2048w\" sizes=\"auto, (max-width: 300px) 100vw, 300px\" \/><\/a>Siamo un gruppo di cittadini residenti a Valle di Cadore,\u00a0 volevamo rendere note\u00a0 le nostre difficolt\u00e0 per quel cantiere della galleria per\u00a0 la variante sulla statalle 51 di Alemagna, ma anche e le difficolt\u00e0 nel rapporto con l &#8216;amministrazione comunale sulla tematica. Nonostante i\u00a0 dubbi\u00a0 non ci siamo mai opposti alla realizzazione dell&#8217;opera seguendone le difficolt\u00e0. Chiediamo una maggiore attenzione al tipo di attivit\u00e0 che vengono svolte negli orari notturni. Non tutte le attivit\u00e0 provocano disagi ai residenti o per lo meno se effettuate in orario diurno.\u00a0 In particolare questa notte fino alle 3.30 \u00e8 stato usato un\u00a0 grosso martello pneumatico, vibrazioni del terreno, amplificazione del ruomore tra le mura di casa e nessuno ha dormito.\u00a0 Durante la giornata non vi \u00e8 stata traccia di questo tipo di attivit\u00e0.\u00a0 I rapporti con l amministrazione comunale:\u00a0 a richiesta di interfacciarci con l&#8217;ente proprietario dell opera per mediare una soluzione ci \u00e8 stato risposto che ci sono delle priorit\u00e0 maggiori e che i lavori per l&#8217;ingresso alla galleria dovrebbero finire entro un mese. La politica ha fatto la sua scelta, noi dobbiamo sopportare. paese e come avrete gi\u00e0 notato riguardo all incidente avvenuto da poco con la caduta della gru nel giardino delle elementari la galleria uscir\u00e0 davanti alle scuole elementari e all asilo.<\/p>\n<p>&nbsp;<\/p>\n<p>&nbsp;<\/p>\n<hr \/>\n<p>&nbsp;<\/p>\n<blockquote>\n<h3>DOLOMITIBUS, CERTEZZE E SPERANZE<\/h3>\n<\/blockquote>\n<blockquote>\n<h3>Possiamo paragonare il servizio del trasporto pubblico a un carciofo, al quale, togliendo foglia dopo foglia, non rimarr\u00e0 pi\u00f9 nulla<\/h3>\n<\/blockquote>\n<p><strong><img loading=\"lazy\" decoding=\"async\" class=\"alignleft\" src=\"https:\/\/www.radiopiu.net\/wordpress\/wp-content\/uploads\/2024\/04\/Dolomitibus_1.png\" width=\"227\" height=\"97\" \/>BELLUNO<\/strong> Denise Casanova denuncia la riduzione progressiva del trasporto pubblico, evidenziando le problematiche della linea 42 di Dolomiti Bus. Questa linea, che serve Quantin, Ponte nelle Alpi e Belluno, ha visto la soppressione di corse mattutine fondamentali dal 5 al 25 agosto, danneggiando lavoratori e abbonati senza preavviso. La scelta di privilegiare i turisti penalizza chi dipende dal servizio per lavoro o studio. Denise critica anche il servizio &#8220;Trillo&#8221;, pensato come sostitutivo delle corse tradizionali, ma inadeguato per la sua rigidit\u00e0. Le problematiche di Dolomiti Bus, secondo Casanova, derivano da salari bassi e orari pesanti per gli autisti, dissuadendo potenziali nuovi lavoratori. In un territorio complesso come Belluno, ridurre le corse mina il concetto di mobilit\u00e0 sostenibile, costringendo i cittadini all&#8217;uso dell&#8217;auto, vanificando il ruolo del trasporto pubblico e allontanando gli utenti.<\/p>\n<p>&nbsp;<\/p>\n<div class=\"group\/conversation-turn relative flex w-full min-w-0 flex-col agent-turn\">\n<div class=\"flex-col gap-1 md:gap-3\">\n<div class=\"flex flex-grow flex-col max-w-full\">\n<div class=\"min-h-[20px] text-message flex w-full flex-col items-end gap-2 whitespace-pre-wrap break-words [.text-message+&amp;]:mt-5 overflow-x-auto\" dir=\"auto\" data-message-author-role=\"assistant\" data-message-id=\"a60bdfef-90a3-4316-b19a-ff463ce82df9\">\n<div class=\"flex w-full flex-col gap-1 empty:hidden first:pt-[3px]\">\n<div class=\"markdown prose w-full break-words dark:prose-invert dark\">\n<blockquote>\n<h2>Tpl, Provincia al lavoro per la ripresa della scuola.<\/h2>\n<h3><strong style=\"font-size: 14px;\">Bortoluzzi: \u00abNon si ripetano i disservizi dello scorso anno\u00bb<\/strong><\/h3>\n<\/blockquote>\n<p>Il trasporto pubblico \u00e8 in crisi, ma garantire un servizio efficiente, specialmente in montagna, \u00e8 cruciale, afferma Massimo Bortoluzzi, consigliere provinciale ai trasporti. Lo scorso anno, la carenza di autisti ha causato molti disservizi, con diverse corse cancellate, soprattutto negli orari meno frequentati. Con l&#8217;avvicinarsi dell&#8217;inizio delle scuole, la Provincia lavora con Dolomitibus per assicurare un servizio ottimale. Un incontro tra azienda, sindacati e autorit\u00e0 locali \u00e8 previsto per individuare criticit\u00e0 e soluzioni.<\/p>\n<\/div>\n<\/div>\n<\/div>\n<\/div>\n<\/div>\n<\/div>\n<p><strong>MASSIMO BORTOLUZZI, CONSIGLIERE PROVINCIALE<\/strong><\/p>\n<audio class=\"wp-audio-shortcode\" id=\"audio-403578-10\" preload=\"none\" style=\"width: 100%;\" controls=\"controls\"><source type=\"audio\/mpeg\" src=\"https:\/\/www.radiopiu.net\/wordpress\/wp-content\/uploads\/2024\/08\/BORTOLUZZI.mp3?_=10\" \/><a href=\"https:\/\/www.radiopiu.net\/wordpress\/wp-content\/uploads\/2024\/08\/BORTOLUZZI.mp3\">https:\/\/www.radiopiu.net\/wordpress\/wp-content\/uploads\/2024\/08\/BORTOLUZZI.mp3<\/a><\/audio>\n<p>&nbsp;<\/p>\n<hr \/>\n<p>&nbsp;<\/p>\n<blockquote>\n<h3>DILLO A RADIO PIU&#8217;&#8230;UN ERRORE SULL&#8217;ORARIO DOLOMITI BUS<\/h3>\n<\/blockquote>\n<p><strong><a class=\"dt-pswp-item\" href=\"https:\/\/www.radiopiu.net\/wordpress\/wp-content\/uploads\/2020\/06\/80c303ed-9a2e-49f0-8b20-3dd5e061bbf3.jpg\" data-dt-img-description=\"\" data-large_image_width=\"1280\" data-large_image_height=\"960\"><img loading=\"lazy\" decoding=\"async\" class=\" wp-image-145520 alignleft\" src=\"https:\/\/www.radiopiu.net\/wordpress\/wp-content\/uploads\/2020\/06\/80c303ed-9a2e-49f0-8b20-3dd5e061bbf3-300x225.jpg\" alt=\"\" width=\"189\" height=\"142\" srcset=\"https:\/\/www.radiopiu.net\/wordpress\/wp-content\/uploads\/2020\/06\/80c303ed-9a2e-49f0-8b20-3dd5e061bbf3-300x225.jpg 300w, https:\/\/www.radiopiu.net\/wordpress\/wp-content\/uploads\/2020\/06\/80c303ed-9a2e-49f0-8b20-3dd5e061bbf3-1024x768.jpg 1024w, https:\/\/www.radiopiu.net\/wordpress\/wp-content\/uploads\/2020\/06\/80c303ed-9a2e-49f0-8b20-3dd5e061bbf3-768x576.jpg 768w, https:\/\/www.radiopiu.net\/wordpress\/wp-content\/uploads\/2020\/06\/80c303ed-9a2e-49f0-8b20-3dd5e061bbf3.jpg 1280w\" sizes=\"auto, (max-width: 189px) 100vw, 189px\" \/><\/a>REDAZIONE<\/strong> Una nostra ascoltatrice ci segnala che luned\u00ec, con l&#8217;entrata in vigore del nuovo orario per le corse extraurbane dal 5 al 25 agosto, \u00e8 rimasta a piedi alla stazione di Belluno. Doveva salire sulla corriera per Agordo delle 15:05, come da orario segnalato sul sito di Dolomiti Bus, ma l&#8217;autobus non \u00e8 mai arrivato. Chiedendo informazioni alla biglietteria di Belluno, l&#8217;impiegata di turno ha subito verificato l&#8217;orario con l&#8217;ufficio preposto scoprendo un errore sull&#8217;orario pubblicato sul sito istituzionale dell&#8217;azienda. La corsa delle 15:05 non risultava a tabella e quindi dalle 14:30 alle 16:30, con l&#8217;entrata in vigore dei nuovi orari, non ci sono corse per l&#8217;Agordino dalla stazione di Belluno in seguito alla soppressione della corsa delle 15:50. Alla signora non \u00e8 rimasto che presentare un reclamo all&#8217;azienda per l&#8217;inconveniente.<\/p>\n<p>&nbsp;<\/p>\n<p>&nbsp;<\/p>\n<hr \/>\n<p>&nbsp;<\/p>\n<blockquote>\n<h3 class=\"entry-title\">DILLO A RADIO PIU\u2019 Richiesta di Maggior Controllo sullo Smaltimento dei Rifiuti<\/h3>\n<p><em><img loading=\"lazy\" decoding=\"async\" class=\"alignleft\" src=\"https:\/\/www.radiopiu.net\/wordpress\/wp-content\/uploads\/2021\/09\/contenitori_1-scaled.jpg\" width=\"243\" height=\"182\" \/>\u201cSegnaliamo che una sconosciuta ha depositato rifiuti nel nostro contenitore privato. Con l\u2019aumento dei turisti, la gestione dei rifiuti \u00e8 problematica. Chiediamo pi\u00f9 informazione sul corretto smaltimento e soluzioni per evitare scarichi nei bidoni privati\u201d.<\/em><\/p><\/blockquote>\n<p>L\u2019episodio segnalato in redazione si \u00e8 verificato oggi in una propriet\u00e0 privata a Celato di Vallada in un luogo nemmeno nascosto, lungo la provinciale<em>.\u201duna sconosciuta\u00a0 \u00a0\u2013 ci scrive Davide \u2013 ha depositato le sue immondizie nei nostri contenitori: bottiglie di vetro, plastica, carta, residui di cibo e non ho indagato oltre\u201d<\/em>Gesto decisamente sfacciato visto che la donna ha oltrepassato cancelli dirigendosi nel porticato privato. Davide ha pensato di contattare gli uffici di Valpe anche perch\u00e9 la cosa sembra ripetersi\u00a0<em>\u201cin altre occasioni abbiamo trovato rifiuti appesi ai nostri bidoni una volta sulla strada. Per questo sollecitiamo chi si occupa della raccolta dei rifiuti di informare correttamente<\/em>\u00a0sulle modalit\u00e0 di conferimento dei rifiuti\u201d<\/p>\n<p>&nbsp;<\/p>\n<p>&nbsp;<\/p>\n<hr \/>\n<p>&nbsp;<\/p>\n<blockquote>\n<h3>DA ROLD COORDINATORE DELLE POLIZIE PROVINCIALI PER IL CONTENIMENTO DEI CINGHIALI<\/h3>\n<\/blockquote>\n<p><strong><a class=\"dt-pswp-item\" href=\"https:\/\/www.radiopiu.net\/wordpress\/wp-content\/uploads\/2022\/12\/CINGHIALE.png\" data-dt-img-description=\"\" data-large_image_width=\"1028\" data-large_image_height=\"734\"><img loading=\"lazy\" decoding=\"async\" class=\" wp-image-312997 alignleft\" src=\"https:\/\/www.radiopiu.net\/wordpress\/wp-content\/uploads\/2022\/12\/CINGHIALE-300x214.png\" alt=\"\" width=\"144\" height=\"103\" srcset=\"https:\/\/www.radiopiu.net\/wordpress\/wp-content\/uploads\/2022\/12\/CINGHIALE-300x214.png 300w, https:\/\/www.radiopiu.net\/wordpress\/wp-content\/uploads\/2022\/12\/CINGHIALE-1024x731.png 1024w, https:\/\/www.radiopiu.net\/wordpress\/wp-content\/uploads\/2022\/12\/CINGHIALE-768x548.png 768w, https:\/\/www.radiopiu.net\/wordpress\/wp-content\/uploads\/2022\/12\/CINGHIALE.png 1028w\" sizes=\"auto, (max-width: 144px) 100vw, 144px\" \/><\/a>VENEZIA<\/strong> Oscar Da Rold, Comandante della Polizia Provinciale di Belluno, \u00e8 stato nominato Coordinatore Operativo delle Polizie Provinciali dalla Giunta Regionale, su proposta dell\u2019assessore regionale alla Caccia, Cristiano Corazzari. La nomina, deliberata oggi e prevista dalla Dgr n.857 del 16 agosto 2024, fa parte delle misure del Piano Regionale di interventi Urgenti (PRIU) per il controllo della fauna selvatica. Da Rold, mantenendo il suo attuale ruolo, coordiner\u00e0 le Polizie Provinciali per potenziare le azioni di contenimento del cinghiale e contrasto alla peste suina africana. Corazzari ha espresso auguri di buon lavoro a Da Rold, sottolineando l&#8217;importanza di tale incarico. La Regione Veneto organizzer\u00e0 incontri informativi a settembre sul ritorno del lupo e predisporr\u00e0 un vademecum con consigli utili per gli avvistamenti.<\/p>\n<p>&nbsp;<\/p>\n<p>&nbsp;<\/p>\n<hr \/>\n<p>&nbsp;<\/p>\n<blockquote>\n<h3>LA REGIONE APPROVA LA PROROGA DELLE CONCESSIONI PER LE PICCOLE CENTRALI IDROELETTRICHE<\/h3>\n<\/blockquote>\n<p><strong><a class=\"dt-pswp-item\" href=\"https:\/\/www.radiopiu.net\/wordpress\/wp-content\/uploads\/2024\/04\/BOTTACIN.png\" data-dt-img-description=\"\" data-large_image_width=\"564\" data-large_image_height=\"393\"><img loading=\"lazy\" decoding=\"async\" class=\" wp-image-382551 alignleft\" src=\"https:\/\/www.radiopiu.net\/wordpress\/wp-content\/uploads\/2024\/04\/BOTTACIN-300x209.png\" alt=\"\" width=\"157\" height=\"109\" srcset=\"https:\/\/www.radiopiu.net\/wordpress\/wp-content\/uploads\/2024\/04\/BOTTACIN-300x209.png 300w, https:\/\/www.radiopiu.net\/wordpress\/wp-content\/uploads\/2024\/04\/BOTTACIN.png 564w\" sizes=\"auto, (max-width: 157px) 100vw, 157px\" \/><\/a>VENEZIA <\/strong>La Giunta regionale del Veneto, su proposta dell\u2019assessore all\u2019Ambiente e al Dissesto Idrogeologico, Gianpaolo Bottacin, ha approvato un disegno di legge che proroga fino al 31 luglio 2029 le concessioni delle piccole centrali idroelettriche. \u201cIl provvedimento deliberato dalla Giunta proseguir\u00e0 ora il suo iter in Consiglio, dove mi auguro una rapida approvazione \u2013 sottolinea l\u2019assessore Bottacin -. \u00c8 infatti indispensabile, in assenza di alternative, per garantire la prosecuzione da parte dei concessionari dell\u2019esercizio degli impianti in attesa che sia colmato il vuoto normativo a livello statale\u201d.<\/p>\n<p>&nbsp;<\/p>\n<hr \/>\n<p>&nbsp;<\/p>\n<p>&nbsp;<\/p>\n<blockquote>\n<h2>VARIANTE AL PIANO DI INTERVENTI, LUNEDI IN CONSIGLIO COMUNALE<\/h2>\n<\/blockquote>\n<p><strong><img loading=\"lazy\" decoding=\"async\" class=\"alignleft\" src=\"https:\/\/www.radiopiu.net\/wordpress\/wp-content\/uploads\/2022\/12\/MUNICIPIO-FALCADE.png\" width=\"221\" height=\"154\" \/>FALCADE <\/strong>Il Consiglio Comunale si riunir\u00e0 luned\u00ec alle 18:30, per discutere i seguenti punti all&#8217;Ordine del Giorno: Convenzione con la Provincia di Belluno per l&#8217;utilizzo della struttura polifunzionale \u201cDolomiti\u201d da parte dell&#8217;I.P.S.S.A.R. di Falcade nell&#8217;anno scolastico 2024\/2025, 14\u00aa variazione al bilancio di previsione 2024-2026,\u00a0Salvaguardia degli equilibri di bilancio per l&#8217;esercizio 2024 e verifica dello stato di attuazione dei programmi,\u00a0Presa d\u2019atto del Documento Unico di Programmazione Semplificato (D.U.P.) 2025\/2027 e la seconda variazione al Piano degli Interventi.<\/p>\n<p><strong>DI GIANNI SANTOMASO<\/strong><\/p>\n<audio class=\"wp-audio-shortcode\" id=\"audio-403578-11\" preload=\"none\" style=\"width: 100%;\" controls=\"controls\"><source type=\"audio\/mpeg\" src=\"https:\/\/www.radiopiu.net\/wordpress\/wp-content\/uploads\/2024\/08\/GIANNI-DUE-CONSIGLI-COMUNALI.mp3?_=11\" \/><a href=\"https:\/\/www.radiopiu.net\/wordpress\/wp-content\/uploads\/2024\/08\/GIANNI-DUE-CONSIGLI-COMUNALI.mp3\">https:\/\/www.radiopiu.net\/wordpress\/wp-content\/uploads\/2024\/08\/GIANNI-DUE-CONSIGLI-COMUNALI.mp3<\/a><\/audio>\n<p>&nbsp;<\/p>\n<p>&nbsp;<\/p>\n<hr \/>\n<p>&nbsp;<\/p>\n<blockquote>\n<h2>Conferimento della Gestione della Scuola Materna Paritaria di Agordo all\u2019Azienda Speciale &#8220;Agordo Servizi&#8221;<\/h2>\n<\/blockquote>\n<p><strong><img loading=\"lazy\" decoding=\"async\" class=\"alignleft\" src=\"https:\/\/www.radiopiu.net\/wordpress\/wp-content\/uploads\/2022\/12\/MUNICIPIO-AGORDO.png\" width=\"347\" height=\"222\" \/>AGORDO<\/strong> Il Consiglio Comunale di Agordo ha approvato la relazione illustrativa riguardante la scelta della modalit\u00e0 di gestione della Scuola Materna Paritaria. La gestione \u00e8 stata affidata all\u2019Azienda Speciale &#8220;Agordo Servizi&#8221;, in conformit\u00e0 agli articoli 14 e 31 del D.Lgs. 201\/2022. Questa decisione \u00e8 stata presa per garantire una gestione efficiente e trasparente del servizio pubblico locale. Lo schema del contratto di servizio, allegato alla delibera, definisce le modalit\u00e0 operative e i criteri di qualit\u00e0 da rispettare. Il conferimento punta a migliorare l\u2019offerta educativa, assicurando continuit\u00e0 e innovazione nei servizi forniti ai bambini e alle famiglie di Agordo. L&#8217;Azienda Speciale &#8220;Agordo Servizi&#8221; si impegna a mantenere elevati standard educativi e a promuovere attivit\u00e0 che valorizzino il benessere dei piccoli alunni. L&#8217;argomento sar\u00e0 presentato, dibattuto e votato nel prossimo consiglio comunale, sar\u00e0 l&#8217;unico punto all&#8217;ordine del giorno firmato dal sindaco Roberto Chissal\u00e8, calendarizzato per\u00a0 lvenerdi alle 7.30<\/p>\n<p>&nbsp;<\/p>\n<hr \/>\n<p>&nbsp;<\/p>\n<p>&nbsp;<\/p>\n<h2 class=\"_title post-title entry-title\"><a class=\"dt-pswp-item\" href=\"https:\/\/www.radiopiu.net\/wordpress\/wp-content\/uploads\/2023\/12\/ANTENNA.png\" data-dt-img-description=\"\" data-large_image_width=\"300\" data-large_image_height=\"166\"><img loading=\"lazy\" decoding=\"async\" class=\"wp-image-366306 alignleft\" src=\"https:\/\/www.radiopiu.net\/wordpress\/wp-content\/uploads\/2023\/12\/ANTENNA.png\" alt=\"\" width=\"199\" height=\"110\" \/><\/a>BELLUNO | RIVOLTA IN CARCERE, IL DRAMMA DELLA VITA DEI DETENUTI<\/h2>\n<p>Intervistati ROBERT DA RE (SEGRETERIA TERRITORIALE FINS CISL BELLUNO-TREVISO), MARIA LOSITO (GARANTE DIRITTI DETENUTI COMUNE BELLUNO) (Servizio di <a href=\"https:\/\/antennatre.medianordest.it\/redazione\/Fabio-Fioravanzi\/\">Fabio Fioravanzi<\/a>)<\/p>\n<p><iframe loading=\"lazy\" title=\"RIVOLTA IN CARCERE, IL DRAMMA DELLA VITA DEI DETENUTI | 06\/08\/2024\" width=\"1200\" height=\"675\" src=\"https:\/\/www.youtube.com\/embed\/jEdJ2XjblAo?feature=oembed\" frameborder=\"0\" allow=\"accelerometer; autoplay; clipboard-write; encrypted-media; gyroscope; picture-in-picture; web-share\" referrerpolicy=\"strict-origin-when-cross-origin\" allowfullscreen><\/iframe><\/p>\n<p>&nbsp;<\/p>\n<p>&nbsp;<\/p>\n<p>&nbsp;<\/p>\n<hr \/>\n<p>&nbsp;<\/p>\n<blockquote>\n<h3>PER UNCEM LA TASSA DI SOGGIORNO E&#8217; DA CAMBIARE<\/h3>\n<\/blockquote>\n<p><strong><a class=\"dt-pswp-item\" href=\"https:\/\/www.radiopiu.net\/wordpress\/wp-content\/uploads\/2020\/11\/logoUNCEM_no_scritta-wdtr.jpg\" data-dt-img-description=\"\" data-large_image_width=\"640\" data-large_image_height=\"640\"><img loading=\"lazy\" decoding=\"async\" class=\" wp-image-170846 alignleft\" src=\"https:\/\/www.radiopiu.net\/wordpress\/wp-content\/uploads\/2020\/11\/logoUNCEM_no_scritta-wdtr-300x300.jpg\" alt=\"\" width=\"129\" height=\"129\" srcset=\"https:\/\/www.radiopiu.net\/wordpress\/wp-content\/uploads\/2020\/11\/logoUNCEM_no_scritta-wdtr-300x300.jpg 300w, https:\/\/www.radiopiu.net\/wordpress\/wp-content\/uploads\/2020\/11\/logoUNCEM_no_scritta-wdtr-150x150.jpg 150w, https:\/\/www.radiopiu.net\/wordpress\/wp-content\/uploads\/2020\/11\/logoUNCEM_no_scritta-wdtr.jpg 640w\" sizes=\"auto, (max-width: 129px) 100vw, 129px\" \/><\/a>ROMA<\/strong> Come riportato in un&#8217;analisi dell&#8217;ottobre 2022 a cura dello stesso Ministero del Turismo, in Italia &#8216;i Comuni che applicano l&#8217;imposta di soggiorno sono anche i Comuni con un maggior affollamento turistico. Emerge quindi la valenza di questa imposta come fattore mitigante l&#8217;impatto del turismo in uno specifico territorio&#8217;. Si scelga il futuro. Che non ha solo un criterio di quantit\u00e0 rispetto alla imposta di soggiorno. I temi del turismo vanno ben oltre importi e soglie. Aumentare tanto per aumentare non serve. Mi auguro che nessuno lo dimentichi. E che almeno dal Ministero la si chiami imposta, visto che imposta si tratta, e non tassa. \u00c8 improprio e fuorviante&#8221;. Cos\u00ec Marco Bussone, Presidente nazionale Uncem, in merito alla riforma possibile, annunciata dalla Ministra Santanch\u00e9, della &#8220;imposta di soggiorno&#8221;.<\/p>\n<p>&nbsp;<\/p>\n<p>&nbsp;<\/p>\n<hr \/>\n<p>&nbsp;<\/p>\n<blockquote>\n<h3>BANDO PICCOLI COMUNI. FINALMENTE PUBBLICATA LA GRADUATORIA. SOLO 144 FINANZIATI<\/h3>\n<\/blockquote>\n<p><strong>ROMA<\/strong> Il Presidente nazionale dell&#8217;Uncem, Marco Bussone, ha commentato la pubblicazione dell&#8217;elenco dei progetti finanziati ai sensi della legge sui piccoli Comuni, annunciato dal Ministro Musumeci. Su 2638 progetti candidati, solo 144 sono stati finanziati con 172 milioni di euro, mentre quasi 1500 progetti sono stati esclusi. Bussone si chiede se i Comuni non siano pi\u00f9 in grado di progettare e critica la mancata ammissione delle Unioni di Comuni e delle Comunit\u00e0 montane, che contraddice lo spirito della legge 158\/2017, che prevede una programmazione economica collettiva. Secondo lui, il bando privilegia un approccio individuale piuttosto che collaborativo, cosa che l&#8217;Uncem non pu\u00f2 condividere.<\/p>\n<p>&nbsp;<\/p>\n<p>&nbsp;<\/p>\n<hr \/>\n<p>&nbsp;<\/p>\n<blockquote>\n<h3><strong>&#8220;39\u00aa Adunanza CAI Agordino a Ci\u00f3it: Un Evento di Cultura e Tradizione Montanara&#8221;<\/strong><\/h3>\n<\/blockquote>\n<p><strong>di LUISA MANFROI<\/strong><\/p>\n<p><strong>CENCENIGHE<\/strong>\u00a0 La 39\u00b0 adunanza annuale della Sezione Agordina del Club Alpino Italiano ha avuto luogo domenica 4 agosto 2024 a Ci\u00f3it (m 1289 s.l.m.), lungo il versante del Monte Pape (o Sans\u00f3n), una sella naturale che si affaccia a \u201cun balcone privilegiato sulla valle del Cordevole\u201d, come l\u2019ha definita il presidente sezionale Dario Dell&#8217;Osbel che ha salutato e accolto i tanti partecipanti arrivati a piedi o grazie al servizio navetta messo a disposizione dal Comune e dai volontari della Protezione Civile di Cencenighe. Dopo i saluti di rito del sindaco\u00a0 Mauro Soppelsa e quelli del presidente del Gruppo Amici della Montagna di Cencenighe, Ervin Lazzarini, sono seguiti i vari interventi dedicati alla presentazione del libretto dell\u2019adunanza \u201cCi\u00f3it\u201d che raccoglie gli scritti dei relatori e \u00e8 corredato da diverse immagini.\u00a0 Mari e Marco Fontanive hanno ricordato il loro padre Giovanni Battista Fontanive, \u201cTita Bor\u00ecch\u201d (1921 \u2013 1976), indimenticato malgaro della Malga Camped\u00e8l cui stavolta \u00e8 dedicata la pubblicazione, mentre Bepi Pellegrinon ha\u00a0 esposto un ricordo dell\u2019alpinista Ilio De Biasio. Luisa Manfroi si \u00e8 occupata di una riflessione di alcuni\u00a0 toponimi della zona ricavati da mappe e da catasti del 1500-600, Vittorio Fenti ha trattato l&#8217;aspetto geologico del Monte Pape. Giorgio Fontanive ha contribuito con una relazione scritta sulla storica nevicata di marzo del 1836 e Luigi Cadorin ha approfondito l\u2019argomento dei fiori presenti sulla cima\u00a0 Pape. \u00c8\u00a0 seguita la Messa officiata da don Andrea Canal e la consegna di un dono, da parte di Dell\u2019Osbel al sindaco e al presidente del Gam: un\u2019opera di Silvano Ganz realizzata con la tecnica del pirografo riprodotta anche sulle cartoline che accompagnano il libro impaginato e stampato da Castaldi di Agordo con l\u2019assistenza grafica di Paola Zanetti. Come di consueto ha fatto seguito la convivialit\u00e0 con il pranzo per tutti i convenuti preparato dai volontari e volontarie del Gruppo Amici della Montagna a La Loca. Per curiosit\u00e0, le precedenti edizioni dell\u2019adunanza, sul territorio comunale, erano state organizzate\u00a0 nel 1990 a Mal\u00f2s e nel 2005 a Baldo \u2013 Sass de Sop\u00e8osa<\/p>\n<p><strong>FOTO DI ANTONELLO CIBIEN<\/strong><\/p>\n\n\t\t\t<style type='text\/css'>\n\t\t\t\t#gallery-1 {\n\t\t\t\t\tmargin: auto;\n\t\t\t\t}\n\t\t\t\t#gallery-1 .gallery-item {\n\t\t\t\t\tfloat: left;\n\t\t\t\t\tmargin-top: 10px;\n\t\t\t\t\ttext-align: center;\n\t\t\t\t\twidth: 16%;\n\t\t\t\t}\n\t\t\t\t#gallery-1 img {\n\t\t\t\t\tborder: 2px solid #cfcfcf;\n\t\t\t\t}\n\t\t\t\t#gallery-1 .gallery-caption {\n\t\t\t\t\tmargin-left: 0;\n\t\t\t\t}\n\t\t\t\t\/* see gallery_shortcode() in wp-includes\/media.php *\/\n\t\t\t<\/style>\n\t\t<div id='gallery-1' class='dt-gallery-container gallery galleryid-403578 gallery-columns-6 gallery-size-thumbnail'><dl class='gallery-item'>\n\t\t\t\t<dt class='gallery-icon portrait'>\n\t\t\t\t\t<a class=\"rollover rollover-zoom dt-pswp-item\" title=\"DSC_3305\" data-dt-img-description=\"\" data-large_image_width=\"1696\" data-large_image_height=\"2560\"href='https:\/\/www.radiopiu.net\/wordpress\/wp-content\/uploads\/2024\/08\/DSC_3305-scaled.jpg'><img loading=\"lazy\" decoding=\"async\" width=\"150\" height=\"150\" src=\"https:\/\/www.radiopiu.net\/wordpress\/wp-content\/uploads\/2024\/08\/DSC_3305-150x150.jpg\" class=\"attachment-thumbnail size-thumbnail\" alt=\"\" \/><\/a>\n\t\t\t\t<\/dt><\/dl><dl class='gallery-item'>\n\t\t\t\t<dt class='gallery-icon portrait'>\n\t\t\t\t\t<a class=\"rollover rollover-zoom dt-pswp-item\" title=\"DSC_3375\" data-dt-img-description=\"\" data-large_image_width=\"1696\" data-large_image_height=\"2560\"href='https:\/\/www.radiopiu.net\/wordpress\/wp-content\/uploads\/2024\/08\/DSC_3375-scaled.jpg'><img loading=\"lazy\" decoding=\"async\" width=\"150\" height=\"150\" src=\"https:\/\/www.radiopiu.net\/wordpress\/wp-content\/uploads\/2024\/08\/DSC_3375-150x150.jpg\" class=\"attachment-thumbnail size-thumbnail\" alt=\"\" \/><\/a>\n\t\t\t\t<\/dt><\/dl><dl class='gallery-item'>\n\t\t\t\t<dt class='gallery-icon landscape'>\n\t\t\t\t\t<a class=\"rollover rollover-zoom dt-pswp-item\" title=\"DSC_3377\" data-dt-img-description=\"\" data-large_image_width=\"2560\" data-large_image_height=\"1696\"href='https:\/\/www.radiopiu.net\/wordpress\/wp-content\/uploads\/2024\/08\/DSC_3377-scaled.jpg'><img loading=\"lazy\" decoding=\"async\" width=\"150\" height=\"150\" src=\"https:\/\/www.radiopiu.net\/wordpress\/wp-content\/uploads\/2024\/08\/DSC_3377-150x150.jpg\" class=\"attachment-thumbnail size-thumbnail\" alt=\"\" \/><\/a>\n\t\t\t\t<\/dt><\/dl><dl class='gallery-item'>\n\t\t\t\t<dt class='gallery-icon landscape'>\n\t\t\t\t\t<a class=\"rollover rollover-zoom dt-pswp-item\" title=\"DSC_3349\" data-dt-img-description=\"\" data-large_image_width=\"2560\" data-large_image_height=\"1696\"href='https:\/\/www.radiopiu.net\/wordpress\/wp-content\/uploads\/2024\/08\/DSC_3349-scaled.jpg'><img loading=\"lazy\" decoding=\"async\" width=\"150\" height=\"150\" src=\"https:\/\/www.radiopiu.net\/wordpress\/wp-content\/uploads\/2024\/08\/DSC_3349-150x150.jpg\" class=\"attachment-thumbnail size-thumbnail\" alt=\"\" \/><\/a>\n\t\t\t\t<\/dt><\/dl><dl class='gallery-item'>\n\t\t\t\t<dt class='gallery-icon landscape'>\n\t\t\t\t\t<a class=\"rollover rollover-zoom dt-pswp-item\" title=\"DSC_3338\" data-dt-img-description=\"\" data-large_image_width=\"2560\" data-large_image_height=\"1696\"href='https:\/\/www.radiopiu.net\/wordpress\/wp-content\/uploads\/2024\/08\/DSC_3338-scaled.jpg'><img loading=\"lazy\" decoding=\"async\" width=\"150\" height=\"150\" src=\"https:\/\/www.radiopiu.net\/wordpress\/wp-content\/uploads\/2024\/08\/DSC_3338-150x150.jpg\" class=\"attachment-thumbnail size-thumbnail\" alt=\"\" \/><\/a>\n\t\t\t\t<\/dt><\/dl><dl class='gallery-item'>\n\t\t\t\t<dt class='gallery-icon landscape'>\n\t\t\t\t\t<a class=\"rollover rollover-zoom dt-pswp-item\" title=\"DSC_3322\" data-dt-img-description=\"\" data-large_image_width=\"2560\" data-large_image_height=\"1696\"href='https:\/\/www.radiopiu.net\/wordpress\/wp-content\/uploads\/2024\/08\/DSC_3322-scaled.jpg'><img loading=\"lazy\" decoding=\"async\" width=\"150\" height=\"150\" src=\"https:\/\/www.radiopiu.net\/wordpress\/wp-content\/uploads\/2024\/08\/DSC_3322-150x150.jpg\" class=\"attachment-thumbnail size-thumbnail\" alt=\"\" \/><\/a>\n\t\t\t\t<\/dt><\/dl><br style=\"clear: both\" \/><dl class='gallery-item'>\n\t\t\t\t<dt class='gallery-icon portrait'>\n\t\t\t\t\t<a class=\"rollover rollover-zoom dt-pswp-item\" title=\"DSC_3341\" data-dt-img-description=\"\" data-large_image_width=\"1696\" data-large_image_height=\"2560\"href='https:\/\/www.radiopiu.net\/wordpress\/wp-content\/uploads\/2024\/08\/DSC_3341-scaled.jpg'><img loading=\"lazy\" decoding=\"async\" width=\"150\" height=\"150\" src=\"https:\/\/www.radiopiu.net\/wordpress\/wp-content\/uploads\/2024\/08\/DSC_3341-150x150.jpg\" class=\"attachment-thumbnail size-thumbnail\" alt=\"\" \/><\/a>\n\t\t\t\t<\/dt><\/dl><dl class='gallery-item'>\n\t\t\t\t<dt class='gallery-icon landscape'>\n\t\t\t\t\t<a class=\"rollover rollover-zoom dt-pswp-item\" title=\"DSC_3363\" data-dt-img-description=\"\" data-large_image_width=\"2560\" data-large_image_height=\"1695\"href='https:\/\/www.radiopiu.net\/wordpress\/wp-content\/uploads\/2024\/08\/DSC_3363-scaled.jpg'><img loading=\"lazy\" decoding=\"async\" width=\"150\" height=\"150\" src=\"https:\/\/www.radiopiu.net\/wordpress\/wp-content\/uploads\/2024\/08\/DSC_3363-150x150.jpg\" class=\"attachment-thumbnail size-thumbnail\" alt=\"\" \/><\/a>\n\t\t\t\t<\/dt><\/dl><dl class='gallery-item'>\n\t\t\t\t<dt class='gallery-icon landscape'>\n\t\t\t\t\t<a class=\"rollover rollover-zoom dt-pswp-item\" title=\"DSC_3357\" data-dt-img-description=\"\" data-large_image_width=\"2560\" data-large_image_height=\"1696\"href='https:\/\/www.radiopiu.net\/wordpress\/wp-content\/uploads\/2024\/08\/DSC_3357-scaled.jpg'><img loading=\"lazy\" decoding=\"async\" width=\"150\" height=\"150\" src=\"https:\/\/www.radiopiu.net\/wordpress\/wp-content\/uploads\/2024\/08\/DSC_3357-150x150.jpg\" class=\"attachment-thumbnail size-thumbnail\" alt=\"\" \/><\/a>\n\t\t\t\t<\/dt><\/dl><dl class='gallery-item'>\n\t\t\t\t<dt class='gallery-icon landscape'>\n\t\t\t\t\t<a class=\"rollover rollover-zoom dt-pswp-item\" title=\"DSC_3370\" data-dt-img-description=\"\" data-large_image_width=\"2560\" data-large_image_height=\"1696\"href='https:\/\/www.radiopiu.net\/wordpress\/wp-content\/uploads\/2024\/08\/DSC_3370-scaled.jpg'><img loading=\"lazy\" decoding=\"async\" width=\"150\" height=\"150\" src=\"https:\/\/www.radiopiu.net\/wordpress\/wp-content\/uploads\/2024\/08\/DSC_3370-150x150.jpg\" class=\"attachment-thumbnail size-thumbnail\" alt=\"\" \/><\/a>\n\t\t\t\t<\/dt><\/dl><dl class='gallery-item'>\n\t\t\t\t<dt class='gallery-icon landscape'>\n\t\t\t\t\t<a class=\"rollover rollover-zoom dt-pswp-item\" title=\"DSC_3313\" data-dt-img-description=\"\" data-large_image_width=\"2560\" data-large_image_height=\"1696\"href='https:\/\/www.radiopiu.net\/wordpress\/wp-content\/uploads\/2024\/08\/DSC_3313-scaled.jpg'><img loading=\"lazy\" decoding=\"async\" width=\"150\" height=\"150\" src=\"https:\/\/www.radiopiu.net\/wordpress\/wp-content\/uploads\/2024\/08\/DSC_3313-150x150.jpg\" class=\"attachment-thumbnail size-thumbnail\" alt=\"\" \/><\/a>\n\t\t\t\t<\/dt><\/dl><dl class='gallery-item'>\n\t\t\t\t<dt class='gallery-icon landscape'>\n\t\t\t\t\t<a class=\"rollover rollover-zoom dt-pswp-item\" title=\"DSC_3385\" data-dt-img-description=\"\" data-large_image_width=\"2560\" data-large_image_height=\"1696\"href='https:\/\/www.radiopiu.net\/wordpress\/wp-content\/uploads\/2024\/08\/DSC_3385-scaled.jpg'><img loading=\"lazy\" decoding=\"async\" width=\"150\" height=\"150\" src=\"https:\/\/www.radiopiu.net\/wordpress\/wp-content\/uploads\/2024\/08\/DSC_3385-150x150.jpg\" class=\"attachment-thumbnail size-thumbnail\" alt=\"\" \/><\/a>\n\t\t\t\t<\/dt><\/dl><br style=\"clear: both\" \/>\n\t\t\t<\/div>\n\n<p>&nbsp;<\/p>\n<hr \/>\n<p>&nbsp;<\/p>\n<blockquote>\n<h1>&#8220;Sentieri di Nevegal Riportati al Loro Splendore: Lavoro Esemplare dei Volontari di Belluno Alpina\u201d<\/h1>\n<\/blockquote>\n<p><strong>BELLUNO<\/strong> Domenica 4 agosto, circa venti volontari dell&#8217;associazione Belluno Alpina hanno lavorato per ripulire i sentieri di Piandelmonte e Tassei, riportandoli alle condizioni precedenti alla tempesta Vaia del 2018. Il presidente Gimmy Dal Farra ha elogiato i volontari per il loro impegno, sottolineando l&#8217;importanza di tali interventi per la comunit\u00e0 e il turismo. Tra i sentieri ripristinati ci sono il 2010, che collega Ciroc a Col Visentin, e il sentiero Nevegal-Valmorel, ora facilmente percorribile. Dal Farra ha annunciato una nuova giornata di lavoro prevista per il 25 agosto, con l&#8217;obiettivo di completare tratti mancanti e migliorare l&#8217;offerta turistica della zona. L&#8217;associazione punta anche alla trasformazione del sentiero Nevegal-Valmorel in una strada boschiva, promuovendo cos\u00ec il cicloturismo e la gestione delle foreste. L&#8217;obiettivo \u00e8 rendere la zona pi\u00f9 attrattiva, valorizzando le risorse naturali e incentivando lo sviluppo economico e sociale.<\/p>\n<p>&nbsp;<\/p>\n\n\t\t\t<style type='text\/css'>\n\t\t\t\t#gallery-2 {\n\t\t\t\t\tmargin: auto;\n\t\t\t\t}\n\t\t\t\t#gallery-2 .gallery-item {\n\t\t\t\t\tfloat: left;\n\t\t\t\t\tmargin-top: 10px;\n\t\t\t\t\ttext-align: center;\n\t\t\t\t\twidth: 16%;\n\t\t\t\t}\n\t\t\t\t#gallery-2 img {\n\t\t\t\t\tborder: 2px solid #cfcfcf;\n\t\t\t\t}\n\t\t\t\t#gallery-2 .gallery-caption {\n\t\t\t\t\tmargin-left: 0;\n\t\t\t\t}\n\t\t\t\t\/* see gallery_shortcode() in wp-includes\/media.php *\/\n\t\t\t<\/style>\n\t\t<div id='gallery-2' class='dt-gallery-container gallery galleryid-403578 gallery-columns-6 gallery-size-thumbnail'><dl class='gallery-item'>\n\t\t\t\t<dt class='gallery-icon landscape'>\n\t\t\t\t\t<a class=\"rollover rollover-zoom dt-pswp-item\" title=\"Immagine WhatsApp 2024-08-05 ore 17.44.34_112ac36c\" data-dt-img-description=\"\" data-large_image_width=\"1600\" data-large_image_height=\"1200\"href='https:\/\/www.radiopiu.net\/wordpress\/wp-content\/uploads\/2024\/08\/Immagine-WhatsApp-2024-08-05-ore-17.44.34_112ac36c.jpg'><img loading=\"lazy\" decoding=\"async\" width=\"150\" height=\"150\" src=\"https:\/\/www.radiopiu.net\/wordpress\/wp-content\/uploads\/2024\/08\/Immagine-WhatsApp-2024-08-05-ore-17.44.34_112ac36c-150x150.jpg\" class=\"attachment-thumbnail size-thumbnail\" alt=\"\" \/><\/a>\n\t\t\t\t<\/dt><\/dl><dl class='gallery-item'>\n\t\t\t\t<dt class='gallery-icon portrait'>\n\t\t\t\t\t<a class=\"rollover rollover-zoom dt-pswp-item\" title=\"Immagine WhatsApp 2024-08-05 ore 17.44.35_e48d5e4f\" data-dt-img-description=\"\" data-large_image_width=\"1200\" data-large_image_height=\"1600\"href='https:\/\/www.radiopiu.net\/wordpress\/wp-content\/uploads\/2024\/08\/Immagine-WhatsApp-2024-08-05-ore-17.44.35_e48d5e4f.jpg'><img loading=\"lazy\" decoding=\"async\" width=\"150\" height=\"150\" src=\"https:\/\/www.radiopiu.net\/wordpress\/wp-content\/uploads\/2024\/08\/Immagine-WhatsApp-2024-08-05-ore-17.44.35_e48d5e4f-150x150.jpg\" class=\"attachment-thumbnail size-thumbnail\" alt=\"\" \/><\/a>\n\t\t\t\t<\/dt><\/dl><dl class='gallery-item'>\n\t\t\t\t<dt class='gallery-icon portrait'>\n\t\t\t\t\t<a class=\"rollover rollover-zoom dt-pswp-item\" title=\"Immagine WhatsApp 2024-08-05 ore 17.44.35_7f303832\" data-dt-img-description=\"\" data-large_image_width=\"1200\" data-large_image_height=\"1600\"href='https:\/\/www.radiopiu.net\/wordpress\/wp-content\/uploads\/2024\/08\/Immagine-WhatsApp-2024-08-05-ore-17.44.35_7f303832.jpg'><img loading=\"lazy\" decoding=\"async\" width=\"113\" height=\"150\" src=\"https:\/\/www.radiopiu.net\/wordpress\/wp-content\/uploads\/2024\/08\/Immagine-WhatsApp-2024-08-05-ore-17.44.35_7f303832.jpg\" class=\"attachment-thumbnail size-thumbnail\" alt=\"\" \/><\/a>\n\t\t\t\t<\/dt><\/dl><dl class='gallery-item'>\n\t\t\t\t<dt class='gallery-icon landscape'>\n\t\t\t\t\t<a class=\"rollover rollover-zoom dt-pswp-item\" title=\"Immagine WhatsApp 2024-08-05 ore 17.44.34_112ac36c-1\" data-dt-img-description=\"\" data-large_image_width=\"1600\" data-large_image_height=\"1200\"href='https:\/\/www.radiopiu.net\/wordpress\/wp-content\/uploads\/2024\/08\/Immagine-WhatsApp-2024-08-05-ore-17.44.34_112ac36c-1.jpg'><img loading=\"lazy\" decoding=\"async\" width=\"150\" height=\"150\" src=\"https:\/\/www.radiopiu.net\/wordpress\/wp-content\/uploads\/2024\/08\/Immagine-WhatsApp-2024-08-05-ore-17.44.34_112ac36c-1-150x150.jpg\" class=\"attachment-thumbnail size-thumbnail\" alt=\"\" \/><\/a>\n\t\t\t\t<\/dt><\/dl><dl class='gallery-item'>\n\t\t\t\t<dt class='gallery-icon portrait'>\n\t\t\t\t\t<a class=\"rollover rollover-zoom dt-pswp-item\" title=\"Immagine WhatsApp 2024-08-05 ore 17.44.35_e48d5e4f-1\" data-dt-img-description=\"\" data-large_image_width=\"1200\" data-large_image_height=\"1600\"href='https:\/\/www.radiopiu.net\/wordpress\/wp-content\/uploads\/2024\/08\/Immagine-WhatsApp-2024-08-05-ore-17.44.35_e48d5e4f-1.jpg'><img loading=\"lazy\" decoding=\"async\" width=\"150\" height=\"150\" src=\"https:\/\/www.radiopiu.net\/wordpress\/wp-content\/uploads\/2024\/08\/Immagine-WhatsApp-2024-08-05-ore-17.44.35_e48d5e4f-1-150x150.jpg\" class=\"attachment-thumbnail size-thumbnail\" alt=\"\" \/><\/a>\n\t\t\t\t<\/dt><\/dl><dl class='gallery-item'>\n\t\t\t\t<dt class='gallery-icon portrait'>\n\t\t\t\t\t<a class=\"rollover rollover-zoom dt-pswp-item\" title=\"Immagine WhatsApp 2024-08-05 ore 17.44.35_7f303832-1\" data-dt-img-description=\"\" data-large_image_width=\"1200\" data-large_image_height=\"1600\"href='https:\/\/www.radiopiu.net\/wordpress\/wp-content\/uploads\/2024\/08\/Immagine-WhatsApp-2024-08-05-ore-17.44.35_7f303832-1.jpg'><img loading=\"lazy\" decoding=\"async\" width=\"150\" height=\"150\" src=\"https:\/\/www.radiopiu.net\/wordpress\/wp-content\/uploads\/2024\/08\/Immagine-WhatsApp-2024-08-05-ore-17.44.35_7f303832-1-150x150.jpg\" class=\"attachment-thumbnail size-thumbnail\" alt=\"\" \/><\/a>\n\t\t\t\t<\/dt><\/dl><br style=\"clear: both\" \/>\n\t\t\t<\/div>\n\n<p>&nbsp;<\/p>\n<hr \/>\n<p>&nbsp;<\/p>\n<blockquote>\n<h3>QUASI 45 MILA EURO DALLA CEI PER LA CHIESA DI SAN GOTTARDO A SOSPIROLO<\/h3>\n<\/blockquote>\n<p><strong><a class=\"dt-pswp-item\" href=\"https:\/\/www.radiopiu.net\/wordpress\/wp-content\/uploads\/2024\/08\/e0aa31a5-e963-432b-b2f0-59bac2a1614f-scaled.jpg\" data-dt-img-description=\"\" data-large_image_width=\"2560\" data-large_image_height=\"1920\"><img loading=\"lazy\" decoding=\"async\" class=\" wp-image-403748 alignleft\" src=\"https:\/\/www.radiopiu.net\/wordpress\/wp-content\/uploads\/2024\/08\/e0aa31a5-e963-432b-b2f0-59bac2a1614f-300x225.jpg\" alt=\"\" width=\"149\" height=\"111\" srcset=\"https:\/\/www.radiopiu.net\/wordpress\/wp-content\/uploads\/2024\/08\/e0aa31a5-e963-432b-b2f0-59bac2a1614f-300x225.jpg 300w, https:\/\/www.radiopiu.net\/wordpress\/wp-content\/uploads\/2024\/08\/e0aa31a5-e963-432b-b2f0-59bac2a1614f-1024x768.jpg 1024w, https:\/\/www.radiopiu.net\/wordpress\/wp-content\/uploads\/2024\/08\/e0aa31a5-e963-432b-b2f0-59bac2a1614f-768x576.jpg 768w, https:\/\/www.radiopiu.net\/wordpress\/wp-content\/uploads\/2024\/08\/e0aa31a5-e963-432b-b2f0-59bac2a1614f-1536x1152.jpg 1536w, https:\/\/www.radiopiu.net\/wordpress\/wp-content\/uploads\/2024\/08\/e0aa31a5-e963-432b-b2f0-59bac2a1614f-2048x1536.jpg 2048w\" sizes=\"auto, (max-width: 149px) 100vw, 149px\" \/><\/a>SOSPIROLO<\/strong> Arrivano dalla CEI le risorse finanziarie necessarie alla realizzazione dei lavori di sistemazione della chiesa di San Gottardo a Sospirolo, gravemente danneggiata da un fulmine nell&#8217;estate di due anni fa. Entro la primavera l&#8217;avvio dei lavori.<\/p>\n<p><strong>DI DANIELE DALVIT<\/strong><\/p>\n<audio class=\"wp-audio-shortcode\" id=\"audio-403578-12\" preload=\"none\" style=\"width: 100%;\" controls=\"controls\"><source type=\"audio\/mpeg\" src=\"https:\/\/www.radiopiu.net\/wordpress\/wp-content\/uploads\/2024\/08\/Servizio-Fondi-campanile-San-Gottardo.mp3?_=12\" \/><a href=\"https:\/\/www.radiopiu.net\/wordpress\/wp-content\/uploads\/2024\/08\/Servizio-Fondi-campanile-San-Gottardo.mp3\">https:\/\/www.radiopiu.net\/wordpress\/wp-content\/uploads\/2024\/08\/Servizio-Fondi-campanile-San-Gottardo.mp3<\/a><\/audio>\n<p>&nbsp;<\/p>\n<p>&nbsp;<\/p>\n<hr \/>\n<p>&nbsp;<\/p>\n<blockquote>\n<h3>LA VAL DA INCORNISA&#8217;, LA MOSTRA FOTOGRAFICA A LA VALLE AGORDINA<\/h3>\n<\/blockquote>\n<p><strong>LA VALLE<\/strong> Fino al 31 agosto (e oltre) \u00e8 possibile visitare la mostra fotografica &#8220;La Val da Incornis\u00e0 &#8211; vite e ricordi nel cassetto&#8221; nelle viuzze della frazione Gaidon a La Valle Agordina. Organizzata per il terzo anno dalla Pro Loco La Val, la mostra celebra la storia delle frazioni locali attraverso circa cinquanta foto d&#8217;epoca, coprendo il periodo dal 1901 al 1967. Situato ai piedi del Cadeina del San Sebastian, Gaidon \u00e8 noto per il suo intreccio di burele e piazete. L\u2019iniziativa ha coinvolto i residenti che, con entusiasmo, hanno contribuito alla raccolta e esposizione delle foto, abbellendo la frazione e promuovendo uno spirito di comunit\u00e0. La mostra permette di riscoprire la vita quotidiana e le particolarit\u00e0 architettoniche delle valli dolomitiche, creando un legame speciale tra il luogo, le foto e i visitatori.<\/p>\n\n\t\t\t<style type='text\/css'>\n\t\t\t\t#gallery-3 {\n\t\t\t\t\tmargin: auto;\n\t\t\t\t}\n\t\t\t\t#gallery-3 .gallery-item {\n\t\t\t\t\tfloat: left;\n\t\t\t\t\tmargin-top: 10px;\n\t\t\t\t\ttext-align: center;\n\t\t\t\t\twidth: 16%;\n\t\t\t\t}\n\t\t\t\t#gallery-3 img {\n\t\t\t\t\tborder: 2px solid #cfcfcf;\n\t\t\t\t}\n\t\t\t\t#gallery-3 .gallery-caption {\n\t\t\t\t\tmargin-left: 0;\n\t\t\t\t}\n\t\t\t\t\/* see gallery_shortcode() in wp-includes\/media.php *\/\n\t\t\t<\/style>\n\t\t<div id='gallery-3' class='dt-gallery-container gallery galleryid-403578 gallery-columns-6 gallery-size-thumbnail'><dl class='gallery-item'>\n\t\t\t\t<dt class='gallery-icon portrait'>\n\t\t\t\t\t<a class=\"rollover rollover-zoom dt-pswp-item\" title=\"00_INTRO\" data-dt-img-description=\"\" data-large_image_width=\"1200\" data-large_image_height=\"1600\"href='https:\/\/www.radiopiu.net\/wordpress\/wp-content\/uploads\/2024\/08\/00_INTRO.jpg'><img loading=\"lazy\" decoding=\"async\" width=\"150\" height=\"150\" src=\"https:\/\/www.radiopiu.net\/wordpress\/wp-content\/uploads\/2024\/08\/00_INTRO-150x150.jpg\" class=\"attachment-thumbnail size-thumbnail\" alt=\"\" \/><\/a>\n\t\t\t\t<\/dt><\/dl><dl class='gallery-item'>\n\t\t\t\t<dt class='gallery-icon portrait'>\n\t\t\t\t\t<a class=\"rollover rollover-zoom dt-pswp-item\" title=\"01_GAIDON_02\" data-dt-img-description=\"\" data-large_image_width=\"1200\" data-large_image_height=\"1600\"href='https:\/\/www.radiopiu.net\/wordpress\/wp-content\/uploads\/2024\/08\/01_GAIDON_02.jpg'><img loading=\"lazy\" decoding=\"async\" width=\"150\" height=\"150\" src=\"https:\/\/www.radiopiu.net\/wordpress\/wp-content\/uploads\/2024\/08\/01_GAIDON_02-150x150.jpg\" class=\"attachment-thumbnail size-thumbnail\" alt=\"\" \/><\/a>\n\t\t\t\t<\/dt><\/dl><dl class='gallery-item'>\n\t\t\t\t<dt class='gallery-icon portrait'>\n\t\t\t\t\t<a class=\"rollover rollover-zoom dt-pswp-item\" title=\"01_GAIDON_03\" data-dt-img-description=\"\" data-large_image_width=\"1536\" data-large_image_height=\"2048\"href='https:\/\/www.radiopiu.net\/wordpress\/wp-content\/uploads\/2024\/08\/01_GAIDON_03.jpg'><img loading=\"lazy\" decoding=\"async\" width=\"150\" height=\"150\" src=\"https:\/\/www.radiopiu.net\/wordpress\/wp-content\/uploads\/2024\/08\/01_GAIDON_03-150x150.jpg\" class=\"attachment-thumbnail size-thumbnail\" alt=\"\" \/><\/a>\n\t\t\t\t<\/dt><\/dl><dl class='gallery-item'>\n\t\t\t\t<dt class='gallery-icon portrait'>\n\t\t\t\t\t<a class=\"rollover rollover-zoom dt-pswp-item\" title=\"02_TALVA&#039;\" data-dt-img-description=\"\" data-large_image_width=\"1079\" data-large_image_height=\"1351\"href='https:\/\/www.radiopiu.net\/wordpress\/wp-content\/uploads\/2024\/08\/02_TALVA.jpg'><img loading=\"lazy\" decoding=\"async\" width=\"150\" height=\"150\" src=\"https:\/\/www.radiopiu.net\/wordpress\/wp-content\/uploads\/2024\/08\/02_TALVA-150x150.jpg\" class=\"attachment-thumbnail size-thumbnail\" alt=\"\" \/><\/a>\n\t\t\t\t<\/dt><\/dl><dl class='gallery-item'>\n\t\t\t\t<dt class='gallery-icon portrait'>\n\t\t\t\t\t<a class=\"rollover rollover-zoom dt-pswp-item\" title=\"03_QUOTIDIANITA&#039;\" data-dt-img-description=\"\" data-large_image_width=\"1536\" data-large_image_height=\"2048\"href='https:\/\/www.radiopiu.net\/wordpress\/wp-content\/uploads\/2024\/08\/03_QUOTIDIANITA.jpg'><img loading=\"lazy\" decoding=\"async\" width=\"150\" height=\"150\" src=\"https:\/\/www.radiopiu.net\/wordpress\/wp-content\/uploads\/2024\/08\/03_QUOTIDIANITA-150x150.jpg\" class=\"attachment-thumbnail size-thumbnail\" alt=\"\" \/><\/a>\n\t\t\t\t<\/dt><\/dl><dl class='gallery-item'>\n\t\t\t\t<dt class='gallery-icon portrait'>\n\t\t\t\t\t<a class=\"rollover rollover-zoom dt-pswp-item\" title=\"05_NOSTALGIA\" data-dt-img-description=\"\" data-large_image_width=\"1200\" data-large_image_height=\"1600\"href='https:\/\/www.radiopiu.net\/wordpress\/wp-content\/uploads\/2024\/08\/05_NOSTALGIA.jpg'><img loading=\"lazy\" decoding=\"async\" width=\"150\" height=\"150\" src=\"https:\/\/www.radiopiu.net\/wordpress\/wp-content\/uploads\/2024\/08\/05_NOSTALGIA-150x150.jpg\" class=\"attachment-thumbnail size-thumbnail\" alt=\"\" \/><\/a>\n\t\t\t\t<\/dt><\/dl><br style=\"clear: both\" \/><dl class='gallery-item'>\n\t\t\t\t<dt class='gallery-icon portrait'>\n\t\t\t\t\t<a class=\"rollover rollover-zoom dt-pswp-item\" title=\"06_NOSTALGIA\" data-dt-img-description=\"\" data-large_image_width=\"1200\" data-large_image_height=\"1600\"href='https:\/\/www.radiopiu.net\/wordpress\/wp-content\/uploads\/2024\/08\/06_NOSTALGIA.jpg'><img loading=\"lazy\" decoding=\"async\" width=\"150\" height=\"150\" src=\"https:\/\/www.radiopiu.net\/wordpress\/wp-content\/uploads\/2024\/08\/06_NOSTALGIA-150x150.jpg\" class=\"attachment-thumbnail size-thumbnail\" alt=\"\" \/><\/a>\n\t\t\t\t<\/dt><\/dl><dl class='gallery-item'>\n\t\t\t\t<dt class='gallery-icon portrait'>\n\t\t\t\t\t<a class=\"rollover rollover-zoom dt-pswp-item\" title=\"06_NOSTALGIA_01\" data-dt-img-description=\"\" data-large_image_width=\"1200\" data-large_image_height=\"1600\"href='https:\/\/www.radiopiu.net\/wordpress\/wp-content\/uploads\/2024\/08\/06_NOSTALGIA_01.jpg'><img loading=\"lazy\" decoding=\"async\" width=\"150\" height=\"150\" src=\"https:\/\/www.radiopiu.net\/wordpress\/wp-content\/uploads\/2024\/08\/06_NOSTALGIA_01-150x150.jpg\" class=\"attachment-thumbnail size-thumbnail\" alt=\"\" \/><\/a>\n\t\t\t\t<\/dt><\/dl><dl class='gallery-item'>\n\t\t\t\t<dt class='gallery-icon portrait'>\n\t\t\t\t\t<a class=\"rollover rollover-zoom dt-pswp-item\" title=\"07_MOSTRA_01\" data-dt-img-description=\"\" data-large_image_width=\"1536\" data-large_image_height=\"2048\"href='https:\/\/www.radiopiu.net\/wordpress\/wp-content\/uploads\/2024\/08\/07_MOSTRA_01.jpg'><img loading=\"lazy\" decoding=\"async\" width=\"150\" height=\"150\" src=\"https:\/\/www.radiopiu.net\/wordpress\/wp-content\/uploads\/2024\/08\/07_MOSTRA_01-150x150.jpg\" class=\"attachment-thumbnail size-thumbnail\" alt=\"\" \/><\/a>\n\t\t\t\t<\/dt><\/dl><dl class='gallery-item'>\n\t\t\t\t<dt class='gallery-icon portrait'>\n\t\t\t\t\t<a class=\"rollover rollover-zoom dt-pswp-item\" title=\"07_MOSTRA_02\" data-dt-img-description=\"\" data-large_image_width=\"1536\" data-large_image_height=\"2048\"href='https:\/\/www.radiopiu.net\/wordpress\/wp-content\/uploads\/2024\/08\/07_MOSTRA_02.jpg'><img loading=\"lazy\" decoding=\"async\" width=\"150\" height=\"150\" src=\"https:\/\/www.radiopiu.net\/wordpress\/wp-content\/uploads\/2024\/08\/07_MOSTRA_02-150x150.jpg\" class=\"attachment-thumbnail size-thumbnail\" alt=\"\" \/><\/a>\n\t\t\t\t<\/dt><\/dl><dl class='gallery-item'>\n\t\t\t\t<dt class='gallery-icon portrait'>\n\t\t\t\t\t<a class=\"rollover rollover-zoom dt-pswp-item\" title=\"07_MOSTRA_03\" data-dt-img-description=\"\" data-large_image_width=\"1080\" data-large_image_height=\"1351\"href='https:\/\/www.radiopiu.net\/wordpress\/wp-content\/uploads\/2024\/08\/07_MOSTRA_03.jpg'><img loading=\"lazy\" decoding=\"async\" width=\"150\" height=\"150\" src=\"https:\/\/www.radiopiu.net\/wordpress\/wp-content\/uploads\/2024\/08\/07_MOSTRA_03-150x150.jpg\" class=\"attachment-thumbnail size-thumbnail\" alt=\"\" \/><\/a>\n\t\t\t\t<\/dt><\/dl><dl class='gallery-item'>\n\t\t\t\t<dt class='gallery-icon portrait'>\n\t\t\t\t\t<a class=\"rollover rollover-zoom dt-pswp-item\" title=\"08_SALUTI\" data-dt-img-description=\"\" data-large_image_width=\"1200\" data-large_image_height=\"1600\"href='https:\/\/www.radiopiu.net\/wordpress\/wp-content\/uploads\/2024\/08\/08_SALUTI.jpg'><img loading=\"lazy\" decoding=\"async\" width=\"150\" height=\"150\" src=\"https:\/\/www.radiopiu.net\/wordpress\/wp-content\/uploads\/2024\/08\/08_SALUTI-150x150.jpg\" class=\"attachment-thumbnail size-thumbnail\" alt=\"\" \/><\/a>\n\t\t\t\t<\/dt><\/dl><br style=\"clear: both\" \/>\n\t\t\t<\/div>\n\n<p>&nbsp;<\/p>\n<hr \/>\n<p>&nbsp;<\/p>\n<blockquote>\n<h3>&#8220;RISUONA&#8221;, IN VALLE IMPERINA UN&#8217;ESTATE RADIO&#8230;SA<\/h3>\n<\/blockquote>\n<p><strong><a class=\"dt-pswp-item\" href=\"https:\/\/www.radiopiu.net\/wordpress\/wp-content\/uploads\/2024\/08\/WhatsApp-Image-2024-08-02-at-15.14.11-4.jpeg\" data-dt-img-description=\"\" data-large_image_width=\"1600\" data-large_image_height=\"1047\"><img loading=\"lazy\" decoding=\"async\" class=\"size-medium wp-image-403007 alignleft\" src=\"https:\/\/www.radiopiu.net\/wordpress\/wp-content\/uploads\/2024\/08\/WhatsApp-Image-2024-08-02-at-15.14.11-4-300x196.jpeg\" alt=\"\" width=\"300\" height=\"196\" srcset=\"https:\/\/www.radiopiu.net\/wordpress\/wp-content\/uploads\/2024\/08\/WhatsApp-Image-2024-08-02-at-15.14.11-4-300x196.jpeg 300w, https:\/\/www.radiopiu.net\/wordpress\/wp-content\/uploads\/2024\/08\/WhatsApp-Image-2024-08-02-at-15.14.11-4-1024x670.jpeg 1024w, https:\/\/www.radiopiu.net\/wordpress\/wp-content\/uploads\/2024\/08\/WhatsApp-Image-2024-08-02-at-15.14.11-4-768x503.jpeg 768w, https:\/\/www.radiopiu.net\/wordpress\/wp-content\/uploads\/2024\/08\/WhatsApp-Image-2024-08-02-at-15.14.11-4-1536x1005.jpeg 1536w, https:\/\/www.radiopiu.net\/wordpress\/wp-content\/uploads\/2024\/08\/WhatsApp-Image-2024-08-02-at-15.14.11-4.jpeg 1600w\" sizes=\"auto, (max-width: 300px) 100vw, 300px\" \/><\/a>Cent&#8217;anni di Radio in Mostra a Valle Imperina<\/strong><\/p>\n<p>Dal 1923, anno della prima trasmissione dell\u2019EIAR, sono passati oltre cento anni dalla nascita della radio, un mezzo che ha profondamente influenzato la comunicazione globale. Adattandosi ai cambiamenti tecnologici e sociali, la radio ha evoluto il suo panorama, da EIAR e Rai a radio web moderne. Per celebrare questo secolo di innovazioni, Botol Group e Radio Pi\u00f9 hanno organizzato una mostra dedicata nella suggestiva Valle Imperina, vicino ad Agordo.<\/p>\n<p><strong>&#8220;Risuona&#8221; &#8211; La Mostra<\/strong><\/p>\n<p>Offre un viaggio attraverso l\u2019evoluzione della radio, dai primi apparecchi a valvole ai moderni dispositivi digitali. Oltre alla tecnologia, si esplora l&#8217;impatto sociale e culturale della radio tramite immagini, documenti d\u2019epoca e testimonianze.<\/p>\n<p><strong><a class=\"dt-pswp-item\" href=\"https:\/\/www.radiopiu.net\/wordpress\/wp-content\/uploads\/2024\/08\/WhatsApp-Image-2024-08-02-at-15.14.11-1.jpeg\" data-dt-img-description=\"\" data-large_image_width=\"1600\" data-large_image_height=\"966\"><img loading=\"lazy\" decoding=\"async\" class=\"size-medium wp-image-403004 alignright\" src=\"https:\/\/www.radiopiu.net\/wordpress\/wp-content\/uploads\/2024\/08\/WhatsApp-Image-2024-08-02-at-15.14.11-1-300x181.jpeg\" alt=\"\" width=\"300\" height=\"181\" srcset=\"https:\/\/www.radiopiu.net\/wordpress\/wp-content\/uploads\/2024\/08\/WhatsApp-Image-2024-08-02-at-15.14.11-1-300x181.jpeg 300w, https:\/\/www.radiopiu.net\/wordpress\/wp-content\/uploads\/2024\/08\/WhatsApp-Image-2024-08-02-at-15.14.11-1-1024x618.jpeg 1024w, https:\/\/www.radiopiu.net\/wordpress\/wp-content\/uploads\/2024\/08\/WhatsApp-Image-2024-08-02-at-15.14.11-1-768x464.jpeg 768w, https:\/\/www.radiopiu.net\/wordpress\/wp-content\/uploads\/2024\/08\/WhatsApp-Image-2024-08-02-at-15.14.11-1-1536x927.jpeg 1536w, https:\/\/www.radiopiu.net\/wordpress\/wp-content\/uploads\/2024\/08\/WhatsApp-Image-2024-08-02-at-15.14.11-1.jpeg 1600w\" sizes=\"auto, (max-width: 300px) 100vw, 300px\" \/><\/a>Gli Espositori<\/strong><\/p>\n<p><strong>Franco Ben<\/strong>, fin da giovane, ha sviluppato una passione per la radio smontando e collezionando apparecchi, oggi esposti in Valle Imperina. <strong>Ivano Benvegn\u00f9<\/strong> arricchisce la mostra con la sua vasta collezione di radio d\u2019epoca anche acquistate nei mercatini.<strong> Mirko Mezzacasa<\/strong> ha trasformato la sede di Radio Pi\u00f9 in un museo, ora parzialmente trasferito ai locali del Gruppo Botol, rendendo la sua passione per la radio un impegno di vita.<\/p>\n<p><strong>Il Sito: 600 Anni di Storia e Umanit\u00e0<\/strong><\/p>\n<p>La Miniera di Valle Imperina, nel cuore delle Dolomiti Bellunesi, \u00e8 un importante sito storico industriale. Un tempo fulcro dell\u2019industria mineraria del rame, ora, grazie al Gruppo Botol, sta vivendo una nuova vita come attrazione turistica culturale e mineraria. Questo progetto non solo promuove il turismo, ma preserva anche il patrimonio culturale e umano della Valle, rispondendo all\u2019interesse crescente per i siti industriali storici.<\/p>\n<p>&nbsp;<\/p>\n<p>&nbsp;<\/p>\n<p>&nbsp;<\/p>\n<hr \/>\n<p>&nbsp;<\/p>\n<blockquote>\n<h3>Agosto ad Arabba: Un Mese di Cultura tra Libri, Arte e Montagne<\/h3>\n<\/blockquote>\n<blockquote><p><em><strong>Appuntamenti Letterari e Artistici con Autori e Relatori di Spicco alla Sala Congressi di Arabba\u00a0<\/strong><\/em><\/p><\/blockquote>\n<p><strong>LIVINALLONGO <\/strong>Arabba si prepara a un agosto ricco di eventi culturali presso la Sala Congressi, con una serie di incontri,\u00a0 che spaziano dalla letteratura all&#8217;arte, offrendo al pubblico l&#8217;occasione di esplorare la bellezza delle Dolomiti attraverso storie, racconti, e visioni. Tutti gli eventi sono a ingresso libero e saranno moderati da Gianpaolo Soratroi.<\/p>\n<p>&nbsp;<\/p>\n<p><img decoding=\"async\" src=\"https:\/\/www.radiopiu.net\/wordpress\/wp-content\/uploads\/2024\/08\/top-arabba-2024.jpg\" \/><\/p>\n<div class=\"flex flex-grow flex-col max-w-full\">\n<div class=\"min-h-[20px] text-message flex w-full flex-col items-end gap-2 whitespace-pre-wrap break-words [.text-message+&amp;]:mt-5 overflow-x-auto\" dir=\"auto\" data-message-author-role=\"assistant\" data-message-id=\"1c257bd9-274a-478a-a1ed-c080af743465\">\n<div class=\"flex w-full flex-col gap-1 empty:hidden first:pt-[3px]\">\n<div class=\"markdown prose w-full break-words dark:prose-invert dark\">\n<h3><\/h3>\n<h3><strong>Marted\u00ec 13 Agosto, ore 20:45 \u2013 Conferenza \u201cIl Cielo Pi\u00f9 Vicino\u201d con Vittorio Sgarbi<\/strong><\/h3>\n<p><strong>Relatore: Gianpaolo Soratroi<\/strong><\/p>\n<p>Lo storico e critico d\u2019arte di fama internazionale, Vittorio Sgarbi, terr\u00e0 una conferenza intitolata \u201cIl Cielo Pi\u00f9 Vicino\u201d, dedicata alla visione artistica delle montagne, in particolare delle Dolomiti. Sgarbi esplorer\u00e0 come questi paesaggi mozzafiato abbiano ispirato artisti di ogni epoca, offrendo un\u2019interpretazione brillante e sorprendente della montagna attraverso l\u2019arte. Con la sua inimitabile capacit\u00e0 oratoria, Sgarbi guider\u00e0 il pubblico in un viaggio tra le vette pi\u00f9 alte, mostrando come l\u2019arte riesca a catturare l\u2019essenza delle montagne.<\/p>\n<blockquote><p><strong>Tema centrale:<\/strong>\u00a0\u201cLe Dolomiti non sono solo un luogo fisico, ma un simbolo artistico di maestosit\u00e0 e bellezza.\u201d<\/p><\/blockquote>\n<\/div>\n<\/div>\n<\/div>\n<\/div>\n<p>&nbsp;<\/p>\n<hr \/>\n<p>&nbsp;<\/p>\n<p>&nbsp;<\/p>\n<p><a class=\"dt-pswp-item\" href=\"https:\/\/www.radiopiu.net\/wordpress\/wp-content\/uploads\/2022\/12\/LA-VALLE.jpg\" data-dt-img-description=\"\" data-large_image_width=\"259\" data-large_image_height=\"194\"><img loading=\"lazy\" decoding=\"async\" class=\"wp-image-311121 alignleft\" src=\"https:\/\/www.radiopiu.net\/wordpress\/wp-content\/uploads\/2022\/12\/LA-VALLE.jpg\" alt=\"\" width=\"134\" height=\"100\" \/><\/a><strong>CONCERTO CON PIO SAGRILLO E AGORDO MUSICA A LA VALLE AGORDINA ALLE 21<\/strong><br \/>\n<strong>L&#8217;INTERVISTA DI PIA SABATINI<\/strong><\/p>\n<p>&nbsp;<\/p>\n<p><strong>APPUNTAMENTO PER IL 7 AGOSTO con Pio Sagrillo<\/strong><\/p>\n<audio class=\"wp-audio-shortcode\" id=\"audio-403578-13\" preload=\"none\" style=\"width: 100%;\" controls=\"controls\"><source type=\"audio\/mpeg\" src=\"https:\/\/www.radiopiu.net\/wordpress\/wp-content\/uploads\/2024\/08\/intervista-6-SHORT-pio-sagrillo-queen-elisabeth-per-il-5-e-7-agosto.mp3?_=13\" \/><a href=\"https:\/\/www.radiopiu.net\/wordpress\/wp-content\/uploads\/2024\/08\/intervista-6-SHORT-pio-sagrillo-queen-elisabeth-per-il-5-e-7-agosto.mp3\">https:\/\/www.radiopiu.net\/wordpress\/wp-content\/uploads\/2024\/08\/intervista-6-SHORT-pio-sagrillo-queen-elisabeth-per-il-5-e-7-agosto.mp3<\/a><\/audio>\n<p>&nbsp;<\/p>\n<p>&nbsp;<\/p>\n<p>&nbsp;<\/p>\n<hr \/>\n<p>&nbsp;<\/p>\n<blockquote>\n<h3>LE MAN DE ORO, UNA MOSTRA DEDICATA ALLE OPERE DEI GRANDI ARTISTI SCOMPARSI DELLA VALLE DEL BIOIS<\/h3>\n<\/blockquote>\n<p><strong>CANALE D&#8217;AGORDO\u00a0<\/strong> La Pro Loco di Canale D&#8217;Agordo organizza la mostra dal titolo &#8220;Le Man De Oro&#8221;, un&#8217;esposizione di opere dei grandi artisti scomparsi della Valle Del Biois. Tra i lavori esposti si potranno osservare opere di Augusto Murer, Giuliano De Rocco, Amedeo da Pos, Dante Moro e molti altri. L&#8217;esposizione verr\u00e0 inaugurata l&#8217;8 agosto alle 17:30 e sar\u00e0 visitabile tutti i giorni dalle 17 alle 19 e dalle 20 alle 22 nella sala consigliare di Canale D&#8217;Agordo.<\/p>\n<p>&nbsp;<\/p>\n<p><strong>L&#8217;INTERVISTA ALLA RADIO, CON LORIS SERAFINI E LUCIO RIZIERI<\/strong><\/p>\n<audio class=\"wp-audio-shortcode\" id=\"audio-403578-14\" preload=\"none\" style=\"width: 100%;\" controls=\"controls\"><source type=\"audio\/mpeg\" src=\"https:\/\/www.radiopiu.net\/wordpress\/wp-content\/uploads\/2024\/08\/LORIS-SERAFINI-CANALE-DAGRODO-MOSTRA.mp3?_=14\" \/><a href=\"https:\/\/www.radiopiu.net\/wordpress\/wp-content\/uploads\/2024\/08\/LORIS-SERAFINI-CANALE-DAGRODO-MOSTRA.mp3\">https:\/\/www.radiopiu.net\/wordpress\/wp-content\/uploads\/2024\/08\/LORIS-SERAFINI-CANALE-DAGRODO-MOSTRA.mp3<\/a><\/audio>\n<p>&nbsp;<\/p>\n\n\t\t\t<style type='text\/css'>\n\t\t\t\t#gallery-4 {\n\t\t\t\t\tmargin: auto;\n\t\t\t\t}\n\t\t\t\t#gallery-4 .gallery-item {\n\t\t\t\t\tfloat: left;\n\t\t\t\t\tmargin-top: 10px;\n\t\t\t\t\ttext-align: center;\n\t\t\t\t\twidth: 20%;\n\t\t\t\t}\n\t\t\t\t#gallery-4 img {\n\t\t\t\t\tborder: 2px solid #cfcfcf;\n\t\t\t\t}\n\t\t\t\t#gallery-4 .gallery-caption {\n\t\t\t\t\tmargin-left: 0;\n\t\t\t\t}\n\t\t\t\t\/* see gallery_shortcode() in wp-includes\/media.php *\/\n\t\t\t<\/style>\n\t\t<div id='gallery-4' class='dt-gallery-container gallery galleryid-403578 gallery-columns-5 gallery-size-thumbnail'><dl class='gallery-item'>\n\t\t\t\t<dt class='gallery-icon landscape'>\n\t\t\t\t\t<a class=\"rollover rollover-zoom dt-pswp-item\" title=\"Augusto Murer\" data-dt-img-description=\"\" data-large_image_width=\"1140\" data-large_image_height=\"822\"href='https:\/\/www.radiopiu.net\/wordpress\/wp-content\/uploads\/2024\/08\/Augusto-Murer.jpg'><img loading=\"lazy\" decoding=\"async\" width=\"150\" height=\"150\" src=\"https:\/\/www.radiopiu.net\/wordpress\/wp-content\/uploads\/2024\/08\/Augusto-Murer-150x150.jpg\" class=\"attachment-thumbnail size-thumbnail\" alt=\"\" \/><\/a>\n\t\t\t\t<\/dt><\/dl><dl class='gallery-item'>\n\t\t\t\t<dt class='gallery-icon landscape'>\n\t\t\t\t\t<a class=\"rollover rollover-zoom dt-pswp-item\" title=\"Giuliano de Rocco\" data-dt-img-description=\"\" data-large_image_width=\"1476\" data-large_image_height=\"996\"href='https:\/\/www.radiopiu.net\/wordpress\/wp-content\/uploads\/2024\/08\/Giuliano-de-Rocco.jpg'><img loading=\"lazy\" decoding=\"async\" width=\"150\" height=\"150\" src=\"https:\/\/www.radiopiu.net\/wordpress\/wp-content\/uploads\/2024\/08\/Giuliano-de-Rocco-150x150.jpg\" class=\"attachment-thumbnail size-thumbnail\" alt=\"\" \/><\/a>\n\t\t\t\t<\/dt><\/dl><dl class='gallery-item'>\n\t\t\t\t<dt class='gallery-icon landscape'>\n\t\t\t\t\t<a class=\"rollover rollover-zoom dt-pswp-item\" title=\"Opera di Dante Moro\" data-dt-img-description=\"\" data-large_image_width=\"600\" data-large_image_height=\"340\"href='https:\/\/www.radiopiu.net\/wordpress\/wp-content\/uploads\/2024\/08\/Opera-di-Dante-Moro.jpg'><img loading=\"lazy\" decoding=\"async\" width=\"150\" height=\"150\" src=\"https:\/\/www.radiopiu.net\/wordpress\/wp-content\/uploads\/2024\/08\/Opera-di-Dante-Moro-150x150.jpg\" class=\"attachment-thumbnail size-thumbnail\" alt=\"\" \/><\/a>\n\t\t\t\t<\/dt><\/dl><dl class='gallery-item'>\n\t\t\t\t<dt class='gallery-icon landscape'>\n\t\t\t\t\t<a class=\"rollover rollover-zoom dt-pswp-item\" title=\"Paesaggio Zais\" data-dt-img-description=\"\" data-large_image_width=\"274\" data-large_image_height=\"184\"href='https:\/\/www.radiopiu.net\/wordpress\/wp-content\/uploads\/2024\/08\/Paesaggio-Zais.jpeg'><img loading=\"lazy\" decoding=\"async\" width=\"150\" height=\"150\" src=\"https:\/\/www.radiopiu.net\/wordpress\/wp-content\/uploads\/2024\/08\/Paesaggio-Zais-150x150.jpeg\" class=\"attachment-thumbnail size-thumbnail\" alt=\"\" \/><\/a>\n\t\t\t\t<\/dt><\/dl><dl class='gallery-item'>\n\t\t\t\t<dt class='gallery-icon portrait'>\n\t\t\t\t\t<a class=\"rollover rollover-zoom dt-pswp-item\" title=\"Locandina FINALE Le man de oro\" data-dt-img-description=\"\" data-large_image_width=\"1755\" data-large_image_height=\"2482\"href='https:\/\/www.radiopiu.net\/wordpress\/wp-content\/uploads\/2024\/08\/Locandina-FINALE-Le-man-de-oro.png'><img loading=\"lazy\" decoding=\"async\" width=\"150\" height=\"150\" src=\"https:\/\/www.radiopiu.net\/wordpress\/wp-content\/uploads\/2024\/08\/Locandina-FINALE-Le-man-de-oro-150x150.png\" class=\"attachment-thumbnail size-thumbnail\" alt=\"\" \/><\/a>\n\t\t\t\t<\/dt><\/dl><br style=\"clear: both\" \/>\n\t\t\t<\/div>\n\n<p>&nbsp;<\/p>\n<hr \/>\n<p>&nbsp;<\/p>\n<blockquote>\n<h3>DAGDA CELTIC FEST: Un Tuffo nel Passato Celtico<\/h3>\n<\/blockquote>\n<p><strong><a class=\"dt-pswp-item\" href=\"https:\/\/www.radiopiu.net\/wordpress\/wp-content\/uploads\/2024\/07\/ee0e70bf-b574-49f2-beb9-4ad574e937e0-1.jpg\" data-dt-img-description=\"BOCCIODROMO AD AGORDO... L'ESTATE CONTINUA\" data-large_image_width=\"1592\" data-large_image_height=\"2048\"><img loading=\"lazy\" decoding=\"async\" class=\" wp-image-402362 alignleft\" src=\"https:\/\/www.radiopiu.net\/wordpress\/wp-content\/uploads\/2024\/07\/ee0e70bf-b574-49f2-beb9-4ad574e937e0-1-233x300.jpg\" alt=\"\" width=\"135\" height=\"174\" srcset=\"https:\/\/www.radiopiu.net\/wordpress\/wp-content\/uploads\/2024\/07\/ee0e70bf-b574-49f2-beb9-4ad574e937e0-1-233x300.jpg 233w, https:\/\/www.radiopiu.net\/wordpress\/wp-content\/uploads\/2024\/07\/ee0e70bf-b574-49f2-beb9-4ad574e937e0-1-796x1024.jpg 796w, https:\/\/www.radiopiu.net\/wordpress\/wp-content\/uploads\/2024\/07\/ee0e70bf-b574-49f2-beb9-4ad574e937e0-1-768x988.jpg 768w, https:\/\/www.radiopiu.net\/wordpress\/wp-content\/uploads\/2024\/07\/ee0e70bf-b574-49f2-beb9-4ad574e937e0-1-1194x1536.jpg 1194w, https:\/\/www.radiopiu.net\/wordpress\/wp-content\/uploads\/2024\/07\/ee0e70bf-b574-49f2-beb9-4ad574e937e0-1.jpg 1592w\" sizes=\"auto, (max-width: 135px) 100vw, 135px\" \/><\/a>AGORDO<\/strong> I grandi eventi al Parco Giochi e bar al bocciodromo di via Paganini ad Agordo<\/p>\n<p><em>30\/31 agosto \/ 1 settembre \u2013 2024 Il <strong>DAGDA CELTIC FEST<\/strong>, Anno 0, \u00e8 pronto a trasportare i visitatori indietro nel tempo, in un viaggio immersivo nella vita degli antichi Celti. Organizzato dal <strong>Clan Trumusio<\/strong>, il festival offrir\u00e0 tre giorni di giochi, didattica e curiosit\u00e0 nel suggestivo campo storico, dando vita a un\u2019esperienza indimenticabile. Il <strong>DAGDA CELTIC FEST<\/strong> \u00e8 un\u2019occasione unica per immergersi nella cultura e nelle tradizioni celtiche, grazie alla ricca programmazione e alla partecipazione di esperti. Con attivit\u00e0 per tutte le et\u00e0 e gusti, l&#8217;evento promette di essere un\u2019esperienza memorabile per chiunque desideri esplorare il mondo dei Celti. Non mancate a questo viaggio nel tempo, dove la storia prende vita attraverso musica, giochi, artigianato e riti antichi.\u00a0<\/em><\/p>\n<p>&nbsp;<\/p>\n<p>&nbsp;<\/p>\n<hr \/>\n<div class=\"mceTemp\"><\/div>\n<h2><span style=\"color: #ff6600;\"><a class=\"dt-pswp-item\" href=\"https:\/\/www.radiopiu.net\/wordpress\/wp-content\/uploads\/2024\/08\/Locandina-Presentazione-libro-di-Egidio-Pasuch.png\" data-dt-img-description=\"AL NOF FILO'\" data-large_image_width=\"1414\" data-large_image_height=\"2000\"><img loading=\"lazy\" decoding=\"async\" class=\"wp-image-403378 alignleft\" src=\"https:\/\/www.radiopiu.net\/wordpress\/wp-content\/uploads\/2024\/08\/Locandina-Presentazione-libro-di-Egidio-Pasuch-212x300.png\" alt=\"\" width=\"163\" height=\"231\" srcset=\"https:\/\/www.radiopiu.net\/wordpress\/wp-content\/uploads\/2024\/08\/Locandina-Presentazione-libro-di-Egidio-Pasuch-212x300.png 212w, https:\/\/www.radiopiu.net\/wordpress\/wp-content\/uploads\/2024\/08\/Locandina-Presentazione-libro-di-Egidio-Pasuch-724x1024.png 724w, https:\/\/www.radiopiu.net\/wordpress\/wp-content\/uploads\/2024\/08\/Locandina-Presentazione-libro-di-Egidio-Pasuch-768x1086.png 768w, https:\/\/www.radiopiu.net\/wordpress\/wp-content\/uploads\/2024\/08\/Locandina-Presentazione-libro-di-Egidio-Pasuch-1086x1536.png 1086w, https:\/\/www.radiopiu.net\/wordpress\/wp-content\/uploads\/2024\/08\/Locandina-Presentazione-libro-di-Egidio-Pasuch.png 1414w\" sizes=\"auto, (max-width: 163px) 100vw, 163px\" \/><\/a>ALLA RADIO\u00a0<\/span><\/h2>\n<blockquote>\n<h2>L&#8217;INTERVISTA A EGIDIO PASUCH DI LUISA MANFROI<\/h2>\n<\/blockquote>\n<p><strong><a class=\"dt-pswp-item\" href=\"https:\/\/www.radiopiu.net\/wordpress\/wp-content\/uploads\/2024\/08\/maxresdefault.jpg\" data-dt-img-description=\"\" data-large_image_width=\"1280\" data-large_image_height=\"720\"><img loading=\"lazy\" decoding=\"async\" class=\" wp-image-403363 alignleft\" src=\"https:\/\/www.radiopiu.net\/wordpress\/wp-content\/uploads\/2024\/08\/maxresdefault-300x169.jpg\" alt=\"\" width=\"247\" height=\"139\" srcset=\"https:\/\/www.radiopiu.net\/wordpress\/wp-content\/uploads\/2024\/08\/maxresdefault-300x169.jpg 300w, https:\/\/www.radiopiu.net\/wordpress\/wp-content\/uploads\/2024\/08\/maxresdefault-1024x576.jpg 1024w, https:\/\/www.radiopiu.net\/wordpress\/wp-content\/uploads\/2024\/08\/maxresdefault-768x432.jpg 768w, https:\/\/www.radiopiu.net\/wordpress\/wp-content\/uploads\/2024\/08\/maxresdefault.jpg 1280w\" sizes=\"auto, (max-width: 247px) 100vw, 247px\" \/><\/a>DI LUISA MANFROI<\/strong><\/p>\n<p>L&#8217;intervista a Egidio Pasuch relativamente ad una serata di presentazione del libro sul lavoro dei Bellunesi nelle miniere del Belgio<\/p>\n<audio class=\"wp-audio-shortcode\" id=\"audio-403578-15\" preload=\"none\" style=\"width: 100%;\" controls=\"controls\"><source type=\"audio\/mpeg\" src=\"https:\/\/www.radiopiu.net\/wordpress\/wp-content\/uploads\/2024\/08\/Intervista-presentazione-libro-Egidio-Pasuch-a-Cencenighe.mp3?_=15\" \/><a href=\"https:\/\/www.radiopiu.net\/wordpress\/wp-content\/uploads\/2024\/08\/Intervista-presentazione-libro-Egidio-Pasuch-a-Cencenighe.mp3\">https:\/\/www.radiopiu.net\/wordpress\/wp-content\/uploads\/2024\/08\/Intervista-presentazione-libro-Egidio-Pasuch-a-Cencenighe.mp3<\/a><\/audio>\n<p>&nbsp;<\/p>\n<p>&nbsp;<\/p>\n<hr \/>\n<p>&nbsp;<\/p>\n<h2><span style=\"color: #99cc00;\">&#8220;DINTORN E FORA VIA&#8221;\u00a0 IL PROGRAMMA\u00a0 A CURA DEL MUSLA<\/span><\/h2>\n<p><strong><a class=\"dt-pswp-item\" href=\"https:\/\/www.radiopiu.net\/wordpress\/wp-content\/uploads\/2024\/08\/a4e16361-7b48-418e-89e2-3b59cce73e26.jpg\" data-dt-img-description=\"\" data-large_image_width=\"1170\" data-large_image_height=\"861\"><img loading=\"lazy\" decoding=\"async\" class=\"wp-image-403676 alignleft\" src=\"https:\/\/www.radiopiu.net\/wordpress\/wp-content\/uploads\/2024\/08\/a4e16361-7b48-418e-89e2-3b59cce73e26-300x221.jpg\" alt=\"\" width=\"143\" height=\"105\" srcset=\"https:\/\/www.radiopiu.net\/wordpress\/wp-content\/uploads\/2024\/08\/a4e16361-7b48-418e-89e2-3b59cce73e26-300x221.jpg 300w, https:\/\/www.radiopiu.net\/wordpress\/wp-content\/uploads\/2024\/08\/a4e16361-7b48-418e-89e2-3b59cce73e26-1024x754.jpg 1024w, https:\/\/www.radiopiu.net\/wordpress\/wp-content\/uploads\/2024\/08\/a4e16361-7b48-418e-89e2-3b59cce73e26-768x565.jpg 768w, https:\/\/www.radiopiu.net\/wordpress\/wp-content\/uploads\/2024\/08\/a4e16361-7b48-418e-89e2-3b59cce73e26.jpg 1170w\" sizes=\"auto, (max-width: 143px) 100vw, 143px\" \/><\/a>PUNTATA 06 AGOSTO, CHIARA FRENA\u00a0\u00a0<\/strong><\/p>\n<p>Liete da la Chiara da Agort con nuove da dalonz che revarda fuga dal Libano, mar\u0107\u00e0 azionar en ros e oro per Errani e Paolini. Nuove da vesin con crode che ven ju, recors al TAR vinzest dal Comun da Fodom e finai del Torneo Agordin.<\/p>\n<audio class=\"wp-audio-shortcode\" id=\"audio-403578-16\" preload=\"none\" style=\"width: 100%;\" controls=\"controls\"><source type=\"audio\/mpeg\" src=\"https:\/\/www.radiopiu.net\/wordpress\/wp-content\/uploads\/2024\/08\/MUSLA-1.mp3?_=16\" \/><a href=\"https:\/\/www.radiopiu.net\/wordpress\/wp-content\/uploads\/2024\/08\/MUSLA-1.mp3\">https:\/\/www.radiopiu.net\/wordpress\/wp-content\/uploads\/2024\/08\/MUSLA-1.mp3<\/a><\/audio>\n<p>&nbsp;<\/p>\n<h2>LA RACCOLTA COMPLETA <a href=\"https:\/\/www.radiopiu.net\/wordpress\/musla\/\"><span style=\"color: #3366ff;\">CLICCA QUI<\/span><\/a><\/h2>\n<p>&nbsp;<\/p>\n<hr \/>\n<p>&nbsp;<\/p>\n<blockquote>\n<h2>ALLA RADIO, VOCI RIBELLI 10^ PUNTATA CON ALESSIA DALL&#8217;O<\/h2>\n<\/blockquote>\n<p><a class=\"dt-pswp-item\" href=\"https:\/\/www.radiopiu.net\/wordpress\/wp-content\/uploads\/2023\/09\/ass.-dafne.png\" data-dt-img-description=\"\" data-large_image_width=\"225\" data-large_image_height=\"225\"><img loading=\"lazy\" decoding=\"async\" class=\" wp-image-352143 alignleft\" src=\"https:\/\/www.radiopiu.net\/wordpress\/wp-content\/uploads\/2023\/09\/ass.-dafne.png\" alt=\"\" width=\"137\" height=\"137\" srcset=\"https:\/\/www.radiopiu.net\/wordpress\/wp-content\/uploads\/2023\/09\/ass.-dafne.png 225w, https:\/\/www.radiopiu.net\/wordpress\/wp-content\/uploads\/2023\/09\/ass.-dafne-150x150.png 150w\" sizes=\"auto, (max-width: 137px) 100vw, 137px\" \/><\/a>Benvenuti a &#8220;VOCI RIBELLI: CONVERSAZIONI SENZA FILTRI PER RAGAZZI AUDACI,&#8221; il podcast che sfida gli stereotipi e apre la porta a conversazioni senza paura per i giovani coraggiosi. Questo podcast, prodotto dall&#8217;Associazione Dafne con la regia di Lorenzo Cassol, \u00e8 il luogo dove la voce dell&#8217;audacia incontra la sincerit\u00e0 pi\u00f9 profonda<\/p>\n<h1><\/h1>\n<h1><span style=\"color: #ff0000;\">STAGIONE 2024<\/span><\/h1>\n<p><strong>PUNTATA 10, L&#8217;ATTRICE SARA RIGHI\u00a0<\/strong><\/p>\n<audio class=\"wp-audio-shortcode\" id=\"audio-403578-17\" preload=\"none\" style=\"width: 100%;\" controls=\"controls\"><source type=\"audio\/mpeg\" src=\"https:\/\/www.radiopiu.net\/wordpress\/wp-content\/uploads\/2024\/08\/fatto-PUNTATA-8-Sara-Righi-attrice-1.mp3?_=17\" \/><a href=\"https:\/\/www.radiopiu.net\/wordpress\/wp-content\/uploads\/2024\/08\/fatto-PUNTATA-8-Sara-Righi-attrice-1.mp3\">https:\/\/www.radiopiu.net\/wordpress\/wp-content\/uploads\/2024\/08\/fatto-PUNTATA-8-Sara-Righi-attrice-1.mp3<\/a><\/audio>\n<p>&nbsp;<\/p>\n<p>LA RACCOLTA COMPLETA<\/p>\n<blockquote class=\"wp-embedded-content\" data-secret=\"gnncsL2Rck\"><p><a href=\"https:\/\/www.radiopiu.net\/wordpress\/voci-ribelli-conversazioni-senza-filtri-per-ragazzi-audaci\/\">VOCI RIBELLI: CONVERSAZIONI SENZA FILTRI PER RAGAZZI AUDACI<\/a><\/p><\/blockquote>\n<p><iframe loading=\"lazy\" class=\"wp-embedded-content\" sandbox=\"allow-scripts\" security=\"restricted\" style=\"position: absolute; visibility: hidden;\" title=\"&#8220;VOCI RIBELLI: CONVERSAZIONI SENZA FILTRI PER RAGAZZI AUDACI&#8221; &#8212; Radio Pi\u00f9\" src=\"https:\/\/www.radiopiu.net\/wordpress\/voci-ribelli-conversazioni-senza-filtri-per-ragazzi-audaci\/embed\/#?secret=wC2vciKbaZ#?secret=gnncsL2Rck\" data-secret=\"gnncsL2Rck\" width=\"600\" height=\"338\" frameborder=\"0\" marginwidth=\"0\" marginheight=\"0\" scrolling=\"no\"><\/iframe><\/p>\n<hr \/>\n<p>&nbsp;<\/p>\n<blockquote class=\"wp-embedded-content\" data-secret=\"SKSdpNUWBC\"><p><a href=\"https:\/\/www.radiopiu.net\/wordpress\/pirole-de-lenga-la-parola-del-giorno-a-cura-del-musla-raccolta-completa\/\">PIROLE DE LENGA&#8230; LA PAROLA DEL GIORNO A CURA DEL MUSLA -raccolta completa &#8211;<\/a><\/p><\/blockquote>\n<p><iframe loading=\"lazy\" class=\"wp-embedded-content\" sandbox=\"allow-scripts\" security=\"restricted\" style=\"position: absolute; visibility: hidden;\" title=\"&#8220;PIROLE DE LENGA&#8230; LA PAROLA DEL GIORNO A CURA DEL MUSLA -raccolta completa &#8211;&#8221; &#8212; Radio Pi\u00f9\" src=\"https:\/\/www.radiopiu.net\/wordpress\/pirole-de-lenga-la-parola-del-giorno-a-cura-del-musla-raccolta-completa\/embed\/#?secret=tjBhtakOKP#?secret=SKSdpNUWBC\" data-secret=\"SKSdpNUWBC\" width=\"600\" height=\"338\" frameborder=\"0\" marginwidth=\"0\" marginheight=\"0\" scrolling=\"no\"><\/iframe><\/p>\n<p>&nbsp;<\/p>\n<p>&nbsp;<\/p>\n<hr \/>\n<p>&nbsp;<\/p>\n<h2><span style=\"color: #ff0000;\"><a class=\"dt-pswp-item\" href=\"https:\/\/www.radiopiu.net\/wordpress\/wp-content\/uploads\/2018\/09\/appuntamenti.jpeg\" data-dt-img-description=\"\" data-large_image_width=\"800\" data-large_image_height=\"100\"><img loading=\"lazy\" decoding=\"async\" class=\"wp-image-61958 size-full aligncenter\" src=\"https:\/\/www.radiopiu.net\/wordpress\/wp-content\/uploads\/2018\/09\/appuntamenti.jpeg\" alt=\"\" width=\"800\" height=\"100\" srcset=\"https:\/\/www.radiopiu.net\/wordpress\/wp-content\/uploads\/2018\/09\/appuntamenti.jpeg 800w, https:\/\/www.radiopiu.net\/wordpress\/wp-content\/uploads\/2018\/09\/appuntamenti-300x38.jpeg 300w, https:\/\/www.radiopiu.net\/wordpress\/wp-content\/uploads\/2018\/09\/appuntamenti-768x96.jpeg 768w\" sizes=\"auto, (max-width: 800px) 100vw, 800px\" \/><\/a><\/span><\/h2>\n<div>\n<div class=\"\" dir=\"auto\">\n<div id=\":r9h:\" class=\"x1iorvi4 x1pi30zi x1l90r2v x1swvt13\" data-ad-comet-preview=\"message\" data-ad-preview=\"message\">\n\n\t\t\t<style type='text\/css'>\n\t\t\t\t#gallery-5 {\n\t\t\t\t\tmargin: auto;\n\t\t\t\t}\n\t\t\t\t#gallery-5 .gallery-item {\n\t\t\t\t\tfloat: left;\n\t\t\t\t\tmargin-top: 10px;\n\t\t\t\t\ttext-align: center;\n\t\t\t\t\twidth: 25%;\n\t\t\t\t}\n\t\t\t\t#gallery-5 img {\n\t\t\t\t\tborder: 2px solid #cfcfcf;\n\t\t\t\t}\n\t\t\t\t#gallery-5 .gallery-caption {\n\t\t\t\t\tmargin-left: 0;\n\t\t\t\t}\n\t\t\t\t\/* see gallery_shortcode() in wp-includes\/media.php *\/\n\t\t\t<\/style>\n\t\t<div id='gallery-5' class='dt-gallery-container gallery galleryid-403578 gallery-columns-4 gallery-size-thumbnail'><dl class='gallery-item'>\n\t\t\t\t<dt class='gallery-icon portrait'>\n\t\t\t\t\t<a class=\"rollover rollover-zoom dt-pswp-item\" title=\"453730651_892765706218434_811561520489596124_n\" data-dt-img-description=\"\" data-large_image_width=\"509\" data-large_image_height=\"720\"href='https:\/\/www.radiopiu.net\/wordpress\/wp-content\/uploads\/2024\/08\/453730651_892765706218434_811561520489596124_n.jpg'><img loading=\"lazy\" decoding=\"async\" width=\"150\" height=\"150\" src=\"https:\/\/www.radiopiu.net\/wordpress\/wp-content\/uploads\/2024\/08\/453730651_892765706218434_811561520489596124_n-150x150.jpg\" class=\"attachment-thumbnail size-thumbnail\" alt=\"\" aria-describedby=\"gallery-5-403663\" \/><\/a>\n\t\t\t\t<\/dt>\n\t\t\t\t\t<dd class='wp-caption-text gallery-caption' id='gallery-5-403663'>\n\t\t\t\t\tMOSE&#8217; ANDRICH IN CONCERTO\n\t\t\t\t\t<\/dd><\/dl><dl class='gallery-item'>\n\t\t\t\t<dt class='gallery-icon portrait'>\n\t\t\t\t\t<a class=\"rollover rollover-zoom dt-pswp-item\" title=\"a7d1fdcb-dd8a-4c65-b84e-14d48ecf23b4\" data-dt-img-description=\"\" data-large_image_width=\"947\" data-large_image_height=\"1329\"href='https:\/\/www.radiopiu.net\/wordpress\/wp-content\/uploads\/2024\/08\/a7d1fdcb-dd8a-4c65-b84e-14d48ecf23b4.jpg'><img loading=\"lazy\" decoding=\"async\" width=\"150\" height=\"150\" src=\"https:\/\/www.radiopiu.net\/wordpress\/wp-content\/uploads\/2024\/08\/a7d1fdcb-dd8a-4c65-b84e-14d48ecf23b4-150x150.jpg\" class=\"attachment-thumbnail size-thumbnail\" alt=\"\" aria-describedby=\"gallery-5-402791\" \/><\/a>\n\t\t\t\t<\/dt>\n\t\t\t\t\t<dd class='wp-caption-text gallery-caption' id='gallery-5-402791'>\n\t\t\t\t\tI NOS CROT\n\t\t\t\t\t<\/dd><\/dl><dl class='gallery-item'>\n\t\t\t\t<dt class='gallery-icon portrait'>\n\t\t\t\t\t<a class=\"rollover rollover-zoom dt-pswp-item\" title=\"0d186b03-075d-4a16-85f7-92328b103abf\" data-dt-img-description=\"\" data-large_image_width=\"1140\" data-large_image_height=\"1600\"href='https:\/\/www.radiopiu.net\/wordpress\/wp-content\/uploads\/2024\/08\/0d186b03-075d-4a16-85f7-92328b103abf.jpg'><img loading=\"lazy\" decoding=\"async\" width=\"150\" height=\"150\" src=\"https:\/\/www.radiopiu.net\/wordpress\/wp-content\/uploads\/2024\/08\/0d186b03-075d-4a16-85f7-92328b103abf-150x150.jpg\" class=\"attachment-thumbnail size-thumbnail\" alt=\"\" aria-describedby=\"gallery-5-402790\" \/><\/a>\n\t\t\t\t<\/dt>\n\t\t\t\t\t<dd class='wp-caption-text gallery-caption' id='gallery-5-402790'>\n\t\t\t\t\tFINE SETTIMANA \n\t\t\t\t\t<\/dd><\/dl><dl class='gallery-item'>\n\t\t\t\t<dt class='gallery-icon portrait'>\n\t\t\t\t\t<a class=\"rollover rollover-zoom dt-pswp-item\" title=\"a2fe8ef0-b734-47c8-be38-ab8205a88b00\" data-dt-img-description=\"\" data-large_image_width=\"1131\" data-large_image_height=\"1600\"href='https:\/\/www.radiopiu.net\/wordpress\/wp-content\/uploads\/2024\/07\/a2fe8ef0-b734-47c8-be38-ab8205a88b00.jpg'><img loading=\"lazy\" decoding=\"async\" width=\"150\" height=\"150\" src=\"https:\/\/www.radiopiu.net\/wordpress\/wp-content\/uploads\/2024\/07\/a2fe8ef0-b734-47c8-be38-ab8205a88b00-150x150.jpg\" class=\"attachment-thumbnail size-thumbnail\" alt=\"\" aria-describedby=\"gallery-5-402154\" \/><\/a>\n\t\t\t\t<\/dt>\n\t\t\t\t\t<dd class='wp-caption-text gallery-caption' id='gallery-5-402154'>\n\t\t\t\t\tDAL 9 AL 31 AGOSTO VOLTAGO E CULTURA\n\t\t\t\t\t<\/dd><\/dl><br style=\"clear: both\" \/><dl class='gallery-item'>\n\t\t\t\t<dt class='gallery-icon portrait'>\n\t\t\t\t\t<a class=\"rollover rollover-zoom dt-pswp-item\" title=\"concorso-copia_compressed\" data-dt-img-description=\"\" data-large_image_width=\"1240\" data-large_image_height=\"1754\"href='https:\/\/www.radiopiu.net\/wordpress\/wp-content\/uploads\/2024\/07\/concorso-copia_compressed.jpg'><img loading=\"lazy\" decoding=\"async\" width=\"150\" height=\"150\" src=\"https:\/\/www.radiopiu.net\/wordpress\/wp-content\/uploads\/2024\/07\/concorso-copia_compressed-150x150.jpg\" class=\"attachment-thumbnail size-thumbnail\" alt=\"\" aria-describedby=\"gallery-5-401805\" \/><\/a>\n\t\t\t\t<\/dt>\n\t\t\t\t\t<dd class='wp-caption-text gallery-caption' id='gallery-5-401805'>\n\t\t\t\t\tIL CONCORSO FOTOGRAFICO\n\t\t\t\t\t<\/dd><\/dl><dl class='gallery-item'>\n\t\t\t\t<dt class='gallery-icon portrait'>\n\t\t\t\t\t<a class=\"rollover rollover-zoom dt-pswp-item\" title=\"8b2155a6-d732-4852-a73f-6ad1b59fac91\" data-dt-img-description=\"\" data-large_image_width=\"1131\" data-large_image_height=\"1600\"href='https:\/\/www.radiopiu.net\/wordpress\/wp-content\/uploads\/2024\/07\/8b2155a6-d732-4852-a73f-6ad1b59fac91-1.jpg'><img loading=\"lazy\" decoding=\"async\" width=\"150\" height=\"150\" src=\"https:\/\/www.radiopiu.net\/wordpress\/wp-content\/uploads\/2024\/07\/8b2155a6-d732-4852-a73f-6ad1b59fac91-1-150x150.jpg\" class=\"attachment-thumbnail size-thumbnail\" alt=\"\" aria-describedby=\"gallery-5-397366\" \/><\/a>\n\t\t\t\t<\/dt>\n\t\t\t\t\t<dd class='wp-caption-text gallery-caption' id='gallery-5-397366'>\n\t\t\t\t\tASSOCIAZIONE BORGO SOTTOGUDA \n\t\t\t\t\t<\/dd><\/dl><dl class='gallery-item'>\n\t\t\t\t<dt class='gallery-icon portrait'>\n\t\t\t\t\t<a class=\"rollover rollover-zoom dt-pswp-item\" title=\"original-84F78277-839A-4868-BE6A-5A10A5605E21\" data-dt-img-description=\"\" data-large_image_width=\"1754\" data-large_image_height=\"2480\"href='https:\/\/www.radiopiu.net\/wordpress\/wp-content\/uploads\/2024\/07\/original-84F78277-839A-4868-BE6A-5A10A5605E21.jpeg'><img loading=\"lazy\" decoding=\"async\" width=\"150\" height=\"150\" src=\"https:\/\/www.radiopiu.net\/wordpress\/wp-content\/uploads\/2024\/07\/original-84F78277-839A-4868-BE6A-5A10A5605E21-150x150.jpeg\" class=\"attachment-thumbnail size-thumbnail\" alt=\"\" aria-describedby=\"gallery-5-397532\" \/><\/a>\n\t\t\t\t<\/dt>\n\t\t\t\t\t<dd class='wp-caption-text gallery-caption' id='gallery-5-397532'>\n\t\t\t\t\tHOTEL STELLA ALPINA ESTATE D&#8217;EVENTI \n\t\t\t\t\t<\/dd><\/dl><dl class='gallery-item'>\n\t\t\t\t<dt class='gallery-icon portrait'>\n\t\t\t\t\t<a class=\"rollover rollover-zoom dt-pswp-item\" title=\"6aaaad58-800e-4990-a3b1-996dabdbe745\" data-dt-img-description=\"\" data-large_image_width=\"1131\" data-large_image_height=\"1600\"href='https:\/\/www.radiopiu.net\/wordpress\/wp-content\/uploads\/2024\/07\/6aaaad58-800e-4990-a3b1-996dabdbe745.jpg'><img loading=\"lazy\" decoding=\"async\" width=\"150\" height=\"150\" src=\"https:\/\/www.radiopiu.net\/wordpress\/wp-content\/uploads\/2024\/07\/6aaaad58-800e-4990-a3b1-996dabdbe745-150x150.jpg\" class=\"attachment-thumbnail size-thumbnail\" alt=\"\" aria-describedby=\"gallery-5-397565\" \/><\/a>\n\t\t\t\t<\/dt>\n\t\t\t\t\t<dd class='wp-caption-text gallery-caption' id='gallery-5-397565'>\n\t\t\t\t\tDAL 20 LUGLIO A VOLTAGO\n\t\t\t\t\t<\/dd><\/dl><br style=\"clear: both\" \/><dl class='gallery-item'>\n\t\t\t\t<dt class='gallery-icon portrait'>\n\t\t\t\t\t<a class=\"rollover rollover-zoom dt-pswp-item\" title=\"f84567d6-a1d2-47de-9596-ef8505986952\" data-dt-img-description=\"\" data-large_image_width=\"745\" data-large_image_height=\"1073\"href='https:\/\/www.radiopiu.net\/wordpress\/wp-content\/uploads\/2024\/06\/f84567d6-a1d2-47de-9596-ef8505986952.jpg'><img loading=\"lazy\" decoding=\"async\" width=\"150\" height=\"150\" src=\"https:\/\/www.radiopiu.net\/wordpress\/wp-content\/uploads\/2024\/06\/f84567d6-a1d2-47de-9596-ef8505986952-150x150.jpg\" class=\"attachment-thumbnail size-thumbnail\" alt=\"\" aria-describedby=\"gallery-5-396466\" \/><\/a>\n\t\t\t\t<\/dt>\n\t\t\t\t\t<dd class='wp-caption-text gallery-caption' id='gallery-5-396466'>\n\t\t\t\t\tSUMMER GREEN VOLLEY AGORDINO\n\t\t\t\t\t<\/dd><\/dl><dl class='gallery-item'>\n\t\t\t\t<dt class='gallery-icon portrait'>\n\t\t\t\t\t<a class=\"rollover rollover-zoom dt-pswp-item\" title=\"7fc3f2fe-a94d-4d5f-9af0-1d7ee8402cfd\" data-dt-img-description=\"\" data-large_image_width=\"1080\" data-large_image_height=\"1505\"href='https:\/\/www.radiopiu.net\/wordpress\/wp-content\/uploads\/2024\/07\/7fc3f2fe-a94d-4d5f-9af0-1d7ee8402cfd.jpg'><img loading=\"lazy\" decoding=\"async\" width=\"150\" height=\"150\" src=\"https:\/\/www.radiopiu.net\/wordpress\/wp-content\/uploads\/2024\/07\/7fc3f2fe-a94d-4d5f-9af0-1d7ee8402cfd-150x150.jpg\" class=\"attachment-thumbnail size-thumbnail\" alt=\"\" aria-describedby=\"gallery-5-399793\" \/><\/a>\n\t\t\t\t<\/dt>\n\t\t\t\t\t<dd class='wp-caption-text gallery-caption' id='gallery-5-399793'>\n\t\t\t\t\tAD ALLEGHE CON LAURA BALLIS\n\t\t\t\t\t<\/dd><\/dl><dl class='gallery-item'>\n\t\t\t\t<dt class='gallery-icon portrait'>\n\t\t\t\t\t<a class=\"rollover rollover-zoom dt-pswp-item\" title=\"558e7467-bad9-4f56-af80-7a4ca08f0b35\" data-dt-img-description=\"\" data-large_image_width=\"1131\" data-large_image_height=\"1600\"href='https:\/\/www.radiopiu.net\/wordpress\/wp-content\/uploads\/2024\/07\/558e7467-bad9-4f56-af80-7a4ca08f0b35-1.jpg'><img loading=\"lazy\" decoding=\"async\" width=\"150\" height=\"150\" src=\"https:\/\/www.radiopiu.net\/wordpress\/wp-content\/uploads\/2024\/07\/558e7467-bad9-4f56-af80-7a4ca08f0b35-1-150x150.jpg\" class=\"attachment-thumbnail size-thumbnail\" alt=\"\" aria-describedby=\"gallery-5-400098\" \/><\/a>\n\t\t\t\t<\/dt>\n\t\t\t\t\t<dd class='wp-caption-text gallery-caption' id='gallery-5-400098'>\n\t\t\t\t\tL&#8217;ESTATE DELLE BIBLIOTECHE\n\t\t\t\t\t<\/dd><\/dl><dl class='gallery-item'>\n\t\t\t\t<dt class='gallery-icon portrait'>\n\t\t\t\t\t<a class=\"rollover rollover-zoom dt-pswp-item\" title=\"Locandina Salotto delle Dolomiti 2024\" data-dt-img-description=\"\" data-large_image_width=\"1810\" data-large_image_height=\"2560\"href='https:\/\/www.radiopiu.net\/wordpress\/wp-content\/uploads\/2024\/07\/Locandina-Salotto-delle-Dolomiti-2024-scaled.jpg'><img loading=\"lazy\" decoding=\"async\" width=\"150\" height=\"150\" src=\"https:\/\/www.radiopiu.net\/wordpress\/wp-content\/uploads\/2024\/07\/Locandina-Salotto-delle-Dolomiti-2024-150x150.jpg\" class=\"attachment-thumbnail size-thumbnail\" alt=\"\" aria-describedby=\"gallery-5-399554\" \/><\/a>\n\t\t\t\t<\/dt>\n\t\t\t\t\t<dd class='wp-caption-text gallery-caption' id='gallery-5-399554'>\n\t\t\t\t\tIL SALOTTO DELLE DOLOMITI A CANALE D&#8217;AGORDO\n\t\t\t\t\t<\/dd><\/dl><br style=\"clear: both\" \/><dl class='gallery-item'>\n\t\t\t\t<dt class='gallery-icon portrait'>\n\t\t\t\t\t<a class=\"rollover rollover-zoom dt-pswp-item\" title=\"b984cf06-49e8-4958-bc23-c0d66e45f366\" data-dt-img-description=\"\" data-large_image_width=\"900\" data-large_image_height=\"1600\"href='https:\/\/www.radiopiu.net\/wordpress\/wp-content\/uploads\/2024\/07\/b984cf06-49e8-4958-bc23-c0d66e45f366.jpg'><img loading=\"lazy\" decoding=\"async\" width=\"150\" height=\"150\" src=\"https:\/\/www.radiopiu.net\/wordpress\/wp-content\/uploads\/2024\/07\/b984cf06-49e8-4958-bc23-c0d66e45f366-150x150.jpg\" class=\"attachment-thumbnail size-thumbnail\" alt=\"\" aria-describedby=\"gallery-5-400399\" \/><\/a>\n\t\t\t\t<\/dt>\n\t\t\t\t\t<dd class='wp-caption-text gallery-caption' id='gallery-5-400399'>\n\t\t\t\t\tALL&#8217;HOTEL VILLA IMPERINA DI AGORDO\n\t\t\t\t\t<\/dd><\/dl><dl class='gallery-item'>\n\t\t\t\t<dt class='gallery-icon portrait'>\n\t\t\t\t\t<a class=\"rollover rollover-zoom dt-pswp-item\" title=\"d907dbe9-b2f4-41bc-95a8-54a8a309613c\" data-dt-img-description=\"\" data-large_image_width=\"1132\" data-large_image_height=\"1600\"href='https:\/\/www.radiopiu.net\/wordpress\/wp-content\/uploads\/2024\/07\/d907dbe9-b2f4-41bc-95a8-54a8a309613c.jpg'><img loading=\"lazy\" decoding=\"async\" width=\"150\" height=\"150\" src=\"https:\/\/www.radiopiu.net\/wordpress\/wp-content\/uploads\/2024\/07\/d907dbe9-b2f4-41bc-95a8-54a8a309613c-150x150.jpg\" class=\"attachment-thumbnail size-thumbnail\" alt=\"\" aria-describedby=\"gallery-5-400876\" \/><\/a>\n\t\t\t\t<\/dt>\n\t\t\t\t\t<dd class='wp-caption-text gallery-caption' id='gallery-5-400876'>\n\t\t\t\t\t11 AGOSTO SAN TOMASO AGORDINO \n\t\t\t\t\t<\/dd><\/dl><dl class='gallery-item'>\n\t\t\t\t<dt class='gallery-icon portrait'>\n\t\t\t\t\t<a class=\"rollover rollover-zoom dt-pswp-item\" title=\"89ce3e2e-2b88-4e4a-bf35-fcef0c6cd9c7\" data-dt-img-description=\"\" data-large_image_width=\"1637\" data-large_image_height=\"2048\"href='https:\/\/www.radiopiu.net\/wordpress\/wp-content\/uploads\/2024\/07\/89ce3e2e-2b88-4e4a-bf35-fcef0c6cd9c7.jpg'><img loading=\"lazy\" decoding=\"async\" width=\"150\" height=\"150\" src=\"https:\/\/www.radiopiu.net\/wordpress\/wp-content\/uploads\/2024\/07\/89ce3e2e-2b88-4e4a-bf35-fcef0c6cd9c7-150x150.jpg\" class=\"attachment-thumbnail size-thumbnail\" alt=\"\" aria-describedby=\"gallery-5-401113\" \/><\/a>\n\t\t\t\t<\/dt>\n\t\t\t\t\t<dd class='wp-caption-text gallery-caption' id='gallery-5-401113'>\n\t\t\t\t\tLA MADONA DE LA NEIF A LA VALLE\n\t\t\t\t\t<\/dd><\/dl><dl class='gallery-item'>\n\t\t\t\t<dt class='gallery-icon portrait'>\n\t\t\t\t\t<a class=\"rollover rollover-zoom dt-pswp-item\" title=\"volantino-vittorio.a4\" data-dt-img-description=\"\" data-large_image_width=\"1240\" data-large_image_height=\"1753\"href='https:\/\/www.radiopiu.net\/wordpress\/wp-content\/uploads\/2024\/07\/volantino-vittorio.a4.jpg'><img loading=\"lazy\" decoding=\"async\" width=\"150\" height=\"150\" src=\"https:\/\/www.radiopiu.net\/wordpress\/wp-content\/uploads\/2024\/07\/volantino-vittorio.a4-150x150.jpg\" class=\"attachment-thumbnail size-thumbnail\" alt=\"\" aria-describedby=\"gallery-5-401803\" \/><\/a>\n\t\t\t\t<\/dt>\n\t\t\t\t\t<dd class='wp-caption-text gallery-caption' id='gallery-5-401803'>\n\t\t\t\t\tIL 14 AGOSTO IN SALA DON TAMIS\n\t\t\t\t\t<\/dd><\/dl><br style=\"clear: both\" \/><dl class='gallery-item'>\n\t\t\t\t<dt class='gallery-icon portrait'>\n\t\t\t\t\t<a class=\"rollover rollover-zoom dt-pswp-item\" title=\"Sognando California 2024\" data-dt-img-description=\"\" data-large_image_width=\"1587\" data-large_image_height=\"2245\"href='https:\/\/www.radiopiu.net\/wordpress\/wp-content\/uploads\/2024\/07\/Sognando-California-2024.jpg'><img loading=\"lazy\" decoding=\"async\" width=\"150\" height=\"150\" src=\"https:\/\/www.radiopiu.net\/wordpress\/wp-content\/uploads\/2024\/07\/Sognando-California-2024-150x150.jpg\" class=\"attachment-thumbnail size-thumbnail\" alt=\"\" aria-describedby=\"gallery-5-401829\" \/><\/a>\n\t\t\t\t<\/dt>\n\t\t\t\t\t<dd class='wp-caption-text gallery-caption' id='gallery-5-401829'>\n\t\t\t\t\t8 AGOSTO&#8230;SOGNANDO CALIFORNIA\n\t\t\t\t\t<\/dd><\/dl><dl class='gallery-item'>\n\t\t\t\t<dt class='gallery-icon portrait'>\n\t\t\t\t\t<a class=\"rollover rollover-zoom dt-pswp-item\" title=\"ee0e70bf-b574-49f2-beb9-4ad574e937e0\" data-dt-img-description=\"\" data-large_image_width=\"1592\" data-large_image_height=\"2048\"href='https:\/\/www.radiopiu.net\/wordpress\/wp-content\/uploads\/2024\/07\/ee0e70bf-b574-49f2-beb9-4ad574e937e0-1.jpg'><img loading=\"lazy\" decoding=\"async\" width=\"150\" height=\"150\" src=\"https:\/\/www.radiopiu.net\/wordpress\/wp-content\/uploads\/2024\/07\/ee0e70bf-b574-49f2-beb9-4ad574e937e0-1-150x150.jpg\" class=\"attachment-thumbnail size-thumbnail\" alt=\"\" aria-describedby=\"gallery-5-402362\" \/><\/a>\n\t\t\t\t<\/dt>\n\t\t\t\t\t<dd class='wp-caption-text gallery-caption' id='gallery-5-402362'>\n\t\t\t\t\tBOCCIODROMO AD AGORDO&#8230; L&#8217;ESTATE CONTINUA\n\t\t\t\t\t<\/dd><\/dl><dl class='gallery-item'>\n\t\t\t\t<dt class='gallery-icon portrait'>\n\t\t\t\t\t<a class=\"rollover rollover-zoom dt-pswp-item\" title=\"Mostra Capuzzo\" data-dt-img-description=\"\" data-large_image_width=\"828\" data-large_image_height=\"1100\"href='https:\/\/www.radiopiu.net\/wordpress\/wp-content\/uploads\/2024\/08\/Mostra-Capuzzo.jpg'><img loading=\"lazy\" decoding=\"async\" width=\"150\" height=\"150\" src=\"https:\/\/www.radiopiu.net\/wordpress\/wp-content\/uploads\/2024\/08\/Mostra-Capuzzo-150x150.jpg\" class=\"attachment-thumbnail size-thumbnail\" alt=\"\" aria-describedby=\"gallery-5-402773\" \/><\/a>\n\t\t\t\t<\/dt>\n\t\t\t\t\t<dd class='wp-caption-text gallery-caption' id='gallery-5-402773'>\n\t\t\t\t\tLA MOSTRA DI PATRIZIO CAPUZZO\n\t\t\t\t\t<\/dd><\/dl><dl class='gallery-item'>\n\t\t\t\t<dt class='gallery-icon portrait'>\n\t\t\t\t\t<a class=\"rollover rollover-zoom dt-pswp-item\" title=\"PALIO\" data-dt-img-description=\"\" data-large_image_width=\"1817\" data-large_image_height=\"2560\"href='https:\/\/www.radiopiu.net\/wordpress\/wp-content\/uploads\/2024\/08\/PALIO-scaled.jpg'><img loading=\"lazy\" decoding=\"async\" width=\"150\" height=\"150\" src=\"https:\/\/www.radiopiu.net\/wordpress\/wp-content\/uploads\/2024\/08\/PALIO-150x150.jpg\" class=\"attachment-thumbnail size-thumbnail\" alt=\"\" aria-describedby=\"gallery-5-402899\" \/><\/a>\n\t\t\t\t<\/dt>\n\t\t\t\t\t<dd class='wp-caption-text gallery-caption' id='gallery-5-402899'>\n\t\t\t\t\tIL PALIO DEI CENTO AD AGORDO\n\t\t\t\t\t<\/dd><\/dl><br style=\"clear: both\" \/><dl class='gallery-item'>\n\t\t\t\t<dt class='gallery-icon portrait'>\n\t\t\t\t\t<a class=\"rollover rollover-zoom dt-pswp-item\" title=\"13ece100-ccde-4dbe-9187-3328d909adff\" data-dt-img-description=\"\" data-large_image_width=\"1142\" data-large_image_height=\"1599\"href='https:\/\/www.radiopiu.net\/wordpress\/wp-content\/uploads\/2024\/08\/13ece100-ccde-4dbe-9187-3328d909adff.jpg'><img loading=\"lazy\" decoding=\"async\" width=\"150\" height=\"150\" src=\"https:\/\/www.radiopiu.net\/wordpress\/wp-content\/uploads\/2024\/08\/13ece100-ccde-4dbe-9187-3328d909adff-150x150.jpg\" class=\"attachment-thumbnail size-thumbnail\" alt=\"\" aria-describedby=\"gallery-5-402898\" \/><\/a>\n\t\t\t\t<\/dt>\n\t\t\t\t\t<dd class='wp-caption-text gallery-caption' id='gallery-5-402898'>\n\t\t\t\t\tLA FESTA DEI CACCIATORI A CANALE\n\t\t\t\t\t<\/dd><\/dl><dl class='gallery-item'>\n\t\t\t\t<dt class='gallery-icon portrait'>\n\t\t\t\t\t<a class=\"rollover rollover-zoom dt-pswp-item\" title=\"453435279_122166255218160070_5477559706341740291_n\" data-dt-img-description=\"\" data-large_image_width=\"526\" data-large_image_height=\"1052\"href='https:\/\/www.radiopiu.net\/wordpress\/wp-content\/uploads\/2024\/08\/453435279_122166255218160070_5477559706341740291_n.jpg'><img loading=\"lazy\" decoding=\"async\" width=\"150\" height=\"150\" src=\"https:\/\/www.radiopiu.net\/wordpress\/wp-content\/uploads\/2024\/08\/453435279_122166255218160070_5477559706341740291_n-150x150.jpg\" class=\"attachment-thumbnail size-thumbnail\" alt=\"\" aria-describedby=\"gallery-5-402925\" \/><\/a>\n\t\t\t\t<\/dt>\n\t\t\t\t\t<dd class='wp-caption-text gallery-caption' id='gallery-5-402925'>\n\t\t\t\t\tL&#8217;ESTATE AL CINEMA DOLOMITI DI FALCADE\n\t\t\t\t\t<\/dd><\/dl><dl class='gallery-item'>\n\t\t\t\t<dt class='gallery-icon portrait'>\n\t\t\t\t\t<a class=\"rollover rollover-zoom dt-pswp-item\" title=\"image0\" data-dt-img-description=\"\" data-large_image_width=\"1587\" data-large_image_height=\"2245\"href='https:\/\/www.radiopiu.net\/wordpress\/wp-content\/uploads\/2024\/08\/image0.png'><img loading=\"lazy\" decoding=\"async\" width=\"150\" height=\"150\" src=\"https:\/\/www.radiopiu.net\/wordpress\/wp-content\/uploads\/2024\/08\/image0-150x150.png\" class=\"attachment-thumbnail size-thumbnail\" alt=\"\" aria-describedby=\"gallery-5-403141\" \/><\/a>\n\t\t\t\t<\/dt>\n\t\t\t\t\t<dd class='wp-caption-text gallery-caption' id='gallery-5-403141'>\n\t\t\t\t\tLA MOSTRA IN BIBLIOTECA AD AGORDO\n\t\t\t\t\t<\/dd><\/dl><dl class='gallery-item'>\n\t\t\t\t<dt class='gallery-icon portrait'>\n\t\t\t\t\t<a class=\"rollover rollover-zoom dt-pswp-item\" title=\"LOC_A3_MOSTRA-RADIO_CMVI\" data-dt-img-description=\"\" data-large_image_width=\"1816\" data-large_image_height=\"2560\"href='https:\/\/www.radiopiu.net\/wordpress\/wp-content\/uploads\/2024\/08\/LOC_A3_MOSTRA-RADIO_CMVI-scaled.jpg'><img loading=\"lazy\" decoding=\"async\" width=\"150\" height=\"150\" src=\"https:\/\/www.radiopiu.net\/wordpress\/wp-content\/uploads\/2024\/08\/LOC_A3_MOSTRA-RADIO_CMVI-150x150.jpg\" class=\"attachment-thumbnail size-thumbnail\" alt=\"\" aria-describedby=\"gallery-5-403450\" \/><\/a>\n\t\t\t\t<\/dt>\n\t\t\t\t\t<dd class='wp-caption-text gallery-caption' id='gallery-5-403450'>\n\t\t\t\t\tLA MOSTRA DELLE RADIO IN VALLE IMPERINA\n\t\t\t\t\t<\/dd><\/dl><br style=\"clear: both\" \/><dl class='gallery-item'>\n\t\t\t\t<dt class='gallery-icon portrait'>\n\t\t\t\t\t<a class=\"rollover rollover-zoom dt-pswp-item\" title=\"IMG-20240801-WA0002\" data-dt-img-description=\"\" data-large_image_width=\"1131\" data-large_image_height=\"1600\"href='https:\/\/www.radiopiu.net\/wordpress\/wp-content\/uploads\/2024\/08\/IMG-20240801-WA0002.jpg'><img loading=\"lazy\" decoding=\"async\" width=\"150\" height=\"150\" src=\"https:\/\/www.radiopiu.net\/wordpress\/wp-content\/uploads\/2024\/08\/IMG-20240801-WA0002-150x150.jpg\" class=\"attachment-thumbnail size-thumbnail\" alt=\"\" aria-describedby=\"gallery-5-403471\" \/><\/a>\n\t\t\t\t<\/dt>\n\t\t\t\t\t<dd class='wp-caption-text gallery-caption' id='gallery-5-403471'>\n\t\t\t\t\tVENERDI A SAPPADE\n\t\t\t\t\t<\/dd><\/dl><dl class='gallery-item'>\n\t\t\t\t<dt class='gallery-icon portrait'>\n\t\t\t\t\t<a class=\"rollover rollover-zoom dt-pswp-item\" title=\"SCR-20240805-mhri\" data-dt-img-description=\"\" data-large_image_width=\"1348\" data-large_image_height=\"1922\"href='https:\/\/www.radiopiu.net\/wordpress\/wp-content\/uploads\/2024\/08\/SCR-20240805-mhri.png'><img loading=\"lazy\" decoding=\"async\" width=\"150\" height=\"150\" src=\"https:\/\/www.radiopiu.net\/wordpress\/wp-content\/uploads\/2024\/08\/SCR-20240805-mhri-150x150.png\" class=\"attachment-thumbnail size-thumbnail\" alt=\"\" aria-describedby=\"gallery-5-403470\" \/><\/a>\n\t\t\t\t<\/dt>\n\t\t\t\t\t<dd class='wp-caption-text gallery-caption' id='gallery-5-403470'>\n\t\t\t\t\tIL LIBRO DI ANDREA DE BERNARDIN\n\t\t\t\t\t<\/dd><\/dl><dl class='gallery-item'>\n\t\t\t\t<dt class='gallery-icon portrait'>\n\t\t\t\t\t<a class=\"rollover rollover-zoom dt-pswp-item\" title=\"f5694b24-11b9-4420-9b96-3524847840e4\" data-dt-img-description=\"\" data-large_image_width=\"1080\" data-large_image_height=\"1523\"href='https:\/\/www.radiopiu.net\/wordpress\/wp-content\/uploads\/2024\/08\/f5694b24-11b9-4420-9b96-3524847840e4.jpg'><img loading=\"lazy\" decoding=\"async\" width=\"150\" height=\"150\" src=\"https:\/\/www.radiopiu.net\/wordpress\/wp-content\/uploads\/2024\/08\/f5694b24-11b9-4420-9b96-3524847840e4-150x150.jpg\" class=\"attachment-thumbnail size-thumbnail\" alt=\"\" aria-describedby=\"gallery-5-403523\" \/><\/a>\n\t\t\t\t<\/dt>\n\t\t\t\t\t<dd class='wp-caption-text gallery-caption' id='gallery-5-403523'>\n\t\t\t\t\tIL POST VAIA A FRASSENE\n\t\t\t\t\t<\/dd><\/dl><dl class='gallery-item'>\n\t\t\t\t<dt class='gallery-icon portrait'>\n\t\t\t\t\t<a class=\"rollover rollover-zoom dt-pswp-item\" title=\"77ddcdd7-8f63-4740-ac13-7139862008a3\" data-dt-img-description=\"\" data-large_image_width=\"1300\" data-large_image_height=\"1600\"href='https:\/\/www.radiopiu.net\/wordpress\/wp-content\/uploads\/2024\/08\/77ddcdd7-8f63-4740-ac13-7139862008a3.jpg'><img loading=\"lazy\" decoding=\"async\" width=\"150\" height=\"150\" src=\"https:\/\/www.radiopiu.net\/wordpress\/wp-content\/uploads\/2024\/08\/77ddcdd7-8f63-4740-ac13-7139862008a3-150x150.jpg\" class=\"attachment-thumbnail size-thumbnail\" alt=\"\" aria-describedby=\"gallery-5-403524\" \/><\/a>\n\t\t\t\t<\/dt>\n\t\t\t\t\t<dd class='wp-caption-text gallery-caption' id='gallery-5-403524'>\n\t\t\t\t\tLA NOTTE DI SAN LORENZO A FORCELLA AURINE\n\t\t\t\t\t<\/dd><\/dl><br style=\"clear: both\" \/><dl class='gallery-item'>\n\t\t\t\t<dt class='gallery-icon portrait'>\n\t\t\t\t\t<a class=\"rollover rollover-zoom dt-pswp-item\" title=\"MANIFESTO-2024-A3(1)\" data-dt-img-description=\"\" data-large_image_width=\"1325\" data-large_image_height=\"1869\"href='https:\/\/www.radiopiu.net\/wordpress\/wp-content\/uploads\/2024\/08\/MANIFESTO-2024-A31.jpg'><img loading=\"lazy\" decoding=\"async\" width=\"150\" height=\"150\" src=\"https:\/\/www.radiopiu.net\/wordpress\/wp-content\/uploads\/2024\/08\/MANIFESTO-2024-A31-150x150.jpg\" class=\"attachment-thumbnail size-thumbnail\" alt=\"\" aria-describedby=\"gallery-5-403525\" \/><\/a>\n\t\t\t\t<\/dt>\n\t\t\t\t\t<dd class='wp-caption-text gallery-caption' id='gallery-5-403525'>\n\t\t\t\t\tLA FESTA A PIAN CASTALDI\n\t\t\t\t\t<\/dd><\/dl><dl class='gallery-item'>\n\t\t\t\t<dt class='gallery-icon portrait'>\n\t\t\t\t\t<a class=\"rollover rollover-zoom dt-pswp-item\" title=\"1c740f78-17ea-4b07-8434-d53ec2cfb2d8\" data-dt-img-description=\"\" data-large_image_width=\"1374\" data-large_image_height=\"2048\"href='https:\/\/www.radiopiu.net\/wordpress\/wp-content\/uploads\/2024\/08\/1c740f78-17ea-4b07-8434-d53ec2cfb2d8.jpg'><img loading=\"lazy\" decoding=\"async\" width=\"150\" height=\"150\" src=\"https:\/\/www.radiopiu.net\/wordpress\/wp-content\/uploads\/2024\/08\/1c740f78-17ea-4b07-8434-d53ec2cfb2d8-150x150.jpg\" class=\"attachment-thumbnail size-thumbnail\" alt=\"\" aria-describedby=\"gallery-5-403534\" \/><\/a>\n\t\t\t\t<\/dt>\n\t\t\t\t\t<dd class='wp-caption-text gallery-caption' id='gallery-5-403534'>\n\t\t\t\t\tLA MOSTRA DI RENZO MIOLA A SAN TOMASO\n\t\t\t\t\t<\/dd><\/dl><dl class='gallery-item'>\n\t\t\t\t<dt class='gallery-icon portrait'>\n\t\t\t\t\t<a class=\"rollover rollover-zoom dt-pswp-item\" title=\"5822c72f-9290-4fad-b32d-cf4bf8156b6b\" data-dt-img-description=\"\" data-large_image_width=\"1080\" data-large_image_height=\"1524\"href='https:\/\/www.radiopiu.net\/wordpress\/wp-content\/uploads\/2024\/08\/5822c72f-9290-4fad-b32d-cf4bf8156b6b.jpg'><img loading=\"lazy\" decoding=\"async\" width=\"150\" height=\"150\" src=\"https:\/\/www.radiopiu.net\/wordpress\/wp-content\/uploads\/2024\/08\/5822c72f-9290-4fad-b32d-cf4bf8156b6b-150x150.jpg\" class=\"attachment-thumbnail size-thumbnail\" alt=\"\" aria-describedby=\"gallery-5-403546\" \/><\/a>\n\t\t\t\t<\/dt>\n\t\t\t\t\t<dd class='wp-caption-text gallery-caption' id='gallery-5-403546'>\n\t\t\t\t\tLA MARCIA LUIGI BARBANA\n\t\t\t\t\t<\/dd><\/dl><dl class='gallery-item'>\n\t\t\t\t<dt class='gallery-icon portrait'>\n\t\t\t\t\t<a class=\"rollover rollover-zoom dt-pswp-item\" title=\"Locandina Ferragosto 2024 (1)\" data-dt-img-description=\"\" data-large_image_width=\"1810\" data-large_image_height=\"2560\"href='https:\/\/www.radiopiu.net\/wordpress\/wp-content\/uploads\/2024\/08\/Locandina-Ferragosto-2024-1-scaled.jpg'><img loading=\"lazy\" decoding=\"async\" width=\"150\" height=\"150\" src=\"https:\/\/www.radiopiu.net\/wordpress\/wp-content\/uploads\/2024\/08\/Locandina-Ferragosto-2024-1-150x150.jpg\" class=\"attachment-thumbnail size-thumbnail\" alt=\"\" aria-describedby=\"gallery-5-403547\" \/><\/a>\n\t\t\t\t<\/dt>\n\t\t\t\t\t<dd class='wp-caption-text gallery-caption' id='gallery-5-403547'>\n\t\t\t\t\tIL FERRAGOSTO BIANCOROSSO\n\t\t\t\t\t<\/dd><\/dl><br style=\"clear: both\" \/><dl class='gallery-item'>\n\t\t\t\t<dt class='gallery-icon portrait'>\n\t\t\t\t\t<a class=\"rollover rollover-zoom dt-pswp-item\" title=\"ARSON CORSO\" data-dt-img-description=\"\" data-large_image_width=\"671\" data-large_image_height=\"756\"href='https:\/\/www.radiopiu.net\/wordpress\/wp-content\/uploads\/2024\/08\/ARSON-CORSO.png'><img loading=\"lazy\" decoding=\"async\" width=\"150\" height=\"150\" src=\"https:\/\/www.radiopiu.net\/wordpress\/wp-content\/uploads\/2024\/08\/ARSON-CORSO-150x150.png\" class=\"attachment-thumbnail size-thumbnail\" alt=\"\" aria-describedby=\"gallery-5-403730\" \/><\/a>\n\t\t\t\t<\/dt>\n\t\t\t\t\t<dd class='wp-caption-text gallery-caption' id='gallery-5-403730'>\n\t\t\t\t\tCORSO DI FOTOGRAFIA A FELTRE\n\t\t\t\t\t<\/dd><\/dl><dl class='gallery-item'>\n\t\t\t\t<dt class='gallery-icon portrait'>\n\t\t\t\t\t<a class=\"rollover rollover-zoom dt-pswp-item\" title=\"454033022_17852955438248710_2498970159341367502_n\" data-dt-img-description=\"\" data-large_image_width=\"1266\" data-large_image_height=\"1425\"href='https:\/\/www.radiopiu.net\/wordpress\/wp-content\/uploads\/2024\/08\/454033022_17852955438248710_2498970159341367502_n.jpg'><img loading=\"lazy\" decoding=\"async\" width=\"150\" height=\"150\" src=\"https:\/\/www.radiopiu.net\/wordpress\/wp-content\/uploads\/2024\/08\/454033022_17852955438248710_2498970159341367502_n-150x150.jpg\" class=\"attachment-thumbnail size-thumbnail\" alt=\"\" aria-describedby=\"gallery-5-403758\" \/><\/a>\n\t\t\t\t<\/dt>\n\t\t\t\t\t<dd class='wp-caption-text gallery-caption' id='gallery-5-403758'>\n\t\t\t\t\tFERRAGOSTO A GOSALDO\n\t\t\t\t\t<\/dd><\/dl>\n\t\t\t\t<br style='clear: both' \/>\n\t\t\t<\/div>\n\n<p><b>OGGI AL CINEMA DOLOMITI DI FALCADE GRANDE ANTEPRIMA NAZIONALE CON LA PRIMA VISIONE DI CATTIVISSIMO ME 4 ALLE 17 E 21:15. DOMANI IL FILM HORIZON: AN AMERICAN SAGA &#8211; CAPITOLO 1. SPETTACOLO ALLE 21:15<\/b><\/p>\n<p><strong><a class=\"dt-pswp-item\" href=\"https:\/\/www.radiopiu.net\/wordpress\/wp-content\/uploads\/2024\/08\/SCR-20240805-mhri.png\" data-dt-img-description=\"\" data-large_image_width=\"1348\" data-large_image_height=\"1922\"><img loading=\"lazy\" decoding=\"async\" class=\" wp-image-403470 alignleft\" src=\"https:\/\/www.radiopiu.net\/wordpress\/wp-content\/uploads\/2024\/08\/SCR-20240805-mhri-210x300.png\" alt=\"\" width=\"123\" height=\"176\" srcset=\"https:\/\/www.radiopiu.net\/wordpress\/wp-content\/uploads\/2024\/08\/SCR-20240805-mhri-210x300.png 210w, https:\/\/www.radiopiu.net\/wordpress\/wp-content\/uploads\/2024\/08\/SCR-20240805-mhri-718x1024.png 718w, https:\/\/www.radiopiu.net\/wordpress\/wp-content\/uploads\/2024\/08\/SCR-20240805-mhri-768x1095.png 768w, https:\/\/www.radiopiu.net\/wordpress\/wp-content\/uploads\/2024\/08\/SCR-20240805-mhri-1077x1536.png 1077w, https:\/\/www.radiopiu.net\/wordpress\/wp-content\/uploads\/2024\/08\/SCR-20240805-mhri.png 1348w\" sizes=\"auto, (max-width: 123px) 100vw, 123px\" \/><\/a>FALCADE<\/strong> Domani alle 18:30 nella sala consigliare di Falcade la presentazione del libro &#8220;Diario di un sindaco&#8221; di Andrea De Bernardin. Sar\u00e0 presente anche l&#8217;autore del libro. Organizza il comune di Falcade, assessorato alla cultura, e la biblioteca di Falcade. Ingresso libero.<\/p>\n<\/div>\n<\/div>\n<\/div>\n<p><span style=\"color: #ff0000;\"><strong>FALCADE<\/strong><\/span> aperitivo allo Stella Alpina. Tra il verde, nella meraviglia delle Dolomiti, Il venerdi sera allo Stella Alpina, in centro a Falcade \u00e8&#8230;tutt&#8217;un&#8217;altra estate e che estate!\u00a0 L&#8217;aperitivo&#8230;che non \u00e8 mai da solo.. ma accompagnato da stuzzicherie che affasciano anche i palati pi\u00f9 difficili. ad ogni appuntamento&#8230; una specialit\u00e0 diversa.<\/p>\n<p><strong>AGORDO<\/strong> Mercatino Dolomiti Agordine, antiquariato, domenica 10 agosto ad Agordo, 13 agosto Forcella Aurine.<\/p>\n<p><strong>AGORDO<\/strong> La Biblioteca Civica di Agordo ospita la mostra dell&#8217;artista Francesca Bernardi dal 1 al 10 agosto 2024 dedicata al mondo degli gnomi. Francesca Bernardi ha dedicato la sua serie di opere agli gnomi, creature magiche e misteriose che popolano le nostre leggende e fiabe.<\/p>\n<p><strong>BELLUNO<\/strong> Il &#8220;Dall\u2019Ardo alla Piave Festival&#8221; si terr\u00e0 il 9 e 30 agosto e si concluder\u00e0 il 6 settembre a Borgo Piave. Il 9 agosto alle 20:30, il gruppo folk Rudem\u00e0 si esibir\u00e0 con un concerto di musica tradizionale veneta e del Nord Italia. Il 30 agosto, alla stessa ora, Sonia Vazza presenter\u00e0 la lettura scenica &#8220;La Cotogna di Istanbul&#8221; con accompagnamento musicale di Paolo Forte, un omaggio al libro di Paolo Rumiz. Il festival \u00e8 organizzato dall\u2019associazione Borgo Piave ETC aps con il supporto di varie associazioni e gruppi locali.<\/p>\n<p>&nbsp;<\/p>\n<h2>PROSSIMAMENTE<\/h2>\n<p><strong>ALLEGHE<\/strong> Torna mercoled\u00ec 14 agosto il Giro del Lago di Alleghe in notturna. La manifestazione podistica organizzata dal Gruppo ANA Monte Civetta. Gara non competitiva di 5,3 km. Iscrizioni in loco prima della gara e nei giorni precedenti al gazebo degli Alpini in piazza Kennedy di Alleghe<\/p>\n<div><\/div>\n<p>&nbsp;<\/p>\n<hr \/>\n<p>&nbsp;<\/p>\n<p><a class=\"dt-pswp-item\" href=\"https:\/\/www.radiopiu.net\/wordpress\/wp-content\/uploads\/2018\/09\/viabilita.jpeg\" data-dt-img-description=\"\" data-large_image_width=\"800\" data-large_image_height=\"100\"><img loading=\"lazy\" decoding=\"async\" class=\"aligncenter wp-image-61954 size-full\" src=\"https:\/\/www.radiopiu.net\/wordpress\/wp-content\/uploads\/2018\/09\/viabilita.jpeg\" alt=\"\" width=\"800\" height=\"100\" srcset=\"https:\/\/www.radiopiu.net\/wordpress\/wp-content\/uploads\/2018\/09\/viabilita.jpeg 800w, https:\/\/www.radiopiu.net\/wordpress\/wp-content\/uploads\/2018\/09\/viabilita-300x38.jpeg 300w, https:\/\/www.radiopiu.net\/wordpress\/wp-content\/uploads\/2018\/09\/viabilita-768x96.jpeg 768w\" sizes=\"auto, (max-width: 800px) 100vw, 800px\" \/><\/a><\/p>\n<p>&nbsp;<\/p>\n<p><a class=\"dt-pswp-item\" href=\"https:\/\/www.radiopiu.net\/wordpress\/wp-content\/uploads\/2023\/12\/botol-car-service.jpg\" data-dt-img-description=\"\" data-large_image_width=\"600\" data-large_image_height=\"600\"><img loading=\"lazy\" decoding=\"async\" class=\"size-medium wp-image-367044 aligncenter\" src=\"https:\/\/www.radiopiu.net\/wordpress\/wp-content\/uploads\/2023\/12\/botol-car-service-300x300.jpg\" alt=\"\" width=\"300\" height=\"300\" srcset=\"https:\/\/www.radiopiu.net\/wordpress\/wp-content\/uploads\/2023\/12\/botol-car-service-300x300.jpg 300w, https:\/\/www.radiopiu.net\/wordpress\/wp-content\/uploads\/2023\/12\/botol-car-service-150x150.jpg 150w, https:\/\/www.radiopiu.net\/wordpress\/wp-content\/uploads\/2023\/12\/botol-car-service.jpg 600w\" sizes=\"auto, (max-width: 300px) 100vw, 300px\" \/><\/a><\/p>\n<p>&nbsp;<\/p>\n<p>&nbsp;<\/p>\n<h1>BOLLETTINO QUOTIDIANO, CLICCA QUI<\/h1>\n<blockquote class=\"wp-embedded-content\" data-secret=\"KpUREqda1m\"><p><a href=\"https:\/\/www.radiopiu.net\/wordpress\/viabilita-2\/\">viabilita<\/a><\/p><\/blockquote>\n<p><iframe loading=\"lazy\" class=\"wp-embedded-content\" sandbox=\"allow-scripts\" security=\"restricted\" style=\"position: absolute; visibility: hidden;\" title=\"&#8220;viabilita&#8221; &#8212; Radio Pi\u00f9\" src=\"https:\/\/www.radiopiu.net\/wordpress\/viabilita-2\/embed\/#?secret=tyF0iGZN9h#?secret=KpUREqda1m\" data-secret=\"KpUREqda1m\" width=\"600\" height=\"338\" frameborder=\"0\" marginwidth=\"0\" marginheight=\"0\" scrolling=\"no\"><\/iframe><\/p>\n<p>&nbsp;<\/p>\n<p>&nbsp;<\/p>\n<hr \/>\n<p>&nbsp;<\/p>\n<p><a class=\"dt-pswp-item\" href=\"https:\/\/www.radiopiu.net\/wordpress\/wp-content\/uploads\/2018\/09\/WhatsApp-Image-2018-09-20-at-16.04.06.jpeg\" data-dt-img-description=\"\" data-large_image_width=\"800\" data-large_image_height=\"100\"><img loading=\"lazy\" decoding=\"async\" class=\"wp-image-61378 size-full aligncenter\" src=\"https:\/\/www.radiopiu.net\/wordpress\/wp-content\/uploads\/2018\/09\/WhatsApp-Image-2018-09-20-at-16.04.06.jpeg\" alt=\"\" width=\"800\" height=\"100\" srcset=\"https:\/\/www.radiopiu.net\/wordpress\/wp-content\/uploads\/2018\/09\/WhatsApp-Image-2018-09-20-at-16.04.06.jpeg 800w, https:\/\/www.radiopiu.net\/wordpress\/wp-content\/uploads\/2018\/09\/WhatsApp-Image-2018-09-20-at-16.04.06-300x38.jpeg 300w, https:\/\/www.radiopiu.net\/wordpress\/wp-content\/uploads\/2018\/09\/WhatsApp-Image-2018-09-20-at-16.04.06-768x96.jpeg 768w\" sizes=\"auto, (max-width: 800px) 100vw, 800px\" \/><\/a><\/p>\n<p><center><\/center><center><\/center><center><\/center><center><\/center><center><\/center><center><\/center>&nbsp;<\/p>\n<p><center><b>OGGI<\/b><\/center>Giornata pi\u00f9 variabile e pi\u00f9 instabile rispetto alle precedenti con cielo irregolarmente nuvoloso e qualche parziale schiarita al mattino sulle Dolomiti, con addensamenti pi\u00f9 importanti gi\u00e0 in mattinata a partire dalle Prealpi centro-occidentali in successiva estensione anche alle altre zone montane nelle ore centrali con fenomeni in prevalenza sparsi.<br \/>\n<b>Precipitazioni: <\/b>Probabilit\u00e0 in aumento gi\u00e0 in mattinata fino a medio alta ovunque dalle ore centrali per precipitazioni sparse a tratti anche diffuse a carattere di rovescio o di temporale. Attenuazione dei fenomeni nel primo pomeriggio sulle Prealpi, un po&#8217; pi\u00f9 tardi sulle Dolomiti, con possibile ripresa di una seconda fase instabile nella notte<br \/>\n<b>Temperature: <\/b>Minime senza variazioni di rilievo o in leggero calo, massime in temporanea in diminuzione, con escursione termica giornaliera un po&#8217; pi\u00f9 contenuta rispetto ai giorni precedenti e clima diurno pi\u00f9 fresco rispetto a marted\u00ec.<\/p>\n<hr \/>\n<p><center><b>DOMANI<\/b><\/center>Tempo pi\u00f9 stabile e pi\u00f9 soleggiato rispetto a mercoled\u00ec con cielo al mattino poco nuvoloso per modeste velature e per nubi basse sparse nelle ore fresche in rapido dissolvimento dopo l&#8217;alba, mentre nelle ore centrali possibile qualche modesto e innocuo annuvolamento che, tuttavia, verso sera potr\u00e0 diventare localmente consistente e determinare qualche fenomeno.<br \/>\n<b>Precipitazioni: <\/b>Generalmente assenti, salvo qualche residuo piovasco nelle prime ore della giornata e qualche possibile precipitazione anche a carattere di rovescio o di temporale verso sera<br \/>\n<b>Temperature: <\/b>Minime stazionarie o in lieve calo, massime in aumento su valori superiori alla norma, con elevata escursione termica giornaliera.<\/p>\n<hr \/>\n<p><center><b>VENERDI<\/b><\/center>Tempo ancora stabile e soleggiato con clima tipicamente estivo e pi\u00f9 caldo della norma. Nelle ore pi\u00f9 calde annuvolamenti irregolari di tipo cumuliforme per una moderata attivit\u00e0 convettiva limitata alle cime o a qualche pendio ma con fenomeni pressoch\u00e9 assenti. Temperature in lieve ulteriore aumento.<\/p>\n<hr \/>\n<p><center><b>SABATO<\/b><\/center>Tempo stabile, soleggiato e pi\u00f9 caldo della norma e anche rispetto a venerd\u00ec con temperature in ulteriore lieve aumento. Nelle ore calde saranno ancora possibili annuvolamenti irregolari di tipo cumuliforme per una moderata attivit\u00e0 convettiva limitata perlopi\u00f9 in prossimit\u00e0 delle cime o lungo il pendio di qualche rilievo con fenomeni molto scarsi o assenti.<\/p>\n<p>&nbsp;<\/p>\n<hr \/>\n<p>&nbsp;<\/p>\n<p><a class=\"dt-pswp-item\" href=\"https:\/\/www.radiopiu.net\/wordpress\/wp-content\/uploads\/2018\/09\/sport.jpg\" data-dt-img-description=\"\" data-large_image_width=\"800\" data-large_image_height=\"100\"><img loading=\"lazy\" decoding=\"async\" class=\"aligncenter wp-image-60761 size-full\" src=\"https:\/\/www.radiopiu.net\/wordpress\/wp-content\/uploads\/2018\/09\/sport.jpg\" alt=\"\" width=\"800\" height=\"100\" srcset=\"https:\/\/www.radiopiu.net\/wordpress\/wp-content\/uploads\/2018\/09\/sport.jpg 800w, https:\/\/www.radiopiu.net\/wordpress\/wp-content\/uploads\/2018\/09\/sport-300x38.jpg 300w, https:\/\/www.radiopiu.net\/wordpress\/wp-content\/uploads\/2018\/09\/sport-768x96.jpg 768w\" sizes=\"auto, (max-width: 800px) 100vw, 800px\" \/><\/a><\/p>\n<p>&nbsp;<\/p>\n<p>&nbsp;<\/p>\n<p><span style=\"color: #0000ff;\"><strong>CALCIO<\/strong><\/span><\/p>\n<blockquote>\n<h3>IL QUINTO TITOLO CONSECUTIVO DEL TAIBON GIOVANILE<\/h3>\n<\/blockquote>\n<p><strong><a class=\"dt-pswp-item\" href=\"https:\/\/www.radiopiu.net\/wordpress\/wp-content\/uploads\/2024\/08\/9883b9b8-123e-4762-9fc3-664cc72e66f8-scaled.jpg\" data-dt-img-description=\"\" data-large_image_width=\"2560\" data-large_image_height=\"1706\"><img loading=\"lazy\" decoding=\"async\" class=\" wp-image-403347 alignleft\" src=\"https:\/\/www.radiopiu.net\/wordpress\/wp-content\/uploads\/2024\/08\/9883b9b8-123e-4762-9fc3-664cc72e66f8-300x200.jpg\" alt=\"\" width=\"251\" height=\"167\" srcset=\"https:\/\/www.radiopiu.net\/wordpress\/wp-content\/uploads\/2024\/08\/9883b9b8-123e-4762-9fc3-664cc72e66f8-300x200.jpg 300w, https:\/\/www.radiopiu.net\/wordpress\/wp-content\/uploads\/2024\/08\/9883b9b8-123e-4762-9fc3-664cc72e66f8-1024x683.jpg 1024w, https:\/\/www.radiopiu.net\/wordpress\/wp-content\/uploads\/2024\/08\/9883b9b8-123e-4762-9fc3-664cc72e66f8-768x512.jpg 768w, https:\/\/www.radiopiu.net\/wordpress\/wp-content\/uploads\/2024\/08\/9883b9b8-123e-4762-9fc3-664cc72e66f8-1536x1024.jpg 1536w, https:\/\/www.radiopiu.net\/wordpress\/wp-content\/uploads\/2024\/08\/9883b9b8-123e-4762-9fc3-664cc72e66f8-2048x1365.jpg 2048w\" sizes=\"auto, (max-width: 251px) 100vw, 251px\" \/><\/a>REDAZIONE<\/strong> Grande festa a Taibon che nel 60esimo del Gruppo Sportivo Taibon la squadra di casa ha incamerato l&#8217;ennesima vittoria del campionato Agordino. La squadra allenata dai fratelli Broglio ha vinto per 5 a 0 contro il canale dopo una partita dalle due facce. Il primo tempo tutto a favore dei canalini che non hanno saputo sfruttare a dovere le occasioni arrivate. Nella ripresa l&#8217;impresa del Taibon che ha rifilato 5 reti alla squadra della Valle del Biois. Seconda vittoria consecutiva da quando la squadra \u00e8 guidata dai figli di Roberto Broglio, la quinta vittoria consecutiva del campionato per la compagine giovanile del presidente Antimo Savaris. (2018 Taibon \u2013 La Valle 5 -3;\u00a0 \u00a0 2019 Taibon \u2013 Canale 4 \u2013 2;\u00a0 \u00a0 2022 Taibon \u2013 Fodom 4 -1;\u00a0 \u00a02023 Taibon \u2013 La Valle 2 \u2013 0;\u00a0 \u00a02024 Taibon \u2013 Canale 5 -0)<\/p>\n<p>&nbsp;<\/p>\n<hr \/>\n<p>&nbsp;<\/p>\n<h2><span style=\"color: #808000;\">GOODBYE BY BICICLE&#8230;UN VIAGGIO DALL&#8217;INDIA A SEREN DEL GRAPPA IN BICICLETTA<\/span><\/h2>\n<p><span style=\"color: #ff0000;\"><strong>PUNTATA 24 &#8211; LA COSTRUZIONE DELLA CASA SULL&#8217;ALBERO<\/strong><\/span><\/p>\n<audio class=\"wp-audio-shortcode\" id=\"audio-403578-18\" preload=\"none\" style=\"width: 100%;\" controls=\"controls\"><source type=\"audio\/mpeg\" src=\"https:\/\/www.radiopiu.net\/wordpress\/wp-content\/uploads\/2024\/07\/AIRE-INDIA-PUNTATA-24.mp3?_=18\" \/><a href=\"https:\/\/www.radiopiu.net\/wordpress\/wp-content\/uploads\/2024\/07\/AIRE-INDIA-PUNTATA-24.mp3\">https:\/\/www.radiopiu.net\/wordpress\/wp-content\/uploads\/2024\/07\/AIRE-INDIA-PUNTATA-24.mp3<\/a><\/audio>\n<p>&nbsp;<\/p>\n\n\t\t\t<style type='text\/css'>\n\t\t\t\t#gallery-6 {\n\t\t\t\t\tmargin: auto;\n\t\t\t\t}\n\t\t\t\t#gallery-6 .gallery-item {\n\t\t\t\t\tfloat: left;\n\t\t\t\t\tmargin-top: 10px;\n\t\t\t\t\ttext-align: center;\n\t\t\t\t\twidth: 20%;\n\t\t\t\t}\n\t\t\t\t#gallery-6 img {\n\t\t\t\t\tborder: 2px solid #cfcfcf;\n\t\t\t\t}\n\t\t\t\t#gallery-6 .gallery-caption {\n\t\t\t\t\tmargin-left: 0;\n\t\t\t\t}\n\t\t\t\t\/* see gallery_shortcode() in wp-includes\/media.php *\/\n\t\t\t<\/style>\n\t\t<div id='gallery-6' class='dt-gallery-container gallery galleryid-403578 gallery-columns-5 gallery-size-thumbnail'><dl class='gallery-item'>\n\t\t\t\t<dt class='gallery-icon landscape'>\n\t\t\t\t\t<a class=\"rollover rollover-zoom dt-pswp-item\" title=\"0bdcf7a9-f123-4909-bce8-9c222370bb9a\" data-dt-img-description=\"\" data-large_image_width=\"1600\" data-large_image_height=\"1200\"href='https:\/\/www.radiopiu.net\/wordpress\/wp-content\/uploads\/2024\/07\/0bdcf7a9-f123-4909-bce8-9c222370bb9a.jpg'><img loading=\"lazy\" decoding=\"async\" width=\"150\" height=\"150\" src=\"https:\/\/www.radiopiu.net\/wordpress\/wp-content\/uploads\/2024\/07\/0bdcf7a9-f123-4909-bce8-9c222370bb9a-150x150.jpg\" class=\"attachment-thumbnail size-thumbnail\" alt=\"\" \/><\/a>\n\t\t\t\t<\/dt><\/dl><dl class='gallery-item'>\n\t\t\t\t<dt class='gallery-icon portrait'>\n\t\t\t\t\t<a class=\"rollover rollover-zoom dt-pswp-item\" title=\"16670b1c-4c3e-415f-ab6a-5dceaf19e691\" data-dt-img-description=\"\" data-large_image_width=\"1200\" data-large_image_height=\"1600\"href='https:\/\/www.radiopiu.net\/wordpress\/wp-content\/uploads\/2024\/07\/16670b1c-4c3e-415f-ab6a-5dceaf19e691.jpg'><img loading=\"lazy\" decoding=\"async\" width=\"150\" height=\"150\" src=\"https:\/\/www.radiopiu.net\/wordpress\/wp-content\/uploads\/2024\/07\/16670b1c-4c3e-415f-ab6a-5dceaf19e691-150x150.jpg\" class=\"attachment-thumbnail size-thumbnail\" alt=\"\" \/><\/a>\n\t\t\t\t<\/dt><\/dl><dl class='gallery-item'>\n\t\t\t\t<dt class='gallery-icon portrait'>\n\t\t\t\t\t<a class=\"rollover rollover-zoom dt-pswp-item\" title=\"64cec409-1120-4124-9532-10da2397d74a\" data-dt-img-description=\"\" data-large_image_width=\"1200\" data-large_image_height=\"1600\"href='https:\/\/www.radiopiu.net\/wordpress\/wp-content\/uploads\/2024\/07\/64cec409-1120-4124-9532-10da2397d74a.jpg'><img loading=\"lazy\" decoding=\"async\" width=\"150\" height=\"150\" src=\"https:\/\/www.radiopiu.net\/wordpress\/wp-content\/uploads\/2024\/07\/64cec409-1120-4124-9532-10da2397d74a-150x150.jpg\" class=\"attachment-thumbnail size-thumbnail\" alt=\"\" \/><\/a>\n\t\t\t\t<\/dt><\/dl><dl class='gallery-item'>\n\t\t\t\t<dt class='gallery-icon portrait'>\n\t\t\t\t\t<a class=\"rollover rollover-zoom dt-pswp-item\" title=\"13ce9d36-6c44-48a8-9aaf-0e7a9c713282\" data-dt-img-description=\"\" data-large_image_width=\"1200\" data-large_image_height=\"1600\"href='https:\/\/www.radiopiu.net\/wordpress\/wp-content\/uploads\/2024\/07\/13ce9d36-6c44-48a8-9aaf-0e7a9c713282.jpg'><img loading=\"lazy\" decoding=\"async\" width=\"150\" height=\"150\" src=\"https:\/\/www.radiopiu.net\/wordpress\/wp-content\/uploads\/2024\/07\/13ce9d36-6c44-48a8-9aaf-0e7a9c713282-150x150.jpg\" class=\"attachment-thumbnail size-thumbnail\" alt=\"\" \/><\/a>\n\t\t\t\t<\/dt><\/dl><dl class='gallery-item'>\n\t\t\t\t<dt class='gallery-icon landscape'>\n\t\t\t\t\t<a class=\"rollover rollover-zoom dt-pswp-item\" title=\"85f20a8b-9d7b-4fee-8396-2961912c4c36\" data-dt-img-description=\"\" data-large_image_width=\"1600\" data-large_image_height=\"1200\"href='https:\/\/www.radiopiu.net\/wordpress\/wp-content\/uploads\/2024\/07\/85f20a8b-9d7b-4fee-8396-2961912c4c36.jpg'><img loading=\"lazy\" decoding=\"async\" width=\"150\" height=\"150\" src=\"https:\/\/www.radiopiu.net\/wordpress\/wp-content\/uploads\/2024\/07\/85f20a8b-9d7b-4fee-8396-2961912c4c36-150x150.jpg\" class=\"attachment-thumbnail size-thumbnail\" alt=\"\" \/><\/a>\n\t\t\t\t<\/dt><\/dl><br style=\"clear: both\" \/>\n\t\t\t<\/div>\n\n<h2>LA RACCOLTA COMPLETA <a href=\"https:\/\/www.radiopiu.net\/wordpress\/goodbye-by-bicicle-un-viaggio-dallindia-a-seren-del-grappa-in-bicicletta-24\/\"><span style=\"color: #3366ff;\">CLICCA QUI<\/span><\/a><\/h2>\n<p>&nbsp;<\/p>\n<p>&nbsp;<\/p>\n<blockquote>\n<h2><strong><a class=\"dt-pswp-item\" href=\"https:\/\/www.radiopiu.net\/wordpress\/wp-content\/uploads\/2024\/08\/trofeo-citta-di-belluno_6-agosto-2024.jpg\" data-dt-img-description=\"\" data-large_image_width=\"1900\" data-large_image_height=\"1267\"><img loading=\"lazy\" decoding=\"async\" class=\" wp-image-403807 alignleft\" src=\"https:\/\/www.radiopiu.net\/wordpress\/wp-content\/uploads\/2024\/08\/trofeo-citta-di-belluno_6-agosto-2024-300x200.jpg\" alt=\"\" width=\"257\" height=\"171\" srcset=\"https:\/\/www.radiopiu.net\/wordpress\/wp-content\/uploads\/2024\/08\/trofeo-citta-di-belluno_6-agosto-2024-300x200.jpg 300w, https:\/\/www.radiopiu.net\/wordpress\/wp-content\/uploads\/2024\/08\/trofeo-citta-di-belluno_6-agosto-2024-1024x683.jpg 1024w, https:\/\/www.radiopiu.net\/wordpress\/wp-content\/uploads\/2024\/08\/trofeo-citta-di-belluno_6-agosto-2024-768x512.jpg 768w, https:\/\/www.radiopiu.net\/wordpress\/wp-content\/uploads\/2024\/08\/trofeo-citta-di-belluno_6-agosto-2024-1536x1024.jpg 1536w, https:\/\/www.radiopiu.net\/wordpress\/wp-content\/uploads\/2024\/08\/trofeo-citta-di-belluno_6-agosto-2024.jpg 1900w\" sizes=\"auto, (max-width: 257px) 100vw, 257px\" \/><\/a>Trofeo Citt\u00e0 di Belluno: Al via la 35\u00aa Edizione del Paracadutismo<\/strong><\/h2>\n<\/blockquote>\n<p><strong>BELLUNO<\/strong> Il campo di aviazione Arturo Dell\u2019Oro ospita il Trofeo Citt\u00e0 di Belluno di paracadutismo, quarto appuntamento delle Skydive World Cup Series di atterraggio di precisione. L&#8217;evento, giunto alla sua 35\u00aa edizione, si terr\u00e0 dal 9 all\u201911 agosto, con gare dalle 7 del mattino a mezzogiorno. L\u2019Associazione Paracadutismo Belluno organizza la manifestazione, che accoglier\u00e0 250 atleti di alto livello da 50 squadre e 27 nazioni, tra cui Stati Uniti, Australia e Qatar. Elifriulia, partner storico dell\u2019evento, fornir\u00e0 elicotteri per un totale di 2.000 lanci in 400 decolli. Il presidente Daniele Varago e il responsabile logistico Angelo De Nardo promettono un\u2019edizione spettacolare e ben organizzata, che conferma Belluno come tappa di punta delle World Cup Series.<\/p>\n<p>&nbsp;<\/p>\n<p>&nbsp;<\/p>\n<\/div>\n<p>a<\/p>\n","protected":false},"excerpt":{"rendered":"<p>******* &nbsp; ATTENZIONE: LA NUOVA APP PER IOS-IPHONE di Nicola Vettorello https:\/\/apps.apple.com\/it\/app\/radio-pi%C3%B9-emittente-agordina\/id1515939845 ATTENZIONE: LA NUOVA APP RADIO\u00a0 PER ANDROID di Nicola Vettorello https:\/\/play.google.com\/store\/apps\/details?id=net.radiopiu.iniko\u00a0\u00a0\u00a0 &nbsp; &nbsp; OGGI ALLA RADIO&#8230;. ALLE 4 E ALLE 6 LE NOTIZIE DALL&#8217;ITALIA E DAL MONDO 6.15 PIROLE DE LENGA A CURA DEL MUSLA 7.20 EL BAL DEL FIORI, DETTI E TRADIZIONI&hellip;<\/p>\n","protected":false},"author":4,"featured_media":403852,"comment_status":"closed","ping_status":"closed","sticky":false,"template":"","format":"standard","meta":{"_monsterinsights_skip_tracking":false,"_monsterinsights_sitenote_active":false,"_monsterinsights_sitenote_note":"","_monsterinsights_sitenote_category":0,"footnotes":""},"categories":[51,86,49],"tags":[],"class_list":["post-403578","post","type-post","status-publish","format-standard","has-post-thumbnail","hentry","category-evidenza-top","category-gr","category-news-18","category-51","category-86","category-49","description-off"],"img_url":"https:\/\/www.radiopiu.net\/wordpress\/wp-content\/uploads\/2024\/08\/70041adf-f4d7-449f-a4d8-3dd6ed48cba4.jpg","_links":{"self":[{"href":"https:\/\/www.radiopiu.net\/wordpress\/wp-json\/wp\/v2\/posts\/403578","targetHints":{"allow":["GET"]}}],"collection":[{"href":"https:\/\/www.radiopiu.net\/wordpress\/wp-json\/wp\/v2\/posts"}],"about":[{"href":"https:\/\/www.radiopiu.net\/wordpress\/wp-json\/wp\/v2\/types\/post"}],"author":[{"embeddable":true,"href":"https:\/\/www.radiopiu.net\/wordpress\/wp-json\/wp\/v2\/users\/4"}],"replies":[{"embeddable":true,"href":"https:\/\/www.radiopiu.net\/wordpress\/wp-json\/wp\/v2\/comments?post=403578"}],"version-history":[{"count":44,"href":"https:\/\/www.radiopiu.net\/wordpress\/wp-json\/wp\/v2\/posts\/403578\/revisions"}],"predecessor-version":[{"id":403965,"href":"https:\/\/www.radiopiu.net\/wordpress\/wp-json\/wp\/v2\/posts\/403578\/revisions\/403965"}],"wp:featuredmedia":[{"embeddable":true,"href":"https:\/\/www.radiopiu.net\/wordpress\/wp-json\/wp\/v2\/media\/403852"}],"wp:attachment":[{"href":"https:\/\/www.radiopiu.net\/wordpress\/wp-json\/wp\/v2\/media?parent=403578"}],"wp:term":[{"taxonomy":"category","embeddable":true,"href":"https:\/\/www.radiopiu.net\/wordpress\/wp-json\/wp\/v2\/categories?post=403578"},{"taxonomy":"post_tag","embeddable":true,"href":"https:\/\/www.radiopiu.net\/wordpress\/wp-json\/wp\/v2\/tags?post=403578"}],"curies":[{"name":"wp","href":"https:\/\/api.w.org\/{rel}","templated":true}]}}