{"id":403581,"date":"2024-08-04T22:16:51","date_gmt":"2024-08-04T20:16:51","guid":{"rendered":"https:\/\/www.radiopiu.net\/wordpress\/?p=403581"},"modified":"2024-08-06T06:23:05","modified_gmt":"2024-08-06T04:23:05","slug":"ritrovato-sano-e-salvo-lanziano-ucraino-in-comelico","status":"publish","type":"post","link":"https:\/\/www.radiopiu.net\/wordpress\/ritrovato-sano-e-salvo-lanziano-ucraino-in-comelico\/","title":{"rendered":"RITROVATO SANO E SALVO L&#8217;ANZIANO UCRAINO IN COMELICO"},"content":{"rendered":"<p>******<\/p>\n<p>&nbsp;<\/p>\n<p><strong>SAN NICOLO&#8217; COMELICO<\/strong> \u00c8 stato ritrovato, e sta bene, il 77enne ucraino in villeggiatura a San Nicol\u00f2 Comelico, per la cui sparizione erano scattate oggi le ricerche. Attorno alle 21 \u00e8 stato incrociato che stava camminando lungo la ciclabile in localit\u00e0 Cappella Tamai. L&#8217;anziano \u00e8 quindi stato riaccompagnato dai suoi familiari e l&#8217;allarme \u00e8 cessato.<\/p>\n<p>&nbsp;<\/p>\n<p>&nbsp;<\/p>\n<p>*******<\/p>\n","protected":false},"excerpt":{"rendered":"<p>****** &nbsp; SAN NICOLO&#8217; COMELICO \u00c8 stato ritrovato, e sta bene, il 77enne ucraino in villeggiatura a San Nicol\u00f2 Comelico, per la cui sparizione erano scattate oggi le ricerche. Attorno alle 21 \u00e8 stato incrociato che stava camminando lungo la ciclabile in localit\u00e0 Cappella Tamai. L&#8217;anziano \u00e8 quindi stato riaccompagnato dai suoi familiari e l&#8217;allarme&hellip;<\/p>\n","protected":false},"author":4,"featured_media":59164,"comment_status":"closed","ping_status":"closed","sticky":false,"template":"","format":"standard","meta":{"_monsterinsights_skip_tracking":false,"_monsterinsights_sitenote_active":false,"_monsterinsights_sitenote_note":"","_monsterinsights_sitenote_category":0,"footnotes":""},"categories":[49],"tags":[],"class_list":["post-403581","post","type-post","status-publish","format-standard","has-post-thumbnail","hentry","category-news-18","category-49","description-off"],"img_url":"https:\/\/www.radiopiu.net\/wordpress\/wp-content\/uploads\/2018\/08\/soccorsoalpino.jpg","_links":{"self":[{"href":"https:\/\/www.radiopiu.net\/wordpress\/wp-json\/wp\/v2\/posts\/403581","targetHints":{"allow":["GET"]}}],"collection":[{"href":"https:\/\/www.radiopiu.net\/wordpress\/wp-json\/wp\/v2\/posts"}],"about":[{"href":"https:\/\/www.radiopiu.net\/wordpress\/wp-json\/wp\/v2\/types\/post"}],"author":[{"embeddable":true,"href":"https:\/\/www.radiopiu.net\/wordpress\/wp-json\/wp\/v2\/users\/4"}],"replies":[{"embeddable":true,"href":"https:\/\/www.radiopiu.net\/wordpress\/wp-json\/wp\/v2\/comments?post=403581"}],"version-history":[{"count":1,"href":"https:\/\/www.radiopiu.net\/wordpress\/wp-json\/wp\/v2\/posts\/403581\/revisions"}],"predecessor-version":[{"id":403582,"href":"https:\/\/www.radiopiu.net\/wordpress\/wp-json\/wp\/v2\/posts\/403581\/revisions\/403582"}],"wp:featuredmedia":[{"embeddable":true,"href":"https:\/\/www.radiopiu.net\/wordpress\/wp-json\/wp\/v2\/media\/59164"}],"wp:attachment":[{"href":"https:\/\/www.radiopiu.net\/wordpress\/wp-json\/wp\/v2\/media?parent=403581"}],"wp:term":[{"taxonomy":"category","embeddable":true,"href":"https:\/\/www.radiopiu.net\/wordpress\/wp-json\/wp\/v2\/categories?post=403581"},{"taxonomy":"post_tag","embeddable":true,"href":"https:\/\/www.radiopiu.net\/wordpress\/wp-json\/wp\/v2\/tags?post=403581"}],"curies":[{"name":"wp","href":"https:\/\/api.w.org\/{rel}","templated":true}]}}