{"id":403634,"date":"2024-08-06T07:55:19","date_gmt":"2024-08-06T05:55:19","guid":{"rendered":"https:\/\/www.radiopiu.net\/wordpress\/?p=403634"},"modified":"2024-08-06T06:21:54","modified_gmt":"2024-08-06T04:21:54","slug":"dal-1983-la-rassegna-della-stampa-locale-di-mirko-mezzacasa-5","status":"publish","type":"post","link":"https:\/\/www.radiopiu.net\/wordpress\/dal-1983-la-rassegna-della-stampa-locale-di-mirko-mezzacasa-5\/","title":{"rendered":"DAL 1983&#8230; LA RASSEGNA DELLA STAMPA LOCALE di mirko mezzacasa"},"content":{"rendered":"<p>***<\/p>\n<p>&nbsp;<\/p>\n<p>&nbsp;<\/p>\n<p>OGGI ALLA RADIO&#8230;. ALLE 4 E ALLE 6 LE NOTIZIE DALL&#8217;ITALIA E DAL MONDO 6.15 PIROLE DE LENGA A CURA DEL MUSLA 7.20 EL BAL DEL FIORI, DETTI E TRADIZIONI DI GIULIANA DA RONCH 8.05 LA RASSEGNA STAMPA LOCALE 8.30\u00a0 piu&#8217; siamo con MARINA DONA&#8217; 9.00 IL COUNTRY DI ALEX NASCINMBEN \u00a09.30 VIABILITA&#8217; CON BOTOL CAR SERVICE (AGORDO-SEDICO-FELTRE) \u00a010.30\u00a0 VOCI RIBELLI IL PROGRAMMA DI ALESSIA DALL&#8217;O 11.10 LA STORIA DEL FESTIVALBAR DI MIRCO BENCIVENNI 12.00 VA TUTTO LISCIO\u00a0 12.30 GIORNALE RADIO PRINCIPALE 13.10 SPECIALE MAN DE ORO, LA MOSTRA A CANALE D&#8217;AGORDO\u00a0 \u00a013.20 TRE PEZZI DI MARINA DONA&#8217; 14.00\u00a0 ZAINO IN SPALLA CON CLAUDIO PRA ED EVA \u00a015.00\u00a0 PIU&#8217; MUSICA IL PROGRAMMA ESTIVO\u00a0 DI MARINA DONA&#8217;\u00a0 16 IL ROCK DI MARCO COSTANTINI 1645 LE HIT DI MIRCO BENCIVENNI 18.00 PIU&#8217; DANCE LE SELEZIONI CHE FANNO SALTARE DI DJ JACK, JACOPO DEL TEDESCO\u00a0 19 LE ANTICIPAZIONI DAL TG DI ANTENNA 3 DI TIZIANA BOLOGNANI<br \/>\n<span style=\"color: #ff0000;\"><strong>ASCOLTA IN PODCAST L&#8217;INTERVISTA ESCLUSIVA PER &#8220;INTIMITA'&#8221; A LUCA ZAIA, IN RITRATTI SONORI DI ALESSIA DALL&#8217;O.<\/strong><\/span><br \/>\n<strong>DOMANI SERA ALLE 20.30&#8230; DI SERA ALLA RADIO COME UNA VOLTA. IN STUDIO IN DIRETTA ALESSIA DALL&#8217;O CON I TIRATAIE<\/strong><\/p>\n<p>&nbsp;<\/p>\n<p>&nbsp;<\/p>\n<p><a class=\"dt-pswp-item\" href=\"https:\/\/www.radiopiu.net\/wordpress\/wp-content\/uploads\/2024\/08\/Senza-nome-14.png\" data-dt-img-description=\"\" data-large_image_width=\"531\" data-large_image_height=\"255\"><img loading=\"lazy\" decoding=\"async\" class=\"size-medium wp-image-403614 alignleft\" src=\"https:\/\/www.radiopiu.net\/wordpress\/wp-content\/uploads\/2024\/08\/Senza-nome-14-300x144.png\" alt=\"\" width=\"300\" height=\"144\" srcset=\"https:\/\/www.radiopiu.net\/wordpress\/wp-content\/uploads\/2024\/08\/Senza-nome-14-300x144.png 300w, https:\/\/www.radiopiu.net\/wordpress\/wp-content\/uploads\/2024\/08\/Senza-nome-14.png 531w\" sizes=\"auto, (max-width: 300px) 100vw, 300px\" \/><\/a>FALCADE E&#8217; morto Moreno Valt, per tutti &#8220;Giostro&#8221;, 61 anni,\u00a0 imprenditore e boscaiolo noto in tutta la vallata. All&#8217;ora di cena il malore improvviso che non gli ha lasciato scampo. A nulla \u00e8 valso l&#8217;intervento dei sanitari e dell&#8217;elicottero atterrato a Molino dove abitava con la moglie che poche settimane fa ha perso il fratello Francesco poco pi\u00f9 che cinquantenne. Una vita dura quella di Moreno, dedicata interamente al lavoro e all&#8217;amore per la famiglia contro un destino cieco e terribile che gli ha strappato in giovane et\u00e0 i figli Maicol e Mirko.<br \/>\nSAN NICOLO&#8217; COMELICO Un anziano straniero di 75 anni, scomparso dal primo pomeriggio di luned\u00ec 4 agosto a San Nicol\u00f2 Comelico, \u00e8 stato trovato in buone condizioni ma disorientato. L&#8217;uomo, in vacanza con la famiglia, si era allontanato per una passeggiata e non era pi\u00f9 rientrato. \u00c8 stato ritrovato dai soccorritori poco dopo le 21:00 nei pressi della cappella Tamai.<br \/>\nBELLUNO Nel carcere di Belluno, continuano episodi di violenza e danneggiamenti, con un poliziotto penitenziario ferito domenica notte. Le federazioni sindacali della polizia penitenziaria denunciano i disordini avvenuti nelle serate del 1\u00b0, 3 e 4 agosto, durante i quali alcuni detenuti hanno appiccato fuochi e distrutto infrastrutture, causando danni ingenti.<br \/>\nSOCCORSA ESCURSIONISTA SUL VALON BIANCO<br \/>\nCORTINA\u00a0 un&#8217;escursionista \u00e8 caduta ruzzolando per alcuni metri, mentre da sola percorreva il tratto tra il Bivacco Baccon e la Furcia Rossa. Si \u00e8 fatta male a una caviglia e, molto agitata, diceva di avere sbattuto la testa \u00e8 stata trasportata all&#8217;ospedale di Belluno.<br \/>\nIN MATTINATA TRE INTERVENTI DEL SUEM<br \/>\nREDAZIONE un uomo di 64 anni di Firenze che si \u00e8 infortunato alla caviglia e trasportato al Codivilla di Cortina.\u00a0 A Falcade\u00a0 una 69enne del luogo in bicicletta si \u00e8\u00a0 scontrata con un&#8217;auto. La donna \u00e8 stata trasferita al Papa Luciani di Agordo con ferite lievi.\u00a0 A Ponte Nelle Alpi in un altro incidente un 68enne di Belluno \u00e8 stato portato al San Martino con ferite lievi.<\/p>\n<p>FELTRE\u00a0 \u00a0Un vigile urbano di Pedavena \u00e8 stato aggredito da un commerciante insoddisfatto delle multe inflitte ai suoi clienti. L&#8217;aggressione \u00e8 avvenuta mentre il vigile forniva informazioni a una turista. Il vigile ha riportato una lussazione alla spalla e ha quattro giorni di prognosi. L&#8217;aggressore sar\u00e0 deferito all&#8217;autorit\u00e0 giudiziaria per vari reati, tra cui violenza a pubblico ufficiale e resistenza. Il sindaco di Pedavena, Nicola Castellaz, ha riconosciuto la necessit\u00e0 di rivedere le modalit\u00e0 operative e di collaborazione con altri enti per migliorare la sicurezza degli agenti. Ha confermato l&#8217;esistenza di una convenzione con Feltre per il supporto nelle funzioni di polizia locale e ha promesso di esplorare soluzioni per garantire una maggiore protezione e efficienza del servizio<br \/>\nFulmine Uccide Quasi Cinquanta Pecore a Erto<br \/>\nLONGARONE\u00a0 Un violento temporale estivo ha colpito Erto, causando la morte di 46 pecore folgorate da un fulmine nel Parco naturale delle Dolomiti Friulane. L&#8217;evento si \u00e8 verificato venerd\u00ec sera a Cava Buscada, durante un temporale caratterizzato da fulmini intensi. Fortunatamente, il pastore e parte del gregge sono rimasti illesi. La Protezione Civile del Friuli Venezia Giulia ha coordinato il recupero delle carcasse per prevenire problemi igienico-sanitari, trasportandole al centro di riabilitazione per grifoni di Cornino<br \/>\nPERCORSO DI AVVICINAMENTO AL 61ESIMO ANNIVERSARIO DEL VAJONT<br \/>\nBELLUNO Comincia il percorso verso il 61esimo anniversario della tragedia del Vajont e il Comune di Belluno \u201csposa\u201d l&#8217;iniziativa dei Percorsi della Memoria coniugando sport, memoria e cultura.<br \/>\nCHIES D&#8217;ALPAGO Chiara Pedol \u00e8 stata premiata dal sindaco di Chies d\u2019Alpago, Gianluca Dal Borgo, per aver contribuito al podio dell&#8217;Italia nei Campionati Europei Off-Road Under 20 ad Annecy, Francia. Durante la cerimonia nella sala consiliare di Lamosano, alla presenza del consigliere Mario Scanu, dei genitori di Chiara e del suo allenatore Elio Dal Magro<\/p>\n<p>BELLUNO L&#8217;Assessore ai Parchi e all&#8217;Ambiente, Lorenza De Kunovich, ha difeso il progetto del parco inclusivo &#8220;Peter Pan&#8221; dalle critiche della consigliera di opposizione Ilenia Bavasso. De Kunovich ha sottolineato che il parco \u00e8 un risultato collettivo di cui tutta la citt\u00e0 dovrebbe essere orgogliosa, criticando le polemiche sterili che non riconoscono il valore dell&#8217;iniziativa. Ha ringraziato la comunit\u00e0 di Belluno per il sostegno, elogiando la generosit\u00e0 e la condivisione dimostrate.<br \/>\nPREDAZZO (TN) Sette anni fa, il tecnico di sci alpino delle Fiamme Gialle, Roberto Fontanive, moriva a causa di un infarto mentre rientrava in caserma dopo un allenamento sul Latemar. Aveva solo 50 anni e il malore lo colp\u00ec il 1\u00b0 agosto 2017, vicino al Rifugio Torre di Pisa. Trasportato d&#8217;urgenza all&#8217;Ospedale Santa Chiara di Trento, mor\u00ec il 5 agosto, lasciando un profondo dolore nella sua famiglia e tra i colleghi. Nel settimo anniversario della sua scomparsa, le Fiamme Gialle hanno commemorato Fontanive con una preghiera davanti alla croce eretta in suo onore e una Santa Messa celebrata dal parroco Don Giorgio Broilo.<br \/>\nLA VALLE Fino al 31 agosto (e oltre) \u00e8 possibile visitare la mostra fotografica &#8220;La Val da Incornis\u00e0 &#8211; vite e ricordi nel cassetto&#8221; nelle viuzze della frazione Gaidon a La Valle Agordina. Organizzata per il terzo anno dalla Pro Loco La Val, la mostra celebra la storia delle frazioni locali attraverso circa cinquanta foto d&#8217;epoca, coprendo il periodo dal 1901 al 1967.<br \/>\nCANALE D&#8217;AGORDO\u00a0 La Pro Loco di Canale D&#8217;Agordo organizza la mostra dal titolo &#8220;Le Man De Oro&#8221;, un&#8217;esposizione di opere dei grandi artisti scomparsi della Valle Del Biois. Tra i lavori esposti si potranno osservare opere di Augusto Murer, Giuliano De Rocco, Amedeo da Pos, Dante Moro e molti altri. L&#8217;esposizione verr\u00e0 inaugurata l&#8217;8 agosto alle 17:30 e sar\u00e0 visitabile tutti i giorni dalle 17 alle 19 e dalle 20 alle 22 nella sala consigliare di Canale D&#8217;Agordo.<\/p>\n<p>&nbsp;<\/p>\n","protected":false},"excerpt":{"rendered":"<p>*** &nbsp; &nbsp; OGGI ALLA RADIO&#8230;. ALLE 4 E ALLE 6 LE NOTIZIE DALL&#8217;ITALIA E DAL MONDO 6.15 PIROLE DE LENGA A CURA DEL MUSLA 7.20 EL BAL DEL FIORI, DETTI E TRADIZIONI DI GIULIANA DA RONCH 8.05 LA RASSEGNA STAMPA LOCALE 8.30\u00a0 piu&#8217; siamo con MARINA DONA&#8217; 9.00 IL COUNTRY DI ALEX NASCINMBEN \u00a09.30&hellip;<\/p>\n","protected":false},"author":4,"featured_media":403627,"comment_status":"closed","ping_status":"closed","sticky":false,"template":"","format":"standard","meta":{"_monsterinsights_skip_tracking":false,"_monsterinsights_sitenote_active":false,"_monsterinsights_sitenote_note":"","_monsterinsights_sitenote_category":0,"footnotes":""},"categories":[51,49,142],"tags":[],"class_list":["post-403634","post","type-post","status-publish","format-standard","has-post-thumbnail","hentry","category-evidenza-top","category-news-18","category-rassegna-stampa","category-51","category-49","category-142","description-off"],"img_url":"https:\/\/www.radiopiu.net\/wordpress\/wp-content\/uploads\/2024\/08\/Senza-nome-16.png","_links":{"self":[{"href":"https:\/\/www.radiopiu.net\/wordpress\/wp-json\/wp\/v2\/posts\/403634","targetHints":{"allow":["GET"]}}],"collection":[{"href":"https:\/\/www.radiopiu.net\/wordpress\/wp-json\/wp\/v2\/posts"}],"about":[{"href":"https:\/\/www.radiopiu.net\/wordpress\/wp-json\/wp\/v2\/types\/post"}],"author":[{"embeddable":true,"href":"https:\/\/www.radiopiu.net\/wordpress\/wp-json\/wp\/v2\/users\/4"}],"replies":[{"embeddable":true,"href":"https:\/\/www.radiopiu.net\/wordpress\/wp-json\/wp\/v2\/comments?post=403634"}],"version-history":[{"count":1,"href":"https:\/\/www.radiopiu.net\/wordpress\/wp-json\/wp\/v2\/posts\/403634\/revisions"}],"predecessor-version":[{"id":403635,"href":"https:\/\/www.radiopiu.net\/wordpress\/wp-json\/wp\/v2\/posts\/403634\/revisions\/403635"}],"wp:featuredmedia":[{"embeddable":true,"href":"https:\/\/www.radiopiu.net\/wordpress\/wp-json\/wp\/v2\/media\/403627"}],"wp:attachment":[{"href":"https:\/\/www.radiopiu.net\/wordpress\/wp-json\/wp\/v2\/media?parent=403634"}],"wp:term":[{"taxonomy":"category","embeddable":true,"href":"https:\/\/www.radiopiu.net\/wordpress\/wp-json\/wp\/v2\/categories?post=403634"},{"taxonomy":"post_tag","embeddable":true,"href":"https:\/\/www.radiopiu.net\/wordpress\/wp-json\/wp\/v2\/tags?post=403634"}],"curies":[{"name":"wp","href":"https:\/\/api.w.org\/{rel}","templated":true}]}}