{"id":403707,"date":"2024-08-06T11:18:18","date_gmt":"2024-08-06T09:18:18","guid":{"rendered":"https:\/\/www.radiopiu.net\/wordpress\/?p=403707"},"modified":"2024-08-06T11:18:18","modified_gmt":"2024-08-06T09:18:18","slug":"conferimento-della-gestione-della-scuola-materna-paritaria-di-agordo-allazienda-speciale-agordo-servizi","status":"publish","type":"post","link":"https:\/\/www.radiopiu.net\/wordpress\/conferimento-della-gestione-della-scuola-materna-paritaria-di-agordo-allazienda-speciale-agordo-servizi\/","title":{"rendered":"Conferimento della Gestione della Scuola Materna Paritaria di Agordo all\u2019Azienda Speciale &#8220;Agordo Servizi&#8221;"},"content":{"rendered":"<p>+++<\/p>\n<p>&nbsp;<\/p>\n<p><strong><img loading=\"lazy\" decoding=\"async\" class=\"alignleft\" src=\"https:\/\/www.radiopiu.net\/wordpress\/wp-content\/uploads\/2022\/12\/MUNICIPIO-AGORDO.png\" width=\"347\" height=\"222\" \/>AGORDO<\/strong> Il Consiglio Comunale di Agordo ha approvato la relazione illustrativa riguardante la scelta della modalit\u00e0 di gestione della Scuola Materna Paritaria. La gestione \u00e8 stata affidata all\u2019Azienda Speciale &#8220;Agordo Servizi&#8221;, in conformit\u00e0 agli articoli 14 e 31 del D.Lgs. 201\/2022. Questa decisione \u00e8 stata presa per garantire una gestione efficiente e trasparente del servizio pubblico locale. Lo schema del contratto di servizio, allegato alla delibera, definisce le modalit\u00e0 operative e i criteri di qualit\u00e0 da rispettare. Il conferimento punta a migliorare l\u2019offerta educativa, assicurando continuit\u00e0 e innovazione nei servizi forniti ai bambini e alle famiglie di Agordo. L&#8217;Azienda Speciale &#8220;Agordo Servizi&#8221; si impegna a mantenere elevati standard educativi e a promuovere attivit\u00e0 che valorizzino il benessere dei piccoli alunni. L&#8217;argomento sar\u00e0 presentato, dibattuto e votato nel prossimo consiglio comunale, sar\u00e0 l&#8217;unico punto all&#8217;ordine del giorno firmato dal sindaco Roberto Chissal\u00e8, calendarizzato per venerdi alle 7.30<\/p>\n<p>__<\/p>\n<p>&nbsp;<\/p>\n<div class=\"mt-1 flex gap-3 empty:hidden -ml-2\">\n<div class=\"items-center justify-start rounded-xl p-1 flex\">\n<div class=\"flex items-center\"><button class=\"rounded-lg text-token-text-secondary hover:bg-token-main-surface-secondary\"><\/button><button class=\"rounded-lg text-token-text-secondary hover:bg-token-main-surface-secondary\"><\/button><button class=\"rounded-lg text-token-text-secondary hover:bg-token-main-surface-secondary\"><\/button><\/p>\n<div class=\"flex\"><\/div>\n<div class=\"flex items-center pb-0\">\n<div class=\"[&amp;_svg]:h-full [&amp;_svg]:w-full icon-md h-4 w-4\"><\/div>\n<\/div>\n<\/div>\n<\/div>\n<\/div>\n","protected":false},"excerpt":{"rendered":"<p>+++ &nbsp; AGORDO Il Consiglio Comunale di Agordo ha approvato la relazione illustrativa riguardante la scelta della modalit\u00e0 di gestione della Scuola Materna Paritaria. La gestione \u00e8 stata affidata all\u2019Azienda Speciale &#8220;Agordo Servizi&#8221;, in conformit\u00e0 agli articoli 14 e 31 del D.Lgs. 201\/2022. Questa decisione \u00e8 stata presa per garantire una gestione efficiente e trasparente&hellip;<\/p>\n","protected":false},"author":4,"featured_media":309882,"comment_status":"closed","ping_status":"closed","sticky":false,"template":"","format":"standard","meta":{"_monsterinsights_skip_tracking":false,"_monsterinsights_sitenote_active":false,"_monsterinsights_sitenote_note":"","_monsterinsights_sitenote_category":0,"footnotes":""},"categories":[49],"tags":[],"class_list":["post-403707","post","type-post","status-publish","format-standard","has-post-thumbnail","hentry","category-news-18","category-49","description-off"],"img_url":"https:\/\/www.radiopiu.net\/wordpress\/wp-content\/uploads\/2022\/12\/MUNICIPIO-AGORDO.png","_links":{"self":[{"href":"https:\/\/www.radiopiu.net\/wordpress\/wp-json\/wp\/v2\/posts\/403707","targetHints":{"allow":["GET"]}}],"collection":[{"href":"https:\/\/www.radiopiu.net\/wordpress\/wp-json\/wp\/v2\/posts"}],"about":[{"href":"https:\/\/www.radiopiu.net\/wordpress\/wp-json\/wp\/v2\/types\/post"}],"author":[{"embeddable":true,"href":"https:\/\/www.radiopiu.net\/wordpress\/wp-json\/wp\/v2\/users\/4"}],"replies":[{"embeddable":true,"href":"https:\/\/www.radiopiu.net\/wordpress\/wp-json\/wp\/v2\/comments?post=403707"}],"version-history":[{"count":1,"href":"https:\/\/www.radiopiu.net\/wordpress\/wp-json\/wp\/v2\/posts\/403707\/revisions"}],"predecessor-version":[{"id":403708,"href":"https:\/\/www.radiopiu.net\/wordpress\/wp-json\/wp\/v2\/posts\/403707\/revisions\/403708"}],"wp:featuredmedia":[{"embeddable":true,"href":"https:\/\/www.radiopiu.net\/wordpress\/wp-json\/wp\/v2\/media\/309882"}],"wp:attachment":[{"href":"https:\/\/www.radiopiu.net\/wordpress\/wp-json\/wp\/v2\/media?parent=403707"}],"wp:term":[{"taxonomy":"category","embeddable":true,"href":"https:\/\/www.radiopiu.net\/wordpress\/wp-json\/wp\/v2\/categories?post=403707"},{"taxonomy":"post_tag","embeddable":true,"href":"https:\/\/www.radiopiu.net\/wordpress\/wp-json\/wp\/v2\/tags?post=403707"}],"curies":[{"name":"wp","href":"https:\/\/api.w.org\/{rel}","templated":true}]}}