{"id":403729,"date":"2024-08-06T16:13:49","date_gmt":"2024-08-06T14:13:49","guid":{"rendered":"https:\/\/www.radiopiu.net\/wordpress\/?p=403729"},"modified":"2024-08-06T16:13:49","modified_gmt":"2024-08-06T14:13:49","slug":"il-pomeriggio-del-suem-118-inizia-con-quattro-interventi","status":"publish","type":"post","link":"https:\/\/www.radiopiu.net\/wordpress\/il-pomeriggio-del-suem-118-inizia-con-quattro-interventi\/","title":{"rendered":"IL POMERIGGIO DEL SUEM 118 INIZIA CON QUATTRO INTERVENTI"},"content":{"rendered":"<p>*******<\/p>\n<p>&nbsp;<\/p>\n<p><strong><a class=\"dt-pswp-item\" href=\"https:\/\/www.radiopiu.net\/wordpress\/wp-content\/uploads\/2024\/07\/SALT.jpeg\" data-dt-img-description=\"\" data-large_image_width=\"1600\" data-large_image_height=\"900\"><img loading=\"lazy\" decoding=\"async\" class=\" wp-image-398172 alignleft\" src=\"https:\/\/www.radiopiu.net\/wordpress\/wp-content\/uploads\/2024\/07\/SALT-300x169.jpeg\" alt=\"\" width=\"167\" height=\"94\" srcset=\"https:\/\/www.radiopiu.net\/wordpress\/wp-content\/uploads\/2024\/07\/SALT-300x169.jpeg 300w, https:\/\/www.radiopiu.net\/wordpress\/wp-content\/uploads\/2024\/07\/SALT-1024x576.jpeg 1024w, https:\/\/www.radiopiu.net\/wordpress\/wp-content\/uploads\/2024\/07\/SALT-768x432.jpeg 768w, https:\/\/www.radiopiu.net\/wordpress\/wp-content\/uploads\/2024\/07\/SALT-1536x864.jpeg 1536w, https:\/\/www.radiopiu.net\/wordpress\/wp-content\/uploads\/2024\/07\/SALT.jpeg 1600w\" sizes=\"auto, (max-width: 167px) 100vw, 167px\" \/><\/a>REDAZIONE\u00a0<\/strong>Dopo una mattinata tranquilla, il Suem 118 \u00e8 stato impegnato in quattro soccorsi nel primo pomeriggio. Alle 12:30 l&#8217;elicottero Falco 1 \u00e8 volato a Livinallongo dove un uomo di 65 anni di Istrana si era fatto male agli arti inferiori. Elitrasportato all&#8217;ospedale di Agordo. Poco prima delle 13 il secondo intervento a Malga Federa di Cortina dove un 70enne di Treviso aveva accusato un malore. Sul posto l&#8217;ambulanza e l&#8217;elicottero Falco 2 che ha portato a Belluno il paziente in gravi condizioni. Alle 13:30 un ragazzo di 20 anni \u00e8 stato soccorso in Comelico a seguito di una caduta in bicicletta, \u00e8 stato portato all&#8217;ospedale di Pieve di Cadore. Infine, alle 15:20 Falco 1 \u00e8 volato a cortina per soccorrere un uomo che era caduto da un sentiero.<\/p>\n<p>&nbsp;<\/p>\n<p>&nbsp;<\/p>\n<p>*********<\/p>\n","protected":false},"excerpt":{"rendered":"<p>******* &nbsp; REDAZIONE\u00a0Dopo una mattinata tranquilla, il Suem 118 \u00e8 stato impegnato in quattro soccorsi nel primo pomeriggio. Alle 12:30 l&#8217;elicottero Falco 1 \u00e8 volato a Livinallongo dove un uomo di 65 anni di Istrana si era fatto male agli arti inferiori. Elitrasportato all&#8217;ospedale di Agordo. Poco prima delle 13 il secondo intervento a Malga&hellip;<\/p>\n","protected":false},"author":4,"featured_media":398172,"comment_status":"closed","ping_status":"closed","sticky":false,"template":"","format":"standard","meta":{"_monsterinsights_skip_tracking":false,"_monsterinsights_sitenote_active":false,"_monsterinsights_sitenote_note":"","_monsterinsights_sitenote_category":0,"footnotes":""},"categories":[49],"tags":[],"class_list":["post-403729","post","type-post","status-publish","format-standard","has-post-thumbnail","hentry","category-news-18","category-49","description-off"],"img_url":"https:\/\/www.radiopiu.net\/wordpress\/wp-content\/uploads\/2024\/07\/SALT.jpeg","_links":{"self":[{"href":"https:\/\/www.radiopiu.net\/wordpress\/wp-json\/wp\/v2\/posts\/403729","targetHints":{"allow":["GET"]}}],"collection":[{"href":"https:\/\/www.radiopiu.net\/wordpress\/wp-json\/wp\/v2\/posts"}],"about":[{"href":"https:\/\/www.radiopiu.net\/wordpress\/wp-json\/wp\/v2\/types\/post"}],"author":[{"embeddable":true,"href":"https:\/\/www.radiopiu.net\/wordpress\/wp-json\/wp\/v2\/users\/4"}],"replies":[{"embeddable":true,"href":"https:\/\/www.radiopiu.net\/wordpress\/wp-json\/wp\/v2\/comments?post=403729"}],"version-history":[{"count":1,"href":"https:\/\/www.radiopiu.net\/wordpress\/wp-json\/wp\/v2\/posts\/403729\/revisions"}],"predecessor-version":[{"id":403744,"href":"https:\/\/www.radiopiu.net\/wordpress\/wp-json\/wp\/v2\/posts\/403729\/revisions\/403744"}],"wp:featuredmedia":[{"embeddable":true,"href":"https:\/\/www.radiopiu.net\/wordpress\/wp-json\/wp\/v2\/media\/398172"}],"wp:attachment":[{"href":"https:\/\/www.radiopiu.net\/wordpress\/wp-json\/wp\/v2\/media?parent=403729"}],"wp:term":[{"taxonomy":"category","embeddable":true,"href":"https:\/\/www.radiopiu.net\/wordpress\/wp-json\/wp\/v2\/categories?post=403729"},{"taxonomy":"post_tag","embeddable":true,"href":"https:\/\/www.radiopiu.net\/wordpress\/wp-json\/wp\/v2\/tags?post=403729"}],"curies":[{"name":"wp","href":"https:\/\/api.w.org\/{rel}","templated":true}]}}