{"id":403762,"date":"2024-08-06T17:37:04","date_gmt":"2024-08-06T15:37:04","guid":{"rendered":"https:\/\/www.radiopiu.net\/wordpress\/?p=403762"},"modified":"2024-08-06T17:37:04","modified_gmt":"2024-08-06T15:37:04","slug":"proteste-dei-residenti-di-valle-di-cadore-sul-cantiere-della-galleria","status":"publish","type":"post","link":"https:\/\/www.radiopiu.net\/wordpress\/proteste-dei-residenti-di-valle-di-cadore-sul-cantiere-della-galleria\/","title":{"rendered":"Proteste dei Residenti di Valle di Cadore sul Cantiere della Galleria"},"content":{"rendered":"<p>***<\/p>\n<blockquote><p>&nbsp;<\/p>\n<p>&nbsp;<\/p>\n<p><em><a class=\"dt-pswp-item\" href=\"https:\/\/www.radiopiu.net\/wordpress\/wp-content\/uploads\/2024\/08\/20240806_154915-scaled.jpg\" data-dt-img-description=\"\" data-large_image_width=\"2560\" data-large_image_height=\"1440\"><img loading=\"lazy\" decoding=\"async\" class=\" wp-image-403766 alignleft\" src=\"https:\/\/www.radiopiu.net\/wordpress\/wp-content\/uploads\/2024\/08\/20240806_154915-300x169.jpg\" alt=\"\" width=\"206\" height=\"116\" srcset=\"https:\/\/www.radiopiu.net\/wordpress\/wp-content\/uploads\/2024\/08\/20240806_154915-300x169.jpg 300w, https:\/\/www.radiopiu.net\/wordpress\/wp-content\/uploads\/2024\/08\/20240806_154915-1024x576.jpg 1024w, https:\/\/www.radiopiu.net\/wordpress\/wp-content\/uploads\/2024\/08\/20240806_154915-768x432.jpg 768w, https:\/\/www.radiopiu.net\/wordpress\/wp-content\/uploads\/2024\/08\/20240806_154915-1536x864.jpg 1536w, https:\/\/www.radiopiu.net\/wordpress\/wp-content\/uploads\/2024\/08\/20240806_154915-2048x1152.jpg 2048w\" sizes=\"auto, (max-width: 206px) 100vw, 206px\" \/><\/a>&#8220;Siamo residenti di Valle di Cadore, preoccupati dal cantiere sulla SS 51. Chiediamo rispetto degli orari per ridurre i rumori notturni e dialogo col Comune. L&#8217;ingresso alla galleria vicino alle scuole crea rischi evidenti&#8221;.<\/em><\/p><\/blockquote>\n<p>Sono le tre righe che hanno attirato la nostra attenzione quando abbiamo ricevuto la mail da Valle di Cadore e la cronaca ci ha ricordato anche un recente episodio, a proposito di trivelle e cantiere. Indimenticabili le foto della gru finita nel giardino delle scuole elementari proprio dove ci sar\u00e0 l&#8217;uscita della galleria.<br \/>\n<em>I residenti di Valle di Cadore chiedono al Comune di regolamentare i lavori notturni del cantiere sulla SS 51, che causano gravi disagi. La galleria uscir\u00e0 vicino alle scuole, aumentando i rischi per studenti e cittadini.<\/em><\/p>\n<p><strong>Ecco la lettera arrivata alla nostra mail<\/strong><\/p>\n<div dir=\"auto\"><a class=\"dt-pswp-item\" href=\"https:\/\/www.radiopiu.net\/wordpress\/wp-content\/uploads\/2024\/08\/20240806_131612-scaled.jpg\" data-dt-img-description=\"\" data-large_image_width=\"2560\" data-large_image_height=\"1440\"><img loading=\"lazy\" decoding=\"async\" class=\"size-medium wp-image-403768 alignright\" src=\"https:\/\/www.radiopiu.net\/wordpress\/wp-content\/uploads\/2024\/08\/20240806_131612-300x169.jpg\" alt=\"\" width=\"300\" height=\"169\" srcset=\"https:\/\/www.radiopiu.net\/wordpress\/wp-content\/uploads\/2024\/08\/20240806_131612-300x169.jpg 300w, https:\/\/www.radiopiu.net\/wordpress\/wp-content\/uploads\/2024\/08\/20240806_131612-1024x576.jpg 1024w, https:\/\/www.radiopiu.net\/wordpress\/wp-content\/uploads\/2024\/08\/20240806_131612-768x432.jpg 768w, https:\/\/www.radiopiu.net\/wordpress\/wp-content\/uploads\/2024\/08\/20240806_131612-1536x864.jpg 1536w, https:\/\/www.radiopiu.net\/wordpress\/wp-content\/uploads\/2024\/08\/20240806_131612-2048x1152.jpg 2048w\" sizes=\"auto, (max-width: 300px) 100vw, 300px\" \/><\/a>Siamo un gruppo di cittadini residenti a Valle di Cadore,\u00a0 volevamo rendere note\u00a0 le nostre difficolt\u00e0 per quel cantiere della galleria per\u00a0 la variante sulla statalle 51 di Alemagna, ma anche e le difficolt\u00e0 nel rapporto con l &#8216;amministrazione comunale sulla tematica. Nonostante i\u00a0 dubbi\u00a0 non ci siamo mai opposti alla realizzazione dell&#8217;opera seguendone le difficolt\u00e0. Chiediamo una maggiore attenzione al tipo di attivit\u00e0 che vengono svolte negli orari notturni. Non tutte le attivit\u00e0 provocano disagi ai residenti o per lo meno se effettuate in orario diurno.\u00a0 In particolare questa notte fino alle 3.30 \u00e8 stato usato un\u00a0 grosso martello pneumatico, vibrazioni del terreno, amplificazione del ruomore tra le mura di casa e nessuno ha dormito.\u00a0 Durante la giornata non vi \u00e8 stata traccia di questo tipo di attivit\u00e0.\u00a0 I rapporti con l amministrazione comunale:\u00a0 a richiesta di interfacciarci con l&#8217;ente proprietario dell opera per mediare una soluzione ci \u00e8 stato risposto che ci sono delle priorit\u00e0 maggiori e che i lavori per l&#8217;ingresso alla galleria dovrebbero finire entro un mese. La politica ha fatto la sua scelta, noi dobbiamo sopportare. paese e come avrete gi\u00e0 notato riguardo all incidente avvenuto da poco con la caduta della gru nel giardino delle elementari la galleria uscir\u00e0 davanti alle scuole elementari e all asilo.<\/div>\n<div dir=\"auto\"><\/div>\n<div dir=\"auto\"><\/div>\n<div dir=\"auto\">\n<hr \/>\n<\/div>\n","protected":false},"excerpt":{"rendered":"<p>*** &nbsp; &nbsp; &#8220;Siamo residenti di Valle di Cadore, preoccupati dal cantiere sulla SS 51. Chiediamo rispetto degli orari per ridurre i rumori notturni e dialogo col Comune. L&#8217;ingresso alla galleria vicino alle scuole crea rischi evidenti&#8221;. Sono le tre righe che hanno attirato la nostra attenzione quando abbiamo ricevuto la mail da Valle di&hellip;<\/p>\n","protected":false},"author":4,"featured_media":403766,"comment_status":"closed","ping_status":"closed","sticky":false,"template":"","format":"standard","meta":{"_monsterinsights_skip_tracking":false,"_monsterinsights_sitenote_active":false,"_monsterinsights_sitenote_note":"","_monsterinsights_sitenote_category":0,"footnotes":""},"categories":[49],"tags":[],"class_list":["post-403762","post","type-post","status-publish","format-standard","has-post-thumbnail","hentry","category-news-18","category-49","description-off"],"img_url":"https:\/\/www.radiopiu.net\/wordpress\/wp-content\/uploads\/2024\/08\/20240806_154915-scaled.jpg","_links":{"self":[{"href":"https:\/\/www.radiopiu.net\/wordpress\/wp-json\/wp\/v2\/posts\/403762","targetHints":{"allow":["GET"]}}],"collection":[{"href":"https:\/\/www.radiopiu.net\/wordpress\/wp-json\/wp\/v2\/posts"}],"about":[{"href":"https:\/\/www.radiopiu.net\/wordpress\/wp-json\/wp\/v2\/types\/post"}],"author":[{"embeddable":true,"href":"https:\/\/www.radiopiu.net\/wordpress\/wp-json\/wp\/v2\/users\/4"}],"replies":[{"embeddable":true,"href":"https:\/\/www.radiopiu.net\/wordpress\/wp-json\/wp\/v2\/comments?post=403762"}],"version-history":[{"count":1,"href":"https:\/\/www.radiopiu.net\/wordpress\/wp-json\/wp\/v2\/posts\/403762\/revisions"}],"predecessor-version":[{"id":403769,"href":"https:\/\/www.radiopiu.net\/wordpress\/wp-json\/wp\/v2\/posts\/403762\/revisions\/403769"}],"wp:featuredmedia":[{"embeddable":true,"href":"https:\/\/www.radiopiu.net\/wordpress\/wp-json\/wp\/v2\/media\/403766"}],"wp:attachment":[{"href":"https:\/\/www.radiopiu.net\/wordpress\/wp-json\/wp\/v2\/media?parent=403762"}],"wp:term":[{"taxonomy":"category","embeddable":true,"href":"https:\/\/www.radiopiu.net\/wordpress\/wp-json\/wp\/v2\/categories?post=403762"},{"taxonomy":"post_tag","embeddable":true,"href":"https:\/\/www.radiopiu.net\/wordpress\/wp-json\/wp\/v2\/tags?post=403762"}],"curies":[{"name":"wp","href":"https:\/\/api.w.org\/{rel}","templated":true}]}}