{"id":403776,"date":"2024-08-06T19:12:50","date_gmt":"2024-08-06T17:12:50","guid":{"rendered":"https:\/\/www.radiopiu.net\/wordpress\/?p=403776"},"modified":"2024-08-06T19:12:50","modified_gmt":"2024-08-06T17:12:50","slug":"soccorsi-due-minorenni-tedeschi-in-altrettanti-interventi","status":"publish","type":"post","link":"https:\/\/www.radiopiu.net\/wordpress\/soccorsi-due-minorenni-tedeschi-in-altrettanti-interventi\/","title":{"rendered":"SOCCORSI DUE MINORENNI TEDESCHI IN ALTRETTANTI INTERVENTI"},"content":{"rendered":"<p>******<\/p>\n<p>&nbsp;<\/p>\n<p><strong><a class=\"dt-pswp-item\" href=\"https:\/\/www.radiopiu.net\/wordpress\/wp-content\/uploads\/2024\/08\/Watermark_20240806_190903_512.jpg\" data-dt-img-description=\"\" data-large_image_width=\"1773\" data-large_image_height=\"2364\"><img loading=\"lazy\" decoding=\"async\" class=\" wp-image-403778 alignleft\" src=\"https:\/\/www.radiopiu.net\/wordpress\/wp-content\/uploads\/2024\/08\/Watermark_20240806_190903_512-225x300.jpg\" alt=\"\" width=\"121\" height=\"161\" srcset=\"https:\/\/www.radiopiu.net\/wordpress\/wp-content\/uploads\/2024\/08\/Watermark_20240806_190903_512-225x300.jpg 225w, https:\/\/www.radiopiu.net\/wordpress\/wp-content\/uploads\/2024\/08\/Watermark_20240806_190903_512-768x1024.jpg 768w, https:\/\/www.radiopiu.net\/wordpress\/wp-content\/uploads\/2024\/08\/Watermark_20240806_190903_512-1152x1536.jpg 1152w, https:\/\/www.radiopiu.net\/wordpress\/wp-content\/uploads\/2024\/08\/Watermark_20240806_190903_512-1536x2048.jpg 1536w, https:\/\/www.radiopiu.net\/wordpress\/wp-content\/uploads\/2024\/08\/Watermark_20240806_190903_512.jpg 1773w\" sizes=\"auto, (max-width: 121px) 100vw, 121px\" \/><\/a>CORTINA <\/strong>Verso le 15.20 la Centrale del 118 \u00e8 stata allertata per un giovane escursionista tedesco caduto dal sentiero che scende dal Col Ros\u00e0. Il quattordicenne, che si trovava con il padre e il fratello, perso l&#8217;equilibrio sulla serpentina fuori dal bosco, era ruzzolato per alcuni metri per poi cadere da un salto di un paio di metri. Mentre il fratello faceva segnali dal sentiero all&#8217;equipaggio di Falco in avvicinamento, il pap\u00e0 assisteva il figlio dopo essere sceso da lui. Sbarcati con un verricello nelle vicinanze, tecnico di elisoccorso e medico hanno subito raggiunto il ragazzo. Il tecnico si \u00e8 poi spostato ad aiutare nel trasporto della barella l&#8217;infermiere, calato pi\u00f9 in basso dato il terreno instabile. Imbarellato, l&#8217;infortunato \u00e8 stato spostato con le corde in un punto pi\u00f9 agevole per il recupero, avvenuto sempre con il verricello. Con probabili traumi alla gamba e a un braccio, il quattordicenne \u00e8 stato trasportato all&#8217;ospedale di Cortina. Con lui il pap\u00e0, mentre il fratello \u00e8 rientrato autonomamente. Pi\u00f9 tardi il Soccorso alpino di Cortina \u00e8 stato attivato per un diciassettenne tedesco che lamentava un malessere nei pressi del Rifugio Son Forca. Una squadra della Guardi di finanza \u00e8 salita in fuoristrada e lo ha accompagnato al rendez vous con l&#8217;ambulanza, partita in direzione del Codivilla per accertamenti.<\/p>\n<p>&nbsp;<\/p>\n<p>&nbsp;<\/p>\n<p>********<\/p>\n","protected":false},"excerpt":{"rendered":"<p>****** &nbsp; CORTINA Verso le 15.20 la Centrale del 118 \u00e8 stata allertata per un giovane escursionista tedesco caduto dal sentiero che scende dal Col Ros\u00e0. Il quattordicenne, che si trovava con il padre e il fratello, perso l&#8217;equilibrio sulla serpentina fuori dal bosco, era ruzzolato per alcuni metri per poi cadere da un salto&hellip;<\/p>\n","protected":false},"author":4,"featured_media":403778,"comment_status":"closed","ping_status":"closed","sticky":false,"template":"","format":"standard","meta":{"_monsterinsights_skip_tracking":false,"_monsterinsights_sitenote_active":false,"_monsterinsights_sitenote_note":"","_monsterinsights_sitenote_category":0,"footnotes":""},"categories":[49],"tags":[],"class_list":["post-403776","post","type-post","status-publish","format-standard","has-post-thumbnail","hentry","category-news-18","category-49","description-off"],"img_url":"https:\/\/www.radiopiu.net\/wordpress\/wp-content\/uploads\/2024\/08\/Watermark_20240806_190903_512.jpg","_links":{"self":[{"href":"https:\/\/www.radiopiu.net\/wordpress\/wp-json\/wp\/v2\/posts\/403776","targetHints":{"allow":["GET"]}}],"collection":[{"href":"https:\/\/www.radiopiu.net\/wordpress\/wp-json\/wp\/v2\/posts"}],"about":[{"href":"https:\/\/www.radiopiu.net\/wordpress\/wp-json\/wp\/v2\/types\/post"}],"author":[{"embeddable":true,"href":"https:\/\/www.radiopiu.net\/wordpress\/wp-json\/wp\/v2\/users\/4"}],"replies":[{"embeddable":true,"href":"https:\/\/www.radiopiu.net\/wordpress\/wp-json\/wp\/v2\/comments?post=403776"}],"version-history":[{"count":1,"href":"https:\/\/www.radiopiu.net\/wordpress\/wp-json\/wp\/v2\/posts\/403776\/revisions"}],"predecessor-version":[{"id":403779,"href":"https:\/\/www.radiopiu.net\/wordpress\/wp-json\/wp\/v2\/posts\/403776\/revisions\/403779"}],"wp:featuredmedia":[{"embeddable":true,"href":"https:\/\/www.radiopiu.net\/wordpress\/wp-json\/wp\/v2\/media\/403778"}],"wp:attachment":[{"href":"https:\/\/www.radiopiu.net\/wordpress\/wp-json\/wp\/v2\/media?parent=403776"}],"wp:term":[{"taxonomy":"category","embeddable":true,"href":"https:\/\/www.radiopiu.net\/wordpress\/wp-json\/wp\/v2\/categories?post=403776"},{"taxonomy":"post_tag","embeddable":true,"href":"https:\/\/www.radiopiu.net\/wordpress\/wp-json\/wp\/v2\/tags?post=403776"}],"curies":[{"name":"wp","href":"https:\/\/api.w.org\/{rel}","templated":true}]}}