{"id":403792,"date":"2024-08-08T05:45:13","date_gmt":"2024-08-08T03:45:13","guid":{"rendered":"https:\/\/www.radiopiu.net\/wordpress\/?p=403792"},"modified":"2024-08-08T08:42:17","modified_gmt":"2024-08-08T06:42:17","slug":"giornale-radiopiu-08-agosto-2024-direttore-mirko-mezzacasada-41-anni-25-giugno-1983-25-giugno-2024","status":"publish","type":"post","link":"https:\/\/www.radiopiu.net\/wordpress\/giornale-radiopiu-08-agosto-2024-direttore-mirko-mezzacasada-41-anni-25-giugno-1983-25-giugno-2024\/","title":{"rendered":"GIORNALE RADIOPIU 08 AGOSTO 2024 DIRETTORE MIRKO MEZZACASA\u2026DA 41 ANNI 25 GIUGNO 1983-25 GIUGNO 2024"},"content":{"rendered":"<p>*******<\/p>\n<p>&nbsp;<\/p>\n<p>&nbsp;<\/p>\n<p><em><span style=\"color: #ff0000;\">ATTENZIONE: LA NUOVA APP PER IOS-IPHONE di Nicola Vettorello <\/span><\/em><a href=\"https:\/\/apps.apple.com\/it\/app\/radio-pi%C3%B9-emittente-agordina\/id1515939845\">https:\/\/apps.apple.com\/it\/app\/radio-pi%C3%B9-emittente-agordina\/id1515939845<\/a><\/p>\n<p><em style=\"color: #ff0000;\">ATTENZIONE: LA NUOVA APP RADIO\u00a0 PER ANDROID di Nicola Vettorello<\/em><\/p>\n<p><a href=\"https:\/\/play.google.com\/store\/apps\/details?id=net.radiopiu.iniko\" target=\"_blank\" rel=\"noopener noreferrer\">https:\/\/play.google.com\/store\/apps\/details?id=net.radiopiu.iniko\u00a0\u00a0\u00a0<\/a><\/p>\n<p>&nbsp;<\/p>\n<hr \/>\n<p>&nbsp;<\/p>\n<h1 style=\"text-align: center;\"><span style=\"color: #ff0000;\">IL FORTE TEMPORALE DI IERI IN VALLE DEL BIOIS<\/span><\/h1>\n<p><a class=\"dt-pswp-item\" href=\"https:\/\/www.radiopiu.net\/wordpress\/wp-content\/uploads\/2024\/08\/125cf2a4-3f5d-4f2b-972f-af08a414dc65.jpg\" data-dt-img-description=\"\" data-large_image_width=\"1600\" data-large_image_height=\"900\"><img loading=\"lazy\" decoding=\"async\" class=\"alignnone wp-image-404015 size-large\" src=\"https:\/\/www.radiopiu.net\/wordpress\/wp-content\/uploads\/2024\/08\/125cf2a4-3f5d-4f2b-972f-af08a414dc65-1024x576.jpg\" alt=\"\" width=\"1024\" height=\"576\" srcset=\"https:\/\/www.radiopiu.net\/wordpress\/wp-content\/uploads\/2024\/08\/125cf2a4-3f5d-4f2b-972f-af08a414dc65-1024x576.jpg 1024w, https:\/\/www.radiopiu.net\/wordpress\/wp-content\/uploads\/2024\/08\/125cf2a4-3f5d-4f2b-972f-af08a414dc65-300x169.jpg 300w, https:\/\/www.radiopiu.net\/wordpress\/wp-content\/uploads\/2024\/08\/125cf2a4-3f5d-4f2b-972f-af08a414dc65-768x432.jpg 768w, https:\/\/www.radiopiu.net\/wordpress\/wp-content\/uploads\/2024\/08\/125cf2a4-3f5d-4f2b-972f-af08a414dc65-1536x864.jpg 1536w, https:\/\/www.radiopiu.net\/wordpress\/wp-content\/uploads\/2024\/08\/125cf2a4-3f5d-4f2b-972f-af08a414dc65.jpg 1600w\" sizes=\"auto, (max-width: 1024px) 100vw, 1024px\" \/><\/a><\/p>\n<p><strong>\u00a0<\/strong><\/p>\n<h2><strong>E DOPO LA PIOGGIA&#8230;. TORNA IL SERENO belluno di brunella moro\u00a0\u00a0<\/strong><\/h2>\n<p>&nbsp;<\/p>\n<p><a class=\"dt-pswp-item\" href=\"https:\/\/www.radiopiu.net\/wordpress\/wp-content\/uploads\/2024\/08\/786b5b4d-89da-4518-ae0b-dafab756be3c.jpg\" data-dt-img-description=\"\" data-large_image_width=\"2048\" data-large_image_height=\"1152\"><img loading=\"lazy\" decoding=\"async\" class=\"alignnone wp-image-404093 size-full\" src=\"https:\/\/www.radiopiu.net\/wordpress\/wp-content\/uploads\/2024\/08\/786b5b4d-89da-4518-ae0b-dafab756be3c.jpg\" alt=\"\" width=\"2048\" height=\"1152\" srcset=\"https:\/\/www.radiopiu.net\/wordpress\/wp-content\/uploads\/2024\/08\/786b5b4d-89da-4518-ae0b-dafab756be3c.jpg 2048w, https:\/\/www.radiopiu.net\/wordpress\/wp-content\/uploads\/2024\/08\/786b5b4d-89da-4518-ae0b-dafab756be3c-300x169.jpg 300w, https:\/\/www.radiopiu.net\/wordpress\/wp-content\/uploads\/2024\/08\/786b5b4d-89da-4518-ae0b-dafab756be3c-1024x576.jpg 1024w, https:\/\/www.radiopiu.net\/wordpress\/wp-content\/uploads\/2024\/08\/786b5b4d-89da-4518-ae0b-dafab756be3c-768x432.jpg 768w, https:\/\/www.radiopiu.net\/wordpress\/wp-content\/uploads\/2024\/08\/786b5b4d-89da-4518-ae0b-dafab756be3c-1536x864.jpg 1536w\" sizes=\"auto, (max-width: 2048px) 100vw, 2048px\" \/>\u00a0<\/a><\/p>\n<p>&nbsp;<\/p>\n<hr \/>\n<p>&nbsp;<\/p>\n<p><strong>OGGI ALLA RADIO&#8230;.<\/strong> <span style=\"color: #ff0000;\">ALLE 4 E ALLE 6<\/span> LE NOTIZIE DALL&#8217;ITALIA E DAL MONDO<span style=\"color: #ff0000;\"> 6.15<\/span> PIROLE DE LENGA A CURA DEL MUSLA<span style=\"color: #ff0000;\"> 7.20<\/span> EL BAL DEL FIORI, DETTI E TRADIZIONI DI GIULIANA DA RONCH <span style=\"color: #ff0000;\">8.05<\/span> LA RASSEGNA STAMPA LOCALE<span style=\"color: #ff0000;\"> 8.30<\/span> PIU SIAMO IL PROGRAMMA DI MARINA DONA&#8217;\u00a0<span style=\"color: #ff0000;\"> 9.00\u00a0<\/span> alex nascinben LA MUSICA COUNTRY ALLA RADIO <span style=\"color: #ff0000;\">9.30<\/span> VIABILITA&#8217; CON BOTOL CAR SERVICE (AGORDO-SEDICO-FELTRE) \u00a0<span style=\"color: #ff0000;\">10.10 <span style=\"color: #000000;\">ZAINO DA VIAGGIO AL FEMMINILE CON PAOLA LANCIATO <span style=\"color: #ff0000;\">10.30<\/span> MOSTRA MAN DE ORO A CANALE D&#8217;AGORDO CON LORIS SERAFINI E LUCIO RIZIERI<\/span><\/span>\u00a0<span style=\"color: #ff0000;\">11.10<\/span> LA STORIA DEL FESTIVALBAR DI MIRCO BENCIVENNI <span style=\"color: #ff0000;\">12.00<\/span> VA TUTTO LISCIO\u00a0 <span style=\"color: #ff0000;\">12.30<\/span> GIORNALE RADIO PRINCIPALE\u00a0 <span style=\"color: #ff0000;\">\u00a013.10<\/span> SPECIALE AGORDO MUSICA&#8230;\u00a0 DI PINA SABATINI <span style=\"color: #ff0000;\">13.20<\/span> TRE PEZZI DI MARINA DONA&#8217;<span style=\"color: #ff0000;\"> 14.00<\/span>\u00a0 ZAINO IN SPALLA CON CLAUDIO PRA ED EVA\u00a0 GABRIELI\u00a0 <span style=\"color: #ff0000;\">15.00<\/span> PIU&#8217; MUSICA IL PROGRAMMA ESTIVO DI MARINA\u00a0 \u00a0<span style=\"color: #ff0000;\">16<\/span> IL ROCK DI MARCO COSTANTINI <span style=\"color: #ff0000;\">1645<\/span> LE HIT DI MIRCO BENCIVENNI <span style=\"color: #ff0000;\">18.00<\/span> PIU&#8217; DANCE LE SELEZIONI CHE FANNO SALTARE DI DJ JACK, JACOPO DEL TEDESCO\u00a0 <span style=\"color: #ff0000;\">19<\/span> LE ANTICIPAZIONI DAL TG DI ANTENNA 3 DI TIZIANA BOLOGNANI <span style=\"color: #ff0000;\">19.30 <span style=\"color: #000000;\">\u00a0MANUEL E DAVIDE CONEDERA, MOSTRA MINERALI E FOSSILI<\/span><\/span><\/p>\n<blockquote><p><strong>rassegna stampa nazionale,<\/strong> ogni giorno alle 5 e alle 6 del mattino<br \/>\ngiornali locali 7 rassegna stampa flash, 8 rassegna stampa, gr flash alle 10 e alle 11, principale 12.30. Informazione pomerIggio alle 15 (speciale) 16, 17, 18. Giornale radio nazionale: ogni ora dalle 5 del mattino, alle 20 della sera.<\/p><\/blockquote>\n<p><a class=\"dt-pswp-item\" href=\"https:\/\/www.radiopiu.net\/wordpress\/wp-content\/uploads\/2024\/08\/062a7b0e-890b-44c9-9120-6999b61afaf2.jpg\" data-dt-img-description=\"\" data-large_image_width=\"1080\" data-large_image_height=\"1183\"><img loading=\"lazy\" decoding=\"async\" class=\"size-medium wp-image-403949 aligncenter\" src=\"https:\/\/www.radiopiu.net\/wordpress\/wp-content\/uploads\/2024\/08\/062a7b0e-890b-44c9-9120-6999b61afaf2-274x300.jpg\" alt=\"\" width=\"274\" height=\"300\" srcset=\"https:\/\/www.radiopiu.net\/wordpress\/wp-content\/uploads\/2024\/08\/062a7b0e-890b-44c9-9120-6999b61afaf2-274x300.jpg 274w, https:\/\/www.radiopiu.net\/wordpress\/wp-content\/uploads\/2024\/08\/062a7b0e-890b-44c9-9120-6999b61afaf2-935x1024.jpg 935w, https:\/\/www.radiopiu.net\/wordpress\/wp-content\/uploads\/2024\/08\/062a7b0e-890b-44c9-9120-6999b61afaf2-768x841.jpg 768w, https:\/\/www.radiopiu.net\/wordpress\/wp-content\/uploads\/2024\/08\/062a7b0e-890b-44c9-9120-6999b61afaf2.jpg 1080w\" sizes=\"auto, (max-width: 274px) 100vw, 274px\" \/><\/a><\/p>\n<p>&nbsp;<\/p>\n<p>&nbsp;<\/p>\n<hr \/>\n<p>&nbsp;<\/p>\n<div class=\"x11i5rnm xat24cr x1mh8g0r x1vvkbs xtlvy1s x126k92a\">\n<div dir=\"auto\">\n<div dir=\"auto\">\n<p><strong><a class=\"dt-pswp-item\" href=\"https:\/\/www.radiopiu.net\/wordpress\/wp-content\/uploads\/2024\/02\/2d44e751-d8a8-461b-8e22-d8e4e853b032.jpg\" data-dt-img-description=\"\" data-large_image_width=\"1600\" data-large_image_height=\"1200\"><img loading=\"lazy\" decoding=\"async\" class=\"wp-image-373307 alignleft\" src=\"https:\/\/www.radiopiu.net\/wordpress\/wp-content\/uploads\/2024\/02\/2d44e751-d8a8-461b-8e22-d8e4e853b032-300x225.jpg\" alt=\"\" width=\"105\" height=\"79\" srcset=\"https:\/\/www.radiopiu.net\/wordpress\/wp-content\/uploads\/2024\/02\/2d44e751-d8a8-461b-8e22-d8e4e853b032-300x225.jpg 300w, https:\/\/www.radiopiu.net\/wordpress\/wp-content\/uploads\/2024\/02\/2d44e751-d8a8-461b-8e22-d8e4e853b032-1024x768.jpg 1024w, https:\/\/www.radiopiu.net\/wordpress\/wp-content\/uploads\/2024\/02\/2d44e751-d8a8-461b-8e22-d8e4e853b032-768x576.jpg 768w, https:\/\/www.radiopiu.net\/wordpress\/wp-content\/uploads\/2024\/02\/2d44e751-d8a8-461b-8e22-d8e4e853b032-1536x1152.jpg 1536w, https:\/\/www.radiopiu.net\/wordpress\/wp-content\/uploads\/2024\/02\/2d44e751-d8a8-461b-8e22-d8e4e853b032.jpg 1600w\" sizes=\"auto, (max-width: 105px) 100vw, 105px\" \/><\/a>EL BAL DEL FIOR, DI GIULIANA DA RONCH, 08 AGOSTO<\/strong><strong>\u00a02024<em>\u00a0<\/em><\/strong><\/p>\n<audio class=\"wp-audio-shortcode\" id=\"audio-403792-1\" preload=\"none\" style=\"width: 100%;\" controls=\"controls\"><source type=\"audio\/mpeg\" src=\"https:\/\/www.radiopiu.net\/wordpress\/wp-content\/uploads\/2024\/08\/GGI.mp3?_=1\" \/><a href=\"https:\/\/www.radiopiu.net\/wordpress\/wp-content\/uploads\/2024\/08\/GGI.mp3\">https:\/\/www.radiopiu.net\/wordpress\/wp-content\/uploads\/2024\/08\/GGI.mp3<\/a><\/audio>\n<p>&nbsp;<\/p>\n<\/div>\n<\/div>\n<hr \/>\n<p>&nbsp;<\/p>\n<p>&nbsp;<\/p>\n<h1><span style=\"color: #ff0000;\"><a class=\"dt-pswp-item\" href=\"https:\/\/www.radiopiu.net\/wordpress\/wp-content\/uploads\/2024\/06\/th-5.jpg\" data-dt-img-description=\"\" data-large_image_width=\"326\" data-large_image_height=\"180\"><img loading=\"lazy\" decoding=\"async\" class=\"size-medium wp-image-395881 alignleft\" src=\"https:\/\/www.radiopiu.net\/wordpress\/wp-content\/uploads\/2024\/06\/th-5-300x166.jpg\" alt=\"\" width=\"300\" height=\"166\" srcset=\"https:\/\/www.radiopiu.net\/wordpress\/wp-content\/uploads\/2024\/06\/th-5-300x166.jpg 300w, https:\/\/www.radiopiu.net\/wordpress\/wp-content\/uploads\/2024\/06\/th-5.jpg 326w\" sizes=\"auto, (max-width: 300px) 100vw, 300px\" \/><\/a><\/span><\/h1>\n<h1><\/h1>\n<h1><\/h1>\n<h1><span style=\"color: #000000;\">08 agosto&#8230; alla radio l&#8217;almanacco\u00a0<\/span><\/h1>\n<p>&nbsp;<\/p>\n<audio class=\"wp-audio-shortcode\" id=\"audio-403792-2\" preload=\"none\" style=\"width: 100%;\" controls=\"controls\"><source type=\"audio\/mpeg\" src=\"https:\/\/www.radiopiu.net\/wordpress\/wp-content\/uploads\/2024\/08\/ALMANACCONEW-6.mp3?_=2\" \/><a href=\"https:\/\/www.radiopiu.net\/wordpress\/wp-content\/uploads\/2024\/08\/ALMANACCONEW-6.mp3\">https:\/\/www.radiopiu.net\/wordpress\/wp-content\/uploads\/2024\/08\/ALMANACCONEW-6.mp3<\/a><\/audio>\n<p>&nbsp;<\/p>\n<div dir=\"auto\">\n<hr \/>\n<\/div>\n<\/div>\n<blockquote>\n<blockquote>\n<h1><span style=\"color: #ff0000;\">\u00a0<\/span><\/h1>\n<h1><span style=\"color: #ff0000;\">I podcast informativi del mattino &#8211; audio &#8211;\u00a0\u00a0<\/span><\/h1>\n<\/blockquote>\n<p><strong><a class=\"dt-pswp-item\" href=\"https:\/\/www.radiopiu.net\/wordpress\/wp-content\/uploads\/2023\/11\/th-10.jpg\" data-dt-img-description=\"\" data-large_image_width=\"320\" data-large_image_height=\"180\"><img loading=\"lazy\" decoding=\"async\" class=\"wp-image-362866 alignleft\" src=\"https:\/\/www.radiopiu.net\/wordpress\/wp-content\/uploads\/2023\/11\/th-10-300x169.jpg\" alt=\"\" width=\"185\" height=\"104\" srcset=\"https:\/\/www.radiopiu.net\/wordpress\/wp-content\/uploads\/2023\/11\/th-10-300x169.jpg 300w, https:\/\/www.radiopiu.net\/wordpress\/wp-content\/uploads\/2023\/11\/th-10.jpg 320w\" sizes=\"auto, (max-width: 185px) 100vw, 185px\" \/><\/a>LA RASSEGNA STAMPA NAZIONALE ALLA RADIO, OGNI GIORNO ALLE 5 E ALLE 6 DEL MATTINO <span style=\"color: #0000ff;\">viene pubblicata alle 6.00 <span style=\"color: #ff0000;\">DIRETTA RADIO\u00a0 \u00a0\u00a0<\/span><\/span><\/strong><\/p><\/blockquote>\n<p>&nbsp;<\/p>\n<p><strong>NOTIZIE DELLA NOTTE\u00a0 \u00a0<\/strong><\/p>\n<p><strong>Usa,<\/strong> distrutti 2 droni e 3 missili Houthi nelle ultime 24 ore<strong> Cortei antirazzisti<\/strong> in citt\u00e0 Gb, non c&#8217;\u00e8 protesta ultradestra<strong> Annullati i tre concerti<\/strong> di Taylor Swift a Vienna<br \/>\nPer il pericolo attentati terroristici, <strong>Biden<\/strong>, &#8216;temo non sar\u00e0 pacifico trasferimento di poteri a Harris&#8217; &#8216;Se vincesse&#8217;, dice presidente a Cbs. &#8216;Minacce Trump sono serie&#8217; <strong>Parigi:<\/strong> ko ai rigori con l&#8217;Ungheria, Settebello eliminato La squadra di Campagna fuori nei quarti di finale <strong>Parigi: Italvolley ko<\/strong> con la Francia, va in finale per il bronzo<strong> Arrestata borseggiatrice,<\/strong> libera perch\u00e9 sempre incinta In 20 anni 150 reati, donna in carcere per scontare 30 anni<\/p>\n<p>&nbsp;<\/p>\n<p>&nbsp;<\/p>\n<hr \/>\n<p>&nbsp;<\/p>\n<h1 style=\"text-align: center;\"><span style=\"color: #ff0000;\">I podcast informativi del mattino &#8211; audio &#8211;\u00a0<\/span><\/h1>\n<p><strong><a class=\"dt-pswp-item\" href=\"https:\/\/www.radiopiu.net\/wordpress\/wp-content\/uploads\/2023\/12\/images.png\" data-dt-img-description=\"\" data-large_image_width=\"316\" data-large_image_height=\"160\"><img loading=\"lazy\" decoding=\"async\" class=\"wp-image-367008 alignleft\" src=\"https:\/\/www.radiopiu.net\/wordpress\/wp-content\/uploads\/2023\/12\/images-300x152.png\" alt=\"\" width=\"235\" height=\"119\" srcset=\"https:\/\/www.radiopiu.net\/wordpress\/wp-content\/uploads\/2023\/12\/images-300x152.png 300w, https:\/\/www.radiopiu.net\/wordpress\/wp-content\/uploads\/2023\/12\/images.png 316w\" sizes=\"auto, (max-width: 235px) 100vw, 235px\" \/><\/a>OGNI GIORNO ALLE SETTE DEL MATTINO, LA RASSEGNA STAMPA LOCALE FLASH&#8230; PER CHI VA IN FRETTA. I TITOLI DAI GIORNALI E DAL SITO WWW.RADIOPIU.NET <span style=\"color: #0000ff;\">viene pubblicato alle 7.00<\/span> <span style=\"color: #ff0000;\">DIRETTA RADIO\u00a0<\/span><\/strong><\/p>\n<p><em><span style=\"color: #ff0000;\">per chi va in fretta&#8230; tante notizie in pochi minuti. L&#8217;informazione locale alla radio, ogni ora dalle 7 del mattino alle 19 della sera.\u00a0 <\/span><\/em><\/p>\n<p>&nbsp;<\/p>\n<p>SAN TOMASO Conseguenze della violenta ondata di maltempo pomeridiano. Se tra Canale d&#8217;Agordo e Vallada sono caduti alberi tra Cencenighe e San Tomaso a finire sulla strada sono stati i sassi. Non si segnalano persone o mezzi coinvolti. Intanto Veneto strade ha comunicato che la SP 8 di San Tomaso \u00e8 stata chiusa tra le frazioni Celat ed Avoscan.<br \/>\nCOMELICO in ginocchio per\u00a0 il nubifragio che si \u00e8 scatenato nella serata di marted\u00ec. Numerosi smottamenti lungo la viabilit\u00e0 comunale e di collegamento con il Friuli. Restano chiuse tre importanti strade: la Sr 355 della Val Degano in localit\u00e0 Acquatona, la Sp 30 Panoramica del Comelico, fra le localit\u00e0 Costa e Costalissoio e, in Friuli, la regionale 465 dell&#8217;Alta Val Pesarina.<br \/>\nPADOLA Un fulmine ha colpito il campanile della chiesa di Padola, fermando l&#8217;orologio alle 22.55 e danneggiando l&#8217;impianto elettrico e la sacrestia, invasa dal fumo. Fortunatamente, non si \u00e8 verificato un incendio. La chiesa \u00e8 ora inagibile e le celebrazioni si terranno temporaneamente altrove. Anche la chiesa di Candide ha subito danni per infiltrazioni d&#8217;acqua.<br \/>\nSAPPADA per mezz&#8217;ora\u00a0 \u00e8 rimasta senza corrente elettrica, \u00a0sospesa\u00a0 per la sicurezza degli operatori di Fvg Strade, vista la presenza nel luogo del loro intervento, di un&#8217;importante linea elettrica che avrebbe potuto rappresentare un pericolo.<br \/>\nLONGARONE La 64\u00aa edizione della Mostra Internazionale del Gelato Artigianale di Longarone (MIG) si terr\u00e0 dal 30 novembre al 2 dicembre 2024.<\/p>\n<h1>AUDIO dalle 7 del mattino<\/h1>\n<audio class=\"wp-audio-shortcode\" id=\"audio-403792-3\" preload=\"none\" style=\"width: 100%;\" controls=\"controls\"><source type=\"audio\/mpeg\" src=\"https:\/\/www.radiopiu.net\/wordpress\/wp-content\/uploads\/2024\/08\/GF07-5.mp3?_=3\" \/><a href=\"https:\/\/www.radiopiu.net\/wordpress\/wp-content\/uploads\/2024\/08\/GF07-5.mp3\">https:\/\/www.radiopiu.net\/wordpress\/wp-content\/uploads\/2024\/08\/GF07-5.mp3<\/a><\/audio>\n<p>&nbsp;<\/p>\n<hr \/>\n<p>&nbsp;<\/p>\n<h1><\/h1>\n<h1 style=\"text-align: center;\"><span style=\"color: #ff0000;\"><a class=\"dt-pswp-item\" href=\"https:\/\/www.radiopiu.net\/wordpress\/wp-content\/uploads\/2022\/01\/026c3f9d-dae9-4040-a3c1-a6530231bcc3.jpg\" data-dt-img-description=\"\" data-large_image_width=\"1152\" data-large_image_height=\"2048\"><img loading=\"lazy\" decoding=\"async\" class=\"wp-image-251839 alignleft\" src=\"https:\/\/www.radiopiu.net\/wordpress\/wp-content\/uploads\/2022\/01\/026c3f9d-dae9-4040-a3c1-a6530231bcc3-169x300.jpg\" alt=\"\" width=\"100\" height=\"177\" srcset=\"https:\/\/www.radiopiu.net\/wordpress\/wp-content\/uploads\/2022\/01\/026c3f9d-dae9-4040-a3c1-a6530231bcc3-169x300.jpg 169w, https:\/\/www.radiopiu.net\/wordpress\/wp-content\/uploads\/2022\/01\/026c3f9d-dae9-4040-a3c1-a6530231bcc3-576x1024.jpg 576w, https:\/\/www.radiopiu.net\/wordpress\/wp-content\/uploads\/2022\/01\/026c3f9d-dae9-4040-a3c1-a6530231bcc3-768x1365.jpg 768w, https:\/\/www.radiopiu.net\/wordpress\/wp-content\/uploads\/2022\/01\/026c3f9d-dae9-4040-a3c1-a6530231bcc3-864x1536.jpg 864w, https:\/\/www.radiopiu.net\/wordpress\/wp-content\/uploads\/2022\/01\/026c3f9d-dae9-4040-a3c1-a6530231bcc3.jpg 1152w\" sizes=\"auto, (max-width: 100px) 100vw, 100px\" \/><\/a>I podcast informativi del mattino &#8211; audio &#8211;\u00a0<\/span><\/h1>\n<blockquote><p><strong>GIORNALE RADIO NAZIONALE, EDIZIONE DELLE SETTE <span style=\"color: #0000ff;\">viene pubblicato alle 7.05 <span style=\"color: #ff0000;\">DIRETTA RADIO\u00a0<\/span><\/span><\/strong><\/p><\/blockquote>\n<p><strong>il giornale radionazionale e&#8217; in onda ogni ora, dalle sette del mattino alle venti della sera\u00a0 \u00a0<\/strong><strong>\u00a0<\/strong><\/p>\n<p>&nbsp;<\/p>\n<p><strong>Sardegna<\/strong> Si frattura 3 vertebre dopo un tuffo, un bimbo salvato dalla paralisi <strong>Nel bergamasco<\/strong> Uccisa in strada: sequestrati alcuni coltelli, nessuno insanguinato <strong>Femminicidio<\/strong> Annarita Morelli registrata, decine di audio in casa del marito <strong>Sicilia<\/strong> Frattura bloccata con un cartone, dottoressa: &#8216;Era l&#8217;unica soluzione&#8217; <strong>False consulenze<\/strong> al Cnr, chiesto il giudizio per 7 persone Invito a dedurre della Corte Conti, sequestrati oltre 2 milioni <strong>Pm Pavia<\/strong>, 18enne morta per trauma da caduta dal monopattino Risulta dall&#8217;esito dell&#8217;autopsia, proseguono esami tossicologici<\/p>\n<h2>AUDIO dalle sette del mattino, ogni ora alla radio<\/h2>\n<audio class=\"wp-audio-shortcode\" id=\"audio-403792-4\" preload=\"none\" style=\"width: 100%;\" controls=\"controls\"><source type=\"audio\/mpeg\" src=\"https:\/\/www.radiopiu.net\/wordpress\/wp-content\/uploads\/2024\/08\/giornale07-5.mp3?_=4\" \/><a href=\"https:\/\/www.radiopiu.net\/wordpress\/wp-content\/uploads\/2024\/08\/giornale07-5.mp3\">https:\/\/www.radiopiu.net\/wordpress\/wp-content\/uploads\/2024\/08\/giornale07-5.mp3<\/a><\/audio>\n<p>&nbsp;<\/p>\n<p>&nbsp;<\/p>\n<hr \/>\n<p>&nbsp;<\/p>\n<p>&nbsp;<\/p>\n<h1><span style=\"color: #ff0000;\">I podcast informativi del mattino &#8211; video &#8211;\u00a0<\/span><\/h1>\n<h2><strong><a class=\"dt-pswp-item\" href=\"https:\/\/www.radiopiu.net\/wordpress\/wp-content\/uploads\/2023\/12\/th-10.jpg\" data-dt-img-description=\"\" data-large_image_width=\"245\" data-large_image_height=\"180\"><img loading=\"lazy\" decoding=\"async\" class=\" wp-image-367395 alignleft\" src=\"https:\/\/www.radiopiu.net\/wordpress\/wp-content\/uploads\/2023\/12\/th-10.jpg\" alt=\"\" width=\"166\" height=\"122\" \/><\/a>RASSEGNA STAMPA LOCALE, ORE OTTO 05<\/strong><\/h2>\n<h2><strong> <span style=\"color: #0000ff;\">viene\u00a0 <\/span><\/strong><strong><span style=\"color: #0000ff;\">pubblicata alle 8.05 <span style=\"color: #ff0000;\">DIRETTA RADIO\u00a0\u00a0<\/span><\/span><\/strong><\/h2>\n<p><strong>DI MIRKO MEZZACASA\u00a0 \u00a0<\/strong><button class=\"rounded-lg text-token-text-secondary hover:bg-token-main-surface-secondary\"><\/button><\/p>\n<p><strong>OGGI SUL Corriere delle Alpi E NOTIZIARI DI Radio Pi\u00f9<\/strong><\/p>\n<p>LIMANA I funerali di Elvi Sommacal, 55 anni, si terranno sabato 10 agosto alle 10.30 presso il campo sportivo Valmorel. L&#8217;elettricista, amato dalla comunit\u00e0 per il suo impegno nella Pro Loco di Limana, \u00e8 deceduto improvvisamente per un presunto embolo polmonare. La Procura di Belluno ha avviato un&#8217;indagine e disposto l&#8217;autopsia per chiarire se l\u2019assenza di eparina nella terapia assegnata dall\u2019ospedale San Martino di Belluno abbia contribuito alla tragedia. La comunit\u00e0 si stringe attorno alla moglie Mina e ai figli Rayan e Maria.<br \/>\nFELTRE Giorgio Zasio, leggendario mastro birraio di Pedavena, \u00e8 scomparso a 82 anni. Fu protagonista della rinascita della Nastro Azzurro e figura chiave del gruppo Peroni. Con una carriera straordinaria che ha spaziato dalla produzione al management. I funerali si terranno domani alle 16 nella chiesa di Farra a Feltre. Con un passato ricco di successi, incluso il rilancio della Nastro Azzurro nei pub inglesi, Zasio ha mantenuto forti legami con la sua citt\u00e0 natale, Feltre. Anche dopo essersi trasferito a Roma.<br \/>\nROCCA PIETORE, una 68enne triestina si \u00e8 persa dopo essere uscita fuori sentiero durante un&#8217;escursione da Baita dei Lof a Malga Laste. Scendendo ha incontrato una vecchia frana che rendeva il passaggio esposto e, cercando un percorso alternativo, si \u00e8 smarrita. Il Soccorso alpino della Val Pettorina l&#8217;ha trovata seguendo la traccia GPS, riportandola sul sentiero e aiutandola a superare il punto esposto con una corda fissa, accompagnandola poi alla malga.<br \/>\nAURONZO, quattro escursionisti francesi hanno lanciato l&#8217;allarme da Forcella Ciadin per l&#8217;arrivo di un temporale. Partiti dal Rifugio Carpi, sono rimasti bloccati dal maltempo. Il Soccorso alpino di Auronzo, con l&#8217;elicottero del Suem, ha recuperato i 4 con il verricello, portandoli in sicurezza per accertamenti medici.<br \/>\nBELLUNO il nuovo Prefetto di Belluno, Dott. Antonello Roccoberton, ha visitato la sede dei Vigili del Fuoco di Via Col dal Ren. Accompagnato dal vice comandante Fabio Calore, ha incontrato il personale operativo e volontario, sindacati e associazioni dei Vigili del Fuoco<br \/>\nBELLUNO Sette percorsi cicloturistici per conoscere le eccellenze agroalimentari del territorio: nasce cos\u00ec la mappa degli Anelli verdi della Valbelluna.<\/p>\n<h2><span style=\"color: #ff0000;\"><strong>VIDEO\u00a0 \u00a0in diretta dalle 8 del mattino<\/strong><\/span><\/h2>\n<p>&nbsp;<\/p>\n<p>&nbsp;<\/p>\n<hr \/>\n<p>&nbsp;<\/p>\n<p>&nbsp;<\/p>\n<p><strong><a class=\"dt-pswp-item\" href=\"https:\/\/www.radiopiu.net\/wordpress\/wp-content\/uploads\/2023\/12\/ANTENNA.png\" data-dt-img-description=\"\" data-large_image_width=\"300\" data-large_image_height=\"166\"><img loading=\"lazy\" decoding=\"async\" class=\" wp-image-366306 alignleft\" src=\"https:\/\/www.radiopiu.net\/wordpress\/wp-content\/uploads\/2023\/12\/ANTENNA.png\" alt=\"\" width=\"175\" height=\"97\" \/><\/a>IERI SERA, DAL TG DI ANTENNA 3, ogni sera alle 19 le anticipazioni alla radio, quello che poi seguirete nel TELEGIORNALE BELLUNESE\u00a0 in onda alle 19.30 sul CANALE 10 del digitale terrestre.\u00a0\u00a0<\/strong><\/p>\n<p>&nbsp;<\/p>\n<p><span style=\"color: #ff0000;\"><strong>\u00a0IERI SERA ALLA RADIO&#8230; LE ANTICIPAZIONI DI\u00a0 tiziana bolognani<\/strong><\/span><\/p>\n<audio class=\"wp-audio-shortcode\" id=\"audio-403792-5\" preload=\"none\" style=\"width: 100%;\" controls=\"controls\"><source type=\"audio\/mpeg\" src=\"https:\/\/www.radiopiu.net\/wordpress\/wp-content\/uploads\/2024\/08\/ANTENNA3-5.mp3?_=5\" \/><a href=\"https:\/\/www.radiopiu.net\/wordpress\/wp-content\/uploads\/2024\/08\/ANTENNA3-5.mp3\">https:\/\/www.radiopiu.net\/wordpress\/wp-content\/uploads\/2024\/08\/ANTENNA3-5.mp3<\/a><\/audio>\n<p><span style=\"color: #ff0000;\"><strong>\u00a0<\/strong><\/span><\/p>\n<hr \/>\n<p>&nbsp;<\/p>\n<blockquote>\n<h3>OGGI LAVORI PROGRAMMATI ALLA RETE IDRICA DI AGORDO<\/h3>\n<\/blockquote>\n<p>Causa lavori alla rete idrica di Agordo, nelle vie Teto Piciol, Costa, Bries, V.lo 4 Novembre, Toccol, Cal De Le Mule e Pacifico Soccol \u00e8 prevista la chiusura dell&#8217;acqua acqua oggi dalle 8 alle 17 e comunque fino a FINE LAVORI<\/p>\n<p>&nbsp;<\/p>\n<p>&nbsp;<\/p>\n<hr \/>\n<p>&nbsp;<\/p>\n<blockquote>\n<h3>\u00a0I LAVORI SULLA STRADA DI TAIER A TAIBON<\/h3>\n<\/blockquote>\n<p><strong>TAIBON <\/strong>La chiusura della strada comunale di Taier: Divieto di transito per tutti i veicoli fino al 10 agosto alle 18. Senso unico alternato regolato a vista e\/o da movieri dal 10 agosto alle 18 fino al 27 settembre alle 18.00.<\/p>\n<p>&nbsp;<\/p>\n<p>&nbsp;<\/p>\n<hr \/>\n<p>&nbsp;<\/p>\n<blockquote>\n<h3>SASSI SULLA PROVINCIALE 8 DI SAN TOMASO, CHIUSA TRA CELAT ED AVOSCAN<\/h3>\n<\/blockquote>\n<p><strong>SAN TOMASO<\/strong> Conseguenze della violenta ondata di maltempo pomeridiano. Se tra Canale d&#8217;Agordo e Vallada sono caduti alberi tra Cencenighe e San Tomaso a finire sulla strada sono stati i sassi. Non si segnalano persone o mezzi coinvolti. Intanto Veneto strade ha comunicato che la SP 8 di San Tomaso \u00e8 stata chiusa tra le frazioni Celat ed Avoscan.<\/p>\n<p>&nbsp;<\/p>\n<p><strong>IL SINDACO DI SAN TOMASO MORENO DE VAL<\/strong><\/p>\n<audio class=\"wp-audio-shortcode\" id=\"audio-403792-6\" preload=\"none\" style=\"width: 100%;\" controls=\"controls\"><source type=\"audio\/mpeg\" src=\"https:\/\/www.radiopiu.net\/wordpress\/wp-content\/uploads\/2024\/08\/MORENO-DE-VAL.mp3?_=6\" \/><a href=\"https:\/\/www.radiopiu.net\/wordpress\/wp-content\/uploads\/2024\/08\/MORENO-DE-VAL.mp3\">https:\/\/www.radiopiu.net\/wordpress\/wp-content\/uploads\/2024\/08\/MORENO-DE-VAL.mp3<\/a><\/audio>\n<p>&nbsp;<\/p>\n<p>&nbsp;<\/p>\n\n\t\t\t<style type='text\/css'>\n\t\t\t\t#gallery-1 {\n\t\t\t\t\tmargin: auto;\n\t\t\t\t}\n\t\t\t\t#gallery-1 .gallery-item {\n\t\t\t\t\tfloat: left;\n\t\t\t\t\tmargin-top: 10px;\n\t\t\t\t\ttext-align: center;\n\t\t\t\t\twidth: 50%;\n\t\t\t\t}\n\t\t\t\t#gallery-1 img {\n\t\t\t\t\tborder: 2px solid #cfcfcf;\n\t\t\t\t}\n\t\t\t\t#gallery-1 .gallery-caption {\n\t\t\t\t\tmargin-left: 0;\n\t\t\t\t}\n\t\t\t\t\/* see gallery_shortcode() in wp-includes\/media.php *\/\n\t\t\t<\/style>\n\t\t<div id='gallery-1' class='dt-gallery-container gallery galleryid-403792 gallery-columns-2 gallery-size-thumbnail'><dl class='gallery-item'>\n\t\t\t\t<dt class='gallery-icon landscape'>\n\t\t\t\t\t<a class=\"rollover rollover-zoom dt-pswp-item\" title=\"Senza nome\" data-dt-img-description=\"\" data-large_image_width=\"705\" data-large_image_height=\"412\"href='https:\/\/www.radiopiu.net\/wordpress\/wp-content\/uploads\/2024\/08\/Senza-nome-22.png'><img loading=\"lazy\" decoding=\"async\" width=\"150\" height=\"150\" src=\"https:\/\/www.radiopiu.net\/wordpress\/wp-content\/uploads\/2024\/08\/Senza-nome-22-150x150.png\" class=\"attachment-thumbnail size-thumbnail\" alt=\"\" \/><\/a>\n\t\t\t\t<\/dt><\/dl><dl class='gallery-item'>\n\t\t\t\t<dt class='gallery-icon portrait'>\n\t\t\t\t\t<a class=\"rollover rollover-zoom dt-pswp-item\" title=\"e7264afa-93c7-4290-8b1e-d179140c33f2\" data-dt-img-description=\"\" data-large_image_width=\"720\" data-large_image_height=\"1280\"href='https:\/\/www.radiopiu.net\/wordpress\/wp-content\/uploads\/2024\/08\/e7264afa-93c7-4290-8b1e-d179140c33f2.jpg'><img loading=\"lazy\" decoding=\"async\" width=\"150\" height=\"150\" src=\"https:\/\/www.radiopiu.net\/wordpress\/wp-content\/uploads\/2024\/08\/e7264afa-93c7-4290-8b1e-d179140c33f2-150x150.jpg\" class=\"attachment-thumbnail size-thumbnail\" alt=\"\" \/><\/a>\n\t\t\t\t<\/dt><\/dl><br style=\"clear: both\" \/>\n\t\t\t<\/div>\n\n<p>&nbsp;<\/p>\n<p>&nbsp;<\/p>\n<p>&nbsp;<\/p>\n<hr \/>\n<blockquote>\n<h3><span style=\"color: #ff0000;\">ANNUNCIATA PER STAMANE LA RIAPERTURA DELLA SR 355<\/span><\/h3>\n<\/blockquote>\n<div id=\"articleContent\" class=\"mercuryWrapper\">\n<div class=\"mercuryScroller\">\n<div class=\"mercuryElement\">\n<div class=\"mercuryBox\">\n<div id=\"articlePlain\">\n<div class=\"articlePlainText\">\n<p><strong><strong><a class=\"dt-pswp-item\" href=\"https:\/\/www.radiopiu.net\/wordpress\/wp-content\/uploads\/2024\/08\/454470637_919332230235450_8816365496758587669_n.jpg\" data-dt-img-description=\"\" data-large_image_width=\"581\" data-large_image_height=\"600\"><img loading=\"lazy\" decoding=\"async\" class=\" wp-image-403908 alignleft\" src=\"https:\/\/www.radiopiu.net\/wordpress\/wp-content\/uploads\/2024\/08\/454470637_919332230235450_8816365496758587669_n-291x300.jpg\" alt=\"\" width=\"206\" height=\"212\" srcset=\"https:\/\/www.radiopiu.net\/wordpress\/wp-content\/uploads\/2024\/08\/454470637_919332230235450_8816365496758587669_n-291x300.jpg 291w, https:\/\/www.radiopiu.net\/wordpress\/wp-content\/uploads\/2024\/08\/454470637_919332230235450_8816365496758587669_n.jpg 581w\" sizes=\"auto, (max-width: 206px) 100vw, 206px\" \/><\/a>Comelico in ginocchio per\u00a0 il nubifragio che si \u00e8 scatenato nella serata di marted\u00ec. Numerosi smottamenti lungo la viabilit\u00e0 comunale e di collegamento con il Friuli. Restano chiuse tre importanti strade: la Sr 355 della Val Degano in localit\u00e0 Acquatona, la Sp 30 Panoramica del Comelico, fra le localit\u00e0 Costa e Costalissoio e, in Friuli, la regionale 465 dell&#8217;Alta Val Pesarina.<\/strong><\/strong><\/p>\n<p>&nbsp;<\/p>\n<div class=\"flex flex-grow flex-col max-w-full\">\n<div class=\"min-h-[20px] text-message flex w-full flex-col items-end gap-2 whitespace-pre-wrap break-words [.text-message+&amp;]:mt-5 overflow-x-auto\" dir=\"auto\" data-message-author-role=\"assistant\" data-message-id=\"a819c988-065b-4eff-beaa-41581cad2824\">\n<div class=\"flex w-full flex-col gap-1 empty:hidden first:pt-[3px]\">\n<div class=\"markdown prose w-full break-words dark:prose-invert dark\">\n<p><strong>Un fulmine ha colpito il campanile della chiesa di Padola, fermando l&#8217;orologio alle 22.55 e danneggiando l&#8217;impianto elettrico e la sacrestia, invasa dal fumo. Fortunatamente, non si \u00e8 verificato un incendio. La chiesa \u00e8 ora inagibile e le celebrazioni si terranno temporaneamente altrove. Anche la chiesa di Candide ha subito danni per infiltrazioni d&#8217;acqua.\u00a0<\/strong><\/p>\n<\/div>\n<\/div>\n<\/div>\n<\/div>\n<div class=\"mt-1 flex gap-3 empty:hidden -ml-2\">\n<div class=\"items-center justify-start rounded-xl p-1 flex\">\n<div class=\"flex items-center\">\n<div class=\"flex items-center pb-0\">\n<div class=\"[&amp;_svg]:h-full [&amp;_svg]:w-full icon-md h-4 w-4\">\n<div class=\"articlePlainText\"><strong>Sappada per mezz&#8217;ora\u00a0 \u00e8 rimasta senza corrente elettrica, \u00a0sospesa\u00a0 per la sicurezza degli operatori di Fvg Strade, vista la presenza nel luogo del loro intervento, di un&#8217;importante linea elettrica che avrebbe potuto rappresentare un pericolo.\u00a0\u00a0<\/strong><\/div>\n<div><\/div>\n<div><\/div>\n<div>\n<hr \/>\n<\/div>\n<div>\n<blockquote>\n<h3><\/h3>\n<h3>MALTEMPO IN COMELICO, LA VICINANZA DELLA PROVINCIA<\/h3>\n<\/blockquote>\n<p><strong><a class=\"dt-pswp-item\" href=\"https:\/\/www.radiopiu.net\/wordpress\/wp-content\/uploads\/2024\/08\/454586408_10225865407807452_8891494210359777560_n.jpg\" data-dt-img-description=\"\" data-large_image_width=\"600\" data-large_image_height=\"270\"><img loading=\"lazy\" decoding=\"async\" class=\" wp-image-403847 alignleft\" src=\"https:\/\/www.radiopiu.net\/wordpress\/wp-content\/uploads\/2024\/08\/454586408_10225865407807452_8891494210359777560_n-300x135.jpg\" alt=\"\" width=\"196\" height=\"88\" srcset=\"https:\/\/www.radiopiu.net\/wordpress\/wp-content\/uploads\/2024\/08\/454586408_10225865407807452_8891494210359777560_n-300x135.jpg 300w, https:\/\/www.radiopiu.net\/wordpress\/wp-content\/uploads\/2024\/08\/454586408_10225865407807452_8891494210359777560_n.jpg 600w\" sizes=\"auto, (max-width: 196px) 100vw, 196px\" \/><\/a>BELLUNO <\/strong>La Provincia supporta i Comuni del Comelico colpiti dal maltempo della scorsa notte, con la struttura della Difesa del Suolo pronta ad intervenire. Il consigliere provinciale Massimo Bortoluzzi ha contattato i sindaci delle zone colpite per valutare la situazione. Una grande quantit\u00e0 di pioggia ha causato il crollo di tombotti, il tilt della rete idraulica e smottamenti, isolando parzialmente alcune aree. Veneto Strade \u00e8 gi\u00e0 al lavoro per liberare le strade. Bortoluzzi ha sottolineato la necessit\u00e0 di riflettere sulla sicurezza idraulica e ha assicurato supporto provinciale per sopralluoghi e analisi. La Provincia ha stanziato ulteriori risorse per emergenze legate al maltempo.<\/p>\n<p><strong>PER LE TRE RADIO BARBARA PAOLAZZI<\/strong><\/p>\n<audio class=\"wp-audio-shortcode\" id=\"audio-403792-7\" preload=\"none\" style=\"width: 100%;\" controls=\"controls\"><source type=\"audio\/mpeg\" src=\"https:\/\/www.radiopiu.net\/wordpress\/wp-content\/uploads\/2024\/08\/PAOLAZZI-STRADA-COMELICO.mp3?_=7\" \/><a href=\"https:\/\/www.radiopiu.net\/wordpress\/wp-content\/uploads\/2024\/08\/PAOLAZZI-STRADA-COMELICO.mp3\">https:\/\/www.radiopiu.net\/wordpress\/wp-content\/uploads\/2024\/08\/PAOLAZZI-STRADA-COMELICO.mp3<\/a><\/audio>\n<p>&nbsp;<\/p>\n<hr \/>\n<blockquote>\n<h3 class=\"_title post-title entry-title\"><\/h3>\n<h3 class=\"_title post-title entry-title\">MALTEMPO: FRANE IN COMELICO, DISAGI A CASCATA SU STRADE E ACQUEDOTTO<\/h3>\n<\/blockquote>\n<p>(Servizio di\u00a0<a href=\"https:\/\/antennatre.medianordest.it\/redazione\/Tiziana-Bolognani\/\">Tiziana Bolognani<\/a>)<\/p>\n<\/div>\n<div>\n<p><iframe loading=\"lazy\" title=\"MALTEMPO: FRANE IN COMELICO, DISAGI A CASCATA SU STRADE E ACQUEDOTTO | 07\/08\/2024\" width=\"1200\" height=\"675\" src=\"https:\/\/www.youtube.com\/embed\/mBMavWiplzo?feature=oembed\" frameborder=\"0\" allow=\"accelerometer; autoplay; clipboard-write; encrypted-media; gyroscope; picture-in-picture; web-share\" referrerpolicy=\"strict-origin-when-cross-origin\" allowfullscreen><\/iframe><\/p>\n<\/div>\n<div><\/div>\n<div>\n<hr \/>\n<\/div>\n<div><\/div>\n<\/div>\n<\/div>\n<\/div>\n<\/div>\n<\/div>\n<\/div>\n<\/div>\n<\/div>\n<\/div>\n<\/div>\n<\/div>\n<blockquote>\n<h2 class=\"entry-title\"><a class=\"dt-pswp-item\" href=\"https:\/\/www.radiopiu.net\/wordpress\/wp-content\/uploads\/2024\/08\/bc4d0826-9de3-4f00-bab9-de9a742daeab.jpg\" data-dt-img-description=\"\" data-large_image_width=\"1600\" data-large_image_height=\"1200\"><img loading=\"lazy\" decoding=\"async\" class=\" wp-image-404041 alignleft\" src=\"https:\/\/www.radiopiu.net\/wordpress\/wp-content\/uploads\/2024\/08\/bc4d0826-9de3-4f00-bab9-de9a742daeab-300x225.jpg\" alt=\"\" width=\"187\" height=\"140\" srcset=\"https:\/\/www.radiopiu.net\/wordpress\/wp-content\/uploads\/2024\/08\/bc4d0826-9de3-4f00-bab9-de9a742daeab-300x225.jpg 300w, https:\/\/www.radiopiu.net\/wordpress\/wp-content\/uploads\/2024\/08\/bc4d0826-9de3-4f00-bab9-de9a742daeab-1024x768.jpg 1024w, https:\/\/www.radiopiu.net\/wordpress\/wp-content\/uploads\/2024\/08\/bc4d0826-9de3-4f00-bab9-de9a742daeab-768x576.jpg 768w, https:\/\/www.radiopiu.net\/wordpress\/wp-content\/uploads\/2024\/08\/bc4d0826-9de3-4f00-bab9-de9a742daeab-1536x1152.jpg 1536w, https:\/\/www.radiopiu.net\/wordpress\/wp-content\/uploads\/2024\/08\/bc4d0826-9de3-4f00-bab9-de9a742daeab.jpg 1600w\" sizes=\"auto, (max-width: 187px) 100vw, 187px\" \/><\/a>ALBERI IN STRADA A LA MORA, L\u2019INTERVENTO DEI VIGILI DEL FUOCO<\/h2>\n<\/blockquote>\n<p><strong>REDAZIONE<\/strong> Fulmini e pioggia torrenziale, forte temporale in Valle del Biois ieri poco prima delle 17. Segnalati rallentamenti lungo la strada regionale Cencenighe-Falcade e lungo la 203 tra Avoscan e Alleghe. Alberi in strada tra Canale d\u2019Agordo e Caviola, con l&#8217;intervento dei Vigili del Fuoco per rimuovere le piante<\/p>\n<p>&nbsp;<\/p>\n<p>&nbsp;<\/p>\n<p>&nbsp;<\/p>\n<hr \/>\n<h3>Elvi Sommacal, il cordoglio di Limana<\/h3>\n<p><a class=\"dt-pswp-item\" href=\"https:\/\/www.radiopiu.net\/wordpress\/wp-content\/uploads\/2024\/07\/Senza-nome-122.png\" data-dt-img-description=\"\" data-large_image_width=\"263\" data-large_image_height=\"298\"><img loading=\"lazy\" decoding=\"async\" class=\"wp-image-402244 alignleft\" src=\"https:\/\/www.radiopiu.net\/wordpress\/wp-content\/uploads\/2024\/07\/Senza-nome-122.png\" alt=\"\" width=\"103\" height=\"117\" \/><\/a>I funerali di Elvi Sommacal, 55 anni, si terranno sabato 10 agosto alle 10.30 presso il campo sportivo Valmorel. L&#8217;elettricista, amato dalla comunit\u00e0 per il suo impegno nella Pro Loco di Limana, \u00e8 deceduto improvvisamente per un presunto embolo polmonare. La Procura di Belluno ha avviato un&#8217;indagine e disposto l&#8217;autopsia per chiarire se l\u2019assenza di eparina nella terapia assegnata dall\u2019ospedale San Martino di Belluno abbia contribuito alla tragedia. La comunit\u00e0 si stringe attorno alla moglie Mina e ai figli Rayan e Maria.<\/p>\n<p>&nbsp;<\/p>\n<hr \/>\n<p>&nbsp;<\/p>\n<blockquote>\n<h3>Giorgio Zasio, Storico Mastro Birraio e Pioniere del Settore<\/h3>\n<\/blockquote>\n<p><a class=\"dt-pswp-item\" href=\"https:\/\/www.radiopiu.net\/wordpress\/wp-content\/uploads\/2024\/08\/Senza-nome-23.png\" data-dt-img-description=\"\" data-large_image_width=\"178\" data-large_image_height=\"220\"><img loading=\"lazy\" decoding=\"async\" class=\" wp-image-404100 alignleft\" src=\"https:\/\/www.radiopiu.net\/wordpress\/wp-content\/uploads\/2024\/08\/Senza-nome-23.png\" alt=\"\" width=\"152\" height=\"188\" \/><\/a><strong>FELTRE<\/strong> Giorgio Zasio, leggendario mastro birraio di Pedavena, \u00e8 scomparso a 82 anni. Fu protagonista della rinascita della Nastro Azzurro e figura chiave del gruppo Peroni. Con una carriera straordinaria che ha spaziato dalla produzione al management. I funerali si terranno domani alle 16 nella chiesa di Farra a Feltre. Con un passato ricco di successi, incluso il rilancio della Nastro Azzurro nei pub inglesi, Zasio ha mantenuto forti legami con la sua citt\u00e0 natale, Feltre. Anche dopo essersi trasferito a Roma.<\/p>\n<p>&nbsp;<\/p>\n<p>&nbsp;<\/p>\n<p>&nbsp;<\/p>\n<p>&nbsp;<\/p>\n<hr \/>\n<p>&nbsp;<\/p>\n<blockquote>\n<h3 class=\"entry-title\">BLOCCATA SUI SALTI DI ROCCIA E SPAVENTATI DAL TEMPORALE<\/h3>\n<\/blockquote>\n<p><a class=\"dt-pswp-item\" href=\"https:\/\/www.radiopiu.net\/wordpress\/wp-content\/uploads\/2023\/09\/447b5398-6730-4e17-aafb-a19aec8341de.jpg\" data-dt-img-description=\"\" data-large_image_width=\"1600\" data-large_image_height=\"737\"><img loading=\"lazy\" decoding=\"async\" class=\" wp-image-351364 alignleft\" src=\"https:\/\/www.radiopiu.net\/wordpress\/wp-content\/uploads\/2023\/09\/447b5398-6730-4e17-aafb-a19aec8341de-300x138.jpg\" alt=\"\" width=\"183\" height=\"84\" srcset=\"https:\/\/www.radiopiu.net\/wordpress\/wp-content\/uploads\/2023\/09\/447b5398-6730-4e17-aafb-a19aec8341de-300x138.jpg 300w, https:\/\/www.radiopiu.net\/wordpress\/wp-content\/uploads\/2023\/09\/447b5398-6730-4e17-aafb-a19aec8341de-1024x472.jpg 1024w, https:\/\/www.radiopiu.net\/wordpress\/wp-content\/uploads\/2023\/09\/447b5398-6730-4e17-aafb-a19aec8341de-768x354.jpg 768w, https:\/\/www.radiopiu.net\/wordpress\/wp-content\/uploads\/2023\/09\/447b5398-6730-4e17-aafb-a19aec8341de-1536x708.jpg 1536w, https:\/\/www.radiopiu.net\/wordpress\/wp-content\/uploads\/2023\/09\/447b5398-6730-4e17-aafb-a19aec8341de.jpg 1600w\" sizes=\"auto, (max-width: 183px) 100vw, 183px\" \/><\/a><strong>ROCCA PIETORE<\/strong> una 68enne triestina si \u00e8 persa dopo essere uscita fuori sentiero durante un&#8217;escursione da Baita dei Lof a Malga Laste. Scendendo ha incontrato una vecchia frana che rendeva il passaggio esposto e, cercando un percorso alternativo, si \u00e8 smarrita. Il Soccorso alpino della Val Pettorina l&#8217;ha trovata seguendo la traccia GPS, riportandola sul sentiero e aiutandola a superare il punto esposto con una corda fissa, accompagnandola poi alla malga.<\/p>\n<p><strong>AURONZO\u00a0<\/strong> quattro escursionisti francesi hanno lanciato l&#8217;allarme da Forcella Ciadin per l&#8217;arrivo di un temporale. Partiti dal Rifugio Carpi, sono rimasti bloccati dal maltempo. Il Soccorso alpino di Auronzo, con l&#8217;elicottero del Suem, ha recuperato i 4 con il verricello, portandoli in sicurezza per accertamenti medici.<\/p>\n<p>&nbsp;<\/p>\n<p>&nbsp;<\/p>\n<hr \/>\n<p>&nbsp;<\/p>\n<blockquote>\n<h3>SOCCORSI CON L\u2019ELICOTTERO DUE CAVALLI FINITI IN UN DIRUPO<\/h3>\n<\/blockquote>\n<p><strong>FALCADE\u00a0<\/strong> Recuperati con l\u2019elicottero del reparto volo di Venezia. Ad essere soccorsi stamattina dai vigili del fuoco, sono stati due cavalli caduti ieri in dirupo in localit\u00e0 Col Becher da Forca Rossa. Entrambi i cavalli sono stati sedati e trasportati a valle in prossimit\u00e0 dell&#8217;abitato di Caviola. In supporto a terra una squadra del comando provinciale di Belluno.<\/p>\n<div style=\"width: 848px;\" class=\"wp-video\"><video class=\"wp-video-shortcode\" id=\"video-403792-1\" width=\"848\" height=\"478\" preload=\"metadata\" controls=\"controls\"><source type=\"video\/mp4\" src=\"https:\/\/www.radiopiu.net\/wordpress\/wp-content\/uploads\/2024\/08\/WhatsApp-Video-2024-08-07-at-15.53.28.mp4?_=1\" \/><a href=\"https:\/\/www.radiopiu.net\/wordpress\/wp-content\/uploads\/2024\/08\/WhatsApp-Video-2024-08-07-at-15.53.28.mp4\">https:\/\/www.radiopiu.net\/wordpress\/wp-content\/uploads\/2024\/08\/WhatsApp-Video-2024-08-07-at-15.53.28.mp4<\/a><\/video><\/div>\n<p>&nbsp;<\/p>\n<p><strong>grazie a<\/strong> Piergiorgio, Stefano, Diego e Duilio, Antonella, Mauro<\/p>\n\n\t\t\t<style type='text\/css'>\n\t\t\t\t#gallery-2 {\n\t\t\t\t\tmargin: auto;\n\t\t\t\t}\n\t\t\t\t#gallery-2 .gallery-item {\n\t\t\t\t\tfloat: left;\n\t\t\t\t\tmargin-top: 10px;\n\t\t\t\t\ttext-align: center;\n\t\t\t\t\twidth: 20%;\n\t\t\t\t}\n\t\t\t\t#gallery-2 img {\n\t\t\t\t\tborder: 2px solid #cfcfcf;\n\t\t\t\t}\n\t\t\t\t#gallery-2 .gallery-caption {\n\t\t\t\t\tmargin-left: 0;\n\t\t\t\t}\n\t\t\t\t\/* see gallery_shortcode() in wp-includes\/media.php *\/\n\t\t\t<\/style>\n\t\t<div id='gallery-2' class='dt-gallery-container gallery galleryid-403792 gallery-columns-5 gallery-size-thumbnail'><dl class='gallery-item'>\n\t\t\t\t<dt class='gallery-icon portrait'>\n\t\t\t\t\t<a class=\"rollover rollover-zoom dt-pswp-item\" title=\"faeb2967-1932-49a8-baad-dead476d28d2\" data-dt-img-description=\"\" data-large_image_width=\"1204\" data-large_image_height=\"1600\"href='https:\/\/www.radiopiu.net\/wordpress\/wp-content\/uploads\/2024\/08\/faeb2967-1932-49a8-baad-dead476d28d2.jpg'><img loading=\"lazy\" decoding=\"async\" width=\"150\" height=\"150\" src=\"https:\/\/www.radiopiu.net\/wordpress\/wp-content\/uploads\/2024\/08\/faeb2967-1932-49a8-baad-dead476d28d2-150x150.jpg\" class=\"attachment-thumbnail size-thumbnail\" alt=\"\" \/><\/a>\n\t\t\t\t<\/dt><\/dl><dl class='gallery-item'>\n\t\t\t\t<dt class='gallery-icon landscape'>\n\t\t\t\t\t<a class=\"rollover rollover-zoom dt-pswp-item\" title=\"2444a6bd-c75a-499e-88b0-6b79b143e894\" data-dt-img-description=\"\" data-large_image_width=\"1600\" data-large_image_height=\"888\"href='https:\/\/www.radiopiu.net\/wordpress\/wp-content\/uploads\/2024\/08\/2444a6bd-c75a-499e-88b0-6b79b143e894.jpg'><img loading=\"lazy\" decoding=\"async\" width=\"150\" height=\"150\" src=\"https:\/\/www.radiopiu.net\/wordpress\/wp-content\/uploads\/2024\/08\/2444a6bd-c75a-499e-88b0-6b79b143e894-150x150.jpg\" class=\"attachment-thumbnail size-thumbnail\" alt=\"\" \/><\/a>\n\t\t\t\t<\/dt><\/dl><dl class='gallery-item'>\n\t\t\t\t<dt class='gallery-icon landscape'>\n\t\t\t\t\t<a class=\"rollover rollover-zoom dt-pswp-item\" title=\"f23e9694-e620-4e64-8d21-1571eb4a3886\" data-dt-img-description=\"\" data-large_image_width=\"1600\" data-large_image_height=\"1200\"href='https:\/\/www.radiopiu.net\/wordpress\/wp-content\/uploads\/2024\/08\/f23e9694-e620-4e64-8d21-1571eb4a3886.jpg'><img loading=\"lazy\" decoding=\"async\" width=\"150\" height=\"150\" src=\"https:\/\/www.radiopiu.net\/wordpress\/wp-content\/uploads\/2024\/08\/f23e9694-e620-4e64-8d21-1571eb4a3886-150x150.jpg\" class=\"attachment-thumbnail size-thumbnail\" alt=\"\" \/><\/a>\n\t\t\t\t<\/dt><\/dl><dl class='gallery-item'>\n\t\t\t\t<dt class='gallery-icon landscape'>\n\t\t\t\t\t<a class=\"rollover rollover-zoom dt-pswp-item\" title=\"892e01f4-f840-4d7f-9f24-1ac5bd54b294\" data-dt-img-description=\"\" data-large_image_width=\"1600\" data-large_image_height=\"888\"href='https:\/\/www.radiopiu.net\/wordpress\/wp-content\/uploads\/2024\/08\/892e01f4-f840-4d7f-9f24-1ac5bd54b294.jpg'><img loading=\"lazy\" decoding=\"async\" width=\"150\" height=\"150\" src=\"https:\/\/www.radiopiu.net\/wordpress\/wp-content\/uploads\/2024\/08\/892e01f4-f840-4d7f-9f24-1ac5bd54b294-150x150.jpg\" class=\"attachment-thumbnail size-thumbnail\" alt=\"\" \/><\/a>\n\t\t\t\t<\/dt><\/dl><dl class='gallery-item'>\n\t\t\t\t<dt class='gallery-icon landscape'>\n\t\t\t\t\t<a class=\"rollover rollover-zoom dt-pswp-item\" title=\"drago (3)\" data-dt-img-description=\"\" data-large_image_width=\"2048\" data-large_image_height=\"1536\"href='https:\/\/www.radiopiu.net\/wordpress\/wp-content\/uploads\/2024\/08\/drago-3.jpg'><img loading=\"lazy\" decoding=\"async\" width=\"150\" height=\"150\" src=\"https:\/\/www.radiopiu.net\/wordpress\/wp-content\/uploads\/2024\/08\/drago-3-150x150.jpg\" class=\"attachment-thumbnail size-thumbnail\" alt=\"\" \/><\/a>\n\t\t\t\t<\/dt><\/dl><br style=\"clear: both\" \/><dl class='gallery-item'>\n\t\t\t\t<dt class='gallery-icon landscape'>\n\t\t\t\t\t<a class=\"rollover rollover-zoom dt-pswp-item\" title=\"c1e4bdaa-2f42-4f52-91e7-dec68d9d8784\" data-dt-img-description=\"\" data-large_image_width=\"1600\" data-large_image_height=\"900\"href='https:\/\/www.radiopiu.net\/wordpress\/wp-content\/uploads\/2024\/08\/c1e4bdaa-2f42-4f52-91e7-dec68d9d8784-1.jpg'><img loading=\"lazy\" decoding=\"async\" width=\"150\" height=\"150\" src=\"https:\/\/www.radiopiu.net\/wordpress\/wp-content\/uploads\/2024\/08\/c1e4bdaa-2f42-4f52-91e7-dec68d9d8784-1-150x150.jpg\" class=\"attachment-thumbnail size-thumbnail\" alt=\"\" \/><\/a>\n\t\t\t\t<\/dt><\/dl><dl class='gallery-item'>\n\t\t\t\t<dt class='gallery-icon portrait'>\n\t\t\t\t\t<a class=\"rollover rollover-zoom dt-pswp-item\" title=\"9b460a04-1069-40f8-8a48-f5fe328f264c\" data-dt-img-description=\"\" data-large_image_width=\"1204\" data-large_image_height=\"1600\"href='https:\/\/www.radiopiu.net\/wordpress\/wp-content\/uploads\/2024\/08\/9b460a04-1069-40f8-8a48-f5fe328f264c.jpg'><img loading=\"lazy\" decoding=\"async\" width=\"150\" height=\"150\" src=\"https:\/\/www.radiopiu.net\/wordpress\/wp-content\/uploads\/2024\/08\/9b460a04-1069-40f8-8a48-f5fe328f264c-150x150.jpg\" class=\"attachment-thumbnail size-thumbnail\" alt=\"\" \/><\/a>\n\t\t\t\t<\/dt><\/dl><dl class='gallery-item'>\n\t\t\t\t<dt class='gallery-icon portrait'>\n\t\t\t\t\t<a class=\"rollover rollover-zoom dt-pswp-item\" title=\"607f00b7-7ef9-4e59-b1d1-00ae5e52060b\" data-dt-img-description=\"\" data-large_image_width=\"1204\" data-large_image_height=\"1600\"href='https:\/\/www.radiopiu.net\/wordpress\/wp-content\/uploads\/2024\/08\/607f00b7-7ef9-4e59-b1d1-00ae5e52060b.jpg'><img loading=\"lazy\" decoding=\"async\" width=\"150\" height=\"150\" src=\"https:\/\/www.radiopiu.net\/wordpress\/wp-content\/uploads\/2024\/08\/607f00b7-7ef9-4e59-b1d1-00ae5e52060b-150x150.jpg\" class=\"attachment-thumbnail size-thumbnail\" alt=\"\" \/><\/a>\n\t\t\t\t<\/dt><\/dl><dl class='gallery-item'>\n\t\t\t\t<dt class='gallery-icon portrait'>\n\t\t\t\t\t<a class=\"rollover rollover-zoom dt-pswp-item\" title=\"c10289f8-e70e-4197-9c51-7942777d6a98\" data-dt-img-description=\"\" data-large_image_width=\"1204\" data-large_image_height=\"1600\"href='https:\/\/www.radiopiu.net\/wordpress\/wp-content\/uploads\/2024\/08\/c10289f8-e70e-4197-9c51-7942777d6a98.jpg'><img loading=\"lazy\" decoding=\"async\" width=\"150\" height=\"150\" src=\"https:\/\/www.radiopiu.net\/wordpress\/wp-content\/uploads\/2024\/08\/c10289f8-e70e-4197-9c51-7942777d6a98-150x150.jpg\" class=\"attachment-thumbnail size-thumbnail\" alt=\"\" \/><\/a>\n\t\t\t\t<\/dt><\/dl><dl class='gallery-item'>\n\t\t\t\t<dt class='gallery-icon portrait'>\n\t\t\t\t\t<a class=\"rollover rollover-zoom dt-pswp-item\" title=\"fcee4183-99ab-499b-9b0c-6ef8a1776872\" data-dt-img-description=\"\" data-large_image_width=\"900\" data-large_image_height=\"1600\"href='https:\/\/www.radiopiu.net\/wordpress\/wp-content\/uploads\/2024\/08\/fcee4183-99ab-499b-9b0c-6ef8a1776872-1.jpg'><img loading=\"lazy\" decoding=\"async\" width=\"150\" height=\"150\" src=\"https:\/\/www.radiopiu.net\/wordpress\/wp-content\/uploads\/2024\/08\/fcee4183-99ab-499b-9b0c-6ef8a1776872-1-150x150.jpg\" class=\"attachment-thumbnail size-thumbnail\" alt=\"\" \/><\/a>\n\t\t\t\t<\/dt><\/dl><br style=\"clear: both\" \/><dl class='gallery-item'>\n\t\t\t\t<dt class='gallery-icon portrait'>\n\t\t\t\t\t<a class=\"rollover rollover-zoom dt-pswp-item\" title=\"64cadaa7-480a-4739-b2f2-f27cf01843e5\" data-dt-img-description=\"\" data-large_image_width=\"1204\" data-large_image_height=\"1600\"href='https:\/\/www.radiopiu.net\/wordpress\/wp-content\/uploads\/2024\/08\/64cadaa7-480a-4739-b2f2-f27cf01843e5.jpg'><img loading=\"lazy\" decoding=\"async\" width=\"150\" height=\"150\" src=\"https:\/\/www.radiopiu.net\/wordpress\/wp-content\/uploads\/2024\/08\/64cadaa7-480a-4739-b2f2-f27cf01843e5-150x150.jpg\" class=\"attachment-thumbnail size-thumbnail\" alt=\"\" \/><\/a>\n\t\t\t\t<\/dt><\/dl><dl class='gallery-item'>\n\t\t\t\t<dt class='gallery-icon portrait'>\n\t\t\t\t\t<a class=\"rollover rollover-zoom dt-pswp-item\" title=\"ab20fa45-2bbc-495f-ae8a-c95ea37db8bc\" data-dt-img-description=\"\" data-large_image_width=\"789\" data-large_image_height=\"1600\"href='https:\/\/www.radiopiu.net\/wordpress\/wp-content\/uploads\/2024\/08\/ab20fa45-2bbc-495f-ae8a-c95ea37db8bc-1.jpg'><img loading=\"lazy\" decoding=\"async\" width=\"150\" height=\"150\" src=\"https:\/\/www.radiopiu.net\/wordpress\/wp-content\/uploads\/2024\/08\/ab20fa45-2bbc-495f-ae8a-c95ea37db8bc-1-150x150.jpg\" class=\"attachment-thumbnail size-thumbnail\" alt=\"\" \/><\/a>\n\t\t\t\t<\/dt><\/dl><dl class='gallery-item'>\n\t\t\t\t<dt class='gallery-icon portrait'>\n\t\t\t\t\t<a class=\"rollover rollover-zoom dt-pswp-item\" title=\"996f0cdb-f280-470c-b6f1-86a72466bad2\" data-dt-img-description=\"\" data-large_image_width=\"1200\" data-large_image_height=\"1600\"href='https:\/\/www.radiopiu.net\/wordpress\/wp-content\/uploads\/2024\/08\/996f0cdb-f280-470c-b6f1-86a72466bad2.jpg'><img loading=\"lazy\" decoding=\"async\" width=\"150\" height=\"150\" src=\"https:\/\/www.radiopiu.net\/wordpress\/wp-content\/uploads\/2024\/08\/996f0cdb-f280-470c-b6f1-86a72466bad2-150x150.jpg\" class=\"attachment-thumbnail size-thumbnail\" alt=\"\" \/><\/a>\n\t\t\t\t<\/dt><\/dl><dl class='gallery-item'>\n\t\t\t\t<dt class='gallery-icon landscape'>\n\t\t\t\t\t<a class=\"rollover rollover-zoom dt-pswp-item\" title=\"285b0d69-42e7-4d71-bfb9-db94fdf37ad5\" data-dt-img-description=\"\" data-large_image_width=\"1600\" data-large_image_height=\"1200\"href='https:\/\/www.radiopiu.net\/wordpress\/wp-content\/uploads\/2024\/08\/285b0d69-42e7-4d71-bfb9-db94fdf37ad5.jpg'><img loading=\"lazy\" decoding=\"async\" width=\"150\" height=\"150\" src=\"https:\/\/www.radiopiu.net\/wordpress\/wp-content\/uploads\/2024\/08\/285b0d69-42e7-4d71-bfb9-db94fdf37ad5-150x150.jpg\" class=\"attachment-thumbnail size-thumbnail\" alt=\"\" \/><\/a>\n\t\t\t\t<\/dt><\/dl><dl class='gallery-item'>\n\t\t\t\t<dt class='gallery-icon portrait'>\n\t\t\t\t\t<a class=\"rollover rollover-zoom dt-pswp-item\" title=\"dd0c85d0-4e29-4dac-b58d-31dd78c1c222\" data-dt-img-description=\"\" data-large_image_width=\"1200\" data-large_image_height=\"1600\"href='https:\/\/www.radiopiu.net\/wordpress\/wp-content\/uploads\/2024\/08\/dd0c85d0-4e29-4dac-b58d-31dd78c1c222.jpg'><img loading=\"lazy\" decoding=\"async\" width=\"150\" height=\"150\" src=\"https:\/\/www.radiopiu.net\/wordpress\/wp-content\/uploads\/2024\/08\/dd0c85d0-4e29-4dac-b58d-31dd78c1c222-150x150.jpg\" class=\"attachment-thumbnail size-thumbnail\" alt=\"\" \/><\/a>\n\t\t\t\t<\/dt><\/dl><br style=\"clear: both\" \/><dl class='gallery-item'>\n\t\t\t\t<dt class='gallery-icon landscape'>\n\t\t\t\t\t<a class=\"rollover rollover-zoom dt-pswp-item\" title=\"7c9901aa-5554-445d-8bee-2be60a98fec8\" data-dt-img-description=\"\" data-large_image_width=\"1600\" data-large_image_height=\"1200\"href='https:\/\/www.radiopiu.net\/wordpress\/wp-content\/uploads\/2024\/08\/7c9901aa-5554-445d-8bee-2be60a98fec8.jpg'><img loading=\"lazy\" decoding=\"async\" width=\"150\" height=\"150\" src=\"https:\/\/www.radiopiu.net\/wordpress\/wp-content\/uploads\/2024\/08\/7c9901aa-5554-445d-8bee-2be60a98fec8-150x150.jpg\" class=\"attachment-thumbnail size-thumbnail\" alt=\"\" \/><\/a>\n\t\t\t\t<\/dt><\/dl><dl class='gallery-item'>\n\t\t\t\t<dt class='gallery-icon landscape'>\n\t\t\t\t\t<a class=\"rollover rollover-zoom dt-pswp-item\" title=\"e967d663-afff-4d1c-aa59-1c2d28d3dd4a\" data-dt-img-description=\"\" data-large_image_width=\"1600\" data-large_image_height=\"1200\"href='https:\/\/www.radiopiu.net\/wordpress\/wp-content\/uploads\/2024\/08\/e967d663-afff-4d1c-aa59-1c2d28d3dd4a.jpg'><img loading=\"lazy\" decoding=\"async\" width=\"150\" height=\"150\" src=\"https:\/\/www.radiopiu.net\/wordpress\/wp-content\/uploads\/2024\/08\/e967d663-afff-4d1c-aa59-1c2d28d3dd4a-150x150.jpg\" class=\"attachment-thumbnail size-thumbnail\" alt=\"\" \/><\/a>\n\t\t\t\t<\/dt><\/dl><dl class='gallery-item'>\n\t\t\t\t<dt class='gallery-icon landscape'>\n\t\t\t\t\t<a class=\"rollover rollover-zoom dt-pswp-item\" title=\"drago (2)\" data-dt-img-description=\"\" data-large_image_width=\"2048\" data-large_image_height=\"1536\"href='https:\/\/www.radiopiu.net\/wordpress\/wp-content\/uploads\/2024\/08\/drago-2.jpg'><img loading=\"lazy\" decoding=\"async\" width=\"150\" height=\"150\" src=\"https:\/\/www.radiopiu.net\/wordpress\/wp-content\/uploads\/2024\/08\/drago-2-150x150.jpg\" class=\"attachment-thumbnail size-thumbnail\" alt=\"\" \/><\/a>\n\t\t\t\t<\/dt><\/dl><dl class='gallery-item'>\n\t\t\t\t<dt class='gallery-icon landscape'>\n\t\t\t\t\t<a class=\"rollover rollover-zoom dt-pswp-item\" title=\"drago (1)\" data-dt-img-description=\"\" data-large_image_width=\"2048\" data-large_image_height=\"1536\"href='https:\/\/www.radiopiu.net\/wordpress\/wp-content\/uploads\/2024\/08\/drago-1.jpg'><img loading=\"lazy\" decoding=\"async\" width=\"150\" height=\"150\" src=\"https:\/\/www.radiopiu.net\/wordpress\/wp-content\/uploads\/2024\/08\/drago-1-150x150.jpg\" class=\"attachment-thumbnail size-thumbnail\" alt=\"\" \/><\/a>\n\t\t\t\t<\/dt><\/dl><dl class='gallery-item'>\n\t\t\t\t<dt class='gallery-icon portrait'>\n\t\t\t\t\t<a class=\"rollover rollover-zoom dt-pswp-item\" title=\"f8e07bc8-88d6-4034-8f67-3ea996ae5f7e\" data-dt-img-description=\"\" data-large_image_width=\"1200\" data-large_image_height=\"1600\"href='https:\/\/www.radiopiu.net\/wordpress\/wp-content\/uploads\/2024\/08\/f8e07bc8-88d6-4034-8f67-3ea996ae5f7e.jpg'><img loading=\"lazy\" decoding=\"async\" width=\"150\" height=\"150\" src=\"https:\/\/www.radiopiu.net\/wordpress\/wp-content\/uploads\/2024\/08\/f8e07bc8-88d6-4034-8f67-3ea996ae5f7e-150x150.jpg\" class=\"attachment-thumbnail size-thumbnail\" alt=\"\" \/><\/a>\n\t\t\t\t<\/dt><\/dl><br style=\"clear: both\" \/><dl class='gallery-item'>\n\t\t\t\t<dt class='gallery-icon portrait'>\n\t\t\t\t\t<a class=\"rollover rollover-zoom dt-pswp-item\" title=\"e4661dc1-9e9d-4545-89ae-a9a2655c97f6\" data-dt-img-description=\"\" data-large_image_width=\"1200\" data-large_image_height=\"1600\"href='https:\/\/www.radiopiu.net\/wordpress\/wp-content\/uploads\/2024\/08\/e4661dc1-9e9d-4545-89ae-a9a2655c97f6.jpg'><img loading=\"lazy\" decoding=\"async\" width=\"150\" height=\"150\" src=\"https:\/\/www.radiopiu.net\/wordpress\/wp-content\/uploads\/2024\/08\/e4661dc1-9e9d-4545-89ae-a9a2655c97f6-150x150.jpg\" class=\"attachment-thumbnail size-thumbnail\" alt=\"\" \/><\/a>\n\t\t\t\t<\/dt><\/dl>\n\t\t\t\t<br style='clear: both' \/>\n\t\t\t<\/div>\n\n<p>&nbsp;<\/p>\n<p>&nbsp;<\/p>\n<hr \/>\n<p>&nbsp;<\/p>\n<blockquote>\n<h3>Lupi Attaccano Pecore a Mellame, Comunit\u00e0 Preoccupata<\/h3>\n<\/blockquote>\n<p><strong>ARSIE&#8217;<\/strong> Nella frazione di Mellame, i lupi hanno attaccato pecore nel giardino di Mauro Battistel, uccidendone cinque. Questo episodio ha sollevato preoccupazioni poich\u00e9 i predatori si sono avvicinati troppo alle case, mai cos\u00ec vicini prima. Il sindaco Ivano Faoro ha espresso solidariet\u00e0, sollecitando interventi per gestire l\u2019aumento degli attacchi vicino ai centri abitati.<\/p>\n<p>&nbsp;<\/p>\n<hr \/>\n<p>&nbsp;<\/p>\n<p>&nbsp;<\/p>\n<blockquote>\n<h3><a class=\"dt-pswp-item\" href=\"https:\/\/www.radiopiu.net\/wordpress\/wp-content\/uploads\/2024\/08\/Senza-nome-24.png\" data-dt-img-description=\"\" data-large_image_width=\"398\" data-large_image_height=\"306\"><img loading=\"lazy\" decoding=\"async\" class=\" wp-image-404101 alignleft\" src=\"https:\/\/www.radiopiu.net\/wordpress\/wp-content\/uploads\/2024\/08\/Senza-nome-24-300x231.png\" alt=\"\" width=\"178\" height=\"137\" srcset=\"https:\/\/www.radiopiu.net\/wordpress\/wp-content\/uploads\/2024\/08\/Senza-nome-24-300x231.png 300w, https:\/\/www.radiopiu.net\/wordpress\/wp-content\/uploads\/2024\/08\/Senza-nome-24.png 398w\" sizes=\"auto, (max-width: 178px) 100vw, 178px\" \/><\/a>Orso Avvistato a Sospirolo: Fototrappola di Murer Cattura Immagini<\/h3>\n<\/blockquote>\n<p><strong>SOSPIROLO<\/strong> Gianfranco Murer, ex segretario della Riserva di caccia di Sospirolo, ha catturato per errore immagini di un orso con la sua fototrappola, pensando di monitorare cinghiali. L&#8217;orso, identificato da una macchia chiara sul pelo, era gi\u00e0 stato visto a Seren del Grappa. La polizia provinciale, avvisata immediatamente, ha confermato l&#8217;avvistamento, mentre Murer ha diffuso la notizia su Facebook per avvertire i residenti, soprattutto apicoltori, della presenza del plantigrado. Finora, nessun danno \u00e8 stato segnalato nella zona, che \u00e8 a circa 800 metri dall\u2019abitazione pi\u00f9 vicina.<\/p>\n<p>&nbsp;<\/p>\n<p>&nbsp;<\/p>\n<hr \/>\n<p>&nbsp;<\/p>\n<blockquote>\n<h3>PRINCIPIO D&#8217;INCENDIO A VIGNOLE DI SEDICO<\/h3>\n<\/blockquote>\n<p><strong>SEDICO<\/strong> Nel pomeriggio i Vigili del Fuoco sono stati chiamati per un principio d&#8217;incendio che ha interessato alcuni arbusti sul torrente Cordevole. I pompieri non hanno fatto altro che tenere sotto controllo le fiamme monitorando la situazione.<\/p>\n<div style=\"width: 848px;\" class=\"wp-video\"><video class=\"wp-video-shortcode\" id=\"video-403792-2\" width=\"848\" height=\"382\" preload=\"metadata\" controls=\"controls\"><source type=\"video\/mp4\" src=\"https:\/\/www.radiopiu.net\/wordpress\/wp-content\/uploads\/2024\/08\/WhatsApp-Video-2024-08-07-at-15.36.40.mp4?_=2\" \/><a href=\"https:\/\/www.radiopiu.net\/wordpress\/wp-content\/uploads\/2024\/08\/WhatsApp-Video-2024-08-07-at-15.36.40.mp4\">https:\/\/www.radiopiu.net\/wordpress\/wp-content\/uploads\/2024\/08\/WhatsApp-Video-2024-08-07-at-15.36.40.mp4<\/a><\/video><\/div>\n<p>&nbsp;<\/p>\n<p>&nbsp;<\/p>\n<hr \/>\n<p>&nbsp;<\/p>\n<blockquote>\n<h3>IL SUCCESSO DEI NUOVI SERRAI DI SOTTOGUDA criticit\u00e0 nei sistemi di prenotazione<\/h3>\n<\/blockquote>\n<p><strong><a class=\"dt-pswp-item\" href=\"https:\/\/www.radiopiu.net\/wordpress\/wp-content\/uploads\/2024\/07\/31-07-2024-SERRAI-SOTTOGUDA-5738-scaled.jpg\" data-dt-img-description=\"\" data-large_image_width=\"2560\" data-large_image_height=\"1708\"><img loading=\"lazy\" decoding=\"async\" class=\" wp-image-402572 alignleft\" src=\"https:\/\/www.radiopiu.net\/wordpress\/wp-content\/uploads\/2024\/07\/31-07-2024-SERRAI-SOTTOGUDA-5738-300x200.jpg\" alt=\"\" width=\"200\" height=\"133\" srcset=\"https:\/\/www.radiopiu.net\/wordpress\/wp-content\/uploads\/2024\/07\/31-07-2024-SERRAI-SOTTOGUDA-5738-300x200.jpg 300w, https:\/\/www.radiopiu.net\/wordpress\/wp-content\/uploads\/2024\/07\/31-07-2024-SERRAI-SOTTOGUDA-5738-1024x683.jpg 1024w, https:\/\/www.radiopiu.net\/wordpress\/wp-content\/uploads\/2024\/07\/31-07-2024-SERRAI-SOTTOGUDA-5738-768x512.jpg 768w, https:\/\/www.radiopiu.net\/wordpress\/wp-content\/uploads\/2024\/07\/31-07-2024-SERRAI-SOTTOGUDA-5738-1536x1025.jpg 1536w, https:\/\/www.radiopiu.net\/wordpress\/wp-content\/uploads\/2024\/07\/31-07-2024-SERRAI-SOTTOGUDA-5738-2048x1366.jpg 2048w\" sizes=\"auto, (max-width: 200px) 100vw, 200px\" \/><\/a>ROCCA PIETORE<\/strong><\/p>\n<p>DI GIANNI SANTOMASO<\/p>\n<audio class=\"wp-audio-shortcode\" id=\"audio-403792-8\" preload=\"none\" style=\"width: 100%;\" controls=\"controls\"><source type=\"audio\/mpeg\" src=\"https:\/\/www.radiopiu.net\/wordpress\/wp-content\/uploads\/2024\/08\/GIANNI-IL-SUCCESSO-DEI-NUOVI-SERRAI-DI-SOTTOGUDA.mp3?_=8\" \/><a href=\"https:\/\/www.radiopiu.net\/wordpress\/wp-content\/uploads\/2024\/08\/GIANNI-IL-SUCCESSO-DEI-NUOVI-SERRAI-DI-SOTTOGUDA.mp3\">https:\/\/www.radiopiu.net\/wordpress\/wp-content\/uploads\/2024\/08\/GIANNI-IL-SUCCESSO-DEI-NUOVI-SERRAI-DI-SOTTOGUDA.mp3<\/a><\/audio>\n<p>&nbsp;<\/p>\n<hr \/>\n<p>&nbsp;<\/p>\n<blockquote>\n<h3 class=\"_title post-title entry-title\"><a class=\"dt-pswp-item\" href=\"https:\/\/www.radiopiu.net\/wordpress\/wp-content\/uploads\/2023\/12\/ANTENNA.png\" data-dt-img-description=\"\" data-large_image_width=\"300\" data-large_image_height=\"166\"><img loading=\"lazy\" decoding=\"async\" class=\"wp-image-366306 alignleft\" src=\"https:\/\/www.radiopiu.net\/wordpress\/wp-content\/uploads\/2023\/12\/ANTENNA.png\" alt=\"\" width=\"110\" height=\"61\" \/><\/a>FONDO COMUNI DI CONFINE: IMPORTANTI INVESTIMENTI PER FORCELLA AURINE<\/h3>\n<\/blockquote>\n<p>Intervistati DARIO BOND (PRESIDENTE FONDO COMUNI CONFINANTI) (Servizio di\u00a0<a href=\"https:\/\/antennatre.medianordest.it\/redazione\/Fabio-Fioravanzi\/\">Fabio Fioravanzi<\/a>)<\/p>\n<p><iframe loading=\"lazy\" title=\"FONDO COMUNI DI CONFINE: IMPORTANTI INVESTIMENTI PER FORCELLA AURINE | 07\/08\/2024\" width=\"1200\" height=\"675\" src=\"https:\/\/www.youtube.com\/embed\/_3CCcrO65iU?feature=oembed\" frameborder=\"0\" allow=\"accelerometer; autoplay; clipboard-write; encrypted-media; gyroscope; picture-in-picture; web-share\" referrerpolicy=\"strict-origin-when-cross-origin\" allowfullscreen><\/iframe><\/p>\n<p>&nbsp;<\/p>\n<hr \/>\n<p>&nbsp;<\/p>\n<blockquote><p><strong>Commemorazione del 68\u00b0 Anniversario di Marcinelle: Il Presidente Zaia Ricorda il Sacrificio degli Emigranti Italiani<\/strong><\/p><\/blockquote>\n<div class=\"flex flex-grow flex-col max-w-full\">\n<div class=\"min-h-[20px] text-message flex w-full flex-col items-end gap-2 whitespace-pre-wrap break-words [.text-message+&amp;]:mt-5 overflow-x-auto\" dir=\"auto\" data-message-author-role=\"assistant\" data-message-id=\"f349a2f1-c131-4a88-aa8f-017e52444a76\">\n<div class=\"flex w-full flex-col gap-1 empty:hidden first:pt-[3px]\">\n<div class=\"markdown prose w-full break-words dark:prose-invert dark\">\n<p><strong>VENEZIA<\/strong> Ieri il Presidente della Regione Veneto, Luca Zaia, ha commemorato il 68\u00b0 anniversario della tragedia di Marcinelle, ricordando il sacrificio degli emigranti italiani. Zaia ha sottolineato come lavoratori italiani, scambiati per materie prime, abbiano affrontato condizioni disumane, lasciando la loro terra per cercare un futuro migliore. Ha espresso gratitudine per il loro contributo, che ha reso il Veneto un polo produttivo europeo. L\u20198 agosto \u00e8 il giorno per ricordare i cinque veneti caduti a Marcinelle nel 1956: Giuseppe Corso, Dino Dalla Vecchia, Giuseppe Polese, Mario Piccin, e Guerrino Casanova<\/p>\n<p>&nbsp;<\/p>\n<p>&nbsp;<\/p>\n<hr \/>\n<p>&nbsp;<\/p>\n<blockquote><p><strong><a class=\"dt-pswp-item\" href=\"https:\/\/www.radiopiu.net\/wordpress\/wp-content\/uploads\/2024\/06\/SindacoBelluno_OscarDePellegrin.jpg\" data-dt-img-description=\"\" data-large_image_width=\"2000\" data-large_image_height=\"1333\"><img loading=\"lazy\" decoding=\"async\" class=\" wp-image-396758 alignleft\" src=\"https:\/\/www.radiopiu.net\/wordpress\/wp-content\/uploads\/2024\/06\/SindacoBelluno_OscarDePellegrin-300x200.jpg\" alt=\"\" width=\"171\" height=\"114\" \/><\/a>Due Anni di &#8220;Mercoled\u00ec del Sindaco&#8221; a Belluno<\/strong><\/p><\/blockquote>\n<p><strong>BELLUNO <\/strong>Il programma &#8220;Mercoled\u00ec del Sindaco&#8221; di Belluno celebra due anni con oltre 500 cittadini ricevuti dal sindaco De Pellegrin e dagli assessori. L&#8217;iniziativa, iniziata il 10 agosto 2022, offre incontri senza appuntamento ogni mercoled\u00ec mattina al Palazzo Rosso, favorendo il dialogo tra cittadini e istituzioni. In 103 incontri, le richieste variano da segnalazioni a proposte di iniziative. De Pellegrin considera il contatto diretto fondamentale per superare barriere e migliorare il rapporto con la comunit\u00e0, promettendo di continuare il progetto<\/p>\n<p>&nbsp;<\/p>\n<\/div>\n<\/div>\n<\/div>\n<\/div>\n<hr \/>\n<p>&nbsp;<\/p>\n<blockquote>\n<h3>PUBBLICATO IL CALENDARIO VENATORIO<\/h3>\n<\/blockquote>\n<p><strong><a class=\"dt-pswp-item\" href=\"https:\/\/www.radiopiu.net\/wordpress\/wp-content\/uploads\/2018\/08\/cervo.jpg\" data-dt-img-description=\"\" data-large_image_width=\"1280\" data-large_image_height=\"853\"><img loading=\"lazy\" decoding=\"async\" class=\" wp-image-59274 alignleft\" src=\"https:\/\/www.radiopiu.net\/wordpress\/wp-content\/uploads\/2018\/08\/cervo-300x200.jpg\" alt=\"\" width=\"138\" height=\"92\" srcset=\"https:\/\/www.radiopiu.net\/wordpress\/wp-content\/uploads\/2018\/08\/cervo-300x200.jpg 300w, https:\/\/www.radiopiu.net\/wordpress\/wp-content\/uploads\/2018\/08\/cervo-768x512.jpg 768w, https:\/\/www.radiopiu.net\/wordpress\/wp-content\/uploads\/2018\/08\/cervo-1024x682.jpg 1024w, https:\/\/www.radiopiu.net\/wordpress\/wp-content\/uploads\/2018\/08\/cervo.jpg 1280w\" sizes=\"auto, (max-width: 138px) 100vw, 138px\" \/><\/a>BELLUNO<\/strong> \u00c8 stato pubblicato il calendario venatorio 2024-2025 per la provincia di Belluno, che riprende quello dell&#8217;anno precedente. Ispra ha confermato il parere favorevole. La stagione di caccia si svolger\u00e0 dal 15 settembre al 30 gennaio, con diverse modalit\u00e0 a seconda delle specie. La preapertura per la caccia al cervo sar\u00e0 dal 18 agosto al 15 settembre. La consigliera provinciale Silvia Calligaro sottolinea che questa misura risponde alle esigenze agricole senza compromettere la popolazione di ungulati. Calligaro evidenzia inoltre l&#8217;importanza della collaborazione tra cacciatori e agricoltori per la gestione del territorio e della fauna.<\/p>\n<p>&nbsp;<\/p>\n<hr \/>\n<p>&nbsp;<\/p>\n<blockquote>\n<h2>Visita del Prefetto di Belluno alla Sede dei Vigili del Fuoco<\/h2>\n<\/blockquote>\n<p><strong>BELLUNO<\/strong> Il 7 agosto, il nuovo Prefetto di Belluno, Dott. Antonello Roccoberton, ha visitato la sede dei Vigili del Fuoco di Via Col dal Ren. Accompagnato dal vice comandante Fabio Calore, ha incontrato il personale operativo e volontario, sindacati e associazioni dei Vigili del Fuoco. Durante la visita, \u00e8 stata illustrata l\u2019organizzazione del Comando, le attivit\u00e0 svolte nell&#8217;ultimo anno e la situazione dell\u2019organico. Il Prefetto ha anche visitato il cantiere del Centro di Coordinamento Soccorsi (CCS) provinciale in costruzione, dedicato alla protezione civile. Il cantiere, finanziato anche con fondi dell\u2019emergenza \u201cVaia\u201d, ospiter\u00e0 la direzione delle operazioni di protezione civile.<\/p>\n\n\t\t\t<style type='text\/css'>\n\t\t\t\t#gallery-3 {\n\t\t\t\t\tmargin: auto;\n\t\t\t\t}\n\t\t\t\t#gallery-3 .gallery-item {\n\t\t\t\t\tfloat: left;\n\t\t\t\t\tmargin-top: 10px;\n\t\t\t\t\ttext-align: center;\n\t\t\t\t\twidth: 25%;\n\t\t\t\t}\n\t\t\t\t#gallery-3 img {\n\t\t\t\t\tborder: 2px solid #cfcfcf;\n\t\t\t\t}\n\t\t\t\t#gallery-3 .gallery-caption {\n\t\t\t\t\tmargin-left: 0;\n\t\t\t\t}\n\t\t\t\t\/* see gallery_shortcode() in wp-includes\/media.php *\/\n\t\t\t<\/style>\n\t\t<div id='gallery-3' class='dt-gallery-container gallery galleryid-403792 gallery-columns-4 gallery-size-thumbnail'><dl class='gallery-item'>\n\t\t\t\t<dt class='gallery-icon landscape'>\n\t\t\t\t\t<a class=\"rollover rollover-zoom dt-pswp-item\" title=\"92d618b3-6d67-47f7-8fbb-496d683b5821\" data-dt-img-description=\"\" data-large_image_width=\"1600\" data-large_image_height=\"1204\"href='https:\/\/www.radiopiu.net\/wordpress\/wp-content\/uploads\/2024\/08\/92d618b3-6d67-47f7-8fbb-496d683b5821.jpg'><img loading=\"lazy\" decoding=\"async\" width=\"150\" height=\"150\" src=\"https:\/\/www.radiopiu.net\/wordpress\/wp-content\/uploads\/2024\/08\/92d618b3-6d67-47f7-8fbb-496d683b5821-150x150.jpg\" class=\"attachment-thumbnail size-thumbnail\" alt=\"\" \/><\/a>\n\t\t\t\t<\/dt><\/dl><dl class='gallery-item'>\n\t\t\t\t<dt class='gallery-icon landscape'>\n\t\t\t\t\t<a class=\"rollover rollover-zoom dt-pswp-item\" title=\"1d747500-70c8-412c-bdc6-7d52b1d0c872\" data-dt-img-description=\"\" data-large_image_width=\"1600\" data-large_image_height=\"1204\"href='https:\/\/www.radiopiu.net\/wordpress\/wp-content\/uploads\/2024\/08\/1d747500-70c8-412c-bdc6-7d52b1d0c872.jpg'><img loading=\"lazy\" decoding=\"async\" width=\"150\" height=\"150\" src=\"https:\/\/www.radiopiu.net\/wordpress\/wp-content\/uploads\/2024\/08\/1d747500-70c8-412c-bdc6-7d52b1d0c872-150x150.jpg\" class=\"attachment-thumbnail size-thumbnail\" alt=\"\" \/><\/a>\n\t\t\t\t<\/dt><\/dl><dl class='gallery-item'>\n\t\t\t\t<dt class='gallery-icon landscape'>\n\t\t\t\t\t<a class=\"rollover rollover-zoom dt-pswp-item\" title=\"fcdc45fa-5d21-4d8b-9578-8cf6e059de07\" data-dt-img-description=\"\" data-large_image_width=\"1600\" data-large_image_height=\"1204\"href='https:\/\/www.radiopiu.net\/wordpress\/wp-content\/uploads\/2024\/08\/fcdc45fa-5d21-4d8b-9578-8cf6e059de07.jpg'><img loading=\"lazy\" decoding=\"async\" width=\"150\" height=\"150\" src=\"https:\/\/www.radiopiu.net\/wordpress\/wp-content\/uploads\/2024\/08\/fcdc45fa-5d21-4d8b-9578-8cf6e059de07-150x150.jpg\" class=\"attachment-thumbnail size-thumbnail\" alt=\"\" \/><\/a>\n\t\t\t\t<\/dt><\/dl><dl class='gallery-item'>\n\t\t\t\t<dt class='gallery-icon landscape'>\n\t\t\t\t\t<a class=\"rollover rollover-zoom dt-pswp-item\" title=\"3e1710b1-5fbe-47c6-b89b-97b0142e86b4\" data-dt-img-description=\"\" data-large_image_width=\"1600\" data-large_image_height=\"1204\"href='https:\/\/www.radiopiu.net\/wordpress\/wp-content\/uploads\/2024\/08\/3e1710b1-5fbe-47c6-b89b-97b0142e86b4.jpg'><img loading=\"lazy\" decoding=\"async\" width=\"150\" height=\"150\" src=\"https:\/\/www.radiopiu.net\/wordpress\/wp-content\/uploads\/2024\/08\/3e1710b1-5fbe-47c6-b89b-97b0142e86b4-150x150.jpg\" class=\"attachment-thumbnail size-thumbnail\" alt=\"\" \/><\/a>\n\t\t\t\t<\/dt><\/dl><br style=\"clear: both\" \/>\n\t\t\t<\/div>\n\n<p>&nbsp;<\/p>\n<p>&nbsp;<\/p>\n<p>&nbsp;<\/p>\n<hr \/>\n<p>&nbsp;<\/p>\n<h2><span style=\"color: #ff0000;\">CONSIGLI COMUNALI IN AGORDINO\u00a0<\/span><\/h2>\n<blockquote>\n<h3>Conferimento della Gestione della Scuola Materna Paritaria di Agordo all\u2019Azienda Speciale &#8220;Agordo Servizi&#8221;<\/h3>\n<h2>VENERDI consiglio comunale<\/h2>\n<\/blockquote>\n<p><strong><img loading=\"lazy\" decoding=\"async\" class=\"alignleft\" src=\"https:\/\/www.radiopiu.net\/wordpress\/wp-content\/uploads\/2022\/12\/MUNICIPIO-AGORDO.png\" width=\"347\" height=\"222\" \/>AGORDO<\/strong> Il Consiglio Comunale di Agordo ha approvato la relazione illustrativa riguardante la scelta della modalit\u00e0 di gestione della Scuola Materna Paritaria. La gestione \u00e8 stata affidata all\u2019Azienda Speciale &#8220;Agordo Servizi&#8221;, in conformit\u00e0 agli articoli 14 e 31 del D.Lgs. 201\/2022. Questa decisione \u00e8 stata presa per garantire una gestione efficiente e trasparente del servizio pubblico locale. Lo schema del contratto di servizio, allegato alla delibera, definisce le modalit\u00e0 operative e i criteri di qualit\u00e0 da rispettare. Il conferimento punta a migliorare l\u2019offerta educativa, assicurando continuit\u00e0 e innovazione nei servizi forniti ai bambini e alle famiglie di Agordo. L&#8217;Azienda Speciale &#8220;Agordo Servizi&#8221; si impegna a mantenere elevati standard educativi e a promuovere attivit\u00e0 che valorizzino il benessere dei piccoli alunni. L&#8217;argomento sar\u00e0 presentato, dibattuto e votato nel prossimo consiglio comunale, sar\u00e0 l&#8217;unico punto all&#8217;ordine del giorno firmato dal sindaco Roberto Chissal\u00e8, calendarizzato per venerdi\u00a0 alle 7.30<\/p>\n<p>&nbsp;<\/p>\n<p>&nbsp;<\/p>\n<blockquote>\n<h2>VARIANTE AL PIANO DI INTERVENTI, LUNEDI IN CONSIGLIO COMUNALE e in diretta sui canali di RADIOPIU<\/h2>\n<\/blockquote>\n<p><strong><img loading=\"lazy\" decoding=\"async\" class=\"alignleft\" src=\"https:\/\/www.radiopiu.net\/wordpress\/wp-content\/uploads\/2022\/12\/MUNICIPIO-FALCADE.png\" width=\"221\" height=\"154\" \/>FALCADE <\/strong>Il Consiglio Comunale si riunir\u00e0 luned\u00ec alle 18:30, per discutere i seguenti punti all&#8217;Ordine del Giorno: Convenzione con la Provincia di Belluno per l&#8217;utilizzo della struttura polifunzionale \u201cDolomiti\u201d da parte dell&#8217;I.P.S.S.A.R. di Falcade nell&#8217;anno scolastico 2024\/2025, 14\u00aa variazione al bilancio di previsione 2024-2026,\u00a0Salvaguardia degli equilibri di bilancio per l&#8217;esercizio 2024 e verifica dello stato di attuazione dei programmi,\u00a0Presa d\u2019atto del Documento Unico di Programmazione Semplificato (D.U.P.) 2025\/2027 e la seconda variazione al Piano degli Interventi.<\/p>\n<p><strong>DI GIANNI SANTOMASO<\/strong><\/p>\n<audio class=\"wp-audio-shortcode\" id=\"audio-403792-9\" preload=\"none\" style=\"width: 100%;\" controls=\"controls\"><source type=\"audio\/mpeg\" src=\"https:\/\/www.radiopiu.net\/wordpress\/wp-content\/uploads\/2024\/08\/GIANNI-DUE-CONSIGLI-COMUNALI.mp3?_=9\" \/><a href=\"https:\/\/www.radiopiu.net\/wordpress\/wp-content\/uploads\/2024\/08\/GIANNI-DUE-CONSIGLI-COMUNALI.mp3\">https:\/\/www.radiopiu.net\/wordpress\/wp-content\/uploads\/2024\/08\/GIANNI-DUE-CONSIGLI-COMUNALI.mp3<\/a><\/audio>\n<p>&nbsp;<\/p>\n<p>&nbsp;<\/p>\n<hr \/>\n<p>&nbsp;<\/p>\n<blockquote><p><strong>Revisione dello Statuto per la Fondazione Teatri delle Dolomiti<\/strong><\/p><\/blockquote>\n<p><strong><a class=\"dt-pswp-item\" href=\"https:\/\/www.radiopiu.net\/wordpress\/wp-content\/uploads\/2023\/08\/Piccolo_Teatro_Pierobon_di_Paiane.jpg\" data-dt-img-description=\"\" data-large_image_width=\"2040\" data-large_image_height=\"1148\"><img loading=\"lazy\" decoding=\"async\" class=\" wp-image-347857 alignleft\" src=\"https:\/\/www.radiopiu.net\/wordpress\/wp-content\/uploads\/2023\/08\/Piccolo_Teatro_Pierobon_di_Paiane-300x169.jpg\" alt=\"\" width=\"204\" height=\"115\" srcset=\"https:\/\/www.radiopiu.net\/wordpress\/wp-content\/uploads\/2023\/08\/Piccolo_Teatro_Pierobon_di_Paiane-300x169.jpg 300w, https:\/\/www.radiopiu.net\/wordpress\/wp-content\/uploads\/2023\/08\/Piccolo_Teatro_Pierobon_di_Paiane-1024x576.jpg 1024w, https:\/\/www.radiopiu.net\/wordpress\/wp-content\/uploads\/2023\/08\/Piccolo_Teatro_Pierobon_di_Paiane-768x432.jpg 768w, https:\/\/www.radiopiu.net\/wordpress\/wp-content\/uploads\/2023\/08\/Piccolo_Teatro_Pierobon_di_Paiane-1536x864.jpg 1536w, https:\/\/www.radiopiu.net\/wordpress\/wp-content\/uploads\/2023\/08\/Piccolo_Teatro_Pierobon_di_Paiane.jpg 2040w\" sizes=\"auto, (max-width: 204px) 100vw, 204px\" \/><\/a>BELLUNO <\/strong>Il Sindaco Oscar De Pellegrin ha incaricato un esperto esterno per aggiornare il documento, risalente al 2017. L&#8217;obiettivo \u00e8 ampliare la partecipazione, coinvolgendo nuovi soci pubblici e privati, migliorando l&#8217;offerta culturale. L&#8217;Assessore alla Cultura, Raffaele Addamiano, punta a una fondazione sovracomunale, promuovendo iniziative artistiche nel Bellunese. Il nuovo statuto prevede il coinvolgimento di Culture Link e del sistema educativo, con un&#8217;apertura a nuovi soci e una divisione delle partecipazioni.<\/p>\n<p>&nbsp;<\/p>\n<hr \/>\n<p>&nbsp;<\/p>\n<blockquote>\n<h3>NASCE LA MAPPA DEGLI ANELLI VERDI DELLA VALBELLUNA<\/h3>\n<\/blockquote>\n<p><strong><a class=\"dt-pswp-item\" href=\"https:\/\/www.radiopiu.net\/wordpress\/wp-content\/uploads\/2024\/08\/bae2d9b4-8012-4734-a0d4-d8b2497d5a69-scaled.jpg\" data-dt-img-description=\"\" data-large_image_width=\"2560\" data-large_image_height=\"1920\"><img loading=\"lazy\" decoding=\"async\" class=\" wp-image-403983 alignleft\" src=\"https:\/\/www.radiopiu.net\/wordpress\/wp-content\/uploads\/2024\/08\/bae2d9b4-8012-4734-a0d4-d8b2497d5a69-300x225.jpg\" alt=\"\" width=\"147\" height=\"110\" srcset=\"https:\/\/www.radiopiu.net\/wordpress\/wp-content\/uploads\/2024\/08\/bae2d9b4-8012-4734-a0d4-d8b2497d5a69-300x225.jpg 300w, https:\/\/www.radiopiu.net\/wordpress\/wp-content\/uploads\/2024\/08\/bae2d9b4-8012-4734-a0d4-d8b2497d5a69-1024x768.jpg 1024w, https:\/\/www.radiopiu.net\/wordpress\/wp-content\/uploads\/2024\/08\/bae2d9b4-8012-4734-a0d4-d8b2497d5a69-768x576.jpg 768w, https:\/\/www.radiopiu.net\/wordpress\/wp-content\/uploads\/2024\/08\/bae2d9b4-8012-4734-a0d4-d8b2497d5a69-1536x1152.jpg 1536w, https:\/\/www.radiopiu.net\/wordpress\/wp-content\/uploads\/2024\/08\/bae2d9b4-8012-4734-a0d4-d8b2497d5a69-2048x1536.jpg 2048w\" sizes=\"auto, (max-width: 147px) 100vw, 147px\" \/><\/a>BELLUNO<\/strong> Sette percorsi cicloturistici per conoscere le eccellenze agroalimentari del territorio: nasce cos\u00ec la mappa degli Anelli verdi della Valbelluna.<\/p>\n<p><strong>DI DANIELE DALVIT<\/strong><\/p>\n<audio class=\"wp-audio-shortcode\" id=\"audio-403792-10\" preload=\"none\" style=\"width: 100%;\" controls=\"controls\"><source type=\"audio\/mpeg\" src=\"https:\/\/www.radiopiu.net\/wordpress\/wp-content\/uploads\/2024\/08\/Servizio-Presentazione-Anelli-verdi-della-Valbelluna.mp3?_=10\" \/><a href=\"https:\/\/www.radiopiu.net\/wordpress\/wp-content\/uploads\/2024\/08\/Servizio-Presentazione-Anelli-verdi-della-Valbelluna.mp3\">https:\/\/www.radiopiu.net\/wordpress\/wp-content\/uploads\/2024\/08\/Servizio-Presentazione-Anelli-verdi-della-Valbelluna.mp3<\/a><\/audio>\n<p>&nbsp;<\/p>\n<hr \/>\n<p>&nbsp;<\/p>\n<div class=\"group\/conversation-turn relative flex w-full min-w-0 flex-col agent-turn\">\n<div class=\"flex-col gap-1 md:gap-3\">\n<div class=\"flex flex-grow flex-col max-w-full\">\n<div class=\"min-h-[20px] text-message flex w-full flex-col items-end gap-2 whitespace-pre-wrap break-words [.text-message+&amp;]:mt-5 overflow-x-auto\" dir=\"auto\" data-message-author-role=\"assistant\" data-message-id=\"7949bc43-e772-4c02-a608-7119db8c2368\">\n<div class=\"flex w-full flex-col gap-1 empty:hidden first:pt-[3px]\">\n<div class=\"markdown prose w-full break-words dark:prose-invert dark\">\n<blockquote><p><strong>Lotta all&#8217;Evasione in Veneto: Una Sfida da 1,37 Miliardi di Euro<\/strong><\/p><\/blockquote>\n<p><a class=\"dt-pswp-item\" href=\"https:\/\/www.radiopiu.net\/wordpress\/wp-content\/uploads\/2020\/03\/spi-1.jpg\" data-dt-img-description=\"\" data-large_image_width=\"300\" data-large_image_height=\"167\"><img loading=\"lazy\" decoding=\"async\" class=\"wp-image-366015 alignleft\" src=\"https:\/\/www.radiopiu.net\/wordpress\/wp-content\/uploads\/2020\/03\/spi-1.jpg\" alt=\"\" width=\"169\" height=\"94\" \/><\/a>Nel 2023, i Comuni veneti hanno accantonato oltre 1,37 miliardi di euro in fondi per crediti difficilmente esigibili, segnando un aumento del 36% rispetto al 2022. Questi crediti includono multe stradali, oneri di urbanizzazione e IMU non pagati. La situazione, evidenziata dallo Spi Cgil Veneto, riflette l&#8217;impatto negativo di politiche come condoni e sanatorie. L&#8217;evasione sottrae fondi cruciali per il welfare e i servizi sociali, aggravando le disuguaglianze. Padova guida la classifica con 226,5 milioni accantonati, mentre Rovigo presenta il pi\u00f9 alto importo pro capite di crediti inesigibili. Lo Spi Cgil chiede una riscossione pi\u00f9 efficace per sostenere il benessere comunitario e contrastare l&#8217;evasione che penalizza i cittadini onesti.<\/p>\n<p><a class=\"dt-pswp-item\" href=\"https:\/\/www.radiopiu.net\/wordpress\/wp-content\/uploads\/2024\/08\/Senza-nome-21.png\" data-dt-img-description=\"\" data-large_image_width=\"539\" data-large_image_height=\"130\"><img loading=\"lazy\" decoding=\"async\" class=\"alignnone wp-image-403960 size-full\" src=\"https:\/\/www.radiopiu.net\/wordpress\/wp-content\/uploads\/2024\/08\/Senza-nome-21.png\" alt=\"\" width=\"539\" height=\"130\" srcset=\"https:\/\/www.radiopiu.net\/wordpress\/wp-content\/uploads\/2024\/08\/Senza-nome-21.png 539w, https:\/\/www.radiopiu.net\/wordpress\/wp-content\/uploads\/2024\/08\/Senza-nome-21-300x72.png 300w\" sizes=\"auto, (max-width: 539px) 100vw, 539px\" \/><\/a><\/p>\n<p>AGORDO: CREDITI PER 3 MILIONI, DI DUBBIA ESIGIBILITA&#8217; 353000 EURO<br \/>\nALLEGHE: CREDITI PER 1 MILIONE,\u00a0 DI DUBBIA ESIGIBILITA&#8217; 46.000<br \/>\nBELLUNO;\u00a0 CREDITI PER18 MILIONI, DI DUBBIA ESIGIBILITA&#8217; 12 MILIONI<\/p>\n<p>&nbsp;<\/p>\n<p>&nbsp;<\/p>\n<hr \/>\n<p>&nbsp;<\/p>\n<p>&nbsp;<\/p>\n<blockquote><p><strong>Mostra Internazionale del Gelato Artigianale: Innovazione e Sostenibilit\u00e0 a Longarone<\/strong><\/p><\/blockquote>\n<p><strong><a class=\"dt-pswp-item\" href=\"https:\/\/www.radiopiu.net\/wordpress\/wp-content\/uploads\/2021\/05\/LONGARONE-FIERE.jpg\" data-dt-img-description=\"\" data-large_image_width=\"556\" data-large_image_height=\"220\"><img loading=\"lazy\" decoding=\"async\" class=\" wp-image-207549 alignleft\" src=\"https:\/\/www.radiopiu.net\/wordpress\/wp-content\/uploads\/2021\/05\/LONGARONE-FIERE-300x119.jpg\" alt=\"\" width=\"285\" height=\"113\" srcset=\"https:\/\/www.radiopiu.net\/wordpress\/wp-content\/uploads\/2021\/05\/LONGARONE-FIERE-300x119.jpg 300w, https:\/\/www.radiopiu.net\/wordpress\/wp-content\/uploads\/2021\/05\/LONGARONE-FIERE.jpg 556w\" sizes=\"auto, (max-width: 285px) 100vw, 285px\" \/><\/a>LONGARONE<\/strong> La 64\u00aa edizione della Mostra Internazionale del Gelato Artigianale di Longarone (MIG) si terr\u00e0 dal 30 novembre al 2 dicembre 2024. L\u2019evento si focalizza sulla naturalit\u00e0 e sostenibilit\u00e0, promuovendo l&#8217;artigianalit\u00e0 e l\u2019uso di ingredienti autentici. Offrir\u00e0 masterclass, degustazioni e dibattiti per produttori e appassionati, con attenzione all\u2019innovazione e alla formazione. La mostra includer\u00e0 un\u2019area dedicata a Luca Caviezel, celebrando il suo contributo al settore. Con un focus su gelato naturale e sostenibile, la MIG intende diventare un punto di riferimento per i professionisti del settore, garantendo anche la qualit\u00e0 a costi sostenibili in un mercato in evoluzione.<\/p>\n<p>&nbsp;<\/p>\n<\/div>\n<\/div>\n<\/div>\n<\/div>\n<\/div>\n<\/div>\n<p>&nbsp;<\/p>\n<hr \/>\n<blockquote><p><strong>\u00a0<\/strong><\/p>\n<p><strong>Partnership tra la Fondazione Dolomiti Bellunesi e Autostrade per <a class=\"dt-pswp-item\" href=\"https:\/\/www.radiopiu.net\/wordpress\/wp-content\/uploads\/2024\/08\/STAND-VELA-AREOPORTO-VENEZIA.jpg\" data-dt-img-description=\"\" data-large_image_width=\"1600\" data-large_image_height=\"1200\"><img loading=\"lazy\" decoding=\"async\" class=\" wp-image-403957 alignleft\" src=\"https:\/\/www.radiopiu.net\/wordpress\/wp-content\/uploads\/2024\/08\/STAND-VELA-AREOPORTO-VENEZIA-300x225.jpg\" alt=\"\" width=\"207\" height=\"155\" srcset=\"https:\/\/www.radiopiu.net\/wordpress\/wp-content\/uploads\/2024\/08\/STAND-VELA-AREOPORTO-VENEZIA-300x225.jpg 300w, https:\/\/www.radiopiu.net\/wordpress\/wp-content\/uploads\/2024\/08\/STAND-VELA-AREOPORTO-VENEZIA-1024x768.jpg 1024w, https:\/\/www.radiopiu.net\/wordpress\/wp-content\/uploads\/2024\/08\/STAND-VELA-AREOPORTO-VENEZIA-768x576.jpg 768w, https:\/\/www.radiopiu.net\/wordpress\/wp-content\/uploads\/2024\/08\/STAND-VELA-AREOPORTO-VENEZIA-1536x1152.jpg 1536w, https:\/\/www.radiopiu.net\/wordpress\/wp-content\/uploads\/2024\/08\/STAND-VELA-AREOPORTO-VENEZIA.jpg 1600w\" sizes=\"auto, (max-width: 207px) 100vw, 207px\" \/><\/a>l&#8217;Italia<\/strong><\/p><\/blockquote>\n<p><strong>BELLUNO<\/strong> La Fondazione Dolomiti Bellunesi ha siglato un accordo con Autostrade per l&#8217;Italia per promuovere il brand Dolomiti Bellunesi attraverso una campagna pubblicitaria diffusa su 17 tratte autostradali. Dal 7 agosto a inizio settembre, uno spot di 15 secondi sar\u00e0 trasmesso su 538 punti digitali, raggiungendo circa 1,7 milioni di spettatori giornalieri. La presidente Emanuela de Zanna sottolinea l&#8217;importanza della campagna come prima di molte azioni promozionali future, mentre il video Hero da 50 secondi verr\u00e0 mostrato anche all&#8217;Aeroporto di Venezia (foto) garantendo ulteriore visibilit\u00e0 internazionale alle Dolomiti Bellunesi.<\/p>\n<p>&nbsp;<\/p>\n<p>&nbsp;<\/p>\n<hr \/>\n<p>&nbsp;<\/p>\n<div class=\"group\/conversation-turn relative flex w-full min-w-0 flex-col agent-turn\">\n<div class=\"flex-col gap-1 md:gap-3\">\n<div class=\"flex flex-grow flex-col max-w-full\">\n<div class=\"min-h-[20px] text-message flex w-full flex-col items-end gap-2 whitespace-pre-wrap break-words [.text-message+&amp;]:mt-5 overflow-x-auto\" dir=\"auto\" data-message-author-role=\"assistant\" data-message-id=\"d0034598-60a4-4ee4-87de-510f829f76db\">\n<div class=\"flex w-full flex-col gap-1 empty:hidden first:pt-[3px]\">\n<div class=\"markdown prose w-full break-words dark:prose-invert dark\">\n<blockquote><p><strong>Appuntamento estivo con Papa Luciani: celebrazioni e cultura a Canale d&#8217;Agordo<\/strong><\/p><\/blockquote>\n<p><strong><a class=\"dt-pswp-item\" href=\"https:\/\/www.radiopiu.net\/wordpress\/wp-content\/uploads\/2024\/08\/Appuntamento-Estivo-con-papa-Luciani-2024.jpg\" data-dt-img-description=\"\" data-large_image_width=\"665\" data-large_image_height=\"499\"><img loading=\"lazy\" decoding=\"async\" class=\" wp-image-403962 alignleft\" src=\"https:\/\/www.radiopiu.net\/wordpress\/wp-content\/uploads\/2024\/08\/Appuntamento-Estivo-con-papa-Luciani-2024-300x225.jpg\" alt=\"\" width=\"252\" height=\"189\" srcset=\"https:\/\/www.radiopiu.net\/wordpress\/wp-content\/uploads\/2024\/08\/Appuntamento-Estivo-con-papa-Luciani-2024-300x225.jpg 300w, https:\/\/www.radiopiu.net\/wordpress\/wp-content\/uploads\/2024\/08\/Appuntamento-Estivo-con-papa-Luciani-2024.jpg 665w\" sizes=\"auto, (max-width: 252px) 100vw, 252px\" \/><\/a>CANALE D&#8217;AGORDO<\/strong> Il Musal di Canale d&#8217;Agordo ospita la 46\u00aa edizione dell&#8217;Appuntamento estivo con Papa Luciani, celebrando i 34 giorni del suo pontificato. Gli eventi iniziano il 24 agosto con la presentazione del libro di Romina Gobbo, seguita dalla presentazione del Religion Today Film Festival e la proiezione di film vincitori. Il programma include una Messa speciale e incontri culturali come conferenze e concerti, fino al pellegrinaggio del 28-29 settembre al Santuario di Pietralba, dove sar\u00e0 inaugurata una nuova pala d&#8217;altare dedicata a Papa Giovanni Paolo I. Questa serie di eventi, un tributo al legato di Albino Luciani, unisce memoria e cultura, coinvolgendo figure prestigiose e il pubblico.<\/p>\n<\/div>\n<\/div>\n<\/div>\n<\/div>\n<\/div>\n<\/div>\n<p>&nbsp;<\/p>\n<hr \/>\n<blockquote>\n<h3><\/h3>\n<h3>LA VAL DA INCORNISA&#8217;, LA MOSTRA FOTOGRAFICA A LA VALLE AGORDINA<\/h3>\n<\/blockquote>\n<p><strong>LA VALLE<\/strong> Fino al 31 agosto (e oltre) \u00e8 possibile visitare la mostra fotografica &#8220;La Val da Incornis\u00e0 &#8211; vite e ricordi nel cassetto&#8221; nelle viuzze della frazione Gaidon a La Valle Agordina. Organizzata per il terzo anno dalla Pro Loco La Val, la mostra celebra la storia delle frazioni locali attraverso circa cinquanta foto d&#8217;epoca, coprendo il periodo dal 1901 al 1967. Situato ai piedi del Cadeina del San Sebastian, Gaidon \u00e8 noto per il suo intreccio di burele e piazete. L\u2019iniziativa ha coinvolto i residenti che, con entusiasmo, hanno contribuito alla raccolta e esposizione delle foto, abbellendo la frazione e promuovendo uno spirito di comunit\u00e0. La mostra permette di riscoprire la vita quotidiana e le particolarit\u00e0 architettoniche delle valli dolomitiche, creando un legame speciale tra il luogo, le foto e i visitatori.<\/p>\n\n\t\t\t<style type='text\/css'>\n\t\t\t\t#gallery-4 {\n\t\t\t\t\tmargin: auto;\n\t\t\t\t}\n\t\t\t\t#gallery-4 .gallery-item {\n\t\t\t\t\tfloat: left;\n\t\t\t\t\tmargin-top: 10px;\n\t\t\t\t\ttext-align: center;\n\t\t\t\t\twidth: 16%;\n\t\t\t\t}\n\t\t\t\t#gallery-4 img {\n\t\t\t\t\tborder: 2px solid #cfcfcf;\n\t\t\t\t}\n\t\t\t\t#gallery-4 .gallery-caption {\n\t\t\t\t\tmargin-left: 0;\n\t\t\t\t}\n\t\t\t\t\/* see gallery_shortcode() in wp-includes\/media.php *\/\n\t\t\t<\/style>\n\t\t<div id='gallery-4' class='dt-gallery-container gallery galleryid-403792 gallery-columns-6 gallery-size-thumbnail'><dl class='gallery-item'>\n\t\t\t\t<dt class='gallery-icon portrait'>\n\t\t\t\t\t<a class=\"rollover rollover-zoom dt-pswp-item\" title=\"00_INTRO\" data-dt-img-description=\"\" data-large_image_width=\"1200\" data-large_image_height=\"1600\"href='https:\/\/www.radiopiu.net\/wordpress\/wp-content\/uploads\/2024\/08\/00_INTRO.jpg'><img loading=\"lazy\" decoding=\"async\" width=\"150\" height=\"150\" src=\"https:\/\/www.radiopiu.net\/wordpress\/wp-content\/uploads\/2024\/08\/00_INTRO-150x150.jpg\" class=\"attachment-thumbnail size-thumbnail\" alt=\"\" \/><\/a>\n\t\t\t\t<\/dt><\/dl><dl class='gallery-item'>\n\t\t\t\t<dt class='gallery-icon portrait'>\n\t\t\t\t\t<a class=\"rollover rollover-zoom dt-pswp-item\" title=\"01_GAIDON_02\" data-dt-img-description=\"\" data-large_image_width=\"1200\" data-large_image_height=\"1600\"href='https:\/\/www.radiopiu.net\/wordpress\/wp-content\/uploads\/2024\/08\/01_GAIDON_02.jpg'><img loading=\"lazy\" decoding=\"async\" width=\"150\" height=\"150\" src=\"https:\/\/www.radiopiu.net\/wordpress\/wp-content\/uploads\/2024\/08\/01_GAIDON_02-150x150.jpg\" class=\"attachment-thumbnail size-thumbnail\" alt=\"\" \/><\/a>\n\t\t\t\t<\/dt><\/dl><dl class='gallery-item'>\n\t\t\t\t<dt class='gallery-icon portrait'>\n\t\t\t\t\t<a class=\"rollover rollover-zoom dt-pswp-item\" title=\"01_GAIDON_03\" data-dt-img-description=\"\" data-large_image_width=\"1536\" data-large_image_height=\"2048\"href='https:\/\/www.radiopiu.net\/wordpress\/wp-content\/uploads\/2024\/08\/01_GAIDON_03.jpg'><img loading=\"lazy\" decoding=\"async\" width=\"150\" height=\"150\" src=\"https:\/\/www.radiopiu.net\/wordpress\/wp-content\/uploads\/2024\/08\/01_GAIDON_03-150x150.jpg\" class=\"attachment-thumbnail size-thumbnail\" alt=\"\" \/><\/a>\n\t\t\t\t<\/dt><\/dl><dl class='gallery-item'>\n\t\t\t\t<dt class='gallery-icon portrait'>\n\t\t\t\t\t<a class=\"rollover rollover-zoom dt-pswp-item\" title=\"02_TALVA&#039;\" data-dt-img-description=\"\" data-large_image_width=\"1079\" data-large_image_height=\"1351\"href='https:\/\/www.radiopiu.net\/wordpress\/wp-content\/uploads\/2024\/08\/02_TALVA.jpg'><img loading=\"lazy\" decoding=\"async\" width=\"150\" height=\"150\" src=\"https:\/\/www.radiopiu.net\/wordpress\/wp-content\/uploads\/2024\/08\/02_TALVA-150x150.jpg\" class=\"attachment-thumbnail size-thumbnail\" alt=\"\" \/><\/a>\n\t\t\t\t<\/dt><\/dl><dl class='gallery-item'>\n\t\t\t\t<dt class='gallery-icon portrait'>\n\t\t\t\t\t<a class=\"rollover rollover-zoom dt-pswp-item\" title=\"03_QUOTIDIANITA&#039;\" data-dt-img-description=\"\" data-large_image_width=\"1536\" data-large_image_height=\"2048\"href='https:\/\/www.radiopiu.net\/wordpress\/wp-content\/uploads\/2024\/08\/03_QUOTIDIANITA.jpg'><img loading=\"lazy\" decoding=\"async\" width=\"150\" height=\"150\" src=\"https:\/\/www.radiopiu.net\/wordpress\/wp-content\/uploads\/2024\/08\/03_QUOTIDIANITA-150x150.jpg\" class=\"attachment-thumbnail size-thumbnail\" alt=\"\" \/><\/a>\n\t\t\t\t<\/dt><\/dl><dl class='gallery-item'>\n\t\t\t\t<dt class='gallery-icon portrait'>\n\t\t\t\t\t<a class=\"rollover rollover-zoom dt-pswp-item\" title=\"05_NOSTALGIA\" data-dt-img-description=\"\" data-large_image_width=\"1200\" data-large_image_height=\"1600\"href='https:\/\/www.radiopiu.net\/wordpress\/wp-content\/uploads\/2024\/08\/05_NOSTALGIA.jpg'><img loading=\"lazy\" decoding=\"async\" width=\"150\" height=\"150\" src=\"https:\/\/www.radiopiu.net\/wordpress\/wp-content\/uploads\/2024\/08\/05_NOSTALGIA-150x150.jpg\" class=\"attachment-thumbnail size-thumbnail\" alt=\"\" \/><\/a>\n\t\t\t\t<\/dt><\/dl><br style=\"clear: both\" \/><dl class='gallery-item'>\n\t\t\t\t<dt class='gallery-icon portrait'>\n\t\t\t\t\t<a class=\"rollover rollover-zoom dt-pswp-item\" title=\"06_NOSTALGIA\" data-dt-img-description=\"\" data-large_image_width=\"1200\" data-large_image_height=\"1600\"href='https:\/\/www.radiopiu.net\/wordpress\/wp-content\/uploads\/2024\/08\/06_NOSTALGIA.jpg'><img loading=\"lazy\" decoding=\"async\" width=\"150\" height=\"150\" src=\"https:\/\/www.radiopiu.net\/wordpress\/wp-content\/uploads\/2024\/08\/06_NOSTALGIA-150x150.jpg\" class=\"attachment-thumbnail size-thumbnail\" alt=\"\" \/><\/a>\n\t\t\t\t<\/dt><\/dl><dl class='gallery-item'>\n\t\t\t\t<dt class='gallery-icon portrait'>\n\t\t\t\t\t<a class=\"rollover rollover-zoom dt-pswp-item\" title=\"06_NOSTALGIA_01\" data-dt-img-description=\"\" data-large_image_width=\"1200\" data-large_image_height=\"1600\"href='https:\/\/www.radiopiu.net\/wordpress\/wp-content\/uploads\/2024\/08\/06_NOSTALGIA_01.jpg'><img loading=\"lazy\" decoding=\"async\" width=\"150\" height=\"150\" src=\"https:\/\/www.radiopiu.net\/wordpress\/wp-content\/uploads\/2024\/08\/06_NOSTALGIA_01-150x150.jpg\" class=\"attachment-thumbnail size-thumbnail\" alt=\"\" \/><\/a>\n\t\t\t\t<\/dt><\/dl><dl class='gallery-item'>\n\t\t\t\t<dt class='gallery-icon portrait'>\n\t\t\t\t\t<a class=\"rollover rollover-zoom dt-pswp-item\" title=\"07_MOSTRA_01\" data-dt-img-description=\"\" data-large_image_width=\"1536\" data-large_image_height=\"2048\"href='https:\/\/www.radiopiu.net\/wordpress\/wp-content\/uploads\/2024\/08\/07_MOSTRA_01.jpg'><img loading=\"lazy\" decoding=\"async\" width=\"150\" height=\"150\" src=\"https:\/\/www.radiopiu.net\/wordpress\/wp-content\/uploads\/2024\/08\/07_MOSTRA_01-150x150.jpg\" class=\"attachment-thumbnail size-thumbnail\" alt=\"\" \/><\/a>\n\t\t\t\t<\/dt><\/dl><dl class='gallery-item'>\n\t\t\t\t<dt class='gallery-icon portrait'>\n\t\t\t\t\t<a class=\"rollover rollover-zoom dt-pswp-item\" title=\"07_MOSTRA_02\" data-dt-img-description=\"\" data-large_image_width=\"1536\" data-large_image_height=\"2048\"href='https:\/\/www.radiopiu.net\/wordpress\/wp-content\/uploads\/2024\/08\/07_MOSTRA_02.jpg'><img loading=\"lazy\" decoding=\"async\" width=\"150\" height=\"150\" src=\"https:\/\/www.radiopiu.net\/wordpress\/wp-content\/uploads\/2024\/08\/07_MOSTRA_02-150x150.jpg\" class=\"attachment-thumbnail size-thumbnail\" alt=\"\" \/><\/a>\n\t\t\t\t<\/dt><\/dl><dl class='gallery-item'>\n\t\t\t\t<dt class='gallery-icon portrait'>\n\t\t\t\t\t<a class=\"rollover rollover-zoom dt-pswp-item\" title=\"07_MOSTRA_03\" data-dt-img-description=\"\" data-large_image_width=\"1080\" data-large_image_height=\"1351\"href='https:\/\/www.radiopiu.net\/wordpress\/wp-content\/uploads\/2024\/08\/07_MOSTRA_03.jpg'><img loading=\"lazy\" decoding=\"async\" width=\"150\" height=\"150\" src=\"https:\/\/www.radiopiu.net\/wordpress\/wp-content\/uploads\/2024\/08\/07_MOSTRA_03-150x150.jpg\" class=\"attachment-thumbnail size-thumbnail\" alt=\"\" \/><\/a>\n\t\t\t\t<\/dt><\/dl><dl class='gallery-item'>\n\t\t\t\t<dt class='gallery-icon portrait'>\n\t\t\t\t\t<a class=\"rollover rollover-zoom dt-pswp-item\" title=\"08_SALUTI\" data-dt-img-description=\"\" data-large_image_width=\"1200\" data-large_image_height=\"1600\"href='https:\/\/www.radiopiu.net\/wordpress\/wp-content\/uploads\/2024\/08\/08_SALUTI.jpg'><img loading=\"lazy\" decoding=\"async\" width=\"150\" height=\"150\" src=\"https:\/\/www.radiopiu.net\/wordpress\/wp-content\/uploads\/2024\/08\/08_SALUTI-150x150.jpg\" class=\"attachment-thumbnail size-thumbnail\" alt=\"\" \/><\/a>\n\t\t\t\t<\/dt><\/dl><br style=\"clear: both\" \/>\n\t\t\t<\/div>\n\n<p>&nbsp;<\/p>\n<hr \/>\n<p>&nbsp;<\/p>\n<blockquote>\n<h3>&#8220;RISUONA&#8221;, IN VALLE IMPERINA UN&#8217;ESTATE RADIO&#8230;SA<\/h3>\n<\/blockquote>\n<p><strong><a class=\"dt-pswp-item\" href=\"https:\/\/www.radiopiu.net\/wordpress\/wp-content\/uploads\/2024\/08\/WhatsApp-Image-2024-08-02-at-15.14.11-4.jpeg\" data-dt-img-description=\"\" data-large_image_width=\"1600\" data-large_image_height=\"1047\"><img loading=\"lazy\" decoding=\"async\" class=\"size-medium wp-image-403007 alignleft\" src=\"https:\/\/www.radiopiu.net\/wordpress\/wp-content\/uploads\/2024\/08\/WhatsApp-Image-2024-08-02-at-15.14.11-4-300x196.jpeg\" alt=\"\" width=\"300\" height=\"196\" srcset=\"https:\/\/www.radiopiu.net\/wordpress\/wp-content\/uploads\/2024\/08\/WhatsApp-Image-2024-08-02-at-15.14.11-4-300x196.jpeg 300w, https:\/\/www.radiopiu.net\/wordpress\/wp-content\/uploads\/2024\/08\/WhatsApp-Image-2024-08-02-at-15.14.11-4-1024x670.jpeg 1024w, https:\/\/www.radiopiu.net\/wordpress\/wp-content\/uploads\/2024\/08\/WhatsApp-Image-2024-08-02-at-15.14.11-4-768x503.jpeg 768w, https:\/\/www.radiopiu.net\/wordpress\/wp-content\/uploads\/2024\/08\/WhatsApp-Image-2024-08-02-at-15.14.11-4-1536x1005.jpeg 1536w, https:\/\/www.radiopiu.net\/wordpress\/wp-content\/uploads\/2024\/08\/WhatsApp-Image-2024-08-02-at-15.14.11-4.jpeg 1600w\" sizes=\"auto, (max-width: 300px) 100vw, 300px\" \/><\/a>Cent&#8217;anni di Radio in Mostra a Valle Imperina<\/strong><\/p>\n<p>Dal 1923, anno della prima trasmissione dell\u2019EIAR, sono passati oltre cento anni dalla nascita della radio, un mezzo che ha profondamente influenzato la comunicazione globale. Adattandosi ai cambiamenti tecnologici e sociali, la radio ha evoluto il suo panorama, da EIAR e Rai a radio web moderne. Per celebrare questo secolo di innovazioni, Botol Group e Radio Pi\u00f9 hanno organizzato una mostra dedicata nella suggestiva Valle Imperina, vicino ad Agordo.<\/p>\n<p><strong>&#8220;Risuona&#8221; &#8211; La Mostra<\/strong><\/p>\n<p>Offre un viaggio attraverso l\u2019evoluzione della radio, dai primi apparecchi a valvole ai moderni dispositivi digitali. Oltre alla tecnologia, si esplora l&#8217;impatto sociale e culturale della radio tramite immagini, documenti d\u2019epoca e testimonianze.<\/p>\n<p><strong><a class=\"dt-pswp-item\" href=\"https:\/\/www.radiopiu.net\/wordpress\/wp-content\/uploads\/2024\/08\/WhatsApp-Image-2024-08-02-at-15.14.11-1.jpeg\" data-dt-img-description=\"\" data-large_image_width=\"1600\" data-large_image_height=\"966\"><img loading=\"lazy\" decoding=\"async\" class=\"size-medium wp-image-403004 alignright\" src=\"https:\/\/www.radiopiu.net\/wordpress\/wp-content\/uploads\/2024\/08\/WhatsApp-Image-2024-08-02-at-15.14.11-1-300x181.jpeg\" alt=\"\" width=\"300\" height=\"181\" srcset=\"https:\/\/www.radiopiu.net\/wordpress\/wp-content\/uploads\/2024\/08\/WhatsApp-Image-2024-08-02-at-15.14.11-1-300x181.jpeg 300w, https:\/\/www.radiopiu.net\/wordpress\/wp-content\/uploads\/2024\/08\/WhatsApp-Image-2024-08-02-at-15.14.11-1-1024x618.jpeg 1024w, https:\/\/www.radiopiu.net\/wordpress\/wp-content\/uploads\/2024\/08\/WhatsApp-Image-2024-08-02-at-15.14.11-1-768x464.jpeg 768w, https:\/\/www.radiopiu.net\/wordpress\/wp-content\/uploads\/2024\/08\/WhatsApp-Image-2024-08-02-at-15.14.11-1-1536x927.jpeg 1536w, https:\/\/www.radiopiu.net\/wordpress\/wp-content\/uploads\/2024\/08\/WhatsApp-Image-2024-08-02-at-15.14.11-1.jpeg 1600w\" sizes=\"auto, (max-width: 300px) 100vw, 300px\" \/><\/a>Gli Espositori<\/strong><\/p>\n<p><strong>Franco Ben<\/strong>, fin da giovane, ha sviluppato una passione per la radio smontando e collezionando apparecchi, oggi esposti in Valle Imperina. <strong>Ivano Benvegn\u00f9<\/strong> arricchisce la mostra con la sua vasta collezione di radio d\u2019epoca anche acquistate nei mercatini.<strong> Mirko Mezzacasa<\/strong> ha trasformato la sede di Radio Pi\u00f9 in un museo, ora parzialmente trasferito ai locali del Gruppo Botol, rendendo la sua passione per la radio un impegno di vita.<\/p>\n<p><strong>Il Sito: 600 Anni di Storia e Umanit\u00e0<\/strong><\/p>\n<p>La Miniera di Valle Imperina, nel cuore delle Dolomiti Bellunesi, \u00e8 un importante sito storico industriale. Un tempo fulcro dell\u2019industria mineraria del rame, ora, grazie al Gruppo Botol, sta vivendo una nuova vita come attrazione turistica culturale e mineraria. Questo progetto non solo promuove il turismo, ma preserva anche il patrimonio culturale e umano della Valle, rispondendo all\u2019interesse crescente per i siti industriali storici.<\/p>\n<p>&nbsp;<\/p>\n<hr \/>\n<p>&nbsp;<\/p>\n<blockquote>\n<h3>&#8220;Settimana senza TV&#8221; a Sospirolo: Cultura, Arte e Tradizione<\/h3>\n<\/blockquote>\n<p><strong><a class=\"dt-pswp-item\" href=\"https:\/\/www.radiopiu.net\/wordpress\/wp-content\/uploads\/2024\/08\/Bulgaria_02.jpg\" data-dt-img-description=\"\" data-large_image_width=\"2048\" data-large_image_height=\"1154\"><img loading=\"lazy\" decoding=\"async\" class=\"size-medium wp-image-403963 alignleft\" src=\"https:\/\/www.radiopiu.net\/wordpress\/wp-content\/uploads\/2024\/08\/Bulgaria_02-300x169.jpg\" alt=\"\" width=\"300\" height=\"169\" srcset=\"https:\/\/www.radiopiu.net\/wordpress\/wp-content\/uploads\/2024\/08\/Bulgaria_02-300x169.jpg 300w, https:\/\/www.radiopiu.net\/wordpress\/wp-content\/uploads\/2024\/08\/Bulgaria_02-1024x577.jpg 1024w, https:\/\/www.radiopiu.net\/wordpress\/wp-content\/uploads\/2024\/08\/Bulgaria_02-768x433.jpg 768w, https:\/\/www.radiopiu.net\/wordpress\/wp-content\/uploads\/2024\/08\/Bulgaria_02-1536x866.jpg 1536w, https:\/\/www.radiopiu.net\/wordpress\/wp-content\/uploads\/2024\/08\/Bulgaria_02.jpg 2048w\" sizes=\"auto, (max-width: 300px) 100vw, 300px\" \/><\/a>SOSPIROLO<\/strong> Il Comune di Sospirolo organizza la &#8220;Settimana senza TV&#8221; dal 12 al 18 agosto 2024, con eventi culturali e artistici. L&#8217;iniziativa, supportata dal Comitato di Biblioteca e varie associazioni locali, propone escursioni, musica, teatro e dibattiti aperti a tutte le et\u00e0. Il programma include una passeggiata tra le chiesette storiche, letture teatrali, concerti e spettacoli. Momenti salienti sono la proiezione del film &#8220;Non andare via,&#8221; (15 agosto) il teatro di strada &#8220;Quel diavolo di Arlecchino,&#8221; (16 agosto) e il &#8220;Festival Internazionale del Folklore&#8221; (18 agosto) con gruppi dalla Slovacchia e Bulgaria. Tutti gli eventi, ad ingresso libero, si svolgono al Centro civico e alla palestra delle scuole di Sospirolo.<\/p>\n<p>&nbsp;<\/p>\n<hr \/>\n<p>&nbsp;<\/p>\n<blockquote>\n<h3>Agosto ad Arabba: Un Mese di Cultura tra Libri, Arte e Montagne<\/h3>\n<\/blockquote>\n<blockquote><p><em><strong>Appuntamenti Letterari e Artistici con Autori e Relatori di Spicco alla Sala Congressi di Arabba\u00a0<\/strong><\/em><\/p><\/blockquote>\n<p><strong>LIVINALLONGO <\/strong>Arabba si prepara a un agosto ricco di eventi culturali presso la Sala Congressi, con una serie di incontri,\u00a0 che spaziano dalla letteratura all&#8217;arte, offrendo al pubblico l&#8217;occasione di esplorare la bellezza delle Dolomiti attraverso storie, racconti, e visioni. Tutti gli eventi sono a ingresso libero e saranno moderati da Gianpaolo Soratroi.<\/p>\n<p>&nbsp;<\/p>\n<p><img decoding=\"async\" src=\"https:\/\/www.radiopiu.net\/wordpress\/wp-content\/uploads\/2024\/08\/top-arabba-2024.jpg\" \/><\/p>\n<div class=\"flex flex-grow flex-col max-w-full\">\n<div class=\"min-h-[20px] text-message flex w-full flex-col items-end gap-2 whitespace-pre-wrap break-words [.text-message+&amp;]:mt-5 overflow-x-auto\" dir=\"auto\" data-message-author-role=\"assistant\" data-message-id=\"1c257bd9-274a-478a-a1ed-c080af743465\">\n<div class=\"flex w-full flex-col gap-1 empty:hidden first:pt-[3px]\">\n<div class=\"markdown prose w-full break-words dark:prose-invert dark\">\n<h3><\/h3>\n<h3><strong>Marted\u00ec 13 Agosto, ore 20:45 \u2013 Conferenza \u201cIl Cielo Pi\u00f9 Vicino\u201d con Vittorio Sgarbi<\/strong><\/h3>\n<p><strong>Relatore: Gianpaolo Soratroi<\/strong><\/p>\n<p>Lo storico e critico d\u2019arte di fama internazionale, Vittorio Sgarbi, terr\u00e0 una conferenza intitolata \u201cIl Cielo Pi\u00f9 Vicino\u201d, dedicata alla visione artistica delle montagne, in particolare delle Dolomiti. Sgarbi esplorer\u00e0 come questi paesaggi mozzafiato abbiano ispirato artisti di ogni epoca, offrendo un\u2019interpretazione brillante e sorprendente della montagna attraverso l\u2019arte. Con la sua inimitabile capacit\u00e0 oratoria, Sgarbi guider\u00e0 il pubblico in un viaggio tra le vette pi\u00f9 alte, mostrando come l\u2019arte riesca a catturare l\u2019essenza delle montagne.<\/p>\n<blockquote><p><strong>Tema centrale:<\/strong>\u00a0\u201cLe Dolomiti non sono solo un luogo fisico, ma un simbolo artistico di maestosit\u00e0 e bellezza.\u201d<\/p><\/blockquote>\n<\/div>\n<\/div>\n<\/div>\n<\/div>\n<p>&nbsp;<\/p>\n<hr \/>\n<p>&nbsp;<\/p>\n<p>&nbsp;<\/p>\n<blockquote class=\"wp-embedded-content\" data-secret=\"jWpwlovi9F\"><p><a href=\"https:\/\/www.radiopiu.net\/wordpress\/dalle-vette-in-valle-di-san-lucano-ai-verdi-prati-le-foto-di-sandro-verardo\/\">DALLE VETTE IN VALLE DI SAN LUCANO AI VERDI PRATI, LE FOTO DI SANDRO VERARDO<\/a><\/p><\/blockquote>\n<p><iframe loading=\"lazy\" class=\"wp-embedded-content\" sandbox=\"allow-scripts\" security=\"restricted\" style=\"position: absolute; visibility: hidden;\" title=\"&#8220;DALLE VETTE IN VALLE DI SAN LUCANO AI VERDI PRATI, LE FOTO DI SANDRO VERARDO&#8221; &#8212; Radio Pi\u00f9\" src=\"https:\/\/www.radiopiu.net\/wordpress\/dalle-vette-in-valle-di-san-lucano-ai-verdi-prati-le-foto-di-sandro-verardo\/embed\/#?secret=AvFPi7uc6Q#?secret=jWpwlovi9F\" data-secret=\"jWpwlovi9F\" width=\"600\" height=\"338\" frameborder=\"0\" marginwidth=\"0\" marginheight=\"0\" scrolling=\"no\"><\/iframe><\/p>\n<p>&nbsp;<\/p>\n<hr \/>\n<p>&nbsp;<\/p>\n<blockquote>\n<h3>LE MAN DE ORO, UNA MOSTRA DEDICATA ALLE OPERE DEI GRANDI ARTISTI SCOMPARSI DELLA VALLE DEL BIOIS<\/h3>\n<\/blockquote>\n<p><strong>CANALE D&#8217;AGORDO\u00a0<\/strong> La Pro Loco di Canale D&#8217;Agordo organizza la mostra dal titolo &#8220;Le Man De Oro&#8221;, un&#8217;esposizione di opere dei grandi artisti scomparsi della Valle Del Biois. Tra i lavori esposti si potranno osservare opere di Augusto Murer, Giuliano De Rocco, Amedeo da Pos, Dante Moro e molti altri. L&#8217;esposizione verr\u00e0 inaugurata oggi alle 17:30 e sar\u00e0 visitabile tutti i giorni dalle 17 alle 19 e dalle 20 alle 22 nella sala consigliare di Canale D&#8217;Agordo.<\/p>\n<p>&nbsp;<\/p>\n<p><strong>L&#8217;INTERVISTA ALLA RADIO, CON LORIS SERAFINI E LUCIO RIZIERI<\/strong><\/p>\n<audio class=\"wp-audio-shortcode\" id=\"audio-403792-11\" preload=\"none\" style=\"width: 100%;\" controls=\"controls\"><source type=\"audio\/mpeg\" src=\"https:\/\/www.radiopiu.net\/wordpress\/wp-content\/uploads\/2024\/08\/LORIS-SERAFINI-CANALE-DAGRODO-MOSTRA.mp3?_=11\" \/><a href=\"https:\/\/www.radiopiu.net\/wordpress\/wp-content\/uploads\/2024\/08\/LORIS-SERAFINI-CANALE-DAGRODO-MOSTRA.mp3\">https:\/\/www.radiopiu.net\/wordpress\/wp-content\/uploads\/2024\/08\/LORIS-SERAFINI-CANALE-DAGRODO-MOSTRA.mp3<\/a><\/audio>\n<p>&nbsp;<\/p>\n\n\t\t\t<style type='text\/css'>\n\t\t\t\t#gallery-5 {\n\t\t\t\t\tmargin: auto;\n\t\t\t\t}\n\t\t\t\t#gallery-5 .gallery-item {\n\t\t\t\t\tfloat: left;\n\t\t\t\t\tmargin-top: 10px;\n\t\t\t\t\ttext-align: center;\n\t\t\t\t\twidth: 20%;\n\t\t\t\t}\n\t\t\t\t#gallery-5 img {\n\t\t\t\t\tborder: 2px solid #cfcfcf;\n\t\t\t\t}\n\t\t\t\t#gallery-5 .gallery-caption {\n\t\t\t\t\tmargin-left: 0;\n\t\t\t\t}\n\t\t\t\t\/* see gallery_shortcode() in wp-includes\/media.php *\/\n\t\t\t<\/style>\n\t\t<div id='gallery-5' class='dt-gallery-container gallery galleryid-403792 gallery-columns-5 gallery-size-thumbnail'><dl class='gallery-item'>\n\t\t\t\t<dt class='gallery-icon landscape'>\n\t\t\t\t\t<a class=\"rollover rollover-zoom dt-pswp-item\" title=\"Augusto Murer\" data-dt-img-description=\"\" data-large_image_width=\"1140\" data-large_image_height=\"822\"href='https:\/\/www.radiopiu.net\/wordpress\/wp-content\/uploads\/2024\/08\/Augusto-Murer.jpg'><img loading=\"lazy\" decoding=\"async\" width=\"150\" height=\"150\" src=\"https:\/\/www.radiopiu.net\/wordpress\/wp-content\/uploads\/2024\/08\/Augusto-Murer-150x150.jpg\" class=\"attachment-thumbnail size-thumbnail\" alt=\"\" \/><\/a>\n\t\t\t\t<\/dt><\/dl><dl class='gallery-item'>\n\t\t\t\t<dt class='gallery-icon landscape'>\n\t\t\t\t\t<a class=\"rollover rollover-zoom dt-pswp-item\" title=\"Giuliano de Rocco\" data-dt-img-description=\"\" data-large_image_width=\"1476\" data-large_image_height=\"996\"href='https:\/\/www.radiopiu.net\/wordpress\/wp-content\/uploads\/2024\/08\/Giuliano-de-Rocco.jpg'><img loading=\"lazy\" decoding=\"async\" width=\"150\" height=\"150\" src=\"https:\/\/www.radiopiu.net\/wordpress\/wp-content\/uploads\/2024\/08\/Giuliano-de-Rocco-150x150.jpg\" class=\"attachment-thumbnail size-thumbnail\" alt=\"\" \/><\/a>\n\t\t\t\t<\/dt><\/dl><dl class='gallery-item'>\n\t\t\t\t<dt class='gallery-icon landscape'>\n\t\t\t\t\t<a class=\"rollover rollover-zoom dt-pswp-item\" title=\"Opera di Dante Moro\" data-dt-img-description=\"\" data-large_image_width=\"600\" data-large_image_height=\"340\"href='https:\/\/www.radiopiu.net\/wordpress\/wp-content\/uploads\/2024\/08\/Opera-di-Dante-Moro.jpg'><img loading=\"lazy\" decoding=\"async\" width=\"150\" height=\"150\" src=\"https:\/\/www.radiopiu.net\/wordpress\/wp-content\/uploads\/2024\/08\/Opera-di-Dante-Moro-150x150.jpg\" class=\"attachment-thumbnail size-thumbnail\" alt=\"\" \/><\/a>\n\t\t\t\t<\/dt><\/dl><dl class='gallery-item'>\n\t\t\t\t<dt class='gallery-icon landscape'>\n\t\t\t\t\t<a class=\"rollover rollover-zoom dt-pswp-item\" title=\"Paesaggio Zais\" data-dt-img-description=\"\" data-large_image_width=\"274\" data-large_image_height=\"184\"href='https:\/\/www.radiopiu.net\/wordpress\/wp-content\/uploads\/2024\/08\/Paesaggio-Zais.jpeg'><img loading=\"lazy\" decoding=\"async\" width=\"150\" height=\"150\" src=\"https:\/\/www.radiopiu.net\/wordpress\/wp-content\/uploads\/2024\/08\/Paesaggio-Zais-150x150.jpeg\" class=\"attachment-thumbnail size-thumbnail\" alt=\"\" \/><\/a>\n\t\t\t\t<\/dt><\/dl><dl class='gallery-item'>\n\t\t\t\t<dt class='gallery-icon portrait'>\n\t\t\t\t\t<a class=\"rollover rollover-zoom dt-pswp-item\" title=\"Locandina FINALE Le man de oro\" data-dt-img-description=\"\" data-large_image_width=\"1755\" data-large_image_height=\"2482\"href='https:\/\/www.radiopiu.net\/wordpress\/wp-content\/uploads\/2024\/08\/Locandina-FINALE-Le-man-de-oro.png'><img loading=\"lazy\" decoding=\"async\" width=\"150\" height=\"150\" src=\"https:\/\/www.radiopiu.net\/wordpress\/wp-content\/uploads\/2024\/08\/Locandina-FINALE-Le-man-de-oro-150x150.png\" class=\"attachment-thumbnail size-thumbnail\" alt=\"\" \/><\/a>\n\t\t\t\t<\/dt><\/dl><br style=\"clear: both\" \/>\n\t\t\t<\/div>\n\n<p>&nbsp;<\/p>\n<hr \/>\n<p>&nbsp;<\/p>\n<blockquote>\n<h3>STASERA LA PRESENTAZIONE DEL LIBRO DI EGIDIO PASUCH A CENCENIGHE<\/h3>\n<\/blockquote>\n<p><a class=\"dt-pswp-item\" href=\"https:\/\/www.radiopiu.net\/wordpress\/wp-content\/uploads\/2024\/08\/Locandina-Presentazione-libro-di-Egidio-Pasuch.png\" data-dt-img-description=\"AL NOF FILO'\" data-large_image_width=\"1414\" data-large_image_height=\"2000\"><img loading=\"lazy\" decoding=\"async\" class=\"alignleft wp-image-403378 \" src=\"https:\/\/www.radiopiu.net\/wordpress\/wp-content\/uploads\/2024\/08\/Locandina-Presentazione-libro-di-Egidio-Pasuch-212x300.png\" alt=\"\" width=\"130\" height=\"184\" srcset=\"https:\/\/www.radiopiu.net\/wordpress\/wp-content\/uploads\/2024\/08\/Locandina-Presentazione-libro-di-Egidio-Pasuch-212x300.png 212w, https:\/\/www.radiopiu.net\/wordpress\/wp-content\/uploads\/2024\/08\/Locandina-Presentazione-libro-di-Egidio-Pasuch-724x1024.png 724w, https:\/\/www.radiopiu.net\/wordpress\/wp-content\/uploads\/2024\/08\/Locandina-Presentazione-libro-di-Egidio-Pasuch-768x1086.png 768w, https:\/\/www.radiopiu.net\/wordpress\/wp-content\/uploads\/2024\/08\/Locandina-Presentazione-libro-di-Egidio-Pasuch-1086x1536.png 1086w, https:\/\/www.radiopiu.net\/wordpress\/wp-content\/uploads\/2024\/08\/Locandina-Presentazione-libro-di-Egidio-Pasuch.png 1414w\" sizes=\"auto, (max-width: 130px) 100vw, 130px\" \/><\/a><strong>CENCENIGHE<\/strong><\/p>\n<p>DI GIANNI SANTOMASO<\/p>\n<audio class=\"wp-audio-shortcode\" id=\"audio-403792-12\" preload=\"none\" style=\"width: 100%;\" controls=\"controls\"><source type=\"audio\/mpeg\" src=\"https:\/\/www.radiopiu.net\/wordpress\/wp-content\/uploads\/2024\/08\/GIANNI-STASERA-LA-PRESENTAZIONE-DEL-LIBRO-DI-EGIDIO-PASUCH-A-CENCENIGHE.mp3?_=12\" \/><a href=\"https:\/\/www.radiopiu.net\/wordpress\/wp-content\/uploads\/2024\/08\/GIANNI-STASERA-LA-PRESENTAZIONE-DEL-LIBRO-DI-EGIDIO-PASUCH-A-CENCENIGHE.mp3\">https:\/\/www.radiopiu.net\/wordpress\/wp-content\/uploads\/2024\/08\/GIANNI-STASERA-LA-PRESENTAZIONE-DEL-LIBRO-DI-EGIDIO-PASUCH-A-CENCENIGHE.mp3<\/a><\/audio>\n<p>&nbsp;<\/p>\n<hr \/>\n<p>&nbsp;<\/p>\n<blockquote>\n<h3>DAGDA CELTIC FEST: Un Tuffo nel Passato Celtico<\/h3>\n<\/blockquote>\n<p><strong><a class=\"dt-pswp-item\" href=\"https:\/\/www.radiopiu.net\/wordpress\/wp-content\/uploads\/2024\/07\/ee0e70bf-b574-49f2-beb9-4ad574e937e0-1.jpg\" data-dt-img-description=\"BOCCIODROMO AD AGORDO... L'ESTATE CONTINUA\" data-large_image_width=\"1592\" data-large_image_height=\"2048\"><img loading=\"lazy\" decoding=\"async\" class=\" wp-image-402362 alignleft\" src=\"https:\/\/www.radiopiu.net\/wordpress\/wp-content\/uploads\/2024\/07\/ee0e70bf-b574-49f2-beb9-4ad574e937e0-1-233x300.jpg\" alt=\"\" width=\"135\" height=\"174\" srcset=\"https:\/\/www.radiopiu.net\/wordpress\/wp-content\/uploads\/2024\/07\/ee0e70bf-b574-49f2-beb9-4ad574e937e0-1-233x300.jpg 233w, https:\/\/www.radiopiu.net\/wordpress\/wp-content\/uploads\/2024\/07\/ee0e70bf-b574-49f2-beb9-4ad574e937e0-1-796x1024.jpg 796w, https:\/\/www.radiopiu.net\/wordpress\/wp-content\/uploads\/2024\/07\/ee0e70bf-b574-49f2-beb9-4ad574e937e0-1-768x988.jpg 768w, https:\/\/www.radiopiu.net\/wordpress\/wp-content\/uploads\/2024\/07\/ee0e70bf-b574-49f2-beb9-4ad574e937e0-1-1194x1536.jpg 1194w, https:\/\/www.radiopiu.net\/wordpress\/wp-content\/uploads\/2024\/07\/ee0e70bf-b574-49f2-beb9-4ad574e937e0-1.jpg 1592w\" sizes=\"auto, (max-width: 135px) 100vw, 135px\" \/><\/a>AGORDO<\/strong> I grandi eventi al Parco Giochi e bar al bocciodromo di via Paganini ad Agordo<\/p>\n<p><em>30\/31 agosto \/ 1 settembre \u2013 2024 Il <strong>DAGDA CELTIC FEST<\/strong>, Anno 0, \u00e8 pronto a trasportare i visitatori indietro nel tempo, in un viaggio immersivo nella vita degli antichi Celti. Organizzato dal <strong>Clan Trumusio<\/strong>, il festival offrir\u00e0 tre giorni di giochi, didattica e curiosit\u00e0 nel suggestivo campo storico, dando vita a un\u2019esperienza indimenticabile. Il <strong>DAGDA CELTIC FEST<\/strong> \u00e8 un\u2019occasione unica per immergersi nella cultura e nelle tradizioni celtiche, grazie alla ricca programmazione e alla partecipazione di esperti. Con attivit\u00e0 per tutte le et\u00e0 e gusti, l&#8217;evento promette di essere un\u2019esperienza memorabile per chiunque desideri esplorare il mondo dei Celti. Non mancate a questo viaggio nel tempo, dove la storia prende vita attraverso musica, giochi, artigianato e riti antichi.\u00a0<\/em><\/p>\n<p>&nbsp;<\/p>\n<p>&nbsp;<\/p>\n<hr \/>\n<div class=\"mceTemp\"><\/div>\n<h2><span style=\"color: #ff6600;\">ALLA RADIO<\/span><\/h2>\n<h2><span style=\"color: #ffcc00;\">RITRATTI SONORI CON I TIRATAIE<\/span><\/h2>\n<p><strong>REDAZIONE<\/strong> Appuntamento speciale con &#8220;Ritratti Sonori&#8221; di Alessia Dall&#8217;O&#8217;. Ospiti i Tirataie che ci racconteranno i loro ritratti.<\/p>\n<p><strong>LA PUNTATA INTEGRALE<\/strong><\/p>\n<audio class=\"wp-audio-shortcode\" id=\"audio-403792-13\" preload=\"none\" style=\"width: 100%;\" controls=\"controls\"><source type=\"audio\/mpeg\" src=\"https:\/\/www.radiopiu.net\/wordpress\/wp-content\/uploads\/2024\/08\/ritratti-tirataie-per-sito.mp3?_=13\" \/><a href=\"https:\/\/www.radiopiu.net\/wordpress\/wp-content\/uploads\/2024\/08\/ritratti-tirataie-per-sito.mp3\">https:\/\/www.radiopiu.net\/wordpress\/wp-content\/uploads\/2024\/08\/ritratti-tirataie-per-sito.mp3<\/a><\/audio>\n<p>&nbsp;<\/p>\n<p><strong>LA DIRETTA DALLO STUDIO 2<\/strong><\/p>\n<p><iframe loading=\"lazy\" title=\"Diretta Radio Piu\" width=\"1200\" height=\"900\" src=\"https:\/\/www.youtube.com\/embed\/R3MRN89zWks?feature=oembed\" frameborder=\"0\" allow=\"accelerometer; autoplay; clipboard-write; encrypted-media; gyroscope; picture-in-picture; web-share\" referrerpolicy=\"strict-origin-when-cross-origin\" allowfullscreen><\/iframe><\/p>\n<p>&nbsp;<\/p>\n<h2>LA RACCOLTA COMPLETA <a href=\"https:\/\/www.radiopiu.net\/wordpress\/ritratti-sonori-il-programma-di-alessia-dallo-la-raccolta\/\"><span style=\"color: #3366ff;\">CLICCA QUI<\/span><\/a><\/h2>\n<p>&nbsp;<\/p>\n<hr \/>\n<p>&nbsp;<\/p>\n<h2><span style=\"color: #800080;\">SECONDO APPUNTAMENTO CON LETTURE E CULTURE A BORGO PALUE DI ROCCA PIETORE<\/span><\/h2>\n<p><strong>DI MARINA DONA&#8217;<\/strong><\/p>\n<p><strong>ROCCA PIETORE<\/strong> Secondo appuntamento estivo a Borgo Palue di Rocca Pietore a pochi chilometri dalla Marmolada marted\u00ec 6 agosto 2024. Appuntamento con le letture ai visitatori con la presenza del cilip di Feltre e Radio Pi\u00f9. Allacciandosi alla mostra presente al borgo sul tema ancora molto attuale sull&#8217; emigrazione, Caterina De Biasio legge delle testimonianze sul tema stesso ma raccontato e vissuto dalle donne . A seguire Ivonne Tomaselli racconta la domenica, giorno di festa, dei &#8220;conze&#8221; (i seggiolai), che lavoravano lontano da casa. Anche Orietta scardanzan racconta di un gruppo di gosaldini che emigra in Francia per impagliare sedie ( detti &#8220;conze&#8221; ) (video) . L&#8217;evento dopo le letture ha acceso un bellissimo dibattito tra i presenti, creando un&#8217;atmosfera di scambio non solo culturale ma anche e soprattutto conviviale.<\/p>\n<p><strong>LO SPECIALE ALLA RADIO\u00a0<\/strong><\/p>\n<audio class=\"wp-audio-shortcode\" id=\"audio-403792-14\" preload=\"none\" style=\"width: 100%;\" controls=\"controls\"><source type=\"audio\/mpeg\" src=\"https:\/\/www.radiopiu.net\/wordpress\/wp-content\/uploads\/2024\/08\/LETTURE-E-CULTURE-ESTATE-2.mp3?_=14\" \/><a href=\"https:\/\/www.radiopiu.net\/wordpress\/wp-content\/uploads\/2024\/08\/LETTURE-E-CULTURE-ESTATE-2.mp3\">https:\/\/www.radiopiu.net\/wordpress\/wp-content\/uploads\/2024\/08\/LETTURE-E-CULTURE-ESTATE-2.mp3<\/a><\/audio>\n<p>&nbsp;<\/p>\n<p><strong>LE FOTO<\/strong><\/p>\n\n\t\t\t<style type='text\/css'>\n\t\t\t\t#gallery-6 {\n\t\t\t\t\tmargin: auto;\n\t\t\t\t}\n\t\t\t\t#gallery-6 .gallery-item {\n\t\t\t\t\tfloat: left;\n\t\t\t\t\tmargin-top: 10px;\n\t\t\t\t\ttext-align: center;\n\t\t\t\t\twidth: 33%;\n\t\t\t\t}\n\t\t\t\t#gallery-6 img {\n\t\t\t\t\tborder: 2px solid #cfcfcf;\n\t\t\t\t}\n\t\t\t\t#gallery-6 .gallery-caption {\n\t\t\t\t\tmargin-left: 0;\n\t\t\t\t}\n\t\t\t\t\/* see gallery_shortcode() in wp-includes\/media.php *\/\n\t\t\t<\/style>\n\t\t<div id='gallery-6' class='dt-gallery-container gallery galleryid-403792 gallery-columns-3 gallery-size-medium'><dl class='gallery-item'>\n\t\t\t\t<dt class='gallery-icon landscape'>\n\t\t\t\t\t<a class=\"rollover rollover-zoom dt-pswp-item\" title=\"b282f8f6-53e3-43bb-ad95-ef1c6e6d7c41\" data-dt-img-description=\"\" data-large_image_width=\"2048\" data-large_image_height=\"1536\"href='https:\/\/www.radiopiu.net\/wordpress\/wp-content\/uploads\/2024\/08\/b282f8f6-53e3-43bb-ad95-ef1c6e6d7c41.jpg'><img loading=\"lazy\" decoding=\"async\" width=\"300\" height=\"225\" src=\"https:\/\/www.radiopiu.net\/wordpress\/wp-content\/uploads\/2024\/08\/b282f8f6-53e3-43bb-ad95-ef1c6e6d7c41-300x225.jpg\" class=\"attachment-medium size-medium\" alt=\"\" srcset=\"https:\/\/www.radiopiu.net\/wordpress\/wp-content\/uploads\/2024\/08\/b282f8f6-53e3-43bb-ad95-ef1c6e6d7c41-300x225.jpg 300w, https:\/\/www.radiopiu.net\/wordpress\/wp-content\/uploads\/2024\/08\/b282f8f6-53e3-43bb-ad95-ef1c6e6d7c41-1024x768.jpg 1024w, https:\/\/www.radiopiu.net\/wordpress\/wp-content\/uploads\/2024\/08\/b282f8f6-53e3-43bb-ad95-ef1c6e6d7c41-768x576.jpg 768w, https:\/\/www.radiopiu.net\/wordpress\/wp-content\/uploads\/2024\/08\/b282f8f6-53e3-43bb-ad95-ef1c6e6d7c41-1536x1152.jpg 1536w, https:\/\/www.radiopiu.net\/wordpress\/wp-content\/uploads\/2024\/08\/b282f8f6-53e3-43bb-ad95-ef1c6e6d7c41.jpg 2048w\" sizes=\"auto, (max-width: 300px) 100vw, 300px\" \/><\/a>\n\t\t\t\t<\/dt><\/dl><dl class='gallery-item'>\n\t\t\t\t<dt class='gallery-icon landscape'>\n\t\t\t\t\t<a class=\"rollover rollover-zoom dt-pswp-item\" title=\"864ed7d1-b103-4be4-b1d7-0c8f9285fb78\" data-dt-img-description=\"\" data-large_image_width=\"2048\" data-large_image_height=\"1536\"href='https:\/\/www.radiopiu.net\/wordpress\/wp-content\/uploads\/2024\/08\/864ed7d1-b103-4be4-b1d7-0c8f9285fb78.jpg'><img loading=\"lazy\" decoding=\"async\" width=\"300\" height=\"225\" src=\"https:\/\/www.radiopiu.net\/wordpress\/wp-content\/uploads\/2024\/08\/864ed7d1-b103-4be4-b1d7-0c8f9285fb78-300x225.jpg\" class=\"attachment-medium size-medium\" alt=\"\" srcset=\"https:\/\/www.radiopiu.net\/wordpress\/wp-content\/uploads\/2024\/08\/864ed7d1-b103-4be4-b1d7-0c8f9285fb78-300x225.jpg 300w, https:\/\/www.radiopiu.net\/wordpress\/wp-content\/uploads\/2024\/08\/864ed7d1-b103-4be4-b1d7-0c8f9285fb78-1024x768.jpg 1024w, https:\/\/www.radiopiu.net\/wordpress\/wp-content\/uploads\/2024\/08\/864ed7d1-b103-4be4-b1d7-0c8f9285fb78-768x576.jpg 768w, https:\/\/www.radiopiu.net\/wordpress\/wp-content\/uploads\/2024\/08\/864ed7d1-b103-4be4-b1d7-0c8f9285fb78-1536x1152.jpg 1536w, https:\/\/www.radiopiu.net\/wordpress\/wp-content\/uploads\/2024\/08\/864ed7d1-b103-4be4-b1d7-0c8f9285fb78.jpg 2048w\" sizes=\"auto, (max-width: 300px) 100vw, 300px\" \/><\/a>\n\t\t\t\t<\/dt><\/dl><dl class='gallery-item'>\n\t\t\t\t<dt class='gallery-icon landscape'>\n\t\t\t\t\t<a class=\"rollover rollover-zoom dt-pswp-item\" title=\"38b3b8ab-261d-4244-b558-8c6d6ccff224\" data-dt-img-description=\"\" data-large_image_width=\"2048\" data-large_image_height=\"1518\"href='https:\/\/www.radiopiu.net\/wordpress\/wp-content\/uploads\/2024\/08\/38b3b8ab-261d-4244-b558-8c6d6ccff224.jpg'><img loading=\"lazy\" decoding=\"async\" width=\"300\" height=\"222\" src=\"https:\/\/www.radiopiu.net\/wordpress\/wp-content\/uploads\/2024\/08\/38b3b8ab-261d-4244-b558-8c6d6ccff224-300x222.jpg\" class=\"attachment-medium size-medium\" alt=\"\" srcset=\"https:\/\/www.radiopiu.net\/wordpress\/wp-content\/uploads\/2024\/08\/38b3b8ab-261d-4244-b558-8c6d6ccff224-300x222.jpg 300w, https:\/\/www.radiopiu.net\/wordpress\/wp-content\/uploads\/2024\/08\/38b3b8ab-261d-4244-b558-8c6d6ccff224-1024x759.jpg 1024w, https:\/\/www.radiopiu.net\/wordpress\/wp-content\/uploads\/2024\/08\/38b3b8ab-261d-4244-b558-8c6d6ccff224-768x569.jpg 768w, https:\/\/www.radiopiu.net\/wordpress\/wp-content\/uploads\/2024\/08\/38b3b8ab-261d-4244-b558-8c6d6ccff224-1536x1139.jpg 1536w, https:\/\/www.radiopiu.net\/wordpress\/wp-content\/uploads\/2024\/08\/38b3b8ab-261d-4244-b558-8c6d6ccff224.jpg 2048w\" sizes=\"auto, (max-width: 300px) 100vw, 300px\" \/><\/a>\n\t\t\t\t<\/dt><\/dl><br style=\"clear: both\" \/><dl class='gallery-item'>\n\t\t\t\t<dt class='gallery-icon landscape'>\n\t\t\t\t\t<a class=\"rollover rollover-zoom dt-pswp-item\" title=\"a2091c96-75d1-48e5-9cdb-1ecfd1db8046\" data-dt-img-description=\"\" data-large_image_width=\"2048\" data-large_image_height=\"1536\"href='https:\/\/www.radiopiu.net\/wordpress\/wp-content\/uploads\/2024\/08\/a2091c96-75d1-48e5-9cdb-1ecfd1db8046.jpg'><img loading=\"lazy\" decoding=\"async\" width=\"300\" height=\"225\" src=\"https:\/\/www.radiopiu.net\/wordpress\/wp-content\/uploads\/2024\/08\/a2091c96-75d1-48e5-9cdb-1ecfd1db8046-300x225.jpg\" class=\"attachment-medium size-medium\" alt=\"\" srcset=\"https:\/\/www.radiopiu.net\/wordpress\/wp-content\/uploads\/2024\/08\/a2091c96-75d1-48e5-9cdb-1ecfd1db8046-300x225.jpg 300w, https:\/\/www.radiopiu.net\/wordpress\/wp-content\/uploads\/2024\/08\/a2091c96-75d1-48e5-9cdb-1ecfd1db8046-1024x768.jpg 1024w, https:\/\/www.radiopiu.net\/wordpress\/wp-content\/uploads\/2024\/08\/a2091c96-75d1-48e5-9cdb-1ecfd1db8046-768x576.jpg 768w, https:\/\/www.radiopiu.net\/wordpress\/wp-content\/uploads\/2024\/08\/a2091c96-75d1-48e5-9cdb-1ecfd1db8046-1536x1152.jpg 1536w, https:\/\/www.radiopiu.net\/wordpress\/wp-content\/uploads\/2024\/08\/a2091c96-75d1-48e5-9cdb-1ecfd1db8046.jpg 2048w\" sizes=\"auto, (max-width: 300px) 100vw, 300px\" \/><\/a>\n\t\t\t\t<\/dt><\/dl><dl class='gallery-item'>\n\t\t\t\t<dt class='gallery-icon landscape'>\n\t\t\t\t\t<a class=\"rollover rollover-zoom dt-pswp-item\" title=\"8d9c4dde-9973-413b-8bff-87de6e8786a9\" data-dt-img-description=\"\" data-large_image_width=\"1599\" data-large_image_height=\"1186\"href='https:\/\/www.radiopiu.net\/wordpress\/wp-content\/uploads\/2024\/08\/8d9c4dde-9973-413b-8bff-87de6e8786a9.jpg'><img loading=\"lazy\" decoding=\"async\" width=\"300\" height=\"223\" src=\"https:\/\/www.radiopiu.net\/wordpress\/wp-content\/uploads\/2024\/08\/8d9c4dde-9973-413b-8bff-87de6e8786a9-300x223.jpg\" class=\"attachment-medium size-medium\" alt=\"\" srcset=\"https:\/\/www.radiopiu.net\/wordpress\/wp-content\/uploads\/2024\/08\/8d9c4dde-9973-413b-8bff-87de6e8786a9-300x223.jpg 300w, https:\/\/www.radiopiu.net\/wordpress\/wp-content\/uploads\/2024\/08\/8d9c4dde-9973-413b-8bff-87de6e8786a9-1024x760.jpg 1024w, https:\/\/www.radiopiu.net\/wordpress\/wp-content\/uploads\/2024\/08\/8d9c4dde-9973-413b-8bff-87de6e8786a9-768x570.jpg 768w, https:\/\/www.radiopiu.net\/wordpress\/wp-content\/uploads\/2024\/08\/8d9c4dde-9973-413b-8bff-87de6e8786a9-1536x1139.jpg 1536w, https:\/\/www.radiopiu.net\/wordpress\/wp-content\/uploads\/2024\/08\/8d9c4dde-9973-413b-8bff-87de6e8786a9.jpg 1599w\" sizes=\"auto, (max-width: 300px) 100vw, 300px\" \/><\/a>\n\t\t\t\t<\/dt><\/dl><dl class='gallery-item'>\n\t\t\t\t<dt class='gallery-icon landscape'>\n\t\t\t\t\t<a class=\"rollover rollover-zoom dt-pswp-item\" title=\"c00c59af-e724-4766-b5d5-664f5ccb2e75\" data-dt-img-description=\"\" data-large_image_width=\"1600\" data-large_image_height=\"1200\"href='https:\/\/www.radiopiu.net\/wordpress\/wp-content\/uploads\/2024\/08\/c00c59af-e724-4766-b5d5-664f5ccb2e75.jpg'><img loading=\"lazy\" decoding=\"async\" width=\"300\" height=\"225\" src=\"https:\/\/www.radiopiu.net\/wordpress\/wp-content\/uploads\/2024\/08\/c00c59af-e724-4766-b5d5-664f5ccb2e75-300x225.jpg\" class=\"attachment-medium size-medium\" alt=\"\" srcset=\"https:\/\/www.radiopiu.net\/wordpress\/wp-content\/uploads\/2024\/08\/c00c59af-e724-4766-b5d5-664f5ccb2e75-300x225.jpg 300w, https:\/\/www.radiopiu.net\/wordpress\/wp-content\/uploads\/2024\/08\/c00c59af-e724-4766-b5d5-664f5ccb2e75-1024x768.jpg 1024w, https:\/\/www.radiopiu.net\/wordpress\/wp-content\/uploads\/2024\/08\/c00c59af-e724-4766-b5d5-664f5ccb2e75-768x576.jpg 768w, https:\/\/www.radiopiu.net\/wordpress\/wp-content\/uploads\/2024\/08\/c00c59af-e724-4766-b5d5-664f5ccb2e75-1536x1152.jpg 1536w, https:\/\/www.radiopiu.net\/wordpress\/wp-content\/uploads\/2024\/08\/c00c59af-e724-4766-b5d5-664f5ccb2e75.jpg 1600w\" sizes=\"auto, (max-width: 300px) 100vw, 300px\" \/><\/a>\n\t\t\t\t<\/dt><\/dl><br style=\"clear: both\" \/>\n\t\t\t<\/div>\n\n<p>&nbsp;<\/p>\n<p><strong>IL VIDEO<\/strong><\/p>\n<div style=\"width: 848px;\" class=\"wp-video\"><video class=\"wp-video-shortcode\" id=\"video-403792-3\" width=\"848\" height=\"480\" preload=\"metadata\" controls=\"controls\"><source type=\"video\/mp4\" src=\"https:\/\/www.radiopiu.net\/wordpress\/wp-content\/uploads\/2024\/08\/WhatsApp-Video-2024-08-07-at-15.28.51.mp4?_=3\" \/><a href=\"https:\/\/www.radiopiu.net\/wordpress\/wp-content\/uploads\/2024\/08\/WhatsApp-Video-2024-08-07-at-15.28.51.mp4\">https:\/\/www.radiopiu.net\/wordpress\/wp-content\/uploads\/2024\/08\/WhatsApp-Video-2024-08-07-at-15.28.51.mp4<\/a><\/video><\/div>\n<p>&nbsp;<\/p>\n<p>&nbsp;<\/p>\n<hr \/>\n<p>&nbsp;<\/p>\n<blockquote class=\"wp-embedded-content\" data-secret=\"ffEUki92Ym\"><p><a href=\"https:\/\/www.radiopiu.net\/wordpress\/pirole-de-lenga-la-parola-del-giorno-a-cura-del-musla-raccolta-completa\/\">PIROLE DE LENGA&#8230; LA PAROLA DEL GIORNO A CURA DEL MUSLA -raccolta completa &#8211;<\/a><\/p><\/blockquote>\n<p><iframe loading=\"lazy\" class=\"wp-embedded-content\" sandbox=\"allow-scripts\" security=\"restricted\" style=\"position: absolute; visibility: hidden;\" title=\"&#8220;PIROLE DE LENGA&#8230; LA PAROLA DEL GIORNO A CURA DEL MUSLA -raccolta completa &#8211;&#8221; &#8212; Radio Pi\u00f9\" src=\"https:\/\/www.radiopiu.net\/wordpress\/pirole-de-lenga-la-parola-del-giorno-a-cura-del-musla-raccolta-completa\/embed\/#?secret=EclgmTNUPg#?secret=ffEUki92Ym\" data-secret=\"ffEUki92Ym\" width=\"600\" height=\"338\" frameborder=\"0\" marginwidth=\"0\" marginheight=\"0\" scrolling=\"no\"><\/iframe><\/p>\n<p>&nbsp;<\/p>\n<hr \/>\n<p>&nbsp;<\/p>\n<h2><span style=\"color: #ff0000;\"><a class=\"dt-pswp-item\" href=\"https:\/\/www.radiopiu.net\/wordpress\/wp-content\/uploads\/2018\/09\/appuntamenti.jpeg\" data-dt-img-description=\"\" data-large_image_width=\"800\" data-large_image_height=\"100\"><img loading=\"lazy\" decoding=\"async\" class=\"wp-image-61958 size-full aligncenter\" src=\"https:\/\/www.radiopiu.net\/wordpress\/wp-content\/uploads\/2018\/09\/appuntamenti.jpeg\" alt=\"\" width=\"800\" height=\"100\" srcset=\"https:\/\/www.radiopiu.net\/wordpress\/wp-content\/uploads\/2018\/09\/appuntamenti.jpeg 800w, https:\/\/www.radiopiu.net\/wordpress\/wp-content\/uploads\/2018\/09\/appuntamenti-300x38.jpeg 300w, https:\/\/www.radiopiu.net\/wordpress\/wp-content\/uploads\/2018\/09\/appuntamenti-768x96.jpeg 768w\" sizes=\"auto, (max-width: 800px) 100vw, 800px\" \/><\/a><\/span><\/h2>\n<div>\n<div class=\"\" dir=\"auto\">\n<div id=\":r9h:\" class=\"x1iorvi4 x1pi30zi x1l90r2v x1swvt13\" data-ad-comet-preview=\"message\" data-ad-preview=\"message\">\n\n\t\t\t<style type='text\/css'>\n\t\t\t\t#gallery-7 {\n\t\t\t\t\tmargin: auto;\n\t\t\t\t}\n\t\t\t\t#gallery-7 .gallery-item {\n\t\t\t\t\tfloat: left;\n\t\t\t\t\tmargin-top: 10px;\n\t\t\t\t\ttext-align: center;\n\t\t\t\t\twidth: 25%;\n\t\t\t\t}\n\t\t\t\t#gallery-7 img {\n\t\t\t\t\tborder: 2px solid #cfcfcf;\n\t\t\t\t}\n\t\t\t\t#gallery-7 .gallery-caption {\n\t\t\t\t\tmargin-left: 0;\n\t\t\t\t}\n\t\t\t\t\/* see gallery_shortcode() in wp-includes\/media.php *\/\n\t\t\t<\/style>\n\t\t<div id='gallery-7' class='dt-gallery-container gallery galleryid-403792 gallery-columns-4 gallery-size-thumbnail'><dl class='gallery-item'>\n\t\t\t\t<dt class='gallery-icon portrait'>\n\t\t\t\t\t<a class=\"rollover rollover-zoom dt-pswp-item\" title=\"a7d1fdcb-dd8a-4c65-b84e-14d48ecf23b4\" data-dt-img-description=\"\" data-large_image_width=\"947\" data-large_image_height=\"1329\"href='https:\/\/www.radiopiu.net\/wordpress\/wp-content\/uploads\/2024\/08\/a7d1fdcb-dd8a-4c65-b84e-14d48ecf23b4.jpg'><img loading=\"lazy\" decoding=\"async\" width=\"150\" height=\"150\" src=\"https:\/\/www.radiopiu.net\/wordpress\/wp-content\/uploads\/2024\/08\/a7d1fdcb-dd8a-4c65-b84e-14d48ecf23b4-150x150.jpg\" class=\"attachment-thumbnail size-thumbnail\" alt=\"\" aria-describedby=\"gallery-7-402791\" \/><\/a>\n\t\t\t\t<\/dt>\n\t\t\t\t\t<dd class='wp-caption-text gallery-caption' id='gallery-7-402791'>\n\t\t\t\t\tI NOS CROT\n\t\t\t\t\t<\/dd><\/dl><dl class='gallery-item'>\n\t\t\t\t<dt class='gallery-icon portrait'>\n\t\t\t\t\t<a class=\"rollover rollover-zoom dt-pswp-item\" title=\"0d186b03-075d-4a16-85f7-92328b103abf\" data-dt-img-description=\"\" data-large_image_width=\"1140\" data-large_image_height=\"1600\"href='https:\/\/www.radiopiu.net\/wordpress\/wp-content\/uploads\/2024\/08\/0d186b03-075d-4a16-85f7-92328b103abf.jpg'><img loading=\"lazy\" decoding=\"async\" width=\"150\" height=\"150\" src=\"https:\/\/www.radiopiu.net\/wordpress\/wp-content\/uploads\/2024\/08\/0d186b03-075d-4a16-85f7-92328b103abf-150x150.jpg\" class=\"attachment-thumbnail size-thumbnail\" alt=\"\" aria-describedby=\"gallery-7-402790\" \/><\/a>\n\t\t\t\t<\/dt>\n\t\t\t\t\t<dd class='wp-caption-text gallery-caption' id='gallery-7-402790'>\n\t\t\t\t\tFINE SETTIMANA \n\t\t\t\t\t<\/dd><\/dl><dl class='gallery-item'>\n\t\t\t\t<dt class='gallery-icon portrait'>\n\t\t\t\t\t<a class=\"rollover rollover-zoom dt-pswp-item\" title=\"a2fe8ef0-b734-47c8-be38-ab8205a88b00\" data-dt-img-description=\"\" data-large_image_width=\"1131\" data-large_image_height=\"1600\"href='https:\/\/www.radiopiu.net\/wordpress\/wp-content\/uploads\/2024\/07\/a2fe8ef0-b734-47c8-be38-ab8205a88b00.jpg'><img loading=\"lazy\" decoding=\"async\" width=\"150\" height=\"150\" src=\"https:\/\/www.radiopiu.net\/wordpress\/wp-content\/uploads\/2024\/07\/a2fe8ef0-b734-47c8-be38-ab8205a88b00-150x150.jpg\" class=\"attachment-thumbnail size-thumbnail\" alt=\"\" aria-describedby=\"gallery-7-402154\" \/><\/a>\n\t\t\t\t<\/dt>\n\t\t\t\t\t<dd class='wp-caption-text gallery-caption' id='gallery-7-402154'>\n\t\t\t\t\tDAL 9 AL 31 AGOSTO VOLTAGO E CULTURA\n\t\t\t\t\t<\/dd><\/dl><dl class='gallery-item'>\n\t\t\t\t<dt class='gallery-icon portrait'>\n\t\t\t\t\t<a class=\"rollover rollover-zoom dt-pswp-item\" title=\"concorso-copia_compressed\" data-dt-img-description=\"\" data-large_image_width=\"1240\" data-large_image_height=\"1754\"href='https:\/\/www.radiopiu.net\/wordpress\/wp-content\/uploads\/2024\/07\/concorso-copia_compressed.jpg'><img loading=\"lazy\" decoding=\"async\" width=\"150\" height=\"150\" src=\"https:\/\/www.radiopiu.net\/wordpress\/wp-content\/uploads\/2024\/07\/concorso-copia_compressed-150x150.jpg\" class=\"attachment-thumbnail size-thumbnail\" alt=\"\" aria-describedby=\"gallery-7-401805\" \/><\/a>\n\t\t\t\t<\/dt>\n\t\t\t\t\t<dd class='wp-caption-text gallery-caption' id='gallery-7-401805'>\n\t\t\t\t\tIL CONCORSO FOTOGRAFICO\n\t\t\t\t\t<\/dd><\/dl><br style=\"clear: both\" \/><dl class='gallery-item'>\n\t\t\t\t<dt class='gallery-icon portrait'>\n\t\t\t\t\t<a class=\"rollover rollover-zoom dt-pswp-item\" title=\"8b2155a6-d732-4852-a73f-6ad1b59fac91\" data-dt-img-description=\"\" data-large_image_width=\"1131\" data-large_image_height=\"1600\"href='https:\/\/www.radiopiu.net\/wordpress\/wp-content\/uploads\/2024\/07\/8b2155a6-d732-4852-a73f-6ad1b59fac91-1.jpg'><img loading=\"lazy\" decoding=\"async\" width=\"150\" height=\"150\" src=\"https:\/\/www.radiopiu.net\/wordpress\/wp-content\/uploads\/2024\/07\/8b2155a6-d732-4852-a73f-6ad1b59fac91-1-150x150.jpg\" class=\"attachment-thumbnail size-thumbnail\" alt=\"\" aria-describedby=\"gallery-7-397366\" \/><\/a>\n\t\t\t\t<\/dt>\n\t\t\t\t\t<dd class='wp-caption-text gallery-caption' id='gallery-7-397366'>\n\t\t\t\t\tASSOCIAZIONE BORGO SOTTOGUDA \n\t\t\t\t\t<\/dd><\/dl><dl class='gallery-item'>\n\t\t\t\t<dt class='gallery-icon portrait'>\n\t\t\t\t\t<a class=\"rollover rollover-zoom dt-pswp-item\" title=\"original-84F78277-839A-4868-BE6A-5A10A5605E21\" data-dt-img-description=\"\" data-large_image_width=\"1754\" data-large_image_height=\"2480\"href='https:\/\/www.radiopiu.net\/wordpress\/wp-content\/uploads\/2024\/07\/original-84F78277-839A-4868-BE6A-5A10A5605E21.jpeg'><img loading=\"lazy\" decoding=\"async\" width=\"150\" height=\"150\" src=\"https:\/\/www.radiopiu.net\/wordpress\/wp-content\/uploads\/2024\/07\/original-84F78277-839A-4868-BE6A-5A10A5605E21-150x150.jpeg\" class=\"attachment-thumbnail size-thumbnail\" alt=\"\" aria-describedby=\"gallery-7-397532\" \/><\/a>\n\t\t\t\t<\/dt>\n\t\t\t\t\t<dd class='wp-caption-text gallery-caption' id='gallery-7-397532'>\n\t\t\t\t\tHOTEL STELLA ALPINA ESTATE D&#8217;EVENTI \n\t\t\t\t\t<\/dd><\/dl><dl class='gallery-item'>\n\t\t\t\t<dt class='gallery-icon portrait'>\n\t\t\t\t\t<a class=\"rollover rollover-zoom dt-pswp-item\" title=\"6aaaad58-800e-4990-a3b1-996dabdbe745\" data-dt-img-description=\"\" data-large_image_width=\"1131\" data-large_image_height=\"1600\"href='https:\/\/www.radiopiu.net\/wordpress\/wp-content\/uploads\/2024\/07\/6aaaad58-800e-4990-a3b1-996dabdbe745.jpg'><img loading=\"lazy\" decoding=\"async\" width=\"150\" height=\"150\" src=\"https:\/\/www.radiopiu.net\/wordpress\/wp-content\/uploads\/2024\/07\/6aaaad58-800e-4990-a3b1-996dabdbe745-150x150.jpg\" class=\"attachment-thumbnail size-thumbnail\" alt=\"\" aria-describedby=\"gallery-7-397565\" \/><\/a>\n\t\t\t\t<\/dt>\n\t\t\t\t\t<dd class='wp-caption-text gallery-caption' id='gallery-7-397565'>\n\t\t\t\t\tDAL 20 LUGLIO A VOLTAGO\n\t\t\t\t\t<\/dd><\/dl><dl class='gallery-item'>\n\t\t\t\t<dt class='gallery-icon portrait'>\n\t\t\t\t\t<a class=\"rollover rollover-zoom dt-pswp-item\" title=\"f84567d6-a1d2-47de-9596-ef8505986952\" data-dt-img-description=\"\" data-large_image_width=\"745\" data-large_image_height=\"1073\"href='https:\/\/www.radiopiu.net\/wordpress\/wp-content\/uploads\/2024\/06\/f84567d6-a1d2-47de-9596-ef8505986952.jpg'><img loading=\"lazy\" decoding=\"async\" width=\"150\" height=\"150\" src=\"https:\/\/www.radiopiu.net\/wordpress\/wp-content\/uploads\/2024\/06\/f84567d6-a1d2-47de-9596-ef8505986952-150x150.jpg\" class=\"attachment-thumbnail size-thumbnail\" alt=\"\" aria-describedby=\"gallery-7-396466\" \/><\/a>\n\t\t\t\t<\/dt>\n\t\t\t\t\t<dd class='wp-caption-text gallery-caption' id='gallery-7-396466'>\n\t\t\t\t\tSUMMER GREEN VOLLEY AGORDINO\n\t\t\t\t\t<\/dd><\/dl><br style=\"clear: both\" \/><dl class='gallery-item'>\n\t\t\t\t<dt class='gallery-icon portrait'>\n\t\t\t\t\t<a class=\"rollover rollover-zoom dt-pswp-item\" title=\"7fc3f2fe-a94d-4d5f-9af0-1d7ee8402cfd\" data-dt-img-description=\"\" data-large_image_width=\"1080\" data-large_image_height=\"1505\"href='https:\/\/www.radiopiu.net\/wordpress\/wp-content\/uploads\/2024\/07\/7fc3f2fe-a94d-4d5f-9af0-1d7ee8402cfd.jpg'><img loading=\"lazy\" decoding=\"async\" width=\"150\" height=\"150\" src=\"https:\/\/www.radiopiu.net\/wordpress\/wp-content\/uploads\/2024\/07\/7fc3f2fe-a94d-4d5f-9af0-1d7ee8402cfd-150x150.jpg\" class=\"attachment-thumbnail size-thumbnail\" alt=\"\" aria-describedby=\"gallery-7-399793\" \/><\/a>\n\t\t\t\t<\/dt>\n\t\t\t\t\t<dd class='wp-caption-text gallery-caption' id='gallery-7-399793'>\n\t\t\t\t\tAD ALLEGHE CON LAURA BALLIS\n\t\t\t\t\t<\/dd><\/dl><dl class='gallery-item'>\n\t\t\t\t<dt class='gallery-icon portrait'>\n\t\t\t\t\t<a class=\"rollover rollover-zoom dt-pswp-item\" title=\"558e7467-bad9-4f56-af80-7a4ca08f0b35\" data-dt-img-description=\"\" data-large_image_width=\"1131\" data-large_image_height=\"1600\"href='https:\/\/www.radiopiu.net\/wordpress\/wp-content\/uploads\/2024\/07\/558e7467-bad9-4f56-af80-7a4ca08f0b35-1.jpg'><img loading=\"lazy\" decoding=\"async\" width=\"150\" height=\"150\" src=\"https:\/\/www.radiopiu.net\/wordpress\/wp-content\/uploads\/2024\/07\/558e7467-bad9-4f56-af80-7a4ca08f0b35-1-150x150.jpg\" class=\"attachment-thumbnail size-thumbnail\" alt=\"\" aria-describedby=\"gallery-7-400098\" \/><\/a>\n\t\t\t\t<\/dt>\n\t\t\t\t\t<dd class='wp-caption-text gallery-caption' id='gallery-7-400098'>\n\t\t\t\t\tL&#8217;ESTATE DELLE BIBLIOTECHE\n\t\t\t\t\t<\/dd><\/dl><dl class='gallery-item'>\n\t\t\t\t<dt class='gallery-icon portrait'>\n\t\t\t\t\t<a class=\"rollover rollover-zoom dt-pswp-item\" title=\"Locandina Salotto delle Dolomiti 2024\" data-dt-img-description=\"\" data-large_image_width=\"1810\" data-large_image_height=\"2560\"href='https:\/\/www.radiopiu.net\/wordpress\/wp-content\/uploads\/2024\/07\/Locandina-Salotto-delle-Dolomiti-2024-scaled.jpg'><img loading=\"lazy\" decoding=\"async\" width=\"150\" height=\"150\" src=\"https:\/\/www.radiopiu.net\/wordpress\/wp-content\/uploads\/2024\/07\/Locandina-Salotto-delle-Dolomiti-2024-150x150.jpg\" class=\"attachment-thumbnail size-thumbnail\" alt=\"\" aria-describedby=\"gallery-7-399554\" \/><\/a>\n\t\t\t\t<\/dt>\n\t\t\t\t\t<dd class='wp-caption-text gallery-caption' id='gallery-7-399554'>\n\t\t\t\t\tIL SALOTTO DELLE DOLOMITI A CANALE D&#8217;AGORDO\n\t\t\t\t\t<\/dd><\/dl><dl class='gallery-item'>\n\t\t\t\t<dt class='gallery-icon portrait'>\n\t\t\t\t\t<a class=\"rollover rollover-zoom dt-pswp-item\" title=\"b984cf06-49e8-4958-bc23-c0d66e45f366\" data-dt-img-description=\"\" data-large_image_width=\"900\" data-large_image_height=\"1600\"href='https:\/\/www.radiopiu.net\/wordpress\/wp-content\/uploads\/2024\/07\/b984cf06-49e8-4958-bc23-c0d66e45f366.jpg'><img loading=\"lazy\" decoding=\"async\" width=\"150\" height=\"150\" src=\"https:\/\/www.radiopiu.net\/wordpress\/wp-content\/uploads\/2024\/07\/b984cf06-49e8-4958-bc23-c0d66e45f366-150x150.jpg\" class=\"attachment-thumbnail size-thumbnail\" alt=\"\" aria-describedby=\"gallery-7-400399\" \/><\/a>\n\t\t\t\t<\/dt>\n\t\t\t\t\t<dd class='wp-caption-text gallery-caption' id='gallery-7-400399'>\n\t\t\t\t\tALL&#8217;HOTEL VILLA IMPERINA DI AGORDO\n\t\t\t\t\t<\/dd><\/dl><br style=\"clear: both\" \/><dl class='gallery-item'>\n\t\t\t\t<dt class='gallery-icon portrait'>\n\t\t\t\t\t<a class=\"rollover rollover-zoom dt-pswp-item\" title=\"d907dbe9-b2f4-41bc-95a8-54a8a309613c\" data-dt-img-description=\"\" data-large_image_width=\"1132\" data-large_image_height=\"1600\"href='https:\/\/www.radiopiu.net\/wordpress\/wp-content\/uploads\/2024\/07\/d907dbe9-b2f4-41bc-95a8-54a8a309613c.jpg'><img loading=\"lazy\" decoding=\"async\" width=\"150\" height=\"150\" src=\"https:\/\/www.radiopiu.net\/wordpress\/wp-content\/uploads\/2024\/07\/d907dbe9-b2f4-41bc-95a8-54a8a309613c-150x150.jpg\" class=\"attachment-thumbnail size-thumbnail\" alt=\"\" aria-describedby=\"gallery-7-400876\" \/><\/a>\n\t\t\t\t<\/dt>\n\t\t\t\t\t<dd class='wp-caption-text gallery-caption' id='gallery-7-400876'>\n\t\t\t\t\t11 AGOSTO SAN TOMASO AGORDINO \n\t\t\t\t\t<\/dd><\/dl><dl class='gallery-item'>\n\t\t\t\t<dt class='gallery-icon portrait'>\n\t\t\t\t\t<a class=\"rollover rollover-zoom dt-pswp-item\" title=\"89ce3e2e-2b88-4e4a-bf35-fcef0c6cd9c7\" data-dt-img-description=\"\" data-large_image_width=\"1637\" data-large_image_height=\"2048\"href='https:\/\/www.radiopiu.net\/wordpress\/wp-content\/uploads\/2024\/07\/89ce3e2e-2b88-4e4a-bf35-fcef0c6cd9c7.jpg'><img loading=\"lazy\" decoding=\"async\" width=\"150\" height=\"150\" src=\"https:\/\/www.radiopiu.net\/wordpress\/wp-content\/uploads\/2024\/07\/89ce3e2e-2b88-4e4a-bf35-fcef0c6cd9c7-150x150.jpg\" class=\"attachment-thumbnail size-thumbnail\" alt=\"\" aria-describedby=\"gallery-7-401113\" \/><\/a>\n\t\t\t\t<\/dt>\n\t\t\t\t\t<dd class='wp-caption-text gallery-caption' id='gallery-7-401113'>\n\t\t\t\t\tLA MADONA DE LA NEIF A LA VALLE\n\t\t\t\t\t<\/dd><\/dl><dl class='gallery-item'>\n\t\t\t\t<dt class='gallery-icon portrait'>\n\t\t\t\t\t<a class=\"rollover rollover-zoom dt-pswp-item\" title=\"volantino-vittorio.a4\" data-dt-img-description=\"\" data-large_image_width=\"1240\" data-large_image_height=\"1753\"href='https:\/\/www.radiopiu.net\/wordpress\/wp-content\/uploads\/2024\/07\/volantino-vittorio.a4.jpg'><img loading=\"lazy\" decoding=\"async\" width=\"150\" height=\"150\" src=\"https:\/\/www.radiopiu.net\/wordpress\/wp-content\/uploads\/2024\/07\/volantino-vittorio.a4-150x150.jpg\" class=\"attachment-thumbnail size-thumbnail\" alt=\"\" aria-describedby=\"gallery-7-401803\" \/><\/a>\n\t\t\t\t<\/dt>\n\t\t\t\t\t<dd class='wp-caption-text gallery-caption' id='gallery-7-401803'>\n\t\t\t\t\tIL 14 AGOSTO IN SALA DON TAMIS\n\t\t\t\t\t<\/dd><\/dl><dl class='gallery-item'>\n\t\t\t\t<dt class='gallery-icon portrait'>\n\t\t\t\t\t<a class=\"rollover rollover-zoom dt-pswp-item\" title=\"Sognando California 2024\" data-dt-img-description=\"\" data-large_image_width=\"1587\" data-large_image_height=\"2245\"href='https:\/\/www.radiopiu.net\/wordpress\/wp-content\/uploads\/2024\/07\/Sognando-California-2024.jpg'><img loading=\"lazy\" decoding=\"async\" width=\"150\" height=\"150\" src=\"https:\/\/www.radiopiu.net\/wordpress\/wp-content\/uploads\/2024\/07\/Sognando-California-2024-150x150.jpg\" class=\"attachment-thumbnail size-thumbnail\" alt=\"\" aria-describedby=\"gallery-7-401829\" \/><\/a>\n\t\t\t\t<\/dt>\n\t\t\t\t\t<dd class='wp-caption-text gallery-caption' id='gallery-7-401829'>\n\t\t\t\t\t8 AGOSTO&#8230;SOGNANDO CALIFORNIA\n\t\t\t\t\t<\/dd><\/dl><br style=\"clear: both\" \/><dl class='gallery-item'>\n\t\t\t\t<dt class='gallery-icon portrait'>\n\t\t\t\t\t<a class=\"rollover rollover-zoom dt-pswp-item\" title=\"ee0e70bf-b574-49f2-beb9-4ad574e937e0\" data-dt-img-description=\"\" data-large_image_width=\"1592\" data-large_image_height=\"2048\"href='https:\/\/www.radiopiu.net\/wordpress\/wp-content\/uploads\/2024\/07\/ee0e70bf-b574-49f2-beb9-4ad574e937e0-1.jpg'><img loading=\"lazy\" decoding=\"async\" width=\"150\" height=\"150\" src=\"https:\/\/www.radiopiu.net\/wordpress\/wp-content\/uploads\/2024\/07\/ee0e70bf-b574-49f2-beb9-4ad574e937e0-1-150x150.jpg\" class=\"attachment-thumbnail size-thumbnail\" alt=\"\" aria-describedby=\"gallery-7-402362\" \/><\/a>\n\t\t\t\t<\/dt>\n\t\t\t\t\t<dd class='wp-caption-text gallery-caption' id='gallery-7-402362'>\n\t\t\t\t\tBOCCIODROMO AD AGORDO&#8230; L&#8217;ESTATE CONTINUA\n\t\t\t\t\t<\/dd><\/dl><dl class='gallery-item'>\n\t\t\t\t<dt class='gallery-icon portrait'>\n\t\t\t\t\t<a class=\"rollover rollover-zoom dt-pswp-item\" title=\"Mostra Capuzzo\" data-dt-img-description=\"\" data-large_image_width=\"828\" data-large_image_height=\"1100\"href='https:\/\/www.radiopiu.net\/wordpress\/wp-content\/uploads\/2024\/08\/Mostra-Capuzzo.jpg'><img loading=\"lazy\" decoding=\"async\" width=\"150\" height=\"150\" src=\"https:\/\/www.radiopiu.net\/wordpress\/wp-content\/uploads\/2024\/08\/Mostra-Capuzzo-150x150.jpg\" class=\"attachment-thumbnail size-thumbnail\" alt=\"\" aria-describedby=\"gallery-7-402773\" \/><\/a>\n\t\t\t\t<\/dt>\n\t\t\t\t\t<dd class='wp-caption-text gallery-caption' id='gallery-7-402773'>\n\t\t\t\t\tLA MOSTRA DI PATRIZIO CAPUZZO\n\t\t\t\t\t<\/dd><\/dl><dl class='gallery-item'>\n\t\t\t\t<dt class='gallery-icon portrait'>\n\t\t\t\t\t<a class=\"rollover rollover-zoom dt-pswp-item\" title=\"PALIO\" data-dt-img-description=\"\" data-large_image_width=\"1817\" data-large_image_height=\"2560\"href='https:\/\/www.radiopiu.net\/wordpress\/wp-content\/uploads\/2024\/08\/PALIO-scaled.jpg'><img loading=\"lazy\" decoding=\"async\" width=\"150\" height=\"150\" src=\"https:\/\/www.radiopiu.net\/wordpress\/wp-content\/uploads\/2024\/08\/PALIO-150x150.jpg\" class=\"attachment-thumbnail size-thumbnail\" alt=\"\" aria-describedby=\"gallery-7-402899\" \/><\/a>\n\t\t\t\t<\/dt>\n\t\t\t\t\t<dd class='wp-caption-text gallery-caption' id='gallery-7-402899'>\n\t\t\t\t\tIL PALIO DEI CENTO AD AGORDO\n\t\t\t\t\t<\/dd><\/dl><dl class='gallery-item'>\n\t\t\t\t<dt class='gallery-icon portrait'>\n\t\t\t\t\t<a class=\"rollover rollover-zoom dt-pswp-item\" title=\"13ece100-ccde-4dbe-9187-3328d909adff\" data-dt-img-description=\"\" data-large_image_width=\"1142\" data-large_image_height=\"1599\"href='https:\/\/www.radiopiu.net\/wordpress\/wp-content\/uploads\/2024\/08\/13ece100-ccde-4dbe-9187-3328d909adff.jpg'><img loading=\"lazy\" decoding=\"async\" width=\"150\" height=\"150\" src=\"https:\/\/www.radiopiu.net\/wordpress\/wp-content\/uploads\/2024\/08\/13ece100-ccde-4dbe-9187-3328d909adff-150x150.jpg\" class=\"attachment-thumbnail size-thumbnail\" alt=\"\" aria-describedby=\"gallery-7-402898\" \/><\/a>\n\t\t\t\t<\/dt>\n\t\t\t\t\t<dd class='wp-caption-text gallery-caption' id='gallery-7-402898'>\n\t\t\t\t\tLA FESTA DEI CACCIATORI A CANALE\n\t\t\t\t\t<\/dd><\/dl><br style=\"clear: both\" \/><dl class='gallery-item'>\n\t\t\t\t<dt class='gallery-icon portrait'>\n\t\t\t\t\t<a class=\"rollover rollover-zoom dt-pswp-item\" title=\"453435279_122166255218160070_5477559706341740291_n\" data-dt-img-description=\"\" data-large_image_width=\"526\" data-large_image_height=\"1052\"href='https:\/\/www.radiopiu.net\/wordpress\/wp-content\/uploads\/2024\/08\/453435279_122166255218160070_5477559706341740291_n.jpg'><img loading=\"lazy\" decoding=\"async\" width=\"150\" height=\"150\" src=\"https:\/\/www.radiopiu.net\/wordpress\/wp-content\/uploads\/2024\/08\/453435279_122166255218160070_5477559706341740291_n-150x150.jpg\" class=\"attachment-thumbnail size-thumbnail\" alt=\"\" aria-describedby=\"gallery-7-402925\" \/><\/a>\n\t\t\t\t<\/dt>\n\t\t\t\t\t<dd class='wp-caption-text gallery-caption' id='gallery-7-402925'>\n\t\t\t\t\tL&#8217;ESTATE AL CINEMA DOLOMITI DI FALCADE\n\t\t\t\t\t<\/dd><\/dl><dl class='gallery-item'>\n\t\t\t\t<dt class='gallery-icon portrait'>\n\t\t\t\t\t<a class=\"rollover rollover-zoom dt-pswp-item\" title=\"image0\" data-dt-img-description=\"\" data-large_image_width=\"1587\" data-large_image_height=\"2245\"href='https:\/\/www.radiopiu.net\/wordpress\/wp-content\/uploads\/2024\/08\/image0.png'><img loading=\"lazy\" decoding=\"async\" width=\"150\" height=\"150\" src=\"https:\/\/www.radiopiu.net\/wordpress\/wp-content\/uploads\/2024\/08\/image0-150x150.png\" class=\"attachment-thumbnail size-thumbnail\" alt=\"\" aria-describedby=\"gallery-7-403141\" \/><\/a>\n\t\t\t\t<\/dt>\n\t\t\t\t\t<dd class='wp-caption-text gallery-caption' id='gallery-7-403141'>\n\t\t\t\t\tLA MOSTRA IN BIBLIOTECA AD AGORDO\n\t\t\t\t\t<\/dd><\/dl><dl class='gallery-item'>\n\t\t\t\t<dt class='gallery-icon portrait'>\n\t\t\t\t\t<a class=\"rollover rollover-zoom dt-pswp-item\" title=\"LOC_A3_MOSTRA-RADIO_CMVI\" data-dt-img-description=\"\" data-large_image_width=\"1816\" data-large_image_height=\"2560\"href='https:\/\/www.radiopiu.net\/wordpress\/wp-content\/uploads\/2024\/08\/LOC_A3_MOSTRA-RADIO_CMVI-scaled.jpg'><img loading=\"lazy\" decoding=\"async\" width=\"150\" height=\"150\" src=\"https:\/\/www.radiopiu.net\/wordpress\/wp-content\/uploads\/2024\/08\/LOC_A3_MOSTRA-RADIO_CMVI-150x150.jpg\" class=\"attachment-thumbnail size-thumbnail\" alt=\"\" aria-describedby=\"gallery-7-403450\" \/><\/a>\n\t\t\t\t<\/dt>\n\t\t\t\t\t<dd class='wp-caption-text gallery-caption' id='gallery-7-403450'>\n\t\t\t\t\tLA MOSTRA DELLE RADIO IN VALLE IMPERINA\n\t\t\t\t\t<\/dd><\/dl><dl class='gallery-item'>\n\t\t\t\t<dt class='gallery-icon portrait'>\n\t\t\t\t\t<a class=\"rollover rollover-zoom dt-pswp-item\" title=\"IMG-20240801-WA0002\" data-dt-img-description=\"\" data-large_image_width=\"1131\" data-large_image_height=\"1600\"href='https:\/\/www.radiopiu.net\/wordpress\/wp-content\/uploads\/2024\/08\/IMG-20240801-WA0002.jpg'><img loading=\"lazy\" decoding=\"async\" width=\"150\" height=\"150\" src=\"https:\/\/www.radiopiu.net\/wordpress\/wp-content\/uploads\/2024\/08\/IMG-20240801-WA0002-150x150.jpg\" class=\"attachment-thumbnail size-thumbnail\" alt=\"\" aria-describedby=\"gallery-7-403471\" \/><\/a>\n\t\t\t\t<\/dt>\n\t\t\t\t\t<dd class='wp-caption-text gallery-caption' id='gallery-7-403471'>\n\t\t\t\t\tVENERDI A SAPPADE\n\t\t\t\t\t<\/dd><\/dl><br style=\"clear: both\" \/><dl class='gallery-item'>\n\t\t\t\t<dt class='gallery-icon portrait'>\n\t\t\t\t\t<a class=\"rollover rollover-zoom dt-pswp-item\" title=\"SCR-20240805-mhri\" data-dt-img-description=\"\" data-large_image_width=\"1348\" data-large_image_height=\"1922\"href='https:\/\/www.radiopiu.net\/wordpress\/wp-content\/uploads\/2024\/08\/SCR-20240805-mhri.png'><img loading=\"lazy\" decoding=\"async\" width=\"150\" height=\"150\" src=\"https:\/\/www.radiopiu.net\/wordpress\/wp-content\/uploads\/2024\/08\/SCR-20240805-mhri-150x150.png\" class=\"attachment-thumbnail size-thumbnail\" alt=\"\" aria-describedby=\"gallery-7-403470\" \/><\/a>\n\t\t\t\t<\/dt>\n\t\t\t\t\t<dd class='wp-caption-text gallery-caption' id='gallery-7-403470'>\n\t\t\t\t\tIL LIBRO DI ANDREA DE BERNARDIN\n\t\t\t\t\t<\/dd><\/dl><dl class='gallery-item'>\n\t\t\t\t<dt class='gallery-icon portrait'>\n\t\t\t\t\t<a class=\"rollover rollover-zoom dt-pswp-item\" title=\"f5694b24-11b9-4420-9b96-3524847840e4\" data-dt-img-description=\"\" data-large_image_width=\"1080\" data-large_image_height=\"1523\"href='https:\/\/www.radiopiu.net\/wordpress\/wp-content\/uploads\/2024\/08\/f5694b24-11b9-4420-9b96-3524847840e4.jpg'><img loading=\"lazy\" decoding=\"async\" width=\"150\" height=\"150\" src=\"https:\/\/www.radiopiu.net\/wordpress\/wp-content\/uploads\/2024\/08\/f5694b24-11b9-4420-9b96-3524847840e4-150x150.jpg\" class=\"attachment-thumbnail size-thumbnail\" alt=\"\" aria-describedby=\"gallery-7-403523\" \/><\/a>\n\t\t\t\t<\/dt>\n\t\t\t\t\t<dd class='wp-caption-text gallery-caption' id='gallery-7-403523'>\n\t\t\t\t\tIL POST VAIA A FRASSENE\n\t\t\t\t\t<\/dd><\/dl><dl class='gallery-item'>\n\t\t\t\t<dt class='gallery-icon portrait'>\n\t\t\t\t\t<a class=\"rollover rollover-zoom dt-pswp-item\" title=\"77ddcdd7-8f63-4740-ac13-7139862008a3\" data-dt-img-description=\"\" data-large_image_width=\"1300\" data-large_image_height=\"1600\"href='https:\/\/www.radiopiu.net\/wordpress\/wp-content\/uploads\/2024\/08\/77ddcdd7-8f63-4740-ac13-7139862008a3.jpg'><img loading=\"lazy\" decoding=\"async\" width=\"150\" height=\"150\" src=\"https:\/\/www.radiopiu.net\/wordpress\/wp-content\/uploads\/2024\/08\/77ddcdd7-8f63-4740-ac13-7139862008a3-150x150.jpg\" class=\"attachment-thumbnail size-thumbnail\" alt=\"\" aria-describedby=\"gallery-7-403524\" \/><\/a>\n\t\t\t\t<\/dt>\n\t\t\t\t\t<dd class='wp-caption-text gallery-caption' id='gallery-7-403524'>\n\t\t\t\t\tLA NOTTE DI SAN LORENZO A FORCELLA AURINE\n\t\t\t\t\t<\/dd><\/dl><dl class='gallery-item'>\n\t\t\t\t<dt class='gallery-icon portrait'>\n\t\t\t\t\t<a class=\"rollover rollover-zoom dt-pswp-item\" title=\"MANIFESTO-2024-A3(1)\" data-dt-img-description=\"\" data-large_image_width=\"1325\" data-large_image_height=\"1869\"href='https:\/\/www.radiopiu.net\/wordpress\/wp-content\/uploads\/2024\/08\/MANIFESTO-2024-A31.jpg'><img loading=\"lazy\" decoding=\"async\" width=\"150\" height=\"150\" src=\"https:\/\/www.radiopiu.net\/wordpress\/wp-content\/uploads\/2024\/08\/MANIFESTO-2024-A31-150x150.jpg\" class=\"attachment-thumbnail size-thumbnail\" alt=\"\" aria-describedby=\"gallery-7-403525\" \/><\/a>\n\t\t\t\t<\/dt>\n\t\t\t\t\t<dd class='wp-caption-text gallery-caption' id='gallery-7-403525'>\n\t\t\t\t\tLA FESTA A PIAN CASTALDI\n\t\t\t\t\t<\/dd><\/dl><br style=\"clear: both\" \/><dl class='gallery-item'>\n\t\t\t\t<dt class='gallery-icon portrait'>\n\t\t\t\t\t<a class=\"rollover rollover-zoom dt-pswp-item\" title=\"1c740f78-17ea-4b07-8434-d53ec2cfb2d8\" data-dt-img-description=\"\" data-large_image_width=\"1374\" data-large_image_height=\"2048\"href='https:\/\/www.radiopiu.net\/wordpress\/wp-content\/uploads\/2024\/08\/1c740f78-17ea-4b07-8434-d53ec2cfb2d8.jpg'><img loading=\"lazy\" decoding=\"async\" width=\"150\" height=\"150\" src=\"https:\/\/www.radiopiu.net\/wordpress\/wp-content\/uploads\/2024\/08\/1c740f78-17ea-4b07-8434-d53ec2cfb2d8-150x150.jpg\" class=\"attachment-thumbnail size-thumbnail\" alt=\"\" aria-describedby=\"gallery-7-403534\" \/><\/a>\n\t\t\t\t<\/dt>\n\t\t\t\t\t<dd class='wp-caption-text gallery-caption' id='gallery-7-403534'>\n\t\t\t\t\tLA MOSTRA DI RENZO MIOLA A SAN TOMASO\n\t\t\t\t\t<\/dd><\/dl><dl class='gallery-item'>\n\t\t\t\t<dt class='gallery-icon portrait'>\n\t\t\t\t\t<a class=\"rollover rollover-zoom dt-pswp-item\" title=\"5822c72f-9290-4fad-b32d-cf4bf8156b6b\" data-dt-img-description=\"\" data-large_image_width=\"1080\" data-large_image_height=\"1524\"href='https:\/\/www.radiopiu.net\/wordpress\/wp-content\/uploads\/2024\/08\/5822c72f-9290-4fad-b32d-cf4bf8156b6b.jpg'><img loading=\"lazy\" decoding=\"async\" width=\"150\" height=\"150\" src=\"https:\/\/www.radiopiu.net\/wordpress\/wp-content\/uploads\/2024\/08\/5822c72f-9290-4fad-b32d-cf4bf8156b6b-150x150.jpg\" class=\"attachment-thumbnail size-thumbnail\" alt=\"\" aria-describedby=\"gallery-7-403546\" \/><\/a>\n\t\t\t\t<\/dt>\n\t\t\t\t\t<dd class='wp-caption-text gallery-caption' id='gallery-7-403546'>\n\t\t\t\t\tLA MARCIA LUIGI BARBANA\n\t\t\t\t\t<\/dd><\/dl><dl class='gallery-item'>\n\t\t\t\t<dt class='gallery-icon portrait'>\n\t\t\t\t\t<a class=\"rollover rollover-zoom dt-pswp-item\" title=\"Locandina Ferragosto 2024 (1)\" data-dt-img-description=\"\" data-large_image_width=\"1810\" data-large_image_height=\"2560\"href='https:\/\/www.radiopiu.net\/wordpress\/wp-content\/uploads\/2024\/08\/Locandina-Ferragosto-2024-1-scaled.jpg'><img loading=\"lazy\" decoding=\"async\" width=\"150\" height=\"150\" src=\"https:\/\/www.radiopiu.net\/wordpress\/wp-content\/uploads\/2024\/08\/Locandina-Ferragosto-2024-1-150x150.jpg\" class=\"attachment-thumbnail size-thumbnail\" alt=\"\" aria-describedby=\"gallery-7-403547\" \/><\/a>\n\t\t\t\t<\/dt>\n\t\t\t\t\t<dd class='wp-caption-text gallery-caption' id='gallery-7-403547'>\n\t\t\t\t\tIL FERRAGOSTO BIANCOROSSO\n\t\t\t\t\t<\/dd><\/dl><dl class='gallery-item'>\n\t\t\t\t<dt class='gallery-icon portrait'>\n\t\t\t\t\t<a class=\"rollover rollover-zoom dt-pswp-item\" title=\"ARSON CORSO\" data-dt-img-description=\"\" data-large_image_width=\"671\" data-large_image_height=\"756\"href='https:\/\/www.radiopiu.net\/wordpress\/wp-content\/uploads\/2024\/08\/ARSON-CORSO.png'><img loading=\"lazy\" decoding=\"async\" width=\"150\" height=\"150\" src=\"https:\/\/www.radiopiu.net\/wordpress\/wp-content\/uploads\/2024\/08\/ARSON-CORSO-150x150.png\" class=\"attachment-thumbnail size-thumbnail\" alt=\"\" aria-describedby=\"gallery-7-403730\" \/><\/a>\n\t\t\t\t<\/dt>\n\t\t\t\t\t<dd class='wp-caption-text gallery-caption' id='gallery-7-403730'>\n\t\t\t\t\tCORSO DI FOTOGRAFIA A FELTRE\n\t\t\t\t\t<\/dd><\/dl><br style=\"clear: both\" \/><dl class='gallery-item'>\n\t\t\t\t<dt class='gallery-icon portrait'>\n\t\t\t\t\t<a class=\"rollover rollover-zoom dt-pswp-item\" title=\"454033022_17852955438248710_2498970159341367502_n\" data-dt-img-description=\"\" data-large_image_width=\"1266\" data-large_image_height=\"1425\"href='https:\/\/www.radiopiu.net\/wordpress\/wp-content\/uploads\/2024\/08\/454033022_17852955438248710_2498970159341367502_n.jpg'><img loading=\"lazy\" decoding=\"async\" width=\"150\" height=\"150\" src=\"https:\/\/www.radiopiu.net\/wordpress\/wp-content\/uploads\/2024\/08\/454033022_17852955438248710_2498970159341367502_n-150x150.jpg\" class=\"attachment-thumbnail size-thumbnail\" alt=\"\" aria-describedby=\"gallery-7-403758\" \/><\/a>\n\t\t\t\t<\/dt>\n\t\t\t\t\t<dd class='wp-caption-text gallery-caption' id='gallery-7-403758'>\n\t\t\t\t\tFERRAGOSTO A GOSALDO\n\t\t\t\t\t<\/dd><\/dl><dl class='gallery-item'>\n\t\t\t\t<dt class='gallery-icon portrait'>\n\t\t\t\t\t<a class=\"rollover rollover-zoom dt-pswp-item\" title=\"f49946a1-3776-4305-885d-2d2062880039\" data-dt-img-description=\"\" data-large_image_width=\"1131\" data-large_image_height=\"1600\"href='https:\/\/www.radiopiu.net\/wordpress\/wp-content\/uploads\/2024\/08\/f49946a1-3776-4305-885d-2d2062880039.jpg'><img loading=\"lazy\" decoding=\"async\" width=\"150\" height=\"150\" src=\"https:\/\/www.radiopiu.net\/wordpress\/wp-content\/uploads\/2024\/08\/f49946a1-3776-4305-885d-2d2062880039-150x150.jpg\" class=\"attachment-thumbnail size-thumbnail\" alt=\"\" aria-describedby=\"gallery-7-404092\" \/><\/a>\n\t\t\t\t<\/dt>\n\t\t\t\t\t<dd class='wp-caption-text gallery-caption' id='gallery-7-404092'>\n\t\t\t\t\tROMANZI D&#8217;ESORDIO\n\t\t\t\t\t<\/dd><\/dl>\n\t\t\t\t<br style='clear: both' \/>\n\t\t\t<\/div>\n\n<p><b>OGGI AL CINEMA DOLOMITI DI FALCADE IL FILM HORIZON: AN AMERICAN SAGA &#8211; CAPITOLO 1. SPETTACOLO ALLE 21:15<\/b><\/p>\n<p><strong><a class=\"dt-pswp-item\" href=\"https:\/\/www.radiopiu.net\/wordpress\/wp-content\/uploads\/2024\/08\/SCR-20240805-mhri.png\" data-dt-img-description=\"\" data-large_image_width=\"1348\" data-large_image_height=\"1922\"><img loading=\"lazy\" decoding=\"async\" class=\" wp-image-403470 alignleft\" src=\"https:\/\/www.radiopiu.net\/wordpress\/wp-content\/uploads\/2024\/08\/SCR-20240805-mhri-210x300.png\" alt=\"\" width=\"123\" height=\"176\" srcset=\"https:\/\/www.radiopiu.net\/wordpress\/wp-content\/uploads\/2024\/08\/SCR-20240805-mhri-210x300.png 210w, https:\/\/www.radiopiu.net\/wordpress\/wp-content\/uploads\/2024\/08\/SCR-20240805-mhri-718x1024.png 718w, https:\/\/www.radiopiu.net\/wordpress\/wp-content\/uploads\/2024\/08\/SCR-20240805-mhri-768x1095.png 768w, https:\/\/www.radiopiu.net\/wordpress\/wp-content\/uploads\/2024\/08\/SCR-20240805-mhri-1077x1536.png 1077w, https:\/\/www.radiopiu.net\/wordpress\/wp-content\/uploads\/2024\/08\/SCR-20240805-mhri.png 1348w\" sizes=\"auto, (max-width: 123px) 100vw, 123px\" \/><\/a>FALCADE<\/strong> Oggi alle 18:30 nella sala consigliare di Falcade la presentazione del libro &#8220;Diario di un sindaco&#8221; di Andrea De Bernardin. Sar\u00e0 presente anche l&#8217;autore del libro. Organizza il comune di Falcade, assessorato alla cultura, e la biblioteca di Falcade. Ingresso libero.<\/p>\n<\/div>\n<\/div>\n<\/div>\n<p><span style=\"color: #ff0000;\"><strong>FALCADE<\/strong><\/span> aperitivo allo Stella Alpina. Tra il verde, nella meraviglia delle Dolomiti, Il venerdi sera allo Stella Alpina, in centro a Falcade \u00e8&#8230;tutt&#8217;un&#8217;altra estate e che estate!\u00a0 L&#8217;aperitivo&#8230;che non \u00e8 mai da solo.. ma accompagnato da stuzzicherie che affasciano anche i palati pi\u00f9 difficili. ad ogni appuntamento&#8230; una specialit\u00e0 diversa.<\/p>\n<p><strong>AGORDO<\/strong> Mercatino Dolomiti Agordine, antiquariato, domenica 10 agosto ad Agordo, 13 agosto Forcella Aurine.<\/p>\n<p><strong>AGORDO<\/strong> La Biblioteca Civica di Agordo ospita la mostra dell&#8217;artista Francesca Bernardi dal 1 al 10 agosto 2024 dedicata al mondo degli gnomi. Francesca Bernardi ha dedicato la sua serie di opere agli gnomi, creature magiche e misteriose che popolano le nostre leggende e fiabe.<\/p>\n<p><strong>BELLUNO<\/strong> Il &#8220;Dall\u2019Ardo alla Piave Festival&#8221; si terr\u00e0 il 9 e 30 agosto e si concluder\u00e0 il 6 settembre a Borgo Piave. Il 9 agosto alle 20:30, il gruppo folk Rudem\u00e0 si esibir\u00e0 con un concerto di musica tradizionale veneta e del Nord Italia. Il 30 agosto, alla stessa ora, Sonia Vazza presenter\u00e0 la lettura scenica &#8220;La Cotogna di Istanbul&#8221; con accompagnamento musicale di Paolo Forte, un omaggio al libro di Paolo Rumiz. Il festival \u00e8 organizzato dall\u2019associazione Borgo Piave ETC aps con il supporto di varie associazioni e gruppi locali.<\/p>\n<p>&nbsp;<\/p>\n<h2>PROSSIMAMENTE<\/h2>\n<p><strong>ALLEGHE<\/strong> Torna mercoled\u00ec 14 agosto il Giro del Lago di Alleghe in notturna. La manifestazione podistica organizzata dal Gruppo ANA Monte Civetta. Gara non competitiva di 5,3 km. Iscrizioni in loco prima della gara e nei giorni precedenti al gazebo degli Alpini in piazza Kennedy di Alleghe<\/p>\n<div><\/div>\n<p>&nbsp;<\/p>\n<hr \/>\n<p>&nbsp;<\/p>\n<p><a class=\"dt-pswp-item\" href=\"https:\/\/www.radiopiu.net\/wordpress\/wp-content\/uploads\/2018\/09\/viabilita.jpeg\" data-dt-img-description=\"\" data-large_image_width=\"800\" data-large_image_height=\"100\"><img loading=\"lazy\" decoding=\"async\" class=\"aligncenter wp-image-61954 size-full\" src=\"https:\/\/www.radiopiu.net\/wordpress\/wp-content\/uploads\/2018\/09\/viabilita.jpeg\" alt=\"\" width=\"800\" height=\"100\" srcset=\"https:\/\/www.radiopiu.net\/wordpress\/wp-content\/uploads\/2018\/09\/viabilita.jpeg 800w, https:\/\/www.radiopiu.net\/wordpress\/wp-content\/uploads\/2018\/09\/viabilita-300x38.jpeg 300w, https:\/\/www.radiopiu.net\/wordpress\/wp-content\/uploads\/2018\/09\/viabilita-768x96.jpeg 768w\" sizes=\"auto, (max-width: 800px) 100vw, 800px\" \/><\/a><\/p>\n<p>&nbsp;<\/p>\n<p><a class=\"dt-pswp-item\" href=\"https:\/\/www.radiopiu.net\/wordpress\/wp-content\/uploads\/2023\/12\/botol-car-service.jpg\" data-dt-img-description=\"\" data-large_image_width=\"600\" data-large_image_height=\"600\"><img loading=\"lazy\" decoding=\"async\" class=\"size-medium wp-image-367044 aligncenter\" src=\"https:\/\/www.radiopiu.net\/wordpress\/wp-content\/uploads\/2023\/12\/botol-car-service-300x300.jpg\" alt=\"\" width=\"300\" height=\"300\" srcset=\"https:\/\/www.radiopiu.net\/wordpress\/wp-content\/uploads\/2023\/12\/botol-car-service-300x300.jpg 300w, https:\/\/www.radiopiu.net\/wordpress\/wp-content\/uploads\/2023\/12\/botol-car-service-150x150.jpg 150w, https:\/\/www.radiopiu.net\/wordpress\/wp-content\/uploads\/2023\/12\/botol-car-service.jpg 600w\" sizes=\"auto, (max-width: 300px) 100vw, 300px\" \/><\/a><\/p>\n<p>&nbsp;<\/p>\n<p>&nbsp;<\/p>\n<h1>BOLLETTINO QUOTIDIANO, CLICCA QUI<\/h1>\n<blockquote class=\"wp-embedded-content\" data-secret=\"1uhO8CexfO\"><p><a href=\"https:\/\/www.radiopiu.net\/wordpress\/viabilita-2\/\">viabilita<\/a><\/p><\/blockquote>\n<p><iframe loading=\"lazy\" class=\"wp-embedded-content\" sandbox=\"allow-scripts\" security=\"restricted\" style=\"position: absolute; visibility: hidden;\" title=\"&#8220;viabilita&#8221; &#8212; Radio Pi\u00f9\" src=\"https:\/\/www.radiopiu.net\/wordpress\/viabilita-2\/embed\/#?secret=2uFyDnYZYG#?secret=1uhO8CexfO\" data-secret=\"1uhO8CexfO\" width=\"600\" height=\"338\" frameborder=\"0\" marginwidth=\"0\" marginheight=\"0\" scrolling=\"no\"><\/iframe><\/p>\n<p>&nbsp;<\/p>\n<p>&nbsp;<\/p>\n<hr \/>\n<p>&nbsp;<\/p>\n<p><a class=\"dt-pswp-item\" href=\"https:\/\/www.radiopiu.net\/wordpress\/wp-content\/uploads\/2018\/09\/WhatsApp-Image-2018-09-20-at-16.04.06.jpeg\" data-dt-img-description=\"\" data-large_image_width=\"800\" data-large_image_height=\"100\"><img loading=\"lazy\" decoding=\"async\" class=\"wp-image-61378 size-full aligncenter\" src=\"https:\/\/www.radiopiu.net\/wordpress\/wp-content\/uploads\/2018\/09\/WhatsApp-Image-2018-09-20-at-16.04.06.jpeg\" alt=\"\" width=\"800\" height=\"100\" srcset=\"https:\/\/www.radiopiu.net\/wordpress\/wp-content\/uploads\/2018\/09\/WhatsApp-Image-2018-09-20-at-16.04.06.jpeg 800w, https:\/\/www.radiopiu.net\/wordpress\/wp-content\/uploads\/2018\/09\/WhatsApp-Image-2018-09-20-at-16.04.06-300x38.jpeg 300w, https:\/\/www.radiopiu.net\/wordpress\/wp-content\/uploads\/2018\/09\/WhatsApp-Image-2018-09-20-at-16.04.06-768x96.jpeg 768w\" sizes=\"auto, (max-width: 800px) 100vw, 800px\" \/><\/a><\/p>\n<p><center><\/center><center><\/center><center><\/center><center><\/center><center><\/center><center><\/center>&nbsp;<\/p>\n<p><center><\/center><b>OGGI: <\/b>Tempo ancora soleggiato specie al mattino con cielo sereno o poco nuvoloso per modeste velature e per possibili nubi basse sparse nelle ore fresche in rapido dissolvimento dopo l&#8217;alba, mentre nelle ore centrali possibile qualche modesto e innocuo annuvolamento che, tuttavia, verso sera potr\u00e0 diventare localmente consistente e determinare qualche fenomeno. <b>Precipitazioni: <\/b>Generalmente assenti specie al mattino (0%); nel pomeriggio possibili precipitazioni sparse anche a carattere di rovescio o di temporale specie verso sera (30\/40%).<\/p>\n<p>&nbsp;<\/p>\n<hr \/>\n<p><center><\/center><b>\u00a0<\/b><\/p>\n<p><b>DOMANI: <\/b>Tempo ancora stabile e soleggiato con clima tipicamente estivo e pi\u00f9 caldo della norma. Nelle ore pi\u00f9 calde formazione di annuvolamenti irregolari di tipo cumuliforme per una moderata attivit\u00e0 convettiva limitata alle cime o a qualche pendio, ma con fenomeni pressoch\u00e9 assenti. <b>Precipitazioni: <\/b>Assenti<\/p>\n<hr \/>\n<p><center><b>\u00a0<\/b><\/center><strong>SABATO<\/strong> Tempo stabile, soleggiato e pi\u00f9 caldo della norma ed anche rispetto a venerd\u00ec con temperature in ulteriore aumento con valori ben al di sopra della norma. Nelle ore calde saranno ancora possibili annuvolamenti irregolari di tipo cumuliforme per una moderata attivit\u00e0 convettiva limitata perlopi\u00f9 in prossimit\u00e0 delle cime o lungo il pendio di qualche rilievo con fenomeni molto scarsi o assenti.<\/p>\n<hr \/>\n<p>&nbsp;<\/p>\n<p><strong>DOMENICA<\/strong> Tempo ancora stabile e ben soleggiato specie al mattino e pi\u00f9 caldo della norma, con temperature in ulteriore lieve aumento. Nelle ore calde saranno ancora possibili annuvolamenti irregolari di tipo cumuliforme per una moderata attivit\u00e0 convettiva limitata perlopi\u00f9 in prossimit\u00e0 delle cime o lungo qualche pendio, con fenomeni assenti. Temperature stazionarie o in lieve aumento.<\/p>\n<p>&nbsp;<\/p>\n<hr \/>\n<p>&nbsp;<\/p>\n<p><a class=\"dt-pswp-item\" href=\"https:\/\/www.radiopiu.net\/wordpress\/wp-content\/uploads\/2018\/09\/sport.jpg\" data-dt-img-description=\"\" data-large_image_width=\"800\" data-large_image_height=\"100\"><img loading=\"lazy\" decoding=\"async\" class=\"aligncenter wp-image-60761 size-full\" src=\"https:\/\/www.radiopiu.net\/wordpress\/wp-content\/uploads\/2018\/09\/sport.jpg\" alt=\"\" width=\"800\" height=\"100\" srcset=\"https:\/\/www.radiopiu.net\/wordpress\/wp-content\/uploads\/2018\/09\/sport.jpg 800w, https:\/\/www.radiopiu.net\/wordpress\/wp-content\/uploads\/2018\/09\/sport-300x38.jpg 300w, https:\/\/www.radiopiu.net\/wordpress\/wp-content\/uploads\/2018\/09\/sport-768x96.jpg 768w\" sizes=\"auto, (max-width: 800px) 100vw, 800px\" \/><\/a><\/p>\n<p>&nbsp;<\/p>\n<p>&nbsp;<\/p>\n<p><span style=\"color: #0000ff;\"><strong><a class=\"dt-pswp-item\" href=\"https:\/\/www.radiopiu.net\/wordpress\/wp-content\/uploads\/2024\/08\/Borgo-Valbelluna_stadio_11.jpg\" data-dt-img-description=\"\" data-large_image_width=\"1024\" data-large_image_height=\"576\"><img loading=\"lazy\" decoding=\"async\" class=\"wp-image-403861 alignleft\" src=\"https:\/\/www.radiopiu.net\/wordpress\/wp-content\/uploads\/2024\/08\/Borgo-Valbelluna_stadio_11-300x169.jpg\" alt=\"\" width=\"173\" height=\"76\" \/><\/a>ATLETICA\u00a0<\/strong><\/span><\/p>\n<p><strong>La Prima Edizione della RunRestRun a Borgo Valbelluna<\/strong><\/p>\n<p>Il 5 ottobre, a Borgo Valbelluna, si terr\u00e0 la prima edizione della RunRestRun 320\u2019, staffetta per squadre di otto atleti. La gara di 320 minuti \u00e8 aperta ad agonisti e non, con tre categorie: maschili, femminili e miste. Iscrizioni aperte dal 12 agosto, massimo 40 squadre.<\/p>\n<p>&nbsp;<\/p>\n<hr \/>\n<p>&nbsp;<\/p>\n<blockquote><p><strong>Il Giro delle Mura di Feltre celebra la 35\u00aa Edizione<\/strong><\/p><\/blockquote>\n<p><strong><a class=\"dt-pswp-item\" href=\"https:\/\/www.radiopiu.net\/wordpress\/wp-content\/uploads\/2024\/08\/Gian-Pietro-Slongo-e-Denis-Zabot.jpg\" data-dt-img-description=\"\" data-large_image_width=\"1920\" data-large_image_height=\"1080\"><img loading=\"lazy\" decoding=\"async\" class=\" wp-image-403951 alignleft\" src=\"https:\/\/www.radiopiu.net\/wordpress\/wp-content\/uploads\/2024\/08\/Gian-Pietro-Slongo-e-Denis-Zabot-300x169.jpg\" alt=\"\" width=\"275\" height=\"155\" srcset=\"https:\/\/www.radiopiu.net\/wordpress\/wp-content\/uploads\/2024\/08\/Gian-Pietro-Slongo-e-Denis-Zabot-300x169.jpg 300w, https:\/\/www.radiopiu.net\/wordpress\/wp-content\/uploads\/2024\/08\/Gian-Pietro-Slongo-e-Denis-Zabot-1024x576.jpg 1024w, https:\/\/www.radiopiu.net\/wordpress\/wp-content\/uploads\/2024\/08\/Gian-Pietro-Slongo-e-Denis-Zabot-768x432.jpg 768w, https:\/\/www.radiopiu.net\/wordpress\/wp-content\/uploads\/2024\/08\/Gian-Pietro-Slongo-e-Denis-Zabot-1536x864.jpg 1536w, https:\/\/www.radiopiu.net\/wordpress\/wp-content\/uploads\/2024\/08\/Gian-Pietro-Slongo-e-Denis-Zabot.jpg 1920w\" sizes=\"auto, (max-width: 275px) 100vw, 275px\" \/><\/a>FELTRE<\/strong> La 35\u00aa edizione del \u201cGiro delle Mura di Feltre\u201d si svolger\u00e0 il 23 e 24 agosto, con oltre 300 volontari gi\u00e0 impegnati nei preparativi. L&#8217;evento vedr\u00e0 venerd\u00ec l\u2019Urban Trail e sabato un ricco calendario di gare, attirando l&#8217;attenzione di appassionati e atleti. L\u2019Associazione \u201cGiro delle Mura Citt\u00e0 di Feltre\u201d, guidata da Gian Pietro Slongo (foto), si concentra su logistica e sicurezza. Denis Zabot sottolinea l&#8217;importanza delle strutture<\/p>\n<p>DENIS ZABOT<\/p>\n<audio class=\"wp-audio-shortcode\" id=\"audio-403792-15\" preload=\"none\" style=\"width: 100%;\" controls=\"controls\"><source type=\"audio\/mpeg\" src=\"https:\/\/www.radiopiu.net\/wordpress\/wp-content\/uploads\/2024\/08\/Audio-Denis-Zabot.mp3?_=15\" \/><a href=\"https:\/\/www.radiopiu.net\/wordpress\/wp-content\/uploads\/2024\/08\/Audio-Denis-Zabot.mp3\">https:\/\/www.radiopiu.net\/wordpress\/wp-content\/uploads\/2024\/08\/Audio-Denis-Zabot.mp3<\/a><\/audio>\n<p>PIETRO SLONGO<\/p>\n<audio class=\"wp-audio-shortcode\" id=\"audio-403792-16\" preload=\"none\" style=\"width: 100%;\" controls=\"controls\"><source type=\"audio\/mpeg\" src=\"https:\/\/www.radiopiu.net\/wordpress\/wp-content\/uploads\/2024\/08\/Audio-Gian-Pietro-Slongo.mp3?_=16\" \/><a href=\"https:\/\/www.radiopiu.net\/wordpress\/wp-content\/uploads\/2024\/08\/Audio-Gian-Pietro-Slongo.mp3\">https:\/\/www.radiopiu.net\/wordpress\/wp-content\/uploads\/2024\/08\/Audio-Gian-Pietro-Slongo.mp3<\/a><\/audio>\n<p>&nbsp;<\/p>\n<hr \/>\n<p>&nbsp;<\/p>\n<p><span style=\"color: #0000ff;\"><strong>MOUNTAIN BIKE<\/strong><\/span><\/p>\n<blockquote>\n<h3>OTTIMI RISULTATI A CERVIA PER IL RADICAL RACING REVOLUTION TEAM<\/h3>\n<\/blockquote>\n<p><strong>FALCADE<\/strong> A Cervinia si \u00e8 svolta una gara impegnativa con un terreno non ideale per gli allenamenti abituali. Al via anche gli atleti del Radical Racing Revolution allenato da Daniele Frani. Nella categoria junior, Tommaso Murer ha ottenuto un eccellente 2\u00b0 posto di categoria e 3\u00b0 assoluto, mentre Alessandro Ganz ha sfiorato il podio con un 4\u00b0 posto di categoria e 6\u00b0 assoluto. Devis Murer e Steve Voltolini hanno continuato a migliorare, piazzandosi tra i primi dieci. I fratelli Logan ed Erik De Nardin hanno affrontato sfortune, con Logan che \u00e8 caduto nella seconda manche ma ha finito 7\u00b0, ed Erik che ha subito una caduta della catena, finendo 12\u00b0. Nonostante le difficolt\u00e0, i risultati sono stati soddisfacenti con oltre 100 partecipanti alla gara. Nella categoria senior, Simone Pianezze ha ottenuto un 5\u00b0 posto nella Downhill, mantenendo una buona posizione nel campionato, e Lisa Sovran \u00e8 salita al 2\u00b0 posto, migliorando in classifica generale. Il team ha dimostrato una grande crescita, raccogliendo punti importanti per il campionato. La resa dei conti sar\u00e0 a Limone Piemonte, dove il team si impegner\u00e0 al massimo per ottenere i migliori risultati possibili. Un ringraziamento speciale va agli sponsor e ai genitori per il loro supporto.<\/p>\n\n\t\t\t<style type='text\/css'>\n\t\t\t\t#gallery-8 {\n\t\t\t\t\tmargin: auto;\n\t\t\t\t}\n\t\t\t\t#gallery-8 .gallery-item {\n\t\t\t\t\tfloat: left;\n\t\t\t\t\tmargin-top: 10px;\n\t\t\t\t\ttext-align: center;\n\t\t\t\t\twidth: 25%;\n\t\t\t\t}\n\t\t\t\t#gallery-8 img {\n\t\t\t\t\tborder: 2px solid #cfcfcf;\n\t\t\t\t}\n\t\t\t\t#gallery-8 .gallery-caption {\n\t\t\t\t\tmargin-left: 0;\n\t\t\t\t}\n\t\t\t\t\/* see gallery_shortcode() in wp-includes\/media.php *\/\n\t\t\t<\/style>\n\t\t<div id='gallery-8' class='dt-gallery-container gallery galleryid-403792 gallery-columns-4 gallery-size-thumbnail'><dl class='gallery-item'>\n\t\t\t\t<dt class='gallery-icon portrait'>\n\t\t\t\t\t<a class=\"rollover rollover-zoom dt-pswp-item\" title=\"c8ae3e88-9b6f-4eff-b566-c6f9894ecdc3\" data-dt-img-description=\"\" data-large_image_width=\"1536\" data-large_image_height=\"2048\"href='https:\/\/www.radiopiu.net\/wordpress\/wp-content\/uploads\/2024\/08\/c8ae3e88-9b6f-4eff-b566-c6f9894ecdc3.jpg'><img loading=\"lazy\" decoding=\"async\" width=\"150\" height=\"150\" src=\"https:\/\/www.radiopiu.net\/wordpress\/wp-content\/uploads\/2024\/08\/c8ae3e88-9b6f-4eff-b566-c6f9894ecdc3-150x150.jpg\" class=\"attachment-thumbnail size-thumbnail\" alt=\"\" \/><\/a>\n\t\t\t\t<\/dt><\/dl><dl class='gallery-item'>\n\t\t\t\t<dt class='gallery-icon portrait'>\n\t\t\t\t\t<a class=\"rollover rollover-zoom dt-pswp-item\" title=\"a4de9a85-daf9-4621-90e3-4749cb413f01\" data-dt-img-description=\"\" data-large_image_width=\"1536\" data-large_image_height=\"2048\"href='https:\/\/www.radiopiu.net\/wordpress\/wp-content\/uploads\/2024\/08\/a4de9a85-daf9-4621-90e3-4749cb413f01.jpg'><img loading=\"lazy\" decoding=\"async\" width=\"150\" height=\"150\" src=\"https:\/\/www.radiopiu.net\/wordpress\/wp-content\/uploads\/2024\/08\/a4de9a85-daf9-4621-90e3-4749cb413f01-150x150.jpg\" class=\"attachment-thumbnail size-thumbnail\" alt=\"\" \/><\/a>\n\t\t\t\t<\/dt><\/dl><dl class='gallery-item'>\n\t\t\t\t<dt class='gallery-icon portrait'>\n\t\t\t\t\t<a class=\"rollover rollover-zoom dt-pswp-item\" title=\"410cc0ef-b518-4f59-b2ef-9130507dd2e9\" data-dt-img-description=\"\" data-large_image_width=\"1155\" data-large_image_height=\"2048\"href='https:\/\/www.radiopiu.net\/wordpress\/wp-content\/uploads\/2024\/08\/410cc0ef-b518-4f59-b2ef-9130507dd2e9.jpg'><img loading=\"lazy\" decoding=\"async\" width=\"150\" height=\"150\" src=\"https:\/\/www.radiopiu.net\/wordpress\/wp-content\/uploads\/2024\/08\/410cc0ef-b518-4f59-b2ef-9130507dd2e9-150x150.jpg\" class=\"attachment-thumbnail size-thumbnail\" alt=\"\" \/><\/a>\n\t\t\t\t<\/dt><\/dl><dl class='gallery-item'>\n\t\t\t\t<dt class='gallery-icon portrait'>\n\t\t\t\t\t<a class=\"rollover rollover-zoom dt-pswp-item\" title=\"18585f3e-cb3e-4d35-8f70-f02bed61c50c\" data-dt-img-description=\"\" data-large_image_width=\"1155\" data-large_image_height=\"2048\"href='https:\/\/www.radiopiu.net\/wordpress\/wp-content\/uploads\/2024\/08\/18585f3e-cb3e-4d35-8f70-f02bed61c50c.jpg'><img loading=\"lazy\" decoding=\"async\" width=\"150\" height=\"150\" src=\"https:\/\/www.radiopiu.net\/wordpress\/wp-content\/uploads\/2024\/08\/18585f3e-cb3e-4d35-8f70-f02bed61c50c-150x150.jpg\" class=\"attachment-thumbnail size-thumbnail\" alt=\"\" \/><\/a>\n\t\t\t\t<\/dt><\/dl><br style=\"clear: both\" \/><dl class='gallery-item'>\n\t\t\t\t<dt class='gallery-icon portrait'>\n\t\t\t\t\t<a class=\"rollover rollover-zoom dt-pswp-item\" title=\"2947729a-52d5-4aec-b4be-e4ebb20a6e2c\" data-dt-img-description=\"\" data-large_image_width=\"1155\" data-large_image_height=\"2048\"href='https:\/\/www.radiopiu.net\/wordpress\/wp-content\/uploads\/2024\/08\/2947729a-52d5-4aec-b4be-e4ebb20a6e2c.jpg'><img loading=\"lazy\" decoding=\"async\" width=\"150\" height=\"150\" src=\"https:\/\/www.radiopiu.net\/wordpress\/wp-content\/uploads\/2024\/08\/2947729a-52d5-4aec-b4be-e4ebb20a6e2c-150x150.jpg\" class=\"attachment-thumbnail size-thumbnail\" alt=\"\" \/><\/a>\n\t\t\t\t<\/dt><\/dl><dl class='gallery-item'>\n\t\t\t\t<dt class='gallery-icon portrait'>\n\t\t\t\t\t<a class=\"rollover rollover-zoom dt-pswp-item\" title=\"f797e2f4-3f24-4516-9ca4-b67d12873b61\" data-dt-img-description=\"\" data-large_image_width=\"1200\" data-large_image_height=\"1600\"href='https:\/\/www.radiopiu.net\/wordpress\/wp-content\/uploads\/2024\/08\/f797e2f4-3f24-4516-9ca4-b67d12873b61.jpg'><img loading=\"lazy\" decoding=\"async\" width=\"150\" height=\"150\" src=\"https:\/\/www.radiopiu.net\/wordpress\/wp-content\/uploads\/2024\/08\/f797e2f4-3f24-4516-9ca4-b67d12873b61-150x150.jpg\" class=\"attachment-thumbnail size-thumbnail\" alt=\"\" \/><\/a>\n\t\t\t\t<\/dt><\/dl><dl class='gallery-item'>\n\t\t\t\t<dt class='gallery-icon landscape'>\n\t\t\t\t\t<a class=\"rollover rollover-zoom dt-pswp-item\" title=\"8d2b562b-52bc-40a8-88de-7f98761f92ac\" data-dt-img-description=\"\" data-large_image_width=\"1080\" data-large_image_height=\"1080\"href='https:\/\/www.radiopiu.net\/wordpress\/wp-content\/uploads\/2024\/08\/8d2b562b-52bc-40a8-88de-7f98761f92ac.jpg'><img loading=\"lazy\" decoding=\"async\" width=\"150\" height=\"150\" src=\"https:\/\/www.radiopiu.net\/wordpress\/wp-content\/uploads\/2024\/08\/8d2b562b-52bc-40a8-88de-7f98761f92ac-150x150.jpg\" class=\"attachment-thumbnail size-thumbnail\" alt=\"\" srcset=\"https:\/\/www.radiopiu.net\/wordpress\/wp-content\/uploads\/2024\/08\/8d2b562b-52bc-40a8-88de-7f98761f92ac-150x150.jpg 150w, https:\/\/www.radiopiu.net\/wordpress\/wp-content\/uploads\/2024\/08\/8d2b562b-52bc-40a8-88de-7f98761f92ac-300x300.jpg 300w, https:\/\/www.radiopiu.net\/wordpress\/wp-content\/uploads\/2024\/08\/8d2b562b-52bc-40a8-88de-7f98761f92ac-1024x1024.jpg 1024w, https:\/\/www.radiopiu.net\/wordpress\/wp-content\/uploads\/2024\/08\/8d2b562b-52bc-40a8-88de-7f98761f92ac-768x768.jpg 768w, https:\/\/www.radiopiu.net\/wordpress\/wp-content\/uploads\/2024\/08\/8d2b562b-52bc-40a8-88de-7f98761f92ac.jpg 1080w\" sizes=\"auto, (max-width: 150px) 100vw, 150px\" \/><\/a>\n\t\t\t\t<\/dt><\/dl><dl class='gallery-item'>\n\t\t\t\t<dt class='gallery-icon landscape'>\n\t\t\t\t\t<a class=\"rollover rollover-zoom dt-pswp-item\" title=\"4cecabc1-9c10-455d-9188-9bfb2b2f957d\" data-dt-img-description=\"\" data-large_image_width=\"1080\" data-large_image_height=\"1080\"href='https:\/\/www.radiopiu.net\/wordpress\/wp-content\/uploads\/2024\/08\/4cecabc1-9c10-455d-9188-9bfb2b2f957d.jpg'><img loading=\"lazy\" decoding=\"async\" width=\"150\" height=\"150\" src=\"https:\/\/www.radiopiu.net\/wordpress\/wp-content\/uploads\/2024\/08\/4cecabc1-9c10-455d-9188-9bfb2b2f957d-150x150.jpg\" class=\"attachment-thumbnail size-thumbnail\" alt=\"\" srcset=\"https:\/\/www.radiopiu.net\/wordpress\/wp-content\/uploads\/2024\/08\/4cecabc1-9c10-455d-9188-9bfb2b2f957d-150x150.jpg 150w, https:\/\/www.radiopiu.net\/wordpress\/wp-content\/uploads\/2024\/08\/4cecabc1-9c10-455d-9188-9bfb2b2f957d-300x300.jpg 300w, https:\/\/www.radiopiu.net\/wordpress\/wp-content\/uploads\/2024\/08\/4cecabc1-9c10-455d-9188-9bfb2b2f957d-1024x1024.jpg 1024w, https:\/\/www.radiopiu.net\/wordpress\/wp-content\/uploads\/2024\/08\/4cecabc1-9c10-455d-9188-9bfb2b2f957d-768x768.jpg 768w, https:\/\/www.radiopiu.net\/wordpress\/wp-content\/uploads\/2024\/08\/4cecabc1-9c10-455d-9188-9bfb2b2f957d.jpg 1080w\" sizes=\"auto, (max-width: 150px) 100vw, 150px\" \/><\/a>\n\t\t\t\t<\/dt><\/dl><br style=\"clear: both\" \/>\n\t\t\t<\/div>\n\n<p>&nbsp;<\/p>\n<p><span style=\"color: #0000ff;\"><strong>PALLAVOLO<\/strong><\/span><\/p>\n<blockquote><p><b><a class=\"dt-pswp-item\" href=\"https:\/\/www.radiopiu.net\/wordpress\/wp-content\/uploads\/2024\/08\/Raduno_il_26_agosto.jpg\" data-dt-img-description=\"\" data-large_image_width=\"1198\" data-large_image_height=\"1078\"><img loading=\"lazy\" decoding=\"async\" class=\"wp-image-403958 alignleft\" src=\"https:\/\/www.radiopiu.net\/wordpress\/wp-content\/uploads\/2024\/08\/Raduno_il_26_agosto-300x270.jpg\" alt=\"\" width=\"122\" height=\"110\" srcset=\"https:\/\/www.radiopiu.net\/wordpress\/wp-content\/uploads\/2024\/08\/Raduno_il_26_agosto-300x270.jpg 300w, https:\/\/www.radiopiu.net\/wordpress\/wp-content\/uploads\/2024\/08\/Raduno_il_26_agosto-1024x921.jpg 1024w, https:\/\/www.radiopiu.net\/wordpress\/wp-content\/uploads\/2024\/08\/Raduno_il_26_agosto-768x691.jpg 768w, https:\/\/www.radiopiu.net\/wordpress\/wp-content\/uploads\/2024\/08\/Raduno_il_26_agosto.jpg 1198w\" sizes=\"auto, (max-width: 122px) 100vw, 122px\" \/><\/a>Raduno all\u2019orizzonte: il 26 agosto riparte il Belluno Volley<\/b><\/p><\/blockquote>\n<p>Il <b>Belluno Volley <\/b>sta per rimettersi in moto: luned\u00ec 26 agosto, infatti, \u00e8 in calendario il raduno alla Spes Arena. Durante la mattinata sono previsti i test fisici, mentre nel pomeriggio (attorno alle 16) \u00e8 in programma la prima seduta d\u2019allenamento agli ordini del tecnico Matteo De Cecco e del resto dello staff. <span class=\"gmail-Apple-converted-space\"> Si avvicina, quindi, l\u2019inizio della preparazione. E, al momento del suono della campanella, saranno quindici gli atleti chiamati a rispondere \u201cpresente<\/span><\/p>\n<p>&nbsp;<\/p>\n<hr \/>\n<p>&nbsp;<\/p>\n<h2><span style=\"color: #808000;\">GOODBYE BY BICICLE&#8230;UN VIAGGIO DALL&#8217;INDIA A SEREN DEL GRAPPA IN BICICLETTA<\/span><\/h2>\n<p><span style=\"color: #ff0000;\"><strong>PUNTATA 24 &#8211; LA COSTRUZIONE DELLA CASA SULL&#8217;ALBERO<\/strong><\/span><\/p>\n<audio class=\"wp-audio-shortcode\" id=\"audio-403792-17\" preload=\"none\" style=\"width: 100%;\" controls=\"controls\"><source type=\"audio\/mpeg\" src=\"https:\/\/www.radiopiu.net\/wordpress\/wp-content\/uploads\/2024\/07\/AIRE-INDIA-PUNTATA-24.mp3?_=17\" \/><a href=\"https:\/\/www.radiopiu.net\/wordpress\/wp-content\/uploads\/2024\/07\/AIRE-INDIA-PUNTATA-24.mp3\">https:\/\/www.radiopiu.net\/wordpress\/wp-content\/uploads\/2024\/07\/AIRE-INDIA-PUNTATA-24.mp3<\/a><\/audio>\n<p>&nbsp;<\/p>\n\n\t\t\t<style type='text\/css'>\n\t\t\t\t#gallery-9 {\n\t\t\t\t\tmargin: auto;\n\t\t\t\t}\n\t\t\t\t#gallery-9 .gallery-item {\n\t\t\t\t\tfloat: left;\n\t\t\t\t\tmargin-top: 10px;\n\t\t\t\t\ttext-align: center;\n\t\t\t\t\twidth: 20%;\n\t\t\t\t}\n\t\t\t\t#gallery-9 img {\n\t\t\t\t\tborder: 2px solid #cfcfcf;\n\t\t\t\t}\n\t\t\t\t#gallery-9 .gallery-caption {\n\t\t\t\t\tmargin-left: 0;\n\t\t\t\t}\n\t\t\t\t\/* see gallery_shortcode() in wp-includes\/media.php *\/\n\t\t\t<\/style>\n\t\t<div id='gallery-9' class='dt-gallery-container gallery galleryid-403792 gallery-columns-5 gallery-size-thumbnail'><dl class='gallery-item'>\n\t\t\t\t<dt class='gallery-icon landscape'>\n\t\t\t\t\t<a class=\"rollover rollover-zoom dt-pswp-item\" title=\"0bdcf7a9-f123-4909-bce8-9c222370bb9a\" data-dt-img-description=\"\" data-large_image_width=\"1600\" data-large_image_height=\"1200\"href='https:\/\/www.radiopiu.net\/wordpress\/wp-content\/uploads\/2024\/07\/0bdcf7a9-f123-4909-bce8-9c222370bb9a.jpg'><img loading=\"lazy\" decoding=\"async\" width=\"150\" height=\"150\" src=\"https:\/\/www.radiopiu.net\/wordpress\/wp-content\/uploads\/2024\/07\/0bdcf7a9-f123-4909-bce8-9c222370bb9a-150x150.jpg\" class=\"attachment-thumbnail size-thumbnail\" alt=\"\" \/><\/a>\n\t\t\t\t<\/dt><\/dl><dl class='gallery-item'>\n\t\t\t\t<dt class='gallery-icon portrait'>\n\t\t\t\t\t<a class=\"rollover rollover-zoom dt-pswp-item\" title=\"16670b1c-4c3e-415f-ab6a-5dceaf19e691\" data-dt-img-description=\"\" data-large_image_width=\"1200\" data-large_image_height=\"1600\"href='https:\/\/www.radiopiu.net\/wordpress\/wp-content\/uploads\/2024\/07\/16670b1c-4c3e-415f-ab6a-5dceaf19e691.jpg'><img loading=\"lazy\" decoding=\"async\" width=\"150\" height=\"150\" src=\"https:\/\/www.radiopiu.net\/wordpress\/wp-content\/uploads\/2024\/07\/16670b1c-4c3e-415f-ab6a-5dceaf19e691-150x150.jpg\" class=\"attachment-thumbnail size-thumbnail\" alt=\"\" \/><\/a>\n\t\t\t\t<\/dt><\/dl><dl class='gallery-item'>\n\t\t\t\t<dt class='gallery-icon portrait'>\n\t\t\t\t\t<a class=\"rollover rollover-zoom dt-pswp-item\" title=\"64cec409-1120-4124-9532-10da2397d74a\" data-dt-img-description=\"\" data-large_image_width=\"1200\" data-large_image_height=\"1600\"href='https:\/\/www.radiopiu.net\/wordpress\/wp-content\/uploads\/2024\/07\/64cec409-1120-4124-9532-10da2397d74a.jpg'><img loading=\"lazy\" decoding=\"async\" width=\"150\" height=\"150\" src=\"https:\/\/www.radiopiu.net\/wordpress\/wp-content\/uploads\/2024\/07\/64cec409-1120-4124-9532-10da2397d74a-150x150.jpg\" class=\"attachment-thumbnail size-thumbnail\" alt=\"\" \/><\/a>\n\t\t\t\t<\/dt><\/dl><dl class='gallery-item'>\n\t\t\t\t<dt class='gallery-icon portrait'>\n\t\t\t\t\t<a class=\"rollover rollover-zoom dt-pswp-item\" title=\"13ce9d36-6c44-48a8-9aaf-0e7a9c713282\" data-dt-img-description=\"\" data-large_image_width=\"1200\" data-large_image_height=\"1600\"href='https:\/\/www.radiopiu.net\/wordpress\/wp-content\/uploads\/2024\/07\/13ce9d36-6c44-48a8-9aaf-0e7a9c713282.jpg'><img loading=\"lazy\" decoding=\"async\" width=\"150\" height=\"150\" src=\"https:\/\/www.radiopiu.net\/wordpress\/wp-content\/uploads\/2024\/07\/13ce9d36-6c44-48a8-9aaf-0e7a9c713282-150x150.jpg\" class=\"attachment-thumbnail size-thumbnail\" alt=\"\" \/><\/a>\n\t\t\t\t<\/dt><\/dl><dl class='gallery-item'>\n\t\t\t\t<dt class='gallery-icon landscape'>\n\t\t\t\t\t<a class=\"rollover rollover-zoom dt-pswp-item\" title=\"85f20a8b-9d7b-4fee-8396-2961912c4c36\" data-dt-img-description=\"\" data-large_image_width=\"1600\" data-large_image_height=\"1200\"href='https:\/\/www.radiopiu.net\/wordpress\/wp-content\/uploads\/2024\/07\/85f20a8b-9d7b-4fee-8396-2961912c4c36.jpg'><img loading=\"lazy\" decoding=\"async\" width=\"150\" height=\"150\" src=\"https:\/\/www.radiopiu.net\/wordpress\/wp-content\/uploads\/2024\/07\/85f20a8b-9d7b-4fee-8396-2961912c4c36-150x150.jpg\" class=\"attachment-thumbnail size-thumbnail\" alt=\"\" \/><\/a>\n\t\t\t\t<\/dt><\/dl><br style=\"clear: both\" \/>\n\t\t\t<\/div>\n\n<h2>LA RACCOLTA COMPLETA <a href=\"https:\/\/www.radiopiu.net\/wordpress\/goodbye-by-bicicle-un-viaggio-dallindia-a-seren-del-grappa-in-bicicletta-24\/\"><span style=\"color: #3366ff;\">CLICCA QUI<\/span><\/a><\/h2>\n<p>&nbsp;<\/p>\n<p>&nbsp;<\/p>\n<p>&nbsp;<\/p>\n<p>&nbsp;<\/p>\n","protected":false},"excerpt":{"rendered":"<p>******* &nbsp; &nbsp; ATTENZIONE: LA NUOVA APP PER IOS-IPHONE di Nicola Vettorello https:\/\/apps.apple.com\/it\/app\/radio-pi%C3%B9-emittente-agordina\/id1515939845 ATTENZIONE: LA NUOVA APP RADIO\u00a0 PER ANDROID di Nicola Vettorello https:\/\/play.google.com\/store\/apps\/details?id=net.radiopiu.iniko\u00a0\u00a0\u00a0 &nbsp; &nbsp; IL FORTE TEMPORALE DI IERI IN VALLE DEL BIOIS \u00a0 E DOPO LA PIOGGIA&#8230;. TORNA IL SERENO belluno di brunella moro\u00a0\u00a0 &nbsp; \u00a0 &nbsp; &nbsp; OGGI ALLA RADIO&#8230;. ALLE&hellip;<\/p>\n","protected":false},"author":4,"featured_media":404041,"comment_status":"closed","ping_status":"closed","sticky":false,"template":"","format":"standard","meta":{"_monsterinsights_skip_tracking":false,"_monsterinsights_sitenote_active":false,"_monsterinsights_sitenote_note":"","_monsterinsights_sitenote_category":0,"footnotes":""},"categories":[51,86,49],"tags":[],"class_list":["post-403792","post","type-post","status-publish","format-standard","has-post-thumbnail","hentry","category-evidenza-top","category-gr","category-news-18","category-51","category-86","category-49","description-off"],"img_url":"https:\/\/www.radiopiu.net\/wordpress\/wp-content\/uploads\/2024\/08\/bc4d0826-9de3-4f00-bab9-de9a742daeab.jpg","_links":{"self":[{"href":"https:\/\/www.radiopiu.net\/wordpress\/wp-json\/wp\/v2\/posts\/403792","targetHints":{"allow":["GET"]}}],"collection":[{"href":"https:\/\/www.radiopiu.net\/wordpress\/wp-json\/wp\/v2\/posts"}],"about":[{"href":"https:\/\/www.radiopiu.net\/wordpress\/wp-json\/wp\/v2\/types\/post"}],"author":[{"embeddable":true,"href":"https:\/\/www.radiopiu.net\/wordpress\/wp-json\/wp\/v2\/users\/4"}],"replies":[{"embeddable":true,"href":"https:\/\/www.radiopiu.net\/wordpress\/wp-json\/wp\/v2\/comments?post=403792"}],"version-history":[{"count":38,"href":"https:\/\/www.radiopiu.net\/wordpress\/wp-json\/wp\/v2\/posts\/403792\/revisions"}],"predecessor-version":[{"id":404129,"href":"https:\/\/www.radiopiu.net\/wordpress\/wp-json\/wp\/v2\/posts\/403792\/revisions\/404129"}],"wp:featuredmedia":[{"embeddable":true,"href":"https:\/\/www.radiopiu.net\/wordpress\/wp-json\/wp\/v2\/media\/404041"}],"wp:attachment":[{"href":"https:\/\/www.radiopiu.net\/wordpress\/wp-json\/wp\/v2\/media?parent=403792"}],"wp:term":[{"taxonomy":"category","embeddable":true,"href":"https:\/\/www.radiopiu.net\/wordpress\/wp-json\/wp\/v2\/categories?post=403792"},{"taxonomy":"post_tag","embeddable":true,"href":"https:\/\/www.radiopiu.net\/wordpress\/wp-json\/wp\/v2\/tags?post=403792"}],"curies":[{"name":"wp","href":"https:\/\/api.w.org\/{rel}","templated":true}]}}