{"id":403803,"date":"2024-08-07T09:30:15","date_gmt":"2024-08-07T07:30:15","guid":{"rendered":"https:\/\/www.radiopiu.net\/wordpress\/?p=403803"},"modified":"2024-08-07T13:03:29","modified_gmt":"2024-08-07T11:03:29","slug":"ultimora-1-00-chiusura-sr355","status":"publish","type":"post","link":"https:\/\/www.radiopiu.net\/wordpress\/ultimora-1-00-chiusura-sr355\/","title":{"rendered":"DUE STRADE CHIUSE PER COLATA DETRITICA"},"content":{"rendered":"<p>**<\/p>\n<p>Da questa notte all&#8217;una, le autorit\u00e0 dei Comuni di Sappada, in provincia di Udine, e dei Comuni limitrofi della provincia di Belluno, hanno lanciato l&#8217;allarme a seguito di due imponenti frane che hanno interessato la viabilit\u00e0 tra Veneto e Friuli. La prima frana si \u00e8 verificata sulla strada regionale 355, in prossimit\u00e0 di San Pietro di Cadore, poco prima di Santo Stefano di Cadore, precisamente in localit\u00e0 Acquatona. L&#8217;enorme colata detritica ha portato a valle una quantit\u00e0 significativa di materiale,\u00a0 bloccando la sede stradale e rendendo impossibile il passaggio dei veicoli. Questo evento ha interrotto una delle arterie principali per il traffico tra le due regioni, creando disagi per i residenti e i turisti che transitano nell&#8217;area.<\/p>\n<p>La seconda frana \u00e8 avvenuta sulla strada regionale 465, in localit\u00e0 Rio Bianco, situata poco oltre il confine tra Veneto e Friuli, mentre si scende da Casera Razzo verso la Val Pesarina. Anche in questo caso, la frana ha invaso completamente la carreggiata, isolando temporaneamente la zona e causando gravi disagi alla viabilit\u00e0.<\/p>\n<p>Le autorit\u00e0 locali, insieme alla Protezione Civile, sono intervenute tempestivamente per valutare la situazione e predisporre le misure necessarie per garantire la sicurezza pubblica. Squadre di tecnici e operai sono gi\u00e0 al lavoro per cercare di rimuovere i detriti e ripristinare la circolazione il prima possibile. Tuttavia, a causa dell&#8217;entit\u00e0 delle frane, non \u00e8 ancora possibile prevedere quando le strade potranno essere riaperte.<\/p>\n<p>Nel frattempo, \u00e8 stato istituito un sistema di deviazioni stradali per garantire un minimo di mobilit\u00e0 agli automobilisti. Si consiglia di utilizzare percorsi alternativi, come la strada statale 52 Carnica e altre vie secondarie, fino a quando le condizioni stradali non torneranno alla normalit\u00e0.<\/p>\n<p>Le autorit\u00e0 locali hanno emesso avvisi per i residenti delle zone interessate, invitandoli a evitare gli spostamenti non essenziali e a mantenere la massima cautela. \u00c8 importante seguire le indicazioni delle autorit\u00e0 e restare aggiornati tramite i canali ufficiali per ulteriori comunicazioni e aggiornamenti sulla situazione.<\/p>\n<p>Inoltre, data la possibilit\u00e0 di ulteriori smottamenti a causa delle condizioni meteorologiche incerte, le autorit\u00e0 raccomandano ai residenti di prestare attenzione a eventuali segnali di nuovi movimenti del terreno e di segnalare prontamente qualsiasi situazione anomala alle autorit\u00e0 competenti.<\/p>\n<p>Le frane di questa notte hanno evidenziato ancora una volta la vulnerabilit\u00e0 delle zone montane di fronte ai fenomeni naturali estremi. Le autorit\u00e0, in collaborazione con la Protezione Civile, stanno lavorando instancabilmente per ripristinare la sicurezza e la normalit\u00e0 nella regione. Gli automobilisti e i residenti sono invitati a seguire gli sviluppi e a collaborare con le autorit\u00e0 durante questo periodo di emergenza.<\/p>\n<p>La situazione sar\u00e0 monitorata costantemente, e ulteriori aggiornamenti saranno forniti attraverso i mezzi di comunicazione locali e i canali ufficiali delle autorit\u00e0 coinvolte.<\/p>\n<blockquote>\n<hr \/>\n<\/blockquote>\n<p>&nbsp;<\/p>\n<p><span style=\"color: #0000ff;\"><strong>VENETO STRADE, PAGINA FACEBOOK<\/strong><\/span><\/p>\n<p>S P 30 &#8220;Panoramica del Comelico&#8221; interdizione totale al traffico dal km 3+800, localit\u00e0 Costa fino al km 6+850 localit\u00e0 Costalissoio nei comuni di San Nicol\u00f2 Comelico e Santo Stefano di Cadore (Belluno) per colate detritiche causate dal <span class=\"html-span xdj266r x11i5rnm xat24cr x1mh8g0r xexx8yu x4uap5 x18d9i69 xkhd6sd x1hl2dhg x16tdsg8 x1vvkbs\"><a class=\"x1i10hfl xjbqb8w x1ejq31n xd10rxx x1sy0etr x17r0tee x972fbf xcfux6l x1qhh985 xm0m39n x9f619 x1ypdohk xt0psk2 xe8uvvx xdj266r x11i5rnm xat24cr x1mh8g0r xexx8yu x4uap5 x18d9i69 xkhd6sd x16tdsg8 x1hl2dhg xggy1nq x1a2a7pz x1sur9pj xkrqix3 x1fey0fg xo1l8bm\" tabindex=\"0\" role=\"link\" href=\"https:\/\/www.facebook.com\/hashtag\/maltempo?__eep__=6&amp;__cft__[0]=AZXCMsQ-ySeZwoExWw1aewFKZQciAWLcLRm7qcaecOWz500SjjBylUb9qCAG1VXOX974_JekeII4Y2exbsRg4Cglxqkmv3tbwwS9Dttej-S9tF2D8y46M8L5i2twX_B_UELtLioyPytFGN0XtawVBgMgClzh3CAryLuhzskXH48FmU2fTerWLKzxCLbmJEiQt88ItWCB4RjuZ9Y-G45S2kl2&amp;__tn__=*NK-R\">#maltempo<\/a><\/span>.<\/p>\n<p><a class=\"dt-pswp-item\" href=\"https:\/\/www.radiopiu.net\/wordpress\/wp-content\/uploads\/2024\/08\/454317300_919351720233501_370627261778786133_n.jpg\" data-dt-img-description=\"\" data-large_image_width=\"720\" data-large_image_height=\"538\"><img loading=\"lazy\" decoding=\"async\" class=\"size-medium wp-image-403907 aligncenter\" src=\"https:\/\/www.radiopiu.net\/wordpress\/wp-content\/uploads\/2024\/08\/454317300_919351720233501_370627261778786133_n-300x224.jpg\" alt=\"\" width=\"300\" height=\"224\" srcset=\"https:\/\/www.radiopiu.net\/wordpress\/wp-content\/uploads\/2024\/08\/454317300_919351720233501_370627261778786133_n-300x224.jpg 300w, https:\/\/www.radiopiu.net\/wordpress\/wp-content\/uploads\/2024\/08\/454317300_919351720233501_370627261778786133_n.jpg 720w\" sizes=\"auto, (max-width: 300px) 100vw, 300px\" \/><\/a><\/p>\n<p>Chiusa per <span class=\"html-span xdj266r x11i5rnm xat24cr x1mh8g0r xexx8yu x4uap5 x18d9i69 xkhd6sd x1hl2dhg x16tdsg8 x1vvkbs\"><a class=\"x1i10hfl xjbqb8w x1ejq31n xd10rxx x1sy0etr x17r0tee x972fbf xcfux6l x1qhh985 xm0m39n x9f619 x1ypdohk xt0psk2 xe8uvvx xdj266r x11i5rnm xat24cr x1mh8g0r xexx8yu x4uap5 x18d9i69 xkhd6sd x16tdsg8 x1hl2dhg xggy1nq x1a2a7pz x1sur9pj xkrqix3 x1fey0fg xo1l8bm\" tabindex=\"0\" role=\"link\" href=\"https:\/\/www.facebook.com\/hashtag\/frana?__eep__=6&amp;__cft__[0]=AZU-IJhYG19sKdNms_G74Ou8LYYbX6WcLmX16N42C0Y0Q55IPBzdwuSFOasX5y4yPOuhG-PHdZRyY9oNXePup1k6DJsmMoBqHAHfTYqukaKQuAZSMdWBOOYTQV5bAZvqH2RLE73-C4EV9MwbigrQKuh2urXWfq4KXUn_1skFC59-js3VDFJ_akPTvT9Cga7k02_uLjMuGJO9fr__o9kEnyZv&amp;__tn__=*NK-R\">#frana<\/a><\/span> da questa notte la SR 355 \u201cdella Val Degano\u201d dal km 39+600 (localit\u00e0 Acquatona) fino al confine con il Comune di San Pietro di Cadore in provincia di Belluno.<\/p>\n\n\t\t\t<style type='text\/css'>\n\t\t\t\t#gallery-1 {\n\t\t\t\t\tmargin: auto;\n\t\t\t\t}\n\t\t\t\t#gallery-1 .gallery-item {\n\t\t\t\t\tfloat: left;\n\t\t\t\t\tmargin-top: 10px;\n\t\t\t\t\ttext-align: center;\n\t\t\t\t\twidth: 33%;\n\t\t\t\t}\n\t\t\t\t#gallery-1 img {\n\t\t\t\t\tborder: 2px solid #cfcfcf;\n\t\t\t\t}\n\t\t\t\t#gallery-1 .gallery-caption {\n\t\t\t\t\tmargin-left: 0;\n\t\t\t\t}\n\t\t\t\t\/* see gallery_shortcode() in wp-includes\/media.php *\/\n\t\t\t<\/style>\n\t\t<div id='gallery-1' class='dt-gallery-container gallery galleryid-403803 gallery-columns-3 gallery-size-thumbnail'><dl class='gallery-item'>\n\t\t\t\t<dt class='gallery-icon portrait'>\n\t\t\t\t\t<a class=\"rollover rollover-zoom dt-pswp-item\" title=\"454470637_919332230235450_8816365496758587669_n\" data-dt-img-description=\"\" data-large_image_width=\"581\" data-large_image_height=\"600\"href='https:\/\/www.radiopiu.net\/wordpress\/wp-content\/uploads\/2024\/08\/454470637_919332230235450_8816365496758587669_n.jpg'><img loading=\"lazy\" decoding=\"async\" width=\"150\" height=\"150\" src=\"https:\/\/www.radiopiu.net\/wordpress\/wp-content\/uploads\/2024\/08\/454470637_919332230235450_8816365496758587669_n-150x150.jpg\" class=\"attachment-thumbnail size-thumbnail\" alt=\"\" \/><\/a>\n\t\t\t\t<\/dt><\/dl><dl class='gallery-item'>\n\t\t\t\t<dt class='gallery-icon landscape'>\n\t\t\t\t\t<a class=\"rollover rollover-zoom dt-pswp-item\" title=\"454290225_919332173568789_2364024589121174227_n\" data-dt-img-description=\"\" data-large_image_width=\"600\" data-large_image_height=\"557\"href='https:\/\/www.radiopiu.net\/wordpress\/wp-content\/uploads\/2024\/08\/454290225_919332173568789_2364024589121174227_n.jpg'><img loading=\"lazy\" decoding=\"async\" width=\"150\" height=\"150\" src=\"https:\/\/www.radiopiu.net\/wordpress\/wp-content\/uploads\/2024\/08\/454290225_919332173568789_2364024589121174227_n-150x150.jpg\" class=\"attachment-thumbnail size-thumbnail\" alt=\"\" \/><\/a>\n\t\t\t\t<\/dt><\/dl><dl class='gallery-item'>\n\t\t\t\t<dt class='gallery-icon portrait'>\n\t\t\t\t\t<a class=\"rollover rollover-zoom dt-pswp-item\" title=\"454498892_919332166902123_1514512681183098756_n\" data-dt-img-description=\"\" data-large_image_width=\"586\" data-large_image_height=\"600\"href='https:\/\/www.radiopiu.net\/wordpress\/wp-content\/uploads\/2024\/08\/454498892_919332166902123_1514512681183098756_n.jpg'><img loading=\"lazy\" decoding=\"async\" width=\"150\" height=\"150\" src=\"https:\/\/www.radiopiu.net\/wordpress\/wp-content\/uploads\/2024\/08\/454498892_919332166902123_1514512681183098756_n-150x150.jpg\" class=\"attachment-thumbnail size-thumbnail\" alt=\"\" \/><\/a>\n\t\t\t\t<\/dt><\/dl><br style=\"clear: both\" \/>\n\t\t\t<\/div>\n\n<p>&nbsp;<\/p>\n<p><span style=\"color: #ff0000;\"><strong>LE NOTIZIE DELLA NOTTE ORE 1.00<\/strong><\/span><\/p>\n<p><strong>Due frane:\u00a0 Sappada (FRIULI) isolata dal Cadore (VENETO)<\/strong><\/p>\n<p><img loading=\"lazy\" decoding=\"async\" class=\"alignleft\" src=\"https:\/\/www.radiopiu.net\/wordpress\/wp-content\/uploads\/2024\/08\/th.jpg\" width=\"220\" height=\"122\" \/>Situazione strade provinciali e regionali in Provincia di Belluno in gestione a Veneto Strade S.p.A. nel Bellunese. Aggiornamento del 07\/08\/2024 ore 1:00<\/p>\n<p>Chiusura del seguente tratto stradale per colata detritica: &#8211; S.R. 355 \u201cdella Val Degano\u201d dal km 39+600 (loc. Acquatona) a confine Provincia nel Comune di San Pietro di Cadore<\/p>\n<p>&nbsp;<\/p>\n<div class=\"html-div xdj266r x11i5rnm xat24cr x1mh8g0r xexx8yu x4uap5 x18d9i69 xkhd6sd\">\n<div class=\"html-div xdj266r x11i5rnm x1mh8g0r x18d9i69 x1cy8zhl x78zum5 x1q0g3np xod5an3 x1pi30zi x1swvt13 xz9dl7a\">\n<div class=\"html-div xdj266r x11i5rnm xat24cr x1mh8g0r xexx8yu x4uap5 x18d9i69 xkhd6sd x1iyjqo2\">\n<div class=\"x78zum5 xdt5ytf xz62fqu x16ldp7u\">\n<div class=\"xu06os2 x1ok221b\">\n<h2 id=\":r174:\" class=\"html-h2 x11i5rnm xat24cr x1mh8g0r xexx8yu x4uap5 x18d9i69 xkhd6sd x1vvkbs x1heor9g x1qlqyl8 x1pd3egz x1a2a7pz x1gslohp x1yc453h\">SP30 PANORAMICA DEL COMELICO, DA OGGI FINO A REVOCA STRADA CHIUSA TRA COSTA E COSTALISSOIO,\u00a0 per colata detritica<\/h2>\n<\/div>\n<\/div>\n<\/div>\n<\/div>\n<\/div>\n<p>___<\/p>\n\n\t\t\t<style type='text\/css'>\n\t\t\t\t#gallery-2 {\n\t\t\t\t\tmargin: auto;\n\t\t\t\t}\n\t\t\t\t#gallery-2 .gallery-item {\n\t\t\t\t\tfloat: left;\n\t\t\t\t\tmargin-top: 10px;\n\t\t\t\t\ttext-align: center;\n\t\t\t\t\twidth: 50%;\n\t\t\t\t}\n\t\t\t\t#gallery-2 img {\n\t\t\t\t\tborder: 2px solid #cfcfcf;\n\t\t\t\t}\n\t\t\t\t#gallery-2 .gallery-caption {\n\t\t\t\t\tmargin-left: 0;\n\t\t\t\t}\n\t\t\t\t\/* see gallery_shortcode() in wp-includes\/media.php *\/\n\t\t\t<\/style>\n\t\t<div id='gallery-2' class='dt-gallery-container gallery galleryid-403803 gallery-columns-2 gallery-size-medium'><dl class='gallery-item'>\n\t\t\t\t<dt class='gallery-icon landscape'>\n\t\t\t\t\t<a class=\"rollover rollover-zoom dt-pswp-item\" title=\"454586408_10225865407807452_8891494210359777560_n\" data-dt-img-description=\"\" data-large_image_width=\"600\" data-large_image_height=\"270\"href='https:\/\/www.radiopiu.net\/wordpress\/wp-content\/uploads\/2024\/08\/454586408_10225865407807452_8891494210359777560_n.jpg'><img loading=\"lazy\" decoding=\"async\" width=\"300\" height=\"135\" src=\"https:\/\/www.radiopiu.net\/wordpress\/wp-content\/uploads\/2024\/08\/454586408_10225865407807452_8891494210359777560_n-300x135.jpg\" class=\"attachment-medium size-medium\" alt=\"\" srcset=\"https:\/\/www.radiopiu.net\/wordpress\/wp-content\/uploads\/2024\/08\/454586408_10225865407807452_8891494210359777560_n-300x135.jpg 300w, https:\/\/www.radiopiu.net\/wordpress\/wp-content\/uploads\/2024\/08\/454586408_10225865407807452_8891494210359777560_n.jpg 600w\" sizes=\"auto, (max-width: 300px) 100vw, 300px\" \/><\/a>\n\t\t\t\t<\/dt><\/dl><dl class='gallery-item'>\n\t\t\t\t<dt class='gallery-icon portrait'>\n\t\t\t\t\t<a class=\"rollover rollover-zoom dt-pswp-item\" title=\"454519729_10225865407407442_5102031405166154543_n\" data-dt-img-description=\"\" data-large_image_width=\"292\" data-large_image_height=\"600\"href='https:\/\/www.radiopiu.net\/wordpress\/wp-content\/uploads\/2024\/08\/454519729_10225865407407442_5102031405166154543_n.jpg'><img loading=\"lazy\" decoding=\"async\" width=\"146\" height=\"300\" src=\"https:\/\/www.radiopiu.net\/wordpress\/wp-content\/uploads\/2024\/08\/454519729_10225865407407442_5102031405166154543_n-146x300.jpg\" class=\"attachment-medium size-medium\" alt=\"\" srcset=\"https:\/\/www.radiopiu.net\/wordpress\/wp-content\/uploads\/2024\/08\/454519729_10225865407407442_5102031405166154543_n-146x300.jpg 146w, https:\/\/www.radiopiu.net\/wordpress\/wp-content\/uploads\/2024\/08\/454519729_10225865407407442_5102031405166154543_n.jpg 292w\" sizes=\"auto, (max-width: 146px) 100vw, 146px\" \/><\/a>\n\t\t\t\t<\/dt><\/dl><br style=\"clear: both\" \/>\n\t\t\t<\/div>\n\n<p>&nbsp;<\/p>\n","protected":false},"excerpt":{"rendered":"<p>** Da questa notte all&#8217;una, le autorit\u00e0 dei Comuni di Sappada, in provincia di Udine, e dei Comuni limitrofi della provincia di Belluno, hanno lanciato l&#8217;allarme a seguito di due imponenti frane che hanno interessato la viabilit\u00e0 tra Veneto e Friuli. La prima frana si \u00e8 verificata sulla strada regionale 355, in prossimit\u00e0 di San&hellip;<\/p>\n","protected":false},"author":4,"featured_media":403859,"comment_status":"closed","ping_status":"closed","sticky":false,"template":"","format":"standard","meta":{"_monsterinsights_skip_tracking":false,"_monsterinsights_sitenote_active":false,"_monsterinsights_sitenote_note":"","_monsterinsights_sitenote_category":0,"footnotes":""},"categories":[51,49],"tags":[],"class_list":["post-403803","post","type-post","status-publish","format-standard","has-post-thumbnail","hentry","category-evidenza-top","category-news-18","category-51","category-49","description-off"],"img_url":"https:\/\/www.radiopiu.net\/wordpress\/wp-content\/uploads\/2024\/08\/5879928396115461337.jpg","_links":{"self":[{"href":"https:\/\/www.radiopiu.net\/wordpress\/wp-json\/wp\/v2\/posts\/403803","targetHints":{"allow":["GET"]}}],"collection":[{"href":"https:\/\/www.radiopiu.net\/wordpress\/wp-json\/wp\/v2\/posts"}],"about":[{"href":"https:\/\/www.radiopiu.net\/wordpress\/wp-json\/wp\/v2\/types\/post"}],"author":[{"embeddable":true,"href":"https:\/\/www.radiopiu.net\/wordpress\/wp-json\/wp\/v2\/users\/4"}],"replies":[{"embeddable":true,"href":"https:\/\/www.radiopiu.net\/wordpress\/wp-json\/wp\/v2\/comments?post=403803"}],"version-history":[{"count":7,"href":"https:\/\/www.radiopiu.net\/wordpress\/wp-json\/wp\/v2\/posts\/403803\/revisions"}],"predecessor-version":[{"id":403911,"href":"https:\/\/www.radiopiu.net\/wordpress\/wp-json\/wp\/v2\/posts\/403803\/revisions\/403911"}],"wp:featuredmedia":[{"embeddable":true,"href":"https:\/\/www.radiopiu.net\/wordpress\/wp-json\/wp\/v2\/media\/403859"}],"wp:attachment":[{"href":"https:\/\/www.radiopiu.net\/wordpress\/wp-json\/wp\/v2\/media?parent=403803"}],"wp:term":[{"taxonomy":"category","embeddable":true,"href":"https:\/\/www.radiopiu.net\/wordpress\/wp-json\/wp\/v2\/categories?post=403803"},{"taxonomy":"post_tag","embeddable":true,"href":"https:\/\/www.radiopiu.net\/wordpress\/wp-json\/wp\/v2\/tags?post=403803"}],"curies":[{"name":"wp","href":"https:\/\/api.w.org\/{rel}","templated":true}]}}