{"id":403837,"date":"2024-08-07T07:55:08","date_gmt":"2024-08-07T05:55:08","guid":{"rendered":"https:\/\/www.radiopiu.net\/wordpress\/?p=403837"},"modified":"2024-08-07T08:04:04","modified_gmt":"2024-08-07T06:04:04","slug":"alle-7-le-anticipazioni-per-chi-va-di-fretta-alle-8-05-la-rassegna-stampa-locale-di-mirko-mezzacasa-dal-1983","status":"publish","type":"post","link":"https:\/\/www.radiopiu.net\/wordpress\/alle-7-le-anticipazioni-per-chi-va-di-fretta-alle-8-05-la-rassegna-stampa-locale-di-mirko-mezzacasa-dal-1983\/","title":{"rendered":"alle 7 le anticipazioni per chi va di fretta  ALLE 8.05 LA  RASSEGNA STAMPA LOCALE DI MIRKO MEZZACASA DAL 1983"},"content":{"rendered":"<p>***<\/p>\n<p><iframe loading=\"lazy\" title=\"DAL 1983 LA RASSEGNA STAMPA LOCALE di mirko mezzacasa. L&#039;ORIGINALE\" width=\"1200\" height=\"675\" src=\"https:\/\/www.youtube.com\/embed\/l11A7RJfYGo?feature=oembed\" frameborder=\"0\" allow=\"accelerometer; autoplay; clipboard-write; encrypted-media; gyroscope; picture-in-picture; web-share\" referrerpolicy=\"strict-origin-when-cross-origin\" allowfullscreen><\/iframe><\/p>\n<p><a class=\"dt-pswp-item\" href=\"https:\/\/www.radiopiu.net\/wordpress\/wp-content\/uploads\/2024\/08\/453730651_892765706218434_811561520489596124_n.jpg\" data-dt-img-description=\"MOSE' ANDRICH IN CONCERTO\" data-large_image_width=\"509\" data-large_image_height=\"720\"><img loading=\"lazy\" decoding=\"async\" class=\" wp-image-403663 alignleft\" src=\"https:\/\/www.radiopiu.net\/wordpress\/wp-content\/uploads\/2024\/08\/453730651_892765706218434_811561520489596124_n-212x300.jpg\" alt=\"\" width=\"168\" height=\"238\" srcset=\"https:\/\/www.radiopiu.net\/wordpress\/wp-content\/uploads\/2024\/08\/453730651_892765706218434_811561520489596124_n-212x300.jpg 212w, https:\/\/www.radiopiu.net\/wordpress\/wp-content\/uploads\/2024\/08\/453730651_892765706218434_811561520489596124_n.jpg 509w\" sizes=\"auto, (max-width: 168px) 100vw, 168px\" \/><\/a>OGGI ALLA RADIO&#8230;. ALLE 4 E ALLE 6 LE NOTIZIE DALL&#8217;ITALIA E DAL MONDO 6.15 PIROLE DE LENGA A CURA DEL MUSLA 7.20 EL BAL DEL FIORI, DETTI E TRADIZIONI DI GIULIANA DA RONCH 8.05 LA RASSEGNA STAMPA LOCALE 8.30 PIU SIAMO IL PROGRAMMA DI MARINA DONA&#8217;\u00a0 9.00\u00a0 EGIDIO PASUCH PRESENTA IL SUO LIBRO AL NOF FILO&#8217; DI CENCENIGHE di LUISA MANFROI 9.30 VIABILITA&#8217; CON BOTOL CAR SERVICE (AGORDO-SEDICO-FELTRE) \u00a010.30 LETTURE E CULTURE ESTATE 24 DAL BORGO PALUE MARINA DONA&#8217;-LUISA ALCHINI\u00a011.10 LA STORIA DEL FESTIVALBAR DI MIRCO BENCIVENNI 12.00 VA TUTTO LISCIO\u00a0 12.30 GIORNALE RADIO PRINCIPALE\u00a0 \u00a013.10 SPECIALE AGORDO MUSICA&#8230; A RIVAMONTE\u00a0 DI PINA SABATINI 13.20 TRE PEZZI DI MARINA DONA&#8217; 14.00\u00a0 LA CLASSIFICA UFFICIALE DI RADIOPIU DI MARCO GAZ \u00a015.00 PIU&#8217; MUSICA IL PROGRAMMA ESTIVO DI MARINA\u00a0 \u00a016 IL ROCK DI MARCO COSTANTINI 1645 LE HIT DI MIRCO BENCIVENNI 18.00 PIU&#8217; DANCE LE SELEZIONI CHE FANNO SALTARE DI DJ JACK, JACOPO DEL TEDESCO\u00a0 19 LE ANTICIPAZIONI DAL TG DI ANTENNA 3 DI TIZIANA BOLOGNANI 19.30 MOSTRA MAN DE ORO A CANALE D&#8217;AGORDO CON LORIS SERAFINI E LUCIO RIZIERI<br \/>\nALLE 20.30 DIRETTA RADIO, CON ALESSIA DALL&#8217;O &#8211; REGIA MARCO GAZ &#8211; OSPITI IN DIRETTA I TIRATAIE.<\/p>\n<p><a class=\"dt-pswp-item\" href=\"https:\/\/www.radiopiu.net\/wordpress\/wp-content\/uploads\/2024\/08\/Senza-nome-19.png\" data-dt-img-description=\"\" data-large_image_width=\"343\" data-large_image_height=\"175\"><img loading=\"lazy\" decoding=\"async\" class=\"size-medium wp-image-403819 alignleft\" src=\"https:\/\/www.radiopiu.net\/wordpress\/wp-content\/uploads\/2024\/08\/Senza-nome-19-300x153.png\" alt=\"\" width=\"300\" height=\"153\" srcset=\"https:\/\/www.radiopiu.net\/wordpress\/wp-content\/uploads\/2024\/08\/Senza-nome-19-300x153.png 300w, https:\/\/www.radiopiu.net\/wordpress\/wp-content\/uploads\/2024\/08\/Senza-nome-19.png 343w\" sizes=\"auto, (max-width: 300px) 100vw, 300px\" \/><\/a>NELLA NOTTE, CHIUSA LA REGIONALE 355 IN COMUNE DI SAN PIETRO DI CADORE PER COLATA DETRITICA.<br \/>\nDal Corriere delle Alpi\u00a0 di\u00a0 Cristina Contento: un\u2019embolia polmonare avrebbe stroncato la vita di Elvi Sommacal, un 55enne di Limana, morto improvvisamente sotto la doccia. L\u2019autopsia ha confermato che un embolo proveniente dalla gamba sinistra ha causato il decesso. Tre medici del reparto emergenza e ortopedia sono indagati per omicidio colposo e responsabilit\u00e0 colposa per morte, mentre l&#8217;ULSS 1 Dolomiti ha aperto un&#8217;inchiesta interna.<br \/>\nDOMANI LAVORI PROGRAMMATI ALLA RETE IDRICA DI AGORDO Causa lavori alla rete idrica di Agordo, nelle vie Teto Piciol, Costa, Bries, V.lo 4 Novembre, Toccol, Cal De Le Mule e Pacifico Soccol \u00e8 prevista la chiusura dell&#8217;acqua acqua domani dalle 8 alle 17 e comunque fino a FINE LAVORI<br \/>\nOGGI L&#8217;ULTIMO SALUTO A MORENO VALT FALCADE\u00a0 Alle 14.30 la comunit\u00e0 di Falcade stringer\u00e0 in un solidale abbraccio con la famiglia Valt nel ricordo di Moreno. Il funerale in chiesa a Falcade, sar\u00e0 preceduto alle 14.30 dal Rosario. L&#8217;annuncio della scomparsa di Moreno, &#8220;Giostro&#8221; \u00e8 stato dato dalla moglie Antonia, mamma Anna, fratelli Graziella e Silvio, nipoti e parenti<br \/>\nCORTINA \u00a0Un giovane escursionista tedesco \u00e8 caduto dal sentiero che scende dal Col Ros\u00e0. Il quattordicenne, che si trovava con il padre e il fratello, perso l&#8217;equilibrio sulla serpentina fuori dal bosco \u00e8 ruzzolato per alcuni metri per poi cadere da un salto di un paio di metri. Con probabili traumi alla gamba e a un braccio, il quattordicenne \u00e8 stato trasportato all&#8217;ospedale di Cortina. Con lui il pap\u00e0, mentre il fratello \u00e8 rientrato autonomamente.<br \/>\nCORTINA\u00a0 il Soccorso alpino\u00a0 \u00e8 stato attivato per un diciassettenne tedesco che lamentava un malessere nei pressi del Rifugio Son Forca. Una squadra della Guardi di finanza \u00e8 salita in fuoristrada e lo ha accompagnato al rendez vous con l&#8217;ambulanza, partita in direzione del Codivilla per accertamenti.<br \/>\nFALCADE VARIANTE AL PIANO DI INTERVENTI, LUNEDI IN CONSIGLIO COMUNALE DIRETTA SUI CANALI DI RADIOPIU<br \/>\nAGORDO Conferimento della Gestione della Scuola Materna Paritaria di Agordo all\u2019Azienda Speciale &#8220;Agordo Servizi&#8221; LUNEDI MATTINA ALLE 7.30 NEL CONSIGLIO COMUNALE DI AGORDO<\/p>\n<p><a class=\"dt-pswp-item\" href=\"https:\/\/www.radiopiu.net\/wordpress\/wp-content\/uploads\/2024\/08\/Senza-nome-18.png\" data-dt-img-description=\"\" data-large_image_width=\"464\" data-large_image_height=\"300\"><img loading=\"lazy\" decoding=\"async\" class=\"size-medium wp-image-403815 alignleft\" src=\"https:\/\/www.radiopiu.net\/wordpress\/wp-content\/uploads\/2024\/08\/Senza-nome-18-300x194.png\" alt=\"\" width=\"300\" height=\"194\" srcset=\"https:\/\/www.radiopiu.net\/wordpress\/wp-content\/uploads\/2024\/08\/Senza-nome-18-300x194.png 300w, https:\/\/www.radiopiu.net\/wordpress\/wp-content\/uploads\/2024\/08\/Senza-nome-18.png 464w\" sizes=\"auto, (max-width: 300px) 100vw, 300px\" \/><\/a>REDAZIONE \u00a0quattro soccorsi nel pomeriggio di ieri.\u00a0 A Livinallongo un uomo di 65 anni di Istrana si \u00e8 fatto male agli arti inferiori. Elitrasportato all&#8217;ospedale di Agordo.\u00a0 A Malga Federa di Cortina\u00a0 un 70enne di Treviso ha\u00a0 accusato un malore, elitrasportato a Belluno in gravi condizioni.\u00a0 Un ragazzo di 20 anni \u00e8 stato soccorso in Comelico a seguito di una caduta in bicicletta, \u00e8 stato portato all&#8217;ospedale di Pieve di Cadore.\u00a0 A cortina un uomo \u00e8 caduto da un sentiero.<br \/>\nIERI SERA ALTRI DUE INTERVENTI DEL SUEM L&#8217;ambulanza si \u00e8 recata a Longarone per un incidente stradale e per soccorrere un uomo che\u00a0 ferito.\u00a0 A Cima Sappada per un 80enne ha\u00a0 accusato un malore.<br \/>\nBELLUNO Il Compartimento Polizia Stradale per il \u201cTrentino Alto Adige e Belluno\u201d ha organizzato, tramite la Sezione Polizia Stradale di Belluno, controlli mirati nell&#8217;ambito dell&#8217;iniziativa nazionale &#8220;Stragi del Sabato Sera&#8221; durante l&#8217;ultimo fine settimana. I controlli hanno portato alla verifica di 38 persone e 37 veicoli, con due patenti ritirate per guida in stato di ebbrezza e due veicoli sequestrati, uno per mancanza di assicurazione.<br \/>\nGOSALDO 1 milione 600 mila euro per l&#8217;invaso di Forcella Aurine. Finalmente ci siamo, il finanziamento garantito dai Fondi dei Comuni confinanti. Non solo neve, ovvero garantire l&#8217;acqua per l&#8217;innevamento, ma anche diventare un bacino importante in caso di emergenza, non ultima quella legata agli incendi.<br \/>\nProteste dei Residenti di Valle di Cadore sul Cantiere della Galleria &#8220;Siamo residenti di Valle di Cadore, preoccupati dal cantiere sulla SS 51. Chiediamo rispetto degli orari per ridurre i rumori notturni e dialogo col Comune. L&#8217;ingresso alla galleria vicino alle scuole crea rischi evidenti&#8221;. I residenti di Valle di Cadore chiedono al Comune di regolamentare i lavori notturni del cantiere sulla SS 51, che causano gravi disagi. La galleria uscir\u00e0 vicino alle scuole, aumentando i rischi per studenti e cittadini. LA LETTERA SUL SITO INTERNET WWW.RADIOPIU.NET NEL GIORNALE RADIOPIU DI OGGI<\/p>\n<p><a class=\"dt-pswp-item\" href=\"https:\/\/www.radiopiu.net\/wordpress\/wp-content\/uploads\/2024\/08\/Senza-nome-17.png\" data-dt-img-description=\"\" data-large_image_width=\"221\" data-large_image_height=\"167\"><img loading=\"lazy\" decoding=\"async\" class=\"size-full wp-image-403714 alignleft\" src=\"https:\/\/www.radiopiu.net\/wordpress\/wp-content\/uploads\/2024\/08\/Senza-nome-17.png\" alt=\"\" width=\"221\" height=\"167\" \/><\/a>DOLOMITIBUS, CERTEZZE E SPERANZE Possiamo paragonare il servizio del trasporto pubblico a un carciofo, al quale, togliendo foglia dopo foglia, non rimarr\u00e0 pi\u00f9 nulla BELLUNO Denise Casanova denuncia la riduzione progressiva del trasporto pubblico, evidenziando le problematiche della linea 42 di Dolomiti Bus.<br \/>\nTpl, Provincia al lavoro per la ripresa della scuola. Bortoluzzi: \u00abNon si ripetano i disservizi dello scorso anno\u00bb Il trasporto pubblico \u00e8 in crisi, ma garantire un servizio efficiente, specialmente in montagna, \u00e8 cruciale, afferma Massimo Bortoluzzi, consigliere provinciale ai trasporti. Lo scorso anno, la carenza di autisti ha causato molti disservizi, con diverse corse cancellate, soprattutto negli orari meno frequentati.<br \/>\nREDAZIONE Una nostra ascoltatrice ci segnala che luned\u00ec, con l&#8217;entrata in vigore del nuovo orario per le corse extraurbane dal 5 al 25 agosto, \u00e8 rimasta a piedi alla stazione di Belluno. Doveva salire sulla corriera per Agordo delle 15:05, come da orario segnalato sul sito di Dolomiti Bus, ma l&#8217;autobus non \u00e8 mai arrivato. Chiedendo informazioni alla biglietteria di Belluno, l&#8217;impiegata di turno ha subito verificato l&#8217;orario con l&#8217;ufficio preposto scoprendo un errore sull&#8217;orario pubblicato sul sito istituzionale dell&#8217;azienda.<br \/>\nDILLO A RADIO PIU\u2019 Richiesta di Maggior Controllo sullo Smaltimento dei Rifiuti \u201cSegnaliamo che una sconosciuta ha depositato rifiuti nel nostro contenitore privato. Con l\u2019aumento dei turisti, la gestione dei rifiuti \u00e8 problematica. Chiediamo pi\u00f9 informazione sul corretto smaltimento e soluzioni per evitare scarichi nei bidoni privati\u201d. L\u2019episodio segnalato in redazione si \u00e8 verificato in una propriet\u00e0 privata a Celat di Vallada in un luogo nemmeno nascosto, lungo la provinciale. Davide ha pensato di contattare gli uffici di Valpe anche perch\u00e9 la cosa sembra ripetersi\u00a0 &#8220;Per questo &#8211; SCRIVE DAVIDE &#8211; sollecitiamo chi si occupa della raccolta dei rifiuti di informare correttamente\u00a0sulle modalit\u00e0 di conferimento dei rifiuti\u201d<br \/>\nDA ROLD COORDINATORE DELLE POLIZIE PROVINCIALI PER IL CONTENIMENTO DEI CINGHIALI VENEZIA Oscar Da Rold, Comandante della Polizia Provinciale di Belluno, \u00e8 stato nominato Coordinatore Operativo delle Polizie Provinciali dalla Giunta Regionale, su proposta dell\u2019assessore regionale alla Caccia, Cristiano Corazzar<br \/>\nVENEZIA LA REGIONE APPROVA LA PROROGA DELLE CONCESSIONI PER LE PICCOLE CENTRALI IDROELETTRICHE<br \/>\nROMA BANDO PICCOLI COMUNI. FINALMENTE PUBBLICATA LA GRADUATORIA. SOLO 144 FINANZIATI<\/p>\n","protected":false},"excerpt":{"rendered":"<p>*** OGGI ALLA RADIO&#8230;. ALLE 4 E ALLE 6 LE NOTIZIE DALL&#8217;ITALIA E DAL MONDO 6.15 PIROLE DE LENGA A CURA DEL MUSLA 7.20 EL BAL DEL FIORI, DETTI E TRADIZIONI DI GIULIANA DA RONCH 8.05 LA RASSEGNA STAMPA LOCALE 8.30 PIU SIAMO IL PROGRAMMA DI MARINA DONA&#8217;\u00a0 9.00\u00a0 EGIDIO PASUCH PRESENTA IL SUO LIBRO&hellip;<\/p>\n","protected":false},"author":4,"featured_media":403815,"comment_status":"closed","ping_status":"closed","sticky":false,"template":"","format":"standard","meta":{"_monsterinsights_skip_tracking":false,"_monsterinsights_sitenote_active":false,"_monsterinsights_sitenote_note":"","_monsterinsights_sitenote_category":0,"footnotes":""},"categories":[104,49,142],"tags":[],"class_list":["post-403837","post","type-post","status-publish","format-standard","has-post-thumbnail","hentry","category-evidenza_3","category-news-18","category-rassegna-stampa","category-104","category-49","category-142","description-off"],"img_url":"https:\/\/www.radiopiu.net\/wordpress\/wp-content\/uploads\/2024\/08\/Senza-nome-18.png","_links":{"self":[{"href":"https:\/\/www.radiopiu.net\/wordpress\/wp-json\/wp\/v2\/posts\/403837","targetHints":{"allow":["GET"]}}],"collection":[{"href":"https:\/\/www.radiopiu.net\/wordpress\/wp-json\/wp\/v2\/posts"}],"about":[{"href":"https:\/\/www.radiopiu.net\/wordpress\/wp-json\/wp\/v2\/types\/post"}],"author":[{"embeddable":true,"href":"https:\/\/www.radiopiu.net\/wordpress\/wp-json\/wp\/v2\/users\/4"}],"replies":[{"embeddable":true,"href":"https:\/\/www.radiopiu.net\/wordpress\/wp-json\/wp\/v2\/comments?post=403837"}],"version-history":[{"count":2,"href":"https:\/\/www.radiopiu.net\/wordpress\/wp-json\/wp\/v2\/posts\/403837\/revisions"}],"predecessor-version":[{"id":403850,"href":"https:\/\/www.radiopiu.net\/wordpress\/wp-json\/wp\/v2\/posts\/403837\/revisions\/403850"}],"wp:featuredmedia":[{"embeddable":true,"href":"https:\/\/www.radiopiu.net\/wordpress\/wp-json\/wp\/v2\/media\/403815"}],"wp:attachment":[{"href":"https:\/\/www.radiopiu.net\/wordpress\/wp-json\/wp\/v2\/media?parent=403837"}],"wp:term":[{"taxonomy":"category","embeddable":true,"href":"https:\/\/www.radiopiu.net\/wordpress\/wp-json\/wp\/v2\/categories?post=403837"},{"taxonomy":"post_tag","embeddable":true,"href":"https:\/\/www.radiopiu.net\/wordpress\/wp-json\/wp\/v2\/tags?post=403837"}],"curies":[{"name":"wp","href":"https:\/\/api.w.org\/{rel}","templated":true}]}}