{"id":403840,"date":"2024-08-07T06:55:00","date_gmt":"2024-08-07T04:55:00","guid":{"rendered":"https:\/\/www.radiopiu.net\/wordpress\/?p=403840"},"modified":"2024-08-07T07:10:37","modified_gmt":"2024-08-07T05:10:37","slug":"a-moreno-ringraziamento-di-john-francis-della-pietra","status":"publish","type":"post","link":"https:\/\/www.radiopiu.net\/wordpress\/a-moreno-ringraziamento-di-john-francis-della-pietra\/","title":{"rendered":"a Moreno, ringraziamento DI John Francis Della Pietra"},"content":{"rendered":"<p>***<\/p>\n<p>&nbsp;<\/p>\n<hr \/>\n<p><img decoding=\"async\" class=\"aligncenter\" src=\"https:\/\/www.radiopiu.net\/wordpress\/wp-content\/uploads\/2024\/08\/ASDASDASDASD.png\" \/><\/p>\n<p>audio<\/p>\n<audio class=\"wp-audio-shortcode\" id=\"audio-403840-1\" preload=\"none\" style=\"width: 100%;\" controls=\"controls\"><source type=\"audio\/mpeg\" src=\"https:\/\/www.radiopiu.net\/wordpress\/wp-content\/uploads\/2024\/08\/JOHN-A.mp3?_=1\" \/><a href=\"https:\/\/www.radiopiu.net\/wordpress\/wp-content\/uploads\/2024\/08\/JOHN-A.mp3\">https:\/\/www.radiopiu.net\/wordpress\/wp-content\/uploads\/2024\/08\/JOHN-A.mp3<\/a><\/audio>\n<p>&nbsp;<\/p>\n<p>Un silenzio attonito quasi innaturale<br \/>\nPoi tuoni lampi vento ed uno scroscio torrenziale<br \/>\nCos\u00ec s \u00e8 fatta sentire madre natura<br \/>\nIn questa situazione triste e dura<br \/>\nLei sempre compassata ed avezza ad ogni difficolt\u00e0<br \/>\n\u00c8 rimasta sgomenta come tutti noi non solo in questa valle qua<br \/>\nChe dico<br \/>\nAbbiamo perso un fratello un amico<br \/>\nIn lungo e largo m hai girato<br \/>\nCol tuo ingegnoso e sapiente lavoro m hai sempre aiutato<br \/>\nLunghi decenni d amicizia<br \/>\nConcessa con passione rispetto e grande dovizia<br \/>\nOgni giorno mi venivi a trovare<br \/>\nAnche in quelli festivi mai potevi mancare<br \/>\nCos\u00ec oggi metter\u00f2 il vestito verde pi\u00f9 speciale<br \/>\nPer poterti degnamente salutare<br \/>\nCerto che non solo io ti sapr\u00f2 nel tempo ricordare<br \/>\nCome una persona disponibile ed un tipo tosto<br \/>\nCaro Moreno &#8220;giostro&#8221;<br \/>\nCi mancherai te lo dice proprio col cuore il tuo grande fratello<\/p>\n<p>&#8230;bosco&#8230;<\/p>\n<p>&nbsp;<\/p>\n<p>&nbsp;<\/p>\n<p>foto facebook TES DA LA VAL DEL BIOIS: <span class=\"\"><span class=\"xt0psk2\"><a class=\"x1i10hfl xjbqb8w x1ejq31n xd10rxx x1sy0etr x17r0tee x972fbf xcfux6l x1qhh985 xm0m39n x9f619 x1ypdohk xt0psk2 xe8uvvx xdj266r x11i5rnm xat24cr x1mh8g0r xexx8yu x4uap5 x18d9i69 xkhd6sd x16tdsg8 x1hl2dhg xggy1nq x1a2a7pz x1sur9pj xkrqix3 xzsf02u x1s688f\" tabindex=\"0\" role=\"link\" href=\"https:\/\/www.facebook.com\/groups\/1784597318473621\/user\/100004294292113\/?__cft__[0]=AZULJgtLyNw68ZTWKFcS-7KL3aT1bfW2kNVwkm5iCJnq2QnzwK_F6UIrCNffB_gY22WCtuFTllqj53cBHwYIApTfGvZSHIIr9ewyVd20VQGeArZgbkUZsTb3jU41z3RnlNIg8tWKGcjs0AwYSBTY4U6cb4r1e21FCsHiJvim3oQOdiywSY60o20jk8zBdInS2Kmy9pqjdtkNdA7bwgnEQ2aL&amp;__tn__=-UC%2CP-R\"><strong class=\"html-strong xdj266r x11i5rnm xat24cr x1mh8g0r xexx8yu x4uap5 x18d9i69 xkhd6sd x1hl2dhg x16tdsg8 x1vvkbs x1s688f\"><span class=\"html-span xdj266r x11i5rnm xat24cr x1mh8g0r xexx8yu x4uap5 x18d9i69 xkhd6sd x1hl2dhg x16tdsg8 x1vvkbs\">Enrico Franceschin<\/span><\/strong><\/a><\/span><\/span><\/p>\n<p>&nbsp;<\/p>\n<p>&nbsp;<\/p>\n<p>&nbsp;<\/p>\n<p>&nbsp;<\/p>\n<p>&nbsp;<\/p>\n<hr \/>\n<p>&nbsp;<\/p>\n","protected":false},"excerpt":{"rendered":"<p>*** &nbsp; audio &nbsp; Un silenzio attonito quasi innaturale Poi tuoni lampi vento ed uno scroscio torrenziale Cos\u00ec s \u00e8 fatta sentire madre natura In questa situazione triste e dura Lei sempre compassata ed avezza ad ogni difficolt\u00e0 \u00c8 rimasta sgomenta come tutti noi non solo in questa valle qua Che dico Abbiamo perso un&hellip;<\/p>\n","protected":false},"author":4,"featured_media":403841,"comment_status":"closed","ping_status":"closed","sticky":false,"template":"","format":"standard","meta":{"_monsterinsights_skip_tracking":false,"_monsterinsights_sitenote_active":false,"_monsterinsights_sitenote_note":"","_monsterinsights_sitenote_category":0,"footnotes":""},"categories":[49],"tags":[],"class_list":["post-403840","post","type-post","status-publish","format-standard","has-post-thumbnail","hentry","category-news-18","category-49","description-off"],"img_url":"https:\/\/www.radiopiu.net\/wordpress\/wp-content\/uploads\/2024\/08\/ASDASDASDASD.png","_links":{"self":[{"href":"https:\/\/www.radiopiu.net\/wordpress\/wp-json\/wp\/v2\/posts\/403840","targetHints":{"allow":["GET"]}}],"collection":[{"href":"https:\/\/www.radiopiu.net\/wordpress\/wp-json\/wp\/v2\/posts"}],"about":[{"href":"https:\/\/www.radiopiu.net\/wordpress\/wp-json\/wp\/v2\/types\/post"}],"author":[{"embeddable":true,"href":"https:\/\/www.radiopiu.net\/wordpress\/wp-json\/wp\/v2\/users\/4"}],"replies":[{"embeddable":true,"href":"https:\/\/www.radiopiu.net\/wordpress\/wp-json\/wp\/v2\/comments?post=403840"}],"version-history":[{"count":2,"href":"https:\/\/www.radiopiu.net\/wordpress\/wp-json\/wp\/v2\/posts\/403840\/revisions"}],"predecessor-version":[{"id":403846,"href":"https:\/\/www.radiopiu.net\/wordpress\/wp-json\/wp\/v2\/posts\/403840\/revisions\/403846"}],"wp:featuredmedia":[{"embeddable":true,"href":"https:\/\/www.radiopiu.net\/wordpress\/wp-json\/wp\/v2\/media\/403841"}],"wp:attachment":[{"href":"https:\/\/www.radiopiu.net\/wordpress\/wp-json\/wp\/v2\/media?parent=403840"}],"wp:term":[{"taxonomy":"category","embeddable":true,"href":"https:\/\/www.radiopiu.net\/wordpress\/wp-json\/wp\/v2\/categories?post=403840"},{"taxonomy":"post_tag","embeddable":true,"href":"https:\/\/www.radiopiu.net\/wordpress\/wp-json\/wp\/v2\/tags?post=403840"}],"curies":[{"name":"wp","href":"https:\/\/api.w.org\/{rel}","templated":true}]}}