{"id":403955,"date":"2024-08-07T14:23:14","date_gmt":"2024-08-07T12:23:14","guid":{"rendered":"https:\/\/www.radiopiu.net\/wordpress\/?p=403955"},"modified":"2024-08-07T14:23:14","modified_gmt":"2024-08-07T12:23:14","slug":"il-giro-delle-mura-di-feltre-celebra-la-35a-edizione","status":"publish","type":"post","link":"https:\/\/www.radiopiu.net\/wordpress\/il-giro-delle-mura-di-feltre-celebra-la-35a-edizione\/","title":{"rendered":"Il Giro delle Mura di Feltre celebra la 35\u00aa Edizione"},"content":{"rendered":"<p>**<\/p>\n<blockquote><p>&nbsp;<\/p><\/blockquote>\n<p><strong><a class=\"dt-pswp-item\" href=\"https:\/\/www.radiopiu.net\/wordpress\/wp-content\/uploads\/2024\/08\/Gian-Pietro-Slongo-e-Denis-Zabot.jpg\" data-dt-img-description=\"\" data-large_image_width=\"1920\" data-large_image_height=\"1080\"><img loading=\"lazy\" decoding=\"async\" class=\" wp-image-403951 alignleft\" src=\"https:\/\/www.radiopiu.net\/wordpress\/wp-content\/uploads\/2024\/08\/Gian-Pietro-Slongo-e-Denis-Zabot-300x169.jpg\" alt=\"\" width=\"275\" height=\"155\" srcset=\"https:\/\/www.radiopiu.net\/wordpress\/wp-content\/uploads\/2024\/08\/Gian-Pietro-Slongo-e-Denis-Zabot-300x169.jpg 300w, https:\/\/www.radiopiu.net\/wordpress\/wp-content\/uploads\/2024\/08\/Gian-Pietro-Slongo-e-Denis-Zabot-1024x576.jpg 1024w, https:\/\/www.radiopiu.net\/wordpress\/wp-content\/uploads\/2024\/08\/Gian-Pietro-Slongo-e-Denis-Zabot-768x432.jpg 768w, https:\/\/www.radiopiu.net\/wordpress\/wp-content\/uploads\/2024\/08\/Gian-Pietro-Slongo-e-Denis-Zabot-1536x864.jpg 1536w, https:\/\/www.radiopiu.net\/wordpress\/wp-content\/uploads\/2024\/08\/Gian-Pietro-Slongo-e-Denis-Zabot.jpg 1920w\" sizes=\"auto, (max-width: 275px) 100vw, 275px\" \/><\/a>FELTRE<\/strong> La 35\u00aa edizione del \u201cGiro delle Mura di Feltre\u201d si svolger\u00e0 il 23 e 24 agosto, con oltre 300 volontari gi\u00e0 impegnati nei preparativi. L&#8217;evento vedr\u00e0 venerd\u00ec l\u2019Urban Trail e sabato un ricco <a class=\"dt-pswp-item\" href=\"https:\/\/www.radiopiu.net\/wordpress\/wp-content\/uploads\/2024\/08\/Alcuni-volontari-al-Giro-delle-Mura-2023.jpg\" data-dt-img-description=\"\" data-large_image_width=\"1600\" data-large_image_height=\"1204\"><img loading=\"lazy\" decoding=\"async\" class=\"size-medium wp-image-403950 alignright\" src=\"https:\/\/www.radiopiu.net\/wordpress\/wp-content\/uploads\/2024\/08\/Alcuni-volontari-al-Giro-delle-Mura-2023-300x226.jpg\" alt=\"\" width=\"300\" height=\"226\" srcset=\"https:\/\/www.radiopiu.net\/wordpress\/wp-content\/uploads\/2024\/08\/Alcuni-volontari-al-Giro-delle-Mura-2023-300x226.jpg 300w, https:\/\/www.radiopiu.net\/wordpress\/wp-content\/uploads\/2024\/08\/Alcuni-volontari-al-Giro-delle-Mura-2023-1024x771.jpg 1024w, https:\/\/www.radiopiu.net\/wordpress\/wp-content\/uploads\/2024\/08\/Alcuni-volontari-al-Giro-delle-Mura-2023-768x578.jpg 768w, https:\/\/www.radiopiu.net\/wordpress\/wp-content\/uploads\/2024\/08\/Alcuni-volontari-al-Giro-delle-Mura-2023-1536x1156.jpg 1536w, https:\/\/www.radiopiu.net\/wordpress\/wp-content\/uploads\/2024\/08\/Alcuni-volontari-al-Giro-delle-Mura-2023.jpg 1600w\" sizes=\"auto, (max-width: 300px) 100vw, 300px\" \/><\/a>calendario di gare, attirando l&#8217;attenzione di appassionati e atleti. Mentre l\u2019Olimpiade di Parigi cattura l&#8217;interesse degli organizzatori, l\u2019Associazione \u201cGiro delle Mura Citt\u00e0 di Feltre\u201d, guidata da Gian Pietro Slongo (foto), si concentra su logistica e sicurezza. Denis Zabot sottolinea l&#8217;importanza delle strutture e dei due chilometri di transenne per garantire un\u2019esperienza di alto livello e sicurezza per atleti e spettatori. Il contributo delle associazioni locali e dei Vigili del Fuoco \u00e8 fondamentale, rendendo il volontariato la colonna portante dell&#8217;evento.<\/p>\n<p>&nbsp;<\/p>\n<p>DENIS ZABOT<\/p>\n<audio class=\"wp-audio-shortcode\" id=\"audio-403955-1\" preload=\"none\" style=\"width: 100%;\" controls=\"controls\"><source type=\"audio\/mpeg\" src=\"https:\/\/www.radiopiu.net\/wordpress\/wp-content\/uploads\/2024\/08\/Audio-Denis-Zabot.mp3?_=1\" \/><a href=\"https:\/\/www.radiopiu.net\/wordpress\/wp-content\/uploads\/2024\/08\/Audio-Denis-Zabot.mp3\">https:\/\/www.radiopiu.net\/wordpress\/wp-content\/uploads\/2024\/08\/Audio-Denis-Zabot.mp3<\/a><\/audio>\n<p>PIETRO SLONGO<\/p>\n<audio class=\"wp-audio-shortcode\" id=\"audio-403955-2\" preload=\"none\" style=\"width: 100%;\" controls=\"controls\"><source type=\"audio\/mpeg\" src=\"https:\/\/www.radiopiu.net\/wordpress\/wp-content\/uploads\/2024\/08\/Audio-Gian-Pietro-Slongo.mp3?_=2\" \/><a href=\"https:\/\/www.radiopiu.net\/wordpress\/wp-content\/uploads\/2024\/08\/Audio-Gian-Pietro-Slongo.mp3\">https:\/\/www.radiopiu.net\/wordpress\/wp-content\/uploads\/2024\/08\/Audio-Gian-Pietro-Slongo.mp3<\/a><\/audio>\n<p>&nbsp;<\/p>\n","protected":false},"excerpt":{"rendered":"<p>** &nbsp; FELTRE La 35\u00aa edizione del \u201cGiro delle Mura di Feltre\u201d si svolger\u00e0 il 23 e 24 agosto, con oltre 300 volontari gi\u00e0 impegnati nei preparativi. L&#8217;evento vedr\u00e0 venerd\u00ec l\u2019Urban Trail e sabato un ricco calendario di gare, attirando l&#8217;attenzione di appassionati e atleti. Mentre l\u2019Olimpiade di Parigi cattura l&#8217;interesse degli organizzatori, l\u2019Associazione \u201cGiro&hellip;<\/p>\n","protected":false},"author":4,"featured_media":403952,"comment_status":"closed","ping_status":"closed","sticky":false,"template":"","format":"standard","meta":{"_monsterinsights_skip_tracking":false,"_monsterinsights_sitenote_active":false,"_monsterinsights_sitenote_note":"","_monsterinsights_sitenote_category":0,"footnotes":""},"categories":[49],"tags":[],"class_list":["post-403955","post","type-post","status-publish","format-standard","has-post-thumbnail","hentry","category-news-18","category-49","description-off"],"img_url":"https:\/\/www.radiopiu.net\/wordpress\/wp-content\/uploads\/2024\/08\/La-tribuna-del-pubblico-nel-2023.jpg","_links":{"self":[{"href":"https:\/\/www.radiopiu.net\/wordpress\/wp-json\/wp\/v2\/posts\/403955","targetHints":{"allow":["GET"]}}],"collection":[{"href":"https:\/\/www.radiopiu.net\/wordpress\/wp-json\/wp\/v2\/posts"}],"about":[{"href":"https:\/\/www.radiopiu.net\/wordpress\/wp-json\/wp\/v2\/types\/post"}],"author":[{"embeddable":true,"href":"https:\/\/www.radiopiu.net\/wordpress\/wp-json\/wp\/v2\/users\/4"}],"replies":[{"embeddable":true,"href":"https:\/\/www.radiopiu.net\/wordpress\/wp-json\/wp\/v2\/comments?post=403955"}],"version-history":[{"count":1,"href":"https:\/\/www.radiopiu.net\/wordpress\/wp-json\/wp\/v2\/posts\/403955\/revisions"}],"predecessor-version":[{"id":403956,"href":"https:\/\/www.radiopiu.net\/wordpress\/wp-json\/wp\/v2\/posts\/403955\/revisions\/403956"}],"wp:featuredmedia":[{"embeddable":true,"href":"https:\/\/www.radiopiu.net\/wordpress\/wp-json\/wp\/v2\/media\/403952"}],"wp:attachment":[{"href":"https:\/\/www.radiopiu.net\/wordpress\/wp-json\/wp\/v2\/media?parent=403955"}],"wp:term":[{"taxonomy":"category","embeddable":true,"href":"https:\/\/www.radiopiu.net\/wordpress\/wp-json\/wp\/v2\/categories?post=403955"},{"taxonomy":"post_tag","embeddable":true,"href":"https:\/\/www.radiopiu.net\/wordpress\/wp-json\/wp\/v2\/tags?post=403955"}],"curies":[{"name":"wp","href":"https:\/\/api.w.org\/{rel}","templated":true}]}}