{"id":404290,"date":"2024-08-09T05:34:54","date_gmt":"2024-08-09T03:34:54","guid":{"rendered":"https:\/\/www.radiopiu.net\/wordpress\/?p=404290"},"modified":"2024-08-09T07:00:09","modified_gmt":"2024-08-09T05:00:09","slug":"denuncia-di-disservizi-del-trasporto-pubblico-la-voce-di-flavia","status":"publish","type":"post","link":"https:\/\/www.radiopiu.net\/wordpress\/denuncia-di-disservizi-del-trasporto-pubblico-la-voce-di-flavia\/","title":{"rendered":"Denuncia di Disservizi del Trasporto Pubblico: La Voce di Flavia"},"content":{"rendered":"<p>***<\/p>\n<p>&nbsp;<\/p>\n<p><strong>PAROLE D&#8217;ARCHIVIO<\/strong><\/p>\n<p><span style=\"color: #ff0000;\"><strong>LA RECENTE DICHIARAZIONE DEL CONSIGLIERE PROVINCIALE CON DELEGA AI TRASPORTI MASSIMO BORTOLUZZI:\u00a0<\/strong><\/span><em><strong> &#8220;Il trasporto pubblico \u00e8 in crisi, ma garantire un servizio efficiente, specialmente in montagna, \u00e8 cruciale&#8221;<\/strong><\/em><\/p>\n<p>&nbsp;<\/p>\n<p><strong><img loading=\"lazy\" decoding=\"async\" class=\"alignleft\" src=\"https:\/\/www.radiopiu.net\/wordpress\/wp-content\/uploads\/2024\/08\/wheelchair-749985_640.jpg\" width=\"276\" height=\"184\" \/>CANALE D&#8217;AGORDO<\/strong>\u00a0 Flavia Nardelli, cittadina di Canale d&#8217;Agordo e invalida al 100%, denuncia una serie di disservizi e disagi legati al trasporto pubblico locale. La sua esperienza quotidiana con i mezzi pubblici evidenzia una serie di problematiche che, da tempo, rendono difficoltosa la vita di molti cittadini, in particolare quelli con disabilit\u00e0.<\/p>\n<p><strong>Ritardi Costanti<\/strong><br \/>\nUno dei problemi principali che Flavia sottolinea riguarda la puntualit\u00e0 del bus che collega Canale d&#8217;Agordo ad Agordo. <em>\u201cMi \u00e8 successo di prendere il bus delle 9.05 da Canale d&#8217;Agordo direzione Agordo, ma \u00e8 arrivato alle 09.25 pi\u00f9 di una volta,\u201d<\/em> spiega la signora Nardelli. Questo ritardo costante non solo scombina i suoi piani giornalieri ma evidenzia anche una mancanza di organizzazione del servizio di trasporto pubblico locale.<\/p>\n<p><strong>Difficolt\u00e0 nell&#8217;Ottenere un Abbonamento<\/strong><br \/>\nFlavia affronta anche difficolt\u00e0 burocratiche per ottenere l\u2019abbonamento del bus. <em>\u201cDovevo fare l&#8217;abbonamento ad Agordo, ma mi avete mandato a Belluno. Sono invalida al 100%, non c&#8217;\u00e8 un altro modo per fare l&#8217;abbonamento?\u201d<\/em> chiede con frustrazione. La richiesta della signora Nardelli mette in luce la necessit\u00e0 di servizi pi\u00f9 accessibili per le persone con disabilit\u00e0, evitando loro ulteriori spostamenti che possono risultare faticosi e stressanti.<\/p>\n<p><strong>Assistenza agli Invalidi<\/strong><br \/>\nUna delle esperienze pi\u00f9 umilianti \u00e8 stata quando, scendendo dalla corriera, l\u2019autista non l\u2019ha aspettata n\u00e9 aiutata.<em> &#8220;Ogni volta che salgo e scendo dalla corriera devo essere aiutata perch\u00e9 sono invalida al 100% e ho il &#8216;passeggino&#8217;. L&#8217;autista deve aspettarmi ed aiutarmi a scendere, ma spesso questo non succede ad Agordo e resto l\u00ec ferma. L&#8217;ultima volta, l\u2019autista \u00e8 andato via, ma per fortuna mi ha vista la signora autista Lia, la quale mi \u00e8 venuta in soccorso e ringrazio vivamente.&#8221;<\/em><\/p>\n<p><strong>Cancellazione delle Corse<\/strong><br \/>\nUn altro punto di critica riguarda la decisione di cancellare alcune corse di autobus. <em>\u201cPerch\u00e9 avete tolto alcune corse? Solo perch\u00e9 Luxottica \u00e8 in ferie? E gli altri cittadini chi sono? E i poveri turisti invalidi come me?\u201d<\/em> La signora Nardelli si interroga su chi decida le priorit\u00e0 nel servizio e chiede perch\u00e9 le esigenze dei cittadini comuni e dei turisti non vengano considerate.<\/p>\n<p>La signora Nardelli esprime la sua frustrazione non solo come individuo, ma come rappresentante di molti che si trovano in situazioni simili.<em> \u201cLa situazione di anno in anno peggiora, datemi una risposta anche perch\u00e9 mi sono gi\u00e0 mossa per segnalare i disservizi alla regione e al ministero. Lascio il mio numero di telefono e attendo una telefonata da chi di dovere.\u201d<\/em><\/p>\n<p>La sua denuncia non \u00e8 solo un appello personale, ma una richiesta urgente per migliorare l\u2019accessibilit\u00e0 e l\u2019efficienza del trasporto pubblico, garantendo a tutti i cittadini il diritto a un servizio adeguato e rispettoso.<\/p>\n<p>&nbsp;<\/p>\n<p>&nbsp;<\/p>\n<hr \/>\n<blockquote class=\"wp-embedded-content\" data-secret=\"cb3ooiFdlV\"><p><a href=\"https:\/\/www.radiopiu.net\/wordpress\/dolomitibus-certezze-e-speranze\/\">DOLOMITIBUS, CERTEZZE E SPERANZE<\/a><\/p><\/blockquote>\n<p><iframe loading=\"lazy\" class=\"wp-embedded-content\" sandbox=\"allow-scripts\" security=\"restricted\" style=\"position: absolute; visibility: hidden;\" title=\"&#8220;DOLOMITIBUS, CERTEZZE E SPERANZE&#8221; &#8212; Radio Pi\u00f9\" src=\"https:\/\/www.radiopiu.net\/wordpress\/dolomitibus-certezze-e-speranze\/embed\/#?secret=IfnB84i8fZ#?secret=cb3ooiFdlV\" data-secret=\"cb3ooiFdlV\" width=\"600\" height=\"338\" frameborder=\"0\" marginwidth=\"0\" marginheight=\"0\" scrolling=\"no\"><\/iframe><\/p>\n","protected":false},"excerpt":{"rendered":"<p>*** &nbsp; PAROLE D&#8217;ARCHIVIO LA RECENTE DICHIARAZIONE DEL CONSIGLIERE PROVINCIALE CON DELEGA AI TRASPORTI MASSIMO BORTOLUZZI:\u00a0 &#8220;Il trasporto pubblico \u00e8 in crisi, ma garantire un servizio efficiente, specialmente in montagna, \u00e8 cruciale&#8221; &nbsp; CANALE D&#8217;AGORDO\u00a0 Flavia Nardelli, cittadina di Canale d&#8217;Agordo e invalida al 100%, denuncia una serie di disservizi e disagi legati al trasporto&hellip;<\/p>\n","protected":false},"author":4,"featured_media":404291,"comment_status":"closed","ping_status":"closed","sticky":false,"template":"","format":"standard","meta":{"_monsterinsights_skip_tracking":false,"_monsterinsights_sitenote_active":false,"_monsterinsights_sitenote_note":"","_monsterinsights_sitenote_category":0,"footnotes":""},"categories":[51,49],"tags":[],"class_list":["post-404290","post","type-post","status-publish","format-standard","has-post-thumbnail","hentry","category-evidenza-top","category-news-18","category-51","category-49","description-off"],"img_url":"https:\/\/www.radiopiu.net\/wordpress\/wp-content\/uploads\/2024\/08\/wheelchair-749985_640.jpg","_links":{"self":[{"href":"https:\/\/www.radiopiu.net\/wordpress\/wp-json\/wp\/v2\/posts\/404290","targetHints":{"allow":["GET"]}}],"collection":[{"href":"https:\/\/www.radiopiu.net\/wordpress\/wp-json\/wp\/v2\/posts"}],"about":[{"href":"https:\/\/www.radiopiu.net\/wordpress\/wp-json\/wp\/v2\/types\/post"}],"author":[{"embeddable":true,"href":"https:\/\/www.radiopiu.net\/wordpress\/wp-json\/wp\/v2\/users\/4"}],"replies":[{"embeddable":true,"href":"https:\/\/www.radiopiu.net\/wordpress\/wp-json\/wp\/v2\/comments?post=404290"}],"version-history":[{"count":4,"href":"https:\/\/www.radiopiu.net\/wordpress\/wp-json\/wp\/v2\/posts\/404290\/revisions"}],"predecessor-version":[{"id":404320,"href":"https:\/\/www.radiopiu.net\/wordpress\/wp-json\/wp\/v2\/posts\/404290\/revisions\/404320"}],"wp:featuredmedia":[{"embeddable":true,"href":"https:\/\/www.radiopiu.net\/wordpress\/wp-json\/wp\/v2\/media\/404291"}],"wp:attachment":[{"href":"https:\/\/www.radiopiu.net\/wordpress\/wp-json\/wp\/v2\/media?parent=404290"}],"wp:term":[{"taxonomy":"category","embeddable":true,"href":"https:\/\/www.radiopiu.net\/wordpress\/wp-json\/wp\/v2\/categories?post=404290"},{"taxonomy":"post_tag","embeddable":true,"href":"https:\/\/www.radiopiu.net\/wordpress\/wp-json\/wp\/v2\/tags?post=404290"}],"curies":[{"name":"wp","href":"https:\/\/api.w.org\/{rel}","templated":true}]}}