{"id":404321,"date":"2024-08-09T08:15:48","date_gmt":"2024-08-09T06:15:48","guid":{"rendered":"https:\/\/www.radiopiu.net\/wordpress\/?p=404321"},"modified":"2024-08-09T11:19:10","modified_gmt":"2024-08-09T09:19:10","slug":"addio-a-secondo-fontana-un-esempio-di-amore-e-generosita","status":"publish","type":"post","link":"https:\/\/www.radiopiu.net\/wordpress\/addio-a-secondo-fontana-un-esempio-di-amore-e-generosita\/","title":{"rendered":"Addio a Secondo Fontana: Un Esempio di Amore e Generosit\u00e0"},"content":{"rendered":"<p>^^^<\/p>\n<h2>Addio a Secondo Fontana: Un Esempio di Amore e Generosit\u00e0\u00a0 domani <em>alle 15.30 i funerali nella Chiesa di Canale d&#8217;Agordo, la salma di Secondo sar\u00e0 in chiesa gi\u00e0 dalle 15.<\/em><\/h2>\n<div class=\"flex max-w-full flex-col flex-grow\">\n<div class=\"min-h-[20px] text-message flex w-full flex-col items-end gap-2 whitespace-pre-wrap break-words [.text-message+&amp;]:mt-5 overflow-x-auto\" dir=\"auto\" data-message-author-role=\"assistant\" data-message-id=\"8236d3d2-6178-4123-84b9-fbbfab6376dd\">\n<div class=\"flex w-full flex-col gap-1 empty:hidden first:pt-[3px]\">\n<div class=\"markdown prose w-full break-words dark:prose-invert dark\">\n<blockquote><p><em>\u00a0un vuoto profondo nella comunit\u00e0, ricordato per la sua generosit\u00e0, umilt\u00e0 e contagiosa positivit\u00e0.<\/em><\/p>\n<p><strong><img loading=\"lazy\" decoding=\"async\" class=\"alignleft\" src=\"https:\/\/www.radiopiu.net\/wordpress\/wp-content\/uploads\/2024\/08\/fb7782d5-d829-48fa-b7a8-1601af9b884a.jpg\" width=\"227\" height=\"141\" \/>CANALE D&#8217;AGORDO<\/strong>\u00a0 Con profondo dolore e un grande senso di perdita, la comunit\u00e0\u00a0 piange la scomparsa di <strong>Secondo Fontana<\/strong>, 70 anni,\u00a0 venuto a mancare serenamente giovedi sera, dopo una breve malattia.<\/p>\n<p>Lascia la moglie Elda, i figli Gloria, Marco, Laura e Antonio, le nuore il genero e,\u00a0 i suoi adorati nipotini, oltre alla sorella Ada, tanti amici e tutti coloro che hanno avuto il privilegio di conoscerlo. Secondo Fontana \u00e8 stato una figura di riferimento per la sua comunit\u00e0. Con un cuore immenso e una straordinaria umilt\u00e0, era sempre pronto ad aiutare chiunque avesse bisogno, incarnando la vera essenza della generosit\u00e0. La sua presenza era contagiosa: sempre scherzoso, sorridente, e dotato di un\u2019ironia innata, riusciva a strappare un sorriso anche nei momenti pi\u00f9 difficili. Anche durante la sua malattia, non ha mai perso la voglia di ridere e scherzare, mostrando una forza d\u2019animo e una positivit\u00e0 che rimarranno per sempre impressi nel cuore di chi lo conosceva.<\/p>\n<div class=\"flex flex-grow flex-col max-w-full\">\n<div class=\"min-h-[20px] text-message flex w-full flex-col items-end gap-2 whitespace-pre-wrap break-words [.text-message+&amp;]:mt-5 overflow-x-auto\" dir=\"auto\" data-message-author-role=\"assistant\" data-message-id=\"a646ed9d-4c90-4656-ba52-787a6df3b2e7\">\n<div class=\"flex w-full flex-col gap-1 empty:hidden first:pt-[3px]\">\n<div class=\"markdown prose w-full break-words dark:prose-invert dark\">\n<blockquote><p><em>La famiglia Fontana desidera esprimere un sentito ringraziamento alla dottoressa Ileana Corazzin, all\u2019infermiera Giulia e al dottor Paolo Barone per l\u2019assistenza amorevole e premurosa che hanno riservato a Secondo durante il suo percorso di malattia. Con un pensiero di ringraziamento a \u00a0Gabriella, Ludovico, Silvana e tutti gli amici\u00a0 La comunit\u00e0\u00a0 agordina si unisce al dolore della famiglia, pronta a offrire il proprio sostegno e conforto in questo momento di lutto.<\/em><\/p><\/blockquote>\n<\/div>\n<\/div>\n<\/div>\n<\/div>\n<p>&nbsp;<\/p><\/blockquote>\n<\/div>\n<\/div>\n<\/div>\n<\/div>\n","protected":false},"excerpt":{"rendered":"<p>^^^ Addio a Secondo Fontana: Un Esempio di Amore e Generosit\u00e0\u00a0 domani alle 15.30 i funerali nella Chiesa di Canale d&#8217;Agordo, la salma di Secondo sar\u00e0 in chiesa gi\u00e0 dalle 15. \u00a0un vuoto profondo nella comunit\u00e0, ricordato per la sua generosit\u00e0, umilt\u00e0 e contagiosa positivit\u00e0. CANALE D&#8217;AGORDO\u00a0 Con profondo dolore e un grande senso di&hellip;<\/p>\n","protected":false},"author":4,"featured_media":404322,"comment_status":"closed","ping_status":"closed","sticky":false,"template":"","format":"standard","meta":{"_monsterinsights_skip_tracking":false,"_monsterinsights_sitenote_active":false,"_monsterinsights_sitenote_note":"","_monsterinsights_sitenote_category":0,"footnotes":""},"categories":[49],"tags":[],"class_list":["post-404321","post","type-post","status-publish","format-standard","has-post-thumbnail","hentry","category-news-18","category-49","description-off"],"img_url":"https:\/\/www.radiopiu.net\/wordpress\/wp-content\/uploads\/2024\/08\/fb7782d5-d829-48fa-b7a8-1601af9b884a.jpg","_links":{"self":[{"href":"https:\/\/www.radiopiu.net\/wordpress\/wp-json\/wp\/v2\/posts\/404321","targetHints":{"allow":["GET"]}}],"collection":[{"href":"https:\/\/www.radiopiu.net\/wordpress\/wp-json\/wp\/v2\/posts"}],"about":[{"href":"https:\/\/www.radiopiu.net\/wordpress\/wp-json\/wp\/v2\/types\/post"}],"author":[{"embeddable":true,"href":"https:\/\/www.radiopiu.net\/wordpress\/wp-json\/wp\/v2\/users\/4"}],"replies":[{"embeddable":true,"href":"https:\/\/www.radiopiu.net\/wordpress\/wp-json\/wp\/v2\/comments?post=404321"}],"version-history":[{"count":6,"href":"https:\/\/www.radiopiu.net\/wordpress\/wp-json\/wp\/v2\/posts\/404321\/revisions"}],"predecessor-version":[{"id":404368,"href":"https:\/\/www.radiopiu.net\/wordpress\/wp-json\/wp\/v2\/posts\/404321\/revisions\/404368"}],"wp:featuredmedia":[{"embeddable":true,"href":"https:\/\/www.radiopiu.net\/wordpress\/wp-json\/wp\/v2\/media\/404322"}],"wp:attachment":[{"href":"https:\/\/www.radiopiu.net\/wordpress\/wp-json\/wp\/v2\/media?parent=404321"}],"wp:term":[{"taxonomy":"category","embeddable":true,"href":"https:\/\/www.radiopiu.net\/wordpress\/wp-json\/wp\/v2\/categories?post=404321"},{"taxonomy":"post_tag","embeddable":true,"href":"https:\/\/www.radiopiu.net\/wordpress\/wp-json\/wp\/v2\/tags?post=404321"}],"curies":[{"name":"wp","href":"https:\/\/api.w.org\/{rel}","templated":true}]}}