{"id":404335,"date":"2024-08-09T09:40:05","date_gmt":"2024-08-09T07:40:05","guid":{"rendered":"https:\/\/www.radiopiu.net\/wordpress\/?p=404335"},"modified":"2024-08-09T09:40:05","modified_gmt":"2024-08-09T07:40:05","slug":"primo-vertical-memorial-livio-roro","status":"publish","type":"post","link":"https:\/\/www.radiopiu.net\/wordpress\/primo-vertical-memorial-livio-roro\/","title":{"rendered":"PRIMO VERTICAL MEMORIAL LIVIO RORO"},"content":{"rendered":"<p>***<\/p>\n<p>&nbsp;<\/p>\n<p><img loading=\"lazy\" decoding=\"async\" class=\"alignleft\" src=\"https:\/\/www.radiopiu.net\/wordpress\/wp-content\/uploads\/2024\/08\/Senza-nome-28.png\" width=\"278\" height=\"172\" \/><strong>CESIOMAGGIORE<\/strong>\u00a0 Il 16 agosto si terr\u00e0 il primo Vertical in memoria di Livio Roro, organizzato dall&#8217;US CESIO con il supporto del Gruppo Alpini Cimonega, del Comitato Sant&#8217;Agapito, del Gruppo Escursionisti di Cesiomaggiore e dei Donatori del Sangue, sotto il patrocinio del Comune di Cesiomaggiore. Questo evento rappresenta un tributo a Livio Roro, figura di riferimento per lo sport a Cesiomaggiore, che per oltre 40 anni ha guidato l&#8217;US CESIO con dedizione, promuovendo lo sport come strumento di formazione fisica e morale. Eletto presidente nel 1972, Roro ha dedicato la sua vita all&#8217;insegnamento dei valori di lealt\u00e0 e fair play, influenzando positivamente generazioni di giovani atleti. Ha ricevuto il Discobolo d&#8217;Oro alla carriera sportiva e il Premio Santa Giuliana nel 2013. Il Vertical, che si terr\u00e0 nella Valle di Sant\u2019Agapito, offrir\u00e0 una sfida impegnativa con panorami mozzafiato. Aperto a tutti, dai professionisti agli appassionati, l&#8217;evento includer\u00e0 anche una camminata ludico-motoria per chi preferisce un approccio pi\u00f9 rilassato. Per informazioni, visitare le pagine social dell&#8217;US CESIO. L&#8217;evento si concluder\u00e0 con street food per tutti i partecipanti.<\/p>\n<p>&nbsp;<\/p>\n<hr \/>\n<p>&nbsp;<\/p>\n<p>&nbsp;<\/p>\n<p>&nbsp;<\/p>\n<hr \/>\n<p>&nbsp;<\/p>\n","protected":false},"excerpt":{"rendered":"<p>*** &nbsp; CESIOMAGGIORE\u00a0 Il 16 agosto si terr\u00e0 il primo Vertical in memoria di Livio Roro, organizzato dall&#8217;US CESIO con il supporto del Gruppo Alpini Cimonega, del Comitato Sant&#8217;Agapito, del Gruppo Escursionisti di Cesiomaggiore e dei Donatori del Sangue, sotto il patrocinio del Comune di Cesiomaggiore. Questo evento rappresenta un tributo a Livio Roro, figura&hellip;<\/p>\n","protected":false},"author":4,"featured_media":404336,"comment_status":"closed","ping_status":"closed","sticky":false,"template":"","format":"standard","meta":{"_monsterinsights_skip_tracking":false,"_monsterinsights_sitenote_active":false,"_monsterinsights_sitenote_note":"","_monsterinsights_sitenote_category":0,"footnotes":""},"categories":[49],"tags":[],"class_list":["post-404335","post","type-post","status-publish","format-standard","has-post-thumbnail","hentry","category-news-18","category-49","description-off"],"img_url":"https:\/\/www.radiopiu.net\/wordpress\/wp-content\/uploads\/2024\/08\/Senza-nome-28.png","_links":{"self":[{"href":"https:\/\/www.radiopiu.net\/wordpress\/wp-json\/wp\/v2\/posts\/404335","targetHints":{"allow":["GET"]}}],"collection":[{"href":"https:\/\/www.radiopiu.net\/wordpress\/wp-json\/wp\/v2\/posts"}],"about":[{"href":"https:\/\/www.radiopiu.net\/wordpress\/wp-json\/wp\/v2\/types\/post"}],"author":[{"embeddable":true,"href":"https:\/\/www.radiopiu.net\/wordpress\/wp-json\/wp\/v2\/users\/4"}],"replies":[{"embeddable":true,"href":"https:\/\/www.radiopiu.net\/wordpress\/wp-json\/wp\/v2\/comments?post=404335"}],"version-history":[{"count":1,"href":"https:\/\/www.radiopiu.net\/wordpress\/wp-json\/wp\/v2\/posts\/404335\/revisions"}],"predecessor-version":[{"id":404337,"href":"https:\/\/www.radiopiu.net\/wordpress\/wp-json\/wp\/v2\/posts\/404335\/revisions\/404337"}],"wp:featuredmedia":[{"embeddable":true,"href":"https:\/\/www.radiopiu.net\/wordpress\/wp-json\/wp\/v2\/media\/404336"}],"wp:attachment":[{"href":"https:\/\/www.radiopiu.net\/wordpress\/wp-json\/wp\/v2\/media?parent=404335"}],"wp:term":[{"taxonomy":"category","embeddable":true,"href":"https:\/\/www.radiopiu.net\/wordpress\/wp-json\/wp\/v2\/categories?post=404335"},{"taxonomy":"post_tag","embeddable":true,"href":"https:\/\/www.radiopiu.net\/wordpress\/wp-json\/wp\/v2\/tags?post=404335"}],"curies":[{"name":"wp","href":"https:\/\/api.w.org\/{rel}","templated":true}]}}