{"id":404343,"date":"2024-08-09T09:51:24","date_gmt":"2024-08-09T07:51:24","guid":{"rendered":"https:\/\/www.radiopiu.net\/wordpress\/?p=404343"},"modified":"2024-08-09T10:07:30","modified_gmt":"2024-08-09T08:07:30","slug":"traffico-ad-alleghe-preoccupazione-del-sindaco","status":"publish","type":"post","link":"https:\/\/www.radiopiu.net\/wordpress\/traffico-ad-alleghe-preoccupazione-del-sindaco\/","title":{"rendered":"Traffico ad Alleghe, preoccupazione del sindaco"},"content":{"rendered":"<div class=\"flex-shrink-0 flex flex-col relative items-end\">\n<div>\n<div class=\"pt-0\">\n<div class=\"gizmo-bot-avatar flex h-8 w-8 items-center justify-center overflow-hidden rounded-full\">\n<div class=\"relative p-1 rounded-sm flex items-center justify-center bg-token-main-surface-primary text-token-text-primary h-8 w-8\">**<\/div>\n<div><\/div>\n<\/div>\n<\/div>\n<\/div>\n<\/div>\n<div class=\"group\/conversation-turn relative flex w-full min-w-0 flex-col agent-turn\">\n<div class=\"flex-col gap-1 md:gap-3\">\n<div class=\"flex max-w-full flex-col flex-grow\">\n<div class=\"min-h-[20px] text-message flex w-full flex-col items-end gap-2 whitespace-pre-wrap break-words [.text-message+&amp;]:mt-5 overflow-x-auto\" dir=\"auto\" data-message-author-role=\"assistant\" data-message-id=\"d359c0a8-50c4-4b10-87b6-40cf5b327286\">\n<div class=\"flex w-full flex-col gap-1 empty:hidden first:pt-[3px]\">\n<div class=\"markdown prose w-full break-words dark:prose-invert dark\">\n<blockquote>\n<h3><strong><a class=\"dt-pswp-item\" href=\"https:\/\/www.radiopiu.net\/wordpress\/wp-content\/uploads\/2019\/05\/ALLEGHE-DANILO-DE-TONI.jpeg\" data-dt-img-description=\"\" data-large_image_width=\"1373\" data-large_image_height=\"1600\"><img loading=\"lazy\" decoding=\"async\" class=\"wp-image-86463 alignleft\" src=\"https:\/\/www.radiopiu.net\/wordpress\/wp-content\/uploads\/2019\/05\/ALLEGHE-DANILO-DE-TONI-257x300.jpeg\" alt=\"\" width=\"111\" height=\"130\" srcset=\"https:\/\/www.radiopiu.net\/wordpress\/wp-content\/uploads\/2019\/05\/ALLEGHE-DANILO-DE-TONI-257x300.jpeg 257w, https:\/\/www.radiopiu.net\/wordpress\/wp-content\/uploads\/2019\/05\/ALLEGHE-DANILO-DE-TONI-768x895.jpeg 768w, https:\/\/www.radiopiu.net\/wordpress\/wp-content\/uploads\/2019\/05\/ALLEGHE-DANILO-DE-TONI-879x1024.jpeg 879w, https:\/\/www.radiopiu.net\/wordpress\/wp-content\/uploads\/2019\/05\/ALLEGHE-DANILO-DE-TONI.jpeg 1373w\" sizes=\"auto, (max-width: 111px) 100vw, 111px\" \/><\/a>\u00a0\u00abSituazione insostenibile, serve una viabilit\u00e0 alternativa\u00bb<\/strong><\/h3>\n<h3>GIORNALE RADIO DELLE 10.05 IL SINDACO, DANILO DE TONI<\/h3>\n<\/blockquote>\n<\/div>\n<\/div>\n<\/div>\n<\/div>\n<\/div>\n<\/div>\n<p>&nbsp;<\/p>\n<div class=\"group\/conversation-turn relative flex w-full min-w-0 flex-col agent-turn\">\n<div class=\"flex-col gap-1 md:gap-3\">\n<div class=\"flex max-w-full flex-col flex-grow\">\n<div class=\"min-h-[20px] text-message flex w-full flex-col items-end gap-2 whitespace-pre-wrap break-words [.text-message+&amp;]:mt-5 overflow-x-auto\" dir=\"auto\" data-message-author-role=\"assistant\" data-message-id=\"d359c0a8-50c4-4b10-87b6-40cf5b327286\">\n<div class=\"flex w-full flex-col gap-1 empty:hidden first:pt-[3px]\">\n<div class=\"markdown prose w-full break-words dark:prose-invert dark\">\n<p>&nbsp;<\/p>\n<audio class=\"wp-audio-shortcode\" id=\"audio-404343-1\" preload=\"none\" style=\"width: 100%;\" controls=\"controls\"><source type=\"audio\/mpeg\" src=\"https:\/\/www.radiopiu.net\/wordpress\/wp-content\/uploads\/2024\/08\/DANILO-DE-TONI-1.mp3?_=1\" \/><a href=\"https:\/\/www.radiopiu.net\/wordpress\/wp-content\/uploads\/2024\/08\/DANILO-DE-TONI-1.mp3\">https:\/\/www.radiopiu.net\/wordpress\/wp-content\/uploads\/2024\/08\/DANILO-DE-TONI-1.mp3<\/a><\/audio>\n<p>&nbsp;<\/p>\n<p>&nbsp;<\/p>\n<p><strong><a class=\"dt-pswp-item\" href=\"https:\/\/www.radiopiu.net\/wordpress\/wp-content\/uploads\/2024\/08\/c701df36-0faf-4883-88fd-dc742f6cc969.jpg\" data-dt-img-description=\"\" data-large_image_width=\"902\" data-large_image_height=\"1600\"><img loading=\"lazy\" decoding=\"async\" class=\"size-medium wp-image-404344 alignleft\" src=\"https:\/\/www.radiopiu.net\/wordpress\/wp-content\/uploads\/2024\/08\/c701df36-0faf-4883-88fd-dc742f6cc969-169x300.jpg\" alt=\"\" width=\"169\" height=\"300\" srcset=\"https:\/\/www.radiopiu.net\/wordpress\/wp-content\/uploads\/2024\/08\/c701df36-0faf-4883-88fd-dc742f6cc969-169x300.jpg 169w, https:\/\/www.radiopiu.net\/wordpress\/wp-content\/uploads\/2024\/08\/c701df36-0faf-4883-88fd-dc742f6cc969-577x1024.jpg 577w, https:\/\/www.radiopiu.net\/wordpress\/wp-content\/uploads\/2024\/08\/c701df36-0faf-4883-88fd-dc742f6cc969-768x1362.jpg 768w, https:\/\/www.radiopiu.net\/wordpress\/wp-content\/uploads\/2024\/08\/c701df36-0faf-4883-88fd-dc742f6cc969-866x1536.jpg 866w, https:\/\/www.radiopiu.net\/wordpress\/wp-content\/uploads\/2024\/08\/c701df36-0faf-4883-88fd-dc742f6cc969.jpg 902w\" sizes=\"auto, (max-width: 169px) 100vw, 169px\" \/><\/a>ALLEGHE<\/strong> Traffico paralizzato ad Alleghe. Lunghe code e vita impossibile per i residenti. Il sindaco Danilo De Toni esprime la preoccupazione dei cittadini e annuncia un\u2019azione incisiva verso Governo e Regione per chiedere un\u2019accelerazione sulla viabilit\u00e0 alternativa ipotizzata da tempo. <em>\u00abIn questi giorni di maggior afflusso turistico, la situazione ad Alleghe si fa insostenibile, per i residenti e anche per le persone che hanno scelto di trascorrere le loro vacanze nella nostra localit\u00e0\u00bb sottolinea De Toni. \u00abAnche solo attraversare la strada in centro diventa difficile e il problema riguarda anche la sicurezza degli abitanti, qualora fosse necessario l\u2019intervento dei mezzi di soccorso, perch\u00e9 la carreggiata \u00e8 totalmente invasa dalle automobili in transito\u00bb. <\/em>Il problema si acuisce nei momenti di massimo afflusso turistico, ma \u00e8 quotidiano per tutto l&#8217;anno in corrispondenza della strettoia in centro ad Alleghe, soprattutto quando a incrociarsi sono un\u2019auto e un mezzo pesante. <em>\u00abLa regionale 203 agordina \u00e8 un\u2019arteria primaria di accesso non solo ai Comuni a monte di Alleghe, ma anche alla Val di Fassa e alla Val Badia\u00bb continua De Toni. \u00abDiventa sempre pi\u00f9 necessaria e urgente la realizzazione di una viabilit\u00e0 alternativa, in grado di bypassare il centro di Alleghe. Sicurezza e vivibilit\u00e0 sono oggi messe in discussione da una situazione di flussi che risulta non pi\u00f9 sostenibile\u00bb.<\/em><\/p>\n<\/div>\n<\/div>\n<\/div>\n<\/div>\n<\/div>\n<\/div>\n<p>&nbsp;<\/p>\n<hr \/>\n<p>&nbsp;<\/p>\n","protected":false},"excerpt":{"rendered":"<p>** \u00a0\u00abSituazione insostenibile, serve una viabilit\u00e0 alternativa\u00bb GIORNALE RADIO DELLE 10.05 IL SINDACO, DANILO DE TONI &nbsp; &nbsp; &nbsp; &nbsp; ALLEGHE Traffico paralizzato ad Alleghe. Lunghe code e vita impossibile per i residenti. Il sindaco Danilo De Toni esprime la preoccupazione dei cittadini e annuncia un\u2019azione incisiva verso Governo e Regione per chiedere un\u2019accelerazione sulla&hellip;<\/p>\n","protected":false},"author":4,"featured_media":404345,"comment_status":"closed","ping_status":"closed","sticky":false,"template":"","format":"standard","meta":{"_monsterinsights_skip_tracking":false,"_monsterinsights_sitenote_active":false,"_monsterinsights_sitenote_note":"","_monsterinsights_sitenote_category":0,"footnotes":""},"categories":[49],"tags":[],"class_list":["post-404343","post","type-post","status-publish","format-standard","has-post-thumbnail","hentry","category-news-18","category-49","description-off"],"img_url":"https:\/\/www.radiopiu.net\/wordpress\/wp-content\/uploads\/2024\/08\/Senza-nome-29.png","_links":{"self":[{"href":"https:\/\/www.radiopiu.net\/wordpress\/wp-json\/wp\/v2\/posts\/404343","targetHints":{"allow":["GET"]}}],"collection":[{"href":"https:\/\/www.radiopiu.net\/wordpress\/wp-json\/wp\/v2\/posts"}],"about":[{"href":"https:\/\/www.radiopiu.net\/wordpress\/wp-json\/wp\/v2\/types\/post"}],"author":[{"embeddable":true,"href":"https:\/\/www.radiopiu.net\/wordpress\/wp-json\/wp\/v2\/users\/4"}],"replies":[{"embeddable":true,"href":"https:\/\/www.radiopiu.net\/wordpress\/wp-json\/wp\/v2\/comments?post=404343"}],"version-history":[{"count":4,"href":"https:\/\/www.radiopiu.net\/wordpress\/wp-json\/wp\/v2\/posts\/404343\/revisions"}],"predecessor-version":[{"id":404351,"href":"https:\/\/www.radiopiu.net\/wordpress\/wp-json\/wp\/v2\/posts\/404343\/revisions\/404351"}],"wp:featuredmedia":[{"embeddable":true,"href":"https:\/\/www.radiopiu.net\/wordpress\/wp-json\/wp\/v2\/media\/404345"}],"wp:attachment":[{"href":"https:\/\/www.radiopiu.net\/wordpress\/wp-json\/wp\/v2\/media?parent=404343"}],"wp:term":[{"taxonomy":"category","embeddable":true,"href":"https:\/\/www.radiopiu.net\/wordpress\/wp-json\/wp\/v2\/categories?post=404343"},{"taxonomy":"post_tag","embeddable":true,"href":"https:\/\/www.radiopiu.net\/wordpress\/wp-json\/wp\/v2\/tags?post=404343"}],"curies":[{"name":"wp","href":"https:\/\/api.w.org\/{rel}","templated":true}]}}