{"id":404464,"date":"2024-08-09T18:19:23","date_gmt":"2024-08-09T16:19:23","guid":{"rendered":"https:\/\/www.radiopiu.net\/wordpress\/?p=404464"},"modified":"2024-08-09T18:19:23","modified_gmt":"2024-08-09T16:19:23","slug":"martedi-13-agosto-a-falcade-la-trentesima-edizione-del-giro-podistico","status":"publish","type":"post","link":"https:\/\/www.radiopiu.net\/wordpress\/martedi-13-agosto-a-falcade-la-trentesima-edizione-del-giro-podistico\/","title":{"rendered":"MARTEDI&#8217; 13 AGOSTO A FALCADE LA TRENTESIMA EDIZIONE DEL GIRO PODISTICO"},"content":{"rendered":"<p>******<\/p>\n<p>&nbsp;<\/p>\n<p><strong><a class=\"dt-pswp-item\" href=\"https:\/\/www.radiopiu.net\/wordpress\/wp-content\/uploads\/2024\/08\/Partenza-giro-podistico23\u00a9EchidiAlessandroSogne-16.jpg\" data-dt-img-description=\"\" data-large_image_width=\"2000\" data-large_image_height=\"1333\"><img loading=\"lazy\" decoding=\"async\" class=\" wp-image-404459 alignleft\" src=\"https:\/\/www.radiopiu.net\/wordpress\/wp-content\/uploads\/2024\/08\/Partenza-giro-podistico23\u00a9EchidiAlessandroSogne-16-300x200.jpg\" alt=\"\" width=\"180\" height=\"120\" srcset=\"https:\/\/www.radiopiu.net\/wordpress\/wp-content\/uploads\/2024\/08\/Partenza-giro-podistico23\u00a9EchidiAlessandroSogne-16-300x200.jpg 300w, https:\/\/www.radiopiu.net\/wordpress\/wp-content\/uploads\/2024\/08\/Partenza-giro-podistico23\u00a9EchidiAlessandroSogne-16-1024x682.jpg 1024w, https:\/\/www.radiopiu.net\/wordpress\/wp-content\/uploads\/2024\/08\/Partenza-giro-podistico23\u00a9EchidiAlessandroSogne-16-768x512.jpg 768w, https:\/\/www.radiopiu.net\/wordpress\/wp-content\/uploads\/2024\/08\/Partenza-giro-podistico23\u00a9EchidiAlessandroSogne-16-1536x1024.jpg 1536w, https:\/\/www.radiopiu.net\/wordpress\/wp-content\/uploads\/2024\/08\/Partenza-giro-podistico23\u00a9EchidiAlessandroSogne-16.jpg 2000w\" sizes=\"auto, (max-width: 180px) 100vw, 180px\" \/><\/a>FALCADE <\/strong>\u00c8 iniziato il conto alla rovescia per il Giro podistico di Falcade, evento proposto dallo Sci club Val Biois. La manifestazione, giunta all\u2019edizione numero 30, si svolger\u00e0 marted\u00ec 13 agosto in abbinata con il Mini Giro podistico, corsa dedicata ai pi\u00f9 piccoli e giunta alla <a href=\"http:\/\/22.ma\/\">22.ma<\/a> edizione. La partenza del Giro podistico verr\u00e0 data alle 18.50. Il percorso, di 6,2 chilometri, si snoder\u00e0 attraverso le vie del fondo valle di Falcade toccando le seguenti localit\u00e0: parcheggio Parco Giochi di Falcade , piazza Municipio, via degli Emigranti, , via Agostino Murer, cinema Dolomiti, corso Roma, laghetto l\u2019Aivaz, Parco Giochi Falcade, via Focobon, Camping Eden, piazzale al Molino, via Fontanelle, piazza Molino, via Fol, via Garibaldi, transito Col de Rif, via Caruo, passaggio albergo San Giusto, pista ciclabile, ed arrivo al Parco Giochi di Falcade. Sono state apportate alcune leggere modifiche (300 metri di sviluppo in pi\u00f9 rispetto al passato) che riducono gli attraversamenti stradali. Dal pomeriggio di domenica 10 agosto il percorso sar\u00e0 tabellato e a disposizione dunque per chi volesse provarlo. I primi 250 iscritti riceveranno una maglietta tecnica. Ad essere premiati saranno i primi dieci assoluti e le prime dieci assolute. Saranno inoltre premiati tutti gli atleti over 70 sia dell\u2019ambito maschile che di quello femminile. <a class=\"dt-pswp-item\" href=\"https:\/\/www.radiopiu.net\/wordpress\/wp-content\/uploads\/2024\/08\/MINIGIRO23\u00a9EchidiAlessandroSogne-.jpg\" data-dt-img-description=\"\" data-large_image_width=\"2000\" data-large_image_height=\"1333\"><img loading=\"lazy\" decoding=\"async\" class=\" wp-image-404460 alignright\" src=\"https:\/\/www.radiopiu.net\/wordpress\/wp-content\/uploads\/2024\/08\/MINIGIRO23\u00a9EchidiAlessandroSogne--300x200.jpg\" alt=\"\" width=\"256\" height=\"170\" srcset=\"https:\/\/www.radiopiu.net\/wordpress\/wp-content\/uploads\/2024\/08\/MINIGIRO23\u00a9EchidiAlessandroSogne--300x200.jpg 300w, https:\/\/www.radiopiu.net\/wordpress\/wp-content\/uploads\/2024\/08\/MINIGIRO23\u00a9EchidiAlessandroSogne--1024x682.jpg 1024w, https:\/\/www.radiopiu.net\/wordpress\/wp-content\/uploads\/2024\/08\/MINIGIRO23\u00a9EchidiAlessandroSogne--768x512.jpg 768w, https:\/\/www.radiopiu.net\/wordpress\/wp-content\/uploads\/2024\/08\/MINIGIRO23\u00a9EchidiAlessandroSogne--1536x1024.jpg 1536w, https:\/\/www.radiopiu.net\/wordpress\/wp-content\/uploads\/2024\/08\/MINIGIRO23\u00a9EchidiAlessandroSogne-.jpg 2000w\" sizes=\"auto, (max-width: 256px) 100vw, 256px\" \/><\/a>Le iscrizioni sono possibili sul sito <a href=\"http:\/\/www.sportdolomiti.it\/\">www.sportdolomiti.it<\/a> oppure rivolgendosi all&#8217;ufficio turistico di Falcade. Saranno comunque possibili in loco il giorno della gara. Per quanto riguarda il Mini Giro, la manifestazione \u00e8 riservata agli under 14 e si svolger\u00e0 a partire dalle 16 su un tracciato interamente pianeggiante ricavato sulla piana di Falcade, con distanze diverse a seconda della categoria di appartenenza. In palio ci sono una maglietta tecnica per i primi 250 iscritti, una medaglia per tutti i partecipanti e un ulteriore premio per i primi tre di ogni categoria. Anche in questo caso le iscrizioni sono possibili sul sito <a href=\"http:\/\/www.sportdolomiti.it\/\">www.sportdolomiti.it<\/a> oppure rivolgendosi all&#8217;ufficio turistico di Falcade o, ancora, in loco il giorno della gara. Per eventuali ulteriori informazioni: <a href=\"mailto:info@sciclubvalbiois.it\">info@sciclubvalbiois.it<\/a><\/p>\n<p>&nbsp;<\/p>\n<p>&nbsp;<\/p>\n<p>*********<\/p>\n<p>&nbsp;<\/p>\n","protected":false},"excerpt":{"rendered":"<p>****** &nbsp; FALCADE \u00c8 iniziato il conto alla rovescia per il Giro podistico di Falcade, evento proposto dallo Sci club Val Biois. La manifestazione, giunta all\u2019edizione numero 30, si svolger\u00e0 marted\u00ec 13 agosto in abbinata con il Mini Giro podistico, corsa dedicata ai pi\u00f9 piccoli e giunta alla 22.ma edizione. La partenza del Giro podistico&hellip;<\/p>\n","protected":false},"author":4,"featured_media":404459,"comment_status":"closed","ping_status":"closed","sticky":false,"template":"","format":"standard","meta":{"_monsterinsights_skip_tracking":false,"_monsterinsights_sitenote_active":false,"_monsterinsights_sitenote_note":"","_monsterinsights_sitenote_category":0,"footnotes":""},"categories":[49],"tags":[],"class_list":["post-404464","post","type-post","status-publish","format-standard","has-post-thumbnail","hentry","category-news-18","category-49","description-off"],"img_url":"https:\/\/www.radiopiu.net\/wordpress\/wp-content\/uploads\/2024\/08\/Partenza-giro-podistico23\u00a9EchidiAlessandroSogne-16.jpg","_links":{"self":[{"href":"https:\/\/www.radiopiu.net\/wordpress\/wp-json\/wp\/v2\/posts\/404464","targetHints":{"allow":["GET"]}}],"collection":[{"href":"https:\/\/www.radiopiu.net\/wordpress\/wp-json\/wp\/v2\/posts"}],"about":[{"href":"https:\/\/www.radiopiu.net\/wordpress\/wp-json\/wp\/v2\/types\/post"}],"author":[{"embeddable":true,"href":"https:\/\/www.radiopiu.net\/wordpress\/wp-json\/wp\/v2\/users\/4"}],"replies":[{"embeddable":true,"href":"https:\/\/www.radiopiu.net\/wordpress\/wp-json\/wp\/v2\/comments?post=404464"}],"version-history":[{"count":1,"href":"https:\/\/www.radiopiu.net\/wordpress\/wp-json\/wp\/v2\/posts\/404464\/revisions"}],"predecessor-version":[{"id":404465,"href":"https:\/\/www.radiopiu.net\/wordpress\/wp-json\/wp\/v2\/posts\/404464\/revisions\/404465"}],"wp:featuredmedia":[{"embeddable":true,"href":"https:\/\/www.radiopiu.net\/wordpress\/wp-json\/wp\/v2\/media\/404459"}],"wp:attachment":[{"href":"https:\/\/www.radiopiu.net\/wordpress\/wp-json\/wp\/v2\/media?parent=404464"}],"wp:term":[{"taxonomy":"category","embeddable":true,"href":"https:\/\/www.radiopiu.net\/wordpress\/wp-json\/wp\/v2\/categories?post=404464"},{"taxonomy":"post_tag","embeddable":true,"href":"https:\/\/www.radiopiu.net\/wordpress\/wp-json\/wp\/v2\/tags?post=404464"}],"curies":[{"name":"wp","href":"https:\/\/api.w.org\/{rel}","templated":true}]}}